{"id":20306,"date":"2022-07-26T08:59:52","date_gmt":"2022-07-26T07:59:52","guid":{"rendered":"https:\/\/www.sonnenklar.tv\/blog\/?p=20306"},"modified":"2026-03-23T09:50:02","modified_gmt":"2026-03-23T08:50:02","slug":"fuerteventura-sehenswuerdigkeiten","status":"publish","type":"post","link":"https:\/\/www.sonnenklar.tv\/blog\/urlaubslaender\/spanien\/fuerteventura-sehenswuerdigkeiten\/","title":{"rendered":"Fuerteventura Sehensw\u00fcrdigkeiten \u2013 von romantisch bis geheimnisvoll"},"content":{"rendered":"\n<p><strong>Sonne und Strand \u2013 daf\u00fcr ist Fuerteventura bekannt. Doch damit ist der Reiz der zweitgr\u00f6\u00dften Kanarischen Insel noch lange nicht ersch\u00f6pft. Zahlreiche Fuerteventura Sehensw\u00fcrdigkeiten von malerischen St\u00e4dtchen bis hin zu atemberaubenden Naturspektakeln sorgen f\u00fcr Abwechslung vom Sonnenbaden. Zwischen rauen K\u00fcsten, kleinen D\u00f6rfern, verlassenen Landschaften und belebten Touristenorten versteckt sich so manche Perle.<\/strong><\/p>\n\n\n\n<p>Fuerteventura zeigt sich derart vielf\u00e4ltig, dass man bei einer Tour zu den sehenswerten Orten gar nicht glauben mag, dass sich all diese unterschiedliche Pracht auf der gleichen Insel befindet. Wir f\u00fchren euch zu den sch\u00f6nsten Stellen der Kanareninsel und zeigen euch dabei die klassischen Fuerteventura Sehensw\u00fcrdigkeiten genauso wie landschaftliche H\u00f6hepunkte und spannende Geheimtipps.<\/p>\n\n\n\n<p><strong>Inhaltsverzeichnis<\/strong><\/p>\n\n\n\n<p><strong>Die sch\u00f6nsten Sehensw\u00fcrdigkeiten auf Fuerteventura<\/strong><\/p>\n\n\n\n<ol class=\"wp-block-list\">\n<li><a href=\"#dunas\">Las Dunas El Jable: Ein Hauch Sahara<\/a><\/li>\n\n\n\n<li><a href=\"#oliva\">La Oliva: Charmant und imposant<\/a><\/li>\n\n\n\n<li><a href=\"#betancuria\">Betancuria: Romantischer Ort mit historischem Kern<\/a><\/li>\n\n\n\n<li><a href=\"#salinas\">Las Salinas del Carmen: Traditionelle Salzgewinnung<\/a><\/li>\n\n\n\n<li><a href=\"#cuevas\">Cuevas de Ajuy: Piratenh\u00f6hlen am schwarzen Strand<\/a><\/li>\n\n\n\n<li><a href=\"#parque\">Parque Natural de Jand\u00eda: Der h\u00f6chste Gipfel der Insel<\/a><\/li>\n\n\n\n<li><a href=\"#faro\">Faro de Punta Jand\u00eda: Das Ende Fuerteventuras<\/a><\/li>\n<\/ol>\n\n\n\n<p><strong>H\u00e4ufig gestellte Fragen zu den Fuerteventura Sehensw\u00fcrdigkeiten<\/strong><\/p>\n\n\n\n<ul class=\"wp-block-list\">\n<li><a href=\"#besonders\">Was ist besonders an Fuerteventura?<\/a><\/li>\n\n\n\n<li><a href=\"#wetter\">Was tun bei schlechtem Wetter auf Fuerteventura?<\/a><\/li>\n\n\n\n<li><a href=\"#shoppen\">Kann man auf Fuerteventura gut shoppen?<\/a><\/li>\n\n\n\n<li><a href=\"#dauer\">Wie lange sollte man auf Fuerteventura bleiben?<\/a><\/li>\n<\/ul>\n\n\n\n<h2 class=\"wp-block-heading\">Das Wichtigste im \u00dcberblick<\/h2>\n\n\n\n<ul class=\"wp-block-list\">\n<li>Fuerteventura ist vor allem f\u00fcr Traumstr\u00e4nde bekannt, doch auch historische Orte und imposante Naturspektakel muss man w\u00e4hrend einer Reise auf die Kanareninsel gesehen haben.<\/li>\n\n\n\n<li>Kulturell hat Fuerteventura mit Museen, traditionellen M\u00e4rkten und modernen Einkaufsstra\u00dfen viel zu bieten.<\/li>\n\n\n\n<li>Am besten l\u00e4sst sich die Insel erkunden, wenn man sich f\u00fcr jede Region ein paar Tage Zeit nimmt.<\/li>\n<\/ul>\n\n\n\n<h2 class=\"wp-block-heading\">Die sch\u00f6nsten Sehensw\u00fcrdigkeiten auf Fuerteventura<\/h2>\n\n\n\n<p>Die Fuerteventura Sehensw\u00fcrdigkeiten erstrecken sich \u00fcber die gesamte Insel. Der S\u00fcden ist mit seinen Traumstr\u00e4nden nat\u00fcrlich immer sehenswert, doch auch die restlichen Himmelsrichtungen solltet ihr nicht au\u00dfer Acht lassen, um die gesamte Sch\u00f6nheit zu entdecken. Wir empfehlen euch, einen Mietwagen zu nehmen, damit ihr alle Ecken der Insel erkunden k\u00f6nnt. So erreicht ihr eigentlich alle Ausflugsziele innerhalb eines Tages, egal, von wo aus ihr startet.<\/p>\n\n\n\n<h3 class=\"wp-block-heading\"><a name=\"dunas\"><\/a>1. Las Dunas El Jable: Ein Hauch Sahara<\/h3>\n\n\n\n<p>Wir haben zwar versprochen, euch Sehensw\u00fcrdigkeiten abseits der Str\u00e4nde zu zeigen, doch um Sand kommen wir nicht ganz herum. Im Norden Fuerteventuras erstrecken sich \u00fcber eine L\u00e4nge von 11 km atemberaubende<strong>, unter Naturschutz stehende Sandd\u00fcnen<\/strong>. Die rund 20 km\u00b2 gro\u00dfen <strong>Wanderd\u00fcnen Las Dunas El Jable<\/strong> im Parque Natural de Corralejo sind ein Motiv, f\u00fcr das es sich definitiv lohnt, die Kamera zu z\u00fccken \u2013 vor allem zum Sonnenaufgang.<\/p>\n\n\n<div class=\"wp-block-image\">\n<figure class=\"aligncenter\"><a href=\"https:\/\/www.sonnenklar.tv\/blog\/wp-content\/uploads\/2022\/06\/1_GettyImages-1096871964.jpg\"><img fetchpriority=\"high\" decoding=\"async\" width=\"880\" height=\"450\" src=\"https:\/\/www.sonnenklar.tv\/blog\/wp-content\/uploads\/2022\/06\/1_GettyImages-1096871964.jpg\" alt=\"Las Dunas El Jable im Parque Natural de Corralejo\" class=\"wp-image-20426\" srcset=\"https:\/\/www.sonnenklar.tv\/blog\/wp-content\/uploads\/2022\/06\/1_GettyImages-1096871964.jpg 880w, https:\/\/www.sonnenklar.tv\/blog\/wp-content\/uploads\/2022\/06\/1_GettyImages-1096871964-300x153.jpg 300w, https:\/\/www.sonnenklar.tv\/blog\/wp-content\/uploads\/2022\/06\/1_GettyImages-1096871964-768x393.jpg 768w\" sizes=\"(max-width: 880px) 100vw, 880px\" \/><\/a><figcaption class=\"wp-element-caption\">Die weiten Wanderd\u00fcnen Las Dunas El Jable sind einfach atemberaubend<\/figcaption><\/figure>\n<\/div>\n\n\n<p>&nbsp;<\/p>\n\n\n\n<p>Nach dem Erklimmen der D\u00fcnen k\u00f6nnt ihr euch an den Str\u00e4nden am Rande des Gebiets ausruhen oder euch die Sehensw\u00fcrdigkeiten des Ortes <strong>Corralejo<\/strong> mit seinem Fischerdorf-Charme anschauen.<\/p>\n\n\n\n<p><strong>Tipp:<\/strong> Um Fuerteventura geb\u00fchrend zu verabschieden, lohnt es sich, auf dem R\u00fcckflug einen Platz auf der linken Seite des Fliegers zu w\u00e4hlen. Dann seht ihr die beeindruckende Landschaft wahrscheinlich von oben.<\/p>\n\n\n\n<p><strong>Hoteltipp:<\/strong> Die Las Dunas sind vom <a href=\"https:\/\/www.sonnenklar.tv\/beschreibung\/Spanien\/Fuerteventura\/Corralejo\/Hotel_LABRANDA_Corralejo.html\" target=\"_blank\" rel=\"noreferrer noopener\">LABRANDA Corralejo Village<\/a> nur rund 4,5 km entfernt. Alternativ gibt es auch am nahegelegenen Strand und im Ortszentrum von Corralejo genug zu erleben.<\/p>\n\n\n\n<h3 class=\"wp-block-heading\"><a name=\"oliva\"><\/a>2. La Oliva: Charmant und imposant<\/h3>\n\n\n\n<p>Eine rund 20-min\u00fctige Fahrt von den D\u00fcnen Corralejos entfernt, versteckt sich der kleine Ort Oliva umgeben von zahlreichen <strong>Olivenb\u00e4umen<\/strong>, die der Stadt ihren Namen gaben. Fahrt hier auf keinen Fall einfach vorbei, denn die ehemalige Inselhauptstadt verzaubert mit ihrem leicht verschlafenen Ambiente, imposanten Bauwerken und traditionellen Caf\u00e9s. Vor allem die Kirche <strong>Iglesia de Nuestra Se\u00f1ora<\/strong> und der im Kolonialstil erbaute ehemalige Herrensitz <strong>Casa de los Coroneles<\/strong> sind Hingucker. \u00d6stlich des Ortes befindet sich in einem prachtvollen Herrenhaus, inmitten von wundersch\u00f6n angelegten G\u00e4rten, das kanarische Kulturzentrum <strong>Centro de Arte Canario<\/strong>, auch als <strong>Casa Man\u00e9<\/strong> bekannt. Drau\u00dfen k\u00f6nnt ihr spazierengehen und im Inneren Bilder und Skulpturen zeitgen\u00f6ssischer und alt-kanarischer Kunst bestaunen.<\/p>\n\n\n<div class=\"wp-block-image\">\n<figure class=\"aligncenter\"><a href=\"https:\/\/www.sonnenklar.tv\/blog\/wp-content\/uploads\/2022\/06\/2_GettyImages-1223626174.jpg\"><img decoding=\"async\" width=\"880\" height=\"450\" src=\"https:\/\/www.sonnenklar.tv\/blog\/wp-content\/uploads\/2022\/06\/2_GettyImages-1223626174.jpg\" alt=\"Iglesia de Nuestra Se\u00f1ora in Olivia\" class=\"wp-image-20427\" srcset=\"https:\/\/www.sonnenklar.tv\/blog\/wp-content\/uploads\/2022\/06\/2_GettyImages-1223626174.jpg 880w, https:\/\/www.sonnenklar.tv\/blog\/wp-content\/uploads\/2022\/06\/2_GettyImages-1223626174-300x153.jpg 300w, https:\/\/www.sonnenklar.tv\/blog\/wp-content\/uploads\/2022\/06\/2_GettyImages-1223626174-768x393.jpg 768w\" sizes=\"(max-width: 880px) 100vw, 880px\" \/><\/a><figcaption class=\"wp-element-caption\">Iglesia de Nuestra Se\u00f1ora mit ihrem Turm aus dunklem Naturstein in Oliva<\/figcaption><\/figure>\n<\/div>\n\n\n<table id=\"tablepress-418\" class=\"tablepress tablepress-id-418\">\n<thead>\n<tr class=\"row-1\">\n\t<th colspan=\"2\" class=\"column-1\">Centro de Arte Canario<\/th>\n<\/tr>\n<\/thead>\n<tbody>\n<tr class=\"row-2\">\n\t<td class=\"column-1\"><strong>\u00d6ffnungszeiten<\/strong><\/td><td class=\"column-2\">Montag bis Freitag ca. von 10.00 bis 17.00 Uhr<br \/>\n<br \/>\nSamstag ca. von 10.00 bis 14.00 Uhr<\/td>\n<\/tr>\n<tr class=\"row-3\">\n\t<td class=\"column-1\"><strong>Eintrittspreise<\/strong><\/td><td class=\"column-2\">ca. 5,00 Euro<\/td>\n<\/tr>\n<\/tbody>\n<\/table>\n<!-- #tablepress-418 from cache -->\n\n\n<p><strong>Hoteltipp:<\/strong> Im <a href=\"https:\/\/www.sonnenklar.tv\/beschreibung\/Spanien\/Costa_Del_Azahar\/Oliva\/Oliva_Nova_Beach_Golf_Resort.html\" target=\"_blank\" rel=\"noreferrer noopener\">Oliva Nova Beach &amp; Golf Resort<\/a> k\u00f6nnt ihr euch zwischen euren Erkundungstouren am Strand entspannen oder den Golfschl\u00e4ger schwingen.<\/p>\n\n\n\n<h3 class=\"wp-block-heading\"><a name=\"betancuria\"><\/a>3. Betancuria: Romantischer Ort mit historischem Kern<\/h3>\n\n\n\n<p>Wir begeben uns auf unserem Weg zu den sch\u00f6nsten Fuerteventura Sehensw\u00fcrdigkeiten weiter in die Inselmitte. Eingebettet in ein Tal des <strong>Parque Rural de Betancuria<\/strong> befindet sich dort mit Betancuria eine weitere ehemalige Inselhauptstadt. Wenn ihr ein Faible f\u00fcr romantische Orte mit <strong>historischen Stadtkernen<\/strong> habt, werdet ihr hier ins Schw\u00e4rmen geraten. In der <strong>Casa Santa Maria<\/strong>, einem renovierten Bauernhaus aus dem 17. Jahrhundert, k\u00f6nnt ihr lecker essen, durch die gro\u00dfe Gartenanlage spazieren, die Flora und Fauna der Insel sowie kanarisches Kunsthandwerk entdecken und in einem 3D-Kino in die Unterwasserwelt der Kanaren eintauchen.<\/p>\n\n\n<div class=\"wp-block-image\">\n<figure class=\"aligncenter\"><a href=\"https:\/\/www.sonnenklar.tv\/blog\/wp-content\/uploads\/2022\/06\/3_Betancuria-Dorf-516551244.jpg_3726492_fti_web_optimized.jpg\"><img decoding=\"async\" width=\"880\" height=\"450\" src=\"https:\/\/www.sonnenklar.tv\/blog\/wp-content\/uploads\/2022\/06\/3_Betancuria-Dorf-516551244.jpg_3726492_fti_web_optimized.jpg\" alt=\"Der historische Stadtkern von Betancuria\" class=\"wp-image-20428\" srcset=\"https:\/\/www.sonnenklar.tv\/blog\/wp-content\/uploads\/2022\/06\/3_Betancuria-Dorf-516551244.jpg_3726492_fti_web_optimized.jpg 880w, https:\/\/www.sonnenklar.tv\/blog\/wp-content\/uploads\/2022\/06\/3_Betancuria-Dorf-516551244.jpg_3726492_fti_web_optimized-300x153.jpg 300w, https:\/\/www.sonnenklar.tv\/blog\/wp-content\/uploads\/2022\/06\/3_Betancuria-Dorf-516551244.jpg_3726492_fti_web_optimized-768x393.jpg 768w\" sizes=\"(max-width: 880px) 100vw, 880px\" \/><\/a><figcaption class=\"wp-element-caption\">Der historische Stadtkern von Betancuria l\u00e4dt zum flanieren ein<\/figcaption><\/figure>\n<\/div>\n\n\n<table id=\"tablepress-419\" class=\"tablepress tablepress-id-419\">\n<thead>\n<tr class=\"row-1\">\n\t<th colspan=\"2\" class=\"column-1\">Casa Santa Maria<\/th>\n<\/tr>\n<\/thead>\n<tbody>\n<tr class=\"row-2\">\n\t<td class=\"column-1\"><strong>\u00d6ffnungszeiten<\/strong><\/td><td class=\"column-2\">Montag bis Samstag ca. von 10.00 bis 15.30 Uhr<\/td>\n<\/tr>\n<tr class=\"row-3\">\n\t<td class=\"column-1\"><strong>Eintrittspreise<\/strong><\/td><td class=\"column-2\">Erwachsene ca. 5,00 Euro<br \/>\nKinder ca. 2,50 Euro<\/td>\n<\/tr>\n<\/tbody>\n<\/table>\n<!-- #tablepress-419 from cache -->\n\n\n<p><strong>Tipp:<\/strong> Rund um Betancuria gibt es mehrere Aussichtspunkte, die einen Stopp wert sind. Vor allem den Mirador las Pe\u00f1itas und den Mirador de Morro Velosa k\u00f6nnen wir euch empfehlen. Nehmt euch etwas zum \u00dcberziehen mit, falls ihr dort ein Weilchen laufen wollt, denn der Wind sorgt im Vergleich zur K\u00fcste f\u00fcr k\u00e4ltere Temperaturen.<\/p>\n\n\n\n<h4 class=\"wp-block-heading\"><a name=\"salinas\"><\/a>4. Las Salinas del Carmen: Traditionelle Salzgewinnung<\/h4>\n\n\n\n<p>An der <strong>Costa Antigua<\/strong>, in der N\u00e4he von Caleta de Fuste, erwartet euch mit den Las Salinas del Carmen eine Sehensw\u00fcrdigkeit, die die letzte ihrer Art auf Fuerteventura ist. Einst war die Salzgewinnung untrennbar mit den Kanaren verbunden, heute ist nur noch eine einzige Saline in Betrieb. Dabei k\u00f6nnt ihr nicht nur die Salzbecken, die sich vor dem Meer ausbreiten, bestaunen, sondern auch dabei zusehen, wie das Meersalz gewonnen wird, spannenden Erz\u00e4hlungen des Besitzers lauschen und im <strong>Museum<\/strong> in die vergangene Glanzzeit der Salzgewinnung eintauchen. Damit euch auch zu Hause das Salz in der Suppe nicht fehlt, k\u00f6nnt ihr euch das hochwertige und besonders reine Flor de Sal als Andenken aus dem Museumsshop mitnehmen.<\/p>\n\n\n\n<figure id=\"attachment_20429\" aria-describedby=\"caption-attachment-20429\" style=\"width: 880px\" class=\"wp-caption aligncenter\"><a href=\"https:\/\/www.sonnenklar.tv\/blog\/wp-content\/uploads\/2022\/06\/4_GettyImages-817106416.jpg\"><img loading=\"lazy\" decoding=\"async\" class=\"wp-image-20429 size-full\" src=\"https:\/\/www.sonnenklar.tv\/blog\/wp-content\/uploads\/2022\/06\/4_GettyImages-817106416.jpg\" alt=\"Die Las Salinas del Carmen an der Costa Antigua\" width=\"880\" height=\"450\" srcset=\"https:\/\/www.sonnenklar.tv\/blog\/wp-content\/uploads\/2022\/06\/4_GettyImages-817106416.jpg 880w, https:\/\/www.sonnenklar.tv\/blog\/wp-content\/uploads\/2022\/06\/4_GettyImages-817106416-300x153.jpg 300w, https:\/\/www.sonnenklar.tv\/blog\/wp-content\/uploads\/2022\/06\/4_GettyImages-817106416-768x393.jpg 768w\" sizes=\"(max-width: 880px) 100vw, 880px\" \/><\/a><figcaption id=\"caption-attachment-20429\" class=\"wp-caption-text\">Besonders zum Sonnenuntergang ein Hingucker: Die Las Salinas del Carmen an der Costa Antigua<\/figcaption><\/figure>\n\n\n\n\n<table id=\"tablepress-420\" class=\"tablepress tablepress-id-420\">\n<thead>\n<tr class=\"row-1\">\n\t<th colspan=\"2\" class=\"column-1\">Museo de la Sal<\/th>\n<\/tr>\n<\/thead>\n<tbody>\n<tr class=\"row-2\">\n\t<td class=\"column-1\"><strong>\u00d6ffnungszeiten<\/strong><\/td><td class=\"column-2\">Mai bis Oktober: Montag bis Sonntag ca. von 10.00 bis 18.00 Uhr<br \/>\nNovember bis April: Montag bis Sonntag ca. von 9.30 bis 17.30 Uhr<\/td>\n<\/tr>\n<tr class=\"row-3\">\n\t<td class=\"column-1\"><strong>Eintrittspreise<\/strong><\/td><td class=\"column-2\">Erwachsene ca. 6,00 Euro, Kombiticket ca. 11,50 Euro<br \/>\nKinder (3 \u2013 11 Jahre) ca. 3 Euro, Kombiticket ca. 7,50 Euro<br \/>\n<br \/>\nDas Kombiticket beinhaltet den Eintritt f\u00fcr das Majoreo K\u00e4se Museum und das Interpretationszentrum Los Molinos.<\/td>\n<\/tr>\n<\/tbody>\n<\/table>\n<!-- #tablepress-420 from cache --><br><strong>Hoteltipp:<\/strong> Das <a href=\"https:\/\/www.sonnenklar.tv\/beschreibung\/Spanien\/Fuerteventura\/Caleta_de_Fuste\/Caleta_de_Fuste_Select_Hotels.html\" target=\"_blank\" rel=\"noopener\">Hotel LABRANDA Tahona G.<\/a> in Caleta de Fuste ist der perfekte Ausgangspunkt, um zu den Salzsalinen aufzubrechen. Danach k\u00f6nnt ihr am malerischen Yachthafen vor euch hintr\u00e4umen.<\/p>\n\n\n\n<h3 class=\"wp-block-heading\"><a name=\"cuevas\"><\/a>5. Cuevas de Ajuy: Piratenh\u00f6hlen am schwarzen Strand<\/h3>\n\n\n\n<p>Es wird mystisch! Der pechschwarze Lavastrand in der <strong>Caleta Negra<\/strong> am kleinen Fischerdorf Ajuy soll einst Piraten als Landeplatz gedient haben. Folgt ihr dem steilen Weg hinab vom \u201ePlaya de los Muertos\u201c, zu Deutsch \u201eTotenstrand\u201c, \u00fcber die Felsen, gelangt ihr nach rund 10 Minuten zu den Cuevas de Ajuy. Je nachdem, welchem Mythos man glaubt, wurden in diesen H\u00f6hlen fr\u00fcher entweder Piraten gefangen gehalten oder sie haben ihre Beute dort versteckt. Beim Gedanken daran \u00fcberzieht nicht nur kleine Abenteurer ein wohliger Schauer. Lauft ihr noch einmal ca. 15 Minuten an beeindruckenden Felsformationen entlang, k\u00f6nnt ihr weitere Piratenh\u00f6hlen entdecken. Zieht euch auf jeden Fall festes Schuhwerk an, um den Spuren der Piraten sicheren Fu\u00dfes zu folgen.<\/p>\n\n\n\n<figure id=\"attachment_20430\" aria-describedby=\"caption-attachment-20430\" style=\"width: 880px\" class=\"wp-caption aligncenter\"><a href=\"https:\/\/www.sonnenklar.tv\/blog\/wp-content\/uploads\/2022\/06\/5_GettyImages-1202223783.jpg\"><img loading=\"lazy\" decoding=\"async\" class=\"wp-image-20430 size-full\" src=\"https:\/\/www.sonnenklar.tv\/blog\/wp-content\/uploads\/2022\/06\/5_GettyImages-1202223783.jpg\" alt=\"Die Cuevas de Ajuy\" width=\"880\" height=\"450\" srcset=\"https:\/\/www.sonnenklar.tv\/blog\/wp-content\/uploads\/2022\/06\/5_GettyImages-1202223783.jpg 880w, https:\/\/www.sonnenklar.tv\/blog\/wp-content\/uploads\/2022\/06\/5_GettyImages-1202223783-300x153.jpg 300w, https:\/\/www.sonnenklar.tv\/blog\/wp-content\/uploads\/2022\/06\/5_GettyImages-1202223783-768x393.jpg 768w\" sizes=\"(max-width: 880px) 100vw, 880px\" \/><\/a><figcaption id=\"caption-attachment-20430\" class=\"wp-caption-text\">Die Cuevas de Ajuy: Ein mystischer Anblick aus Piratenzeiten<\/figcaption><\/figure>\n\n\n\n<h3 class=\"wp-block-heading\"><a name=\"parque\"><\/a>6. Parque Natural de Jand\u00eda: Der h\u00f6chste Gipfel der Insel<\/h3>\n\n\n\n<p>Kurz hinter dem Touristenort <strong>Morro Jable<\/strong>, der vor allem f\u00fcr seinen Traumstrand <strong>Playa de Jand\u00eda<\/strong> bekannt ist, breitet sich der Nationalpark Parque Natural de Jand\u00eda auf der gleichnamigen Halbinsel aus. Die wortw\u00f6rtlich gro\u00dfartigste Sehensw\u00fcrdigkeit ist hier der <strong>Pico de la Zarza<\/strong>, auch als Pico de Jand\u00eda bekannt. Der mit rund 807 Metern h\u00f6chste Berg Fuerteventuras lockt mit einem einmaligen Ausblick. Von Morro Jable wandert ihr rund 8 Kilometer durch die wundersch\u00f6nen Landschaften des Naturparks, ab und an in Begleitung von neugierigen Ziegen. Habt ihr nach etwa zwei Stunden den Gipfel erklommen, k\u00f6nnt ihr euch mit Blick \u00fcber den gesamten Park und die Westk\u00fcste der Halbinsel erst einmal ausruhen, bevor ihr dem Rundweg weiter folgt. Versp\u00fcrt ihr danach Lust auf Erfrischung, k\u00f6nnt ihr rund 20 Minuten in den beliebten Badeort <strong>Costa Calma<\/strong> weiterfahren und die sch\u00f6nste Sehensw\u00fcrdigkeit dort \u2013 den Strand \u2013 genauer unter die Lupe nehmen.<\/p>\n\n\n\n<p><strong>Tipp:<\/strong> Seid ihr im Sommer unterwegs, solltet ihr eure Tour fr\u00fch morgens starten, um nicht zu sehr ins Schwitzen zu kommen. Vergesst dennoch nicht, eine Jacke einzustecken, da auf dem Pico de la Zarza schon mal eine steife Brise wehen kann.<\/p>\n\n\n\n<figure id=\"attachment_20431\" aria-describedby=\"caption-attachment-20431\" style=\"width: 880px\" class=\"wp-caption aligncenter\"><a href=\"https:\/\/www.sonnenklar.tv\/blog\/wp-content\/uploads\/2022\/06\/6_GettyImages-174824924.jpg\"><img loading=\"lazy\" decoding=\"async\" class=\"wp-image-20431 size-full\" src=\"https:\/\/www.sonnenklar.tv\/blog\/wp-content\/uploads\/2022\/06\/6_GettyImages-174824924.jpg\" alt=\"Parque Natural de Jand\u00eda\" width=\"880\" height=\"450\" srcset=\"https:\/\/www.sonnenklar.tv\/blog\/wp-content\/uploads\/2022\/06\/6_GettyImages-174824924.jpg 880w, https:\/\/www.sonnenklar.tv\/blog\/wp-content\/uploads\/2022\/06\/6_GettyImages-174824924-300x153.jpg 300w, https:\/\/www.sonnenklar.tv\/blog\/wp-content\/uploads\/2022\/06\/6_GettyImages-174824924-768x393.jpg 768w\" sizes=\"(max-width: 880px) 100vw, 880px\" \/><\/a><figcaption id=\"caption-attachment-20431\" class=\"wp-caption-text\">Eine Wanderung zum Pico de la Zarza im Parque Natural de Jand\u00eda lohnt allemal<\/figcaption><\/figure>\n\n\n\n<h3 class=\"wp-block-heading\"><a name=\"faro\"><\/a>7. Faro de Punta Jand\u00eda: Das Ende Fuerteventuras<\/h3>\n\n\n\n<p>Wer hier ankommt, ist wahrlich am Ende \u2013 im positivsten Sinne. Denn der Leuchtturm Faro de Punta Jand\u00eda steht am <strong>\u00e4u\u00dfersten S\u00fcdwest-Zipfel Fuerteventuras<\/strong>. Dabei ist nach einer abenteuerlichen Fahrt \u00fcber Schotterpisten nicht nur der mittlerweile vollautomatisierte und komplett mit Sonnenenergie arbeitende <strong>Leuchtturm<\/strong> aus dem Jahr 1864 sehenswert, sondern auch der Blick \u00fcber das tosende Meer bis nach Gran Canaria. Die Tische und B\u00e4nke auf der Terrasse sind perfekt f\u00fcr ein Picknick umgeben von Naturgewalten. Die unglaubliche Weite, die sich um euch herum ausbreitet, l\u00e4sst niemanden unbeeindruckt zur\u00fcck.<\/p>\n\n\n\n<p><strong>Lesetipp:<\/strong> Nat\u00fcrlich m\u00f6chten wir euch auch die Str\u00e4nde Fuerteventuras als Sehensw\u00fcrdigkeit nicht vorenthalten. Hier kommt ihr zu unseren<a href=\"https:\/\/www.sonnenklar.tv\/blog\/fuerteventura-straende\/\" target=\"_blank\" rel=\"noopener\">8 sch\u00f6nsten Fuerteventura Str\u00e4nden<\/a>.<\/p>\n\n\n\n<figure id=\"attachment_20432\" aria-describedby=\"caption-attachment-20432\" style=\"width: 880px\" class=\"wp-caption aligncenter\"><a href=\"https:\/\/www.sonnenklar.tv\/blog\/wp-content\/uploads\/2022\/06\/7_GettyImages-1132225905.jpg\"><img loading=\"lazy\" decoding=\"async\" class=\"wp-image-20432 size-full\" src=\"https:\/\/www.sonnenklar.tv\/blog\/wp-content\/uploads\/2022\/06\/7_GettyImages-1132225905.jpg\" alt=\"Leuchtturm Faro de Punta Jand\u00eda\" width=\"880\" height=\"450\" srcset=\"https:\/\/www.sonnenklar.tv\/blog\/wp-content\/uploads\/2022\/06\/7_GettyImages-1132225905.jpg 880w, https:\/\/www.sonnenklar.tv\/blog\/wp-content\/uploads\/2022\/06\/7_GettyImages-1132225905-300x153.jpg 300w, https:\/\/www.sonnenklar.tv\/blog\/wp-content\/uploads\/2022\/06\/7_GettyImages-1132225905-768x393.jpg 768w\" sizes=\"(max-width: 880px) 100vw, 880px\" \/><\/a><figcaption id=\"caption-attachment-20432\" class=\"wp-caption-text\">Leuchtturm Faro de Punta Jand\u00eda am s\u00fcdlichsten Punkt Fuerteventuras<\/figcaption><\/figure>\n\n\n\n<p>&nbsp;<\/p>\n\n\n\n<h2 class=\"wp-block-heading\">H\u00e4ufig gestellte Fragen zu den Fuerteventura Sehensw\u00fcrdigkeiten<\/h2>\n\n\n\n<p>Fuerteventura z\u00e4hlt zu den beliebtesten der Kanarischen Inseln \u2013 kein Wunder bei den herrlichen Str\u00e4nden, der wundersch\u00f6nen Natur und den unz\u00e4hligen kulturellen Highlights. Ihr m\u00f6chtet noch mehr wissen, bevor ihr euch auf die Trauminsel begebt? Wir beantworten euch die wichtigsten Fragen.<\/p>\n\n\n\n<h3 class=\"wp-block-heading\"><a name=\"besonders\"><\/a>Was ist besonders an Fuerteventura?<\/h3>\n\n\n\n<p>Die Mischung macht\u2019s! Auf Fuerteventura wird jeder Wunsch erf\u00fcllt. Entspannen am <strong>Strand<\/strong> ist hier genauso m\u00f6glich wie Wandern durch die <strong>Natur<\/strong>, Schlendern durch <strong>historische Orte<\/strong> sowie Kunst- und Kulturerlebnisse in <strong>Museen<\/strong>. Das alles wird auf der \u201eInsel des ewigen Fr\u00fchlings\u201c von <strong>ganzj\u00e4hrig milden Temperaturen<\/strong> <strong>und viel Sonnenschein <\/strong>begleitet. Surfer sch\u00e4tzen die stetigen Winde, Romantiker k\u00f6nnen von Spazierg\u00e4ngen an unendlich scheinenden Str\u00e4nden vorbei an bunten Fischerd\u00f6rfern nicht genug bekommen. Erlebnishungrige st\u00f6bern durch Boutiquen und probieren sich durch die Restaurants der Insel, w\u00e4hrend sich Abenteurer von den bergigen Regionen und idyllischen T\u00e4lern verzaubern lassen. Ob im belebten Touristenort oder in verlassenen Gegenden: Hier findet jeder seinen Lieblingsplatz.<\/p>\n\n\n\n<figure id=\"attachment_20433\" aria-describedby=\"caption-attachment-20433\" style=\"width: 880px\" class=\"wp-caption aligncenter\"><a href=\"https:\/\/www.sonnenklar.tv\/blog\/wp-content\/uploads\/2022\/06\/GettyImages-121833320.jpg\"><img loading=\"lazy\" decoding=\"async\" class=\"wp-image-20433 size-full\" src=\"https:\/\/www.sonnenklar.tv\/blog\/wp-content\/uploads\/2022\/06\/GettyImages-121833320.jpg\" alt=\"Fuerteventura Landschaft\" width=\"880\" height=\"450\" srcset=\"https:\/\/www.sonnenklar.tv\/blog\/wp-content\/uploads\/2022\/06\/GettyImages-121833320.jpg 880w, https:\/\/www.sonnenklar.tv\/blog\/wp-content\/uploads\/2022\/06\/GettyImages-121833320-300x153.jpg 300w, https:\/\/www.sonnenklar.tv\/blog\/wp-content\/uploads\/2022\/06\/GettyImages-121833320-768x393.jpg 768w\" sizes=\"(max-width: 880px) 100vw, 880px\" \/><\/a><figcaption id=\"caption-attachment-20433\" class=\"wp-caption-text\">Fuerteventura besticht durch atemberaubende Landschaften<\/figcaption><\/figure>\n\n\n\n<h3 class=\"wp-block-heading\"><a name=\"wetter\"><\/a>Was tun bei schlechtem Wetter auf Fuerteventura?<\/h3>\n\n\n\n<p>Es kommt zwar nicht allzu h\u00e4ufig vor, doch ab und an zeigt sich das Wetter auf Fuerteventura auch mal nicht von seiner Sonnenseite. Wobei es nat\u00fcrlich auch immer Ansichtssache ist, was \u201eschlechtes Wetter\u201c ist. Falls euch das Wetter jedoch einmal nicht gut genug scheint, um am Strand zu liegen oder durch die Natur zu wandern, m\u00fcsst ihr kein Tr\u00fcbsal blasen. Warum nutzt ihr die Zeit nicht, um euch im <strong>Spa<\/strong> rundum verw\u00f6hnen zu lassen? Viele Hotels haben wundersch\u00f6ne Wellnesscenter und wenn es drau\u00dfen tr\u00fcb ist, ist es dort drin noch einmal gem\u00fctlicher. In verschiedenen H\u00e4fen, zum Beispiel in Corralejo oder Morro Jable, k\u00f6nnt ihr euch im <strong>Glasbodenboot<\/strong> von der Unterwasserwelt verzaubern lassen \u2013 dort bleibt ihr auch bei Regen trocken. Ein Besuch einer <strong>Aloe Vera Farm<\/strong> oder die Teilnahme an einem <strong>Ziegenk\u00e4se-Workshop<\/strong> geben selbst bei tr\u00fcbem Wetter Einblick in die Produktion, in zahlreichen <strong>Museen<\/strong> k\u00f6nnt ihr im Warmen und Trockenen etwas \u00fcber das Inselleben lernen und in den <strong>Einkaufszentren<\/strong> eure Koffer f\u00fcllen. Nicht zuletzt vermitteln euch in den <strong>traditionellen Restaurants und Caf\u00e9s<\/strong> viele K\u00f6stlichkeiten den Geschmack Fuerteventuras.<\/p>\n\n\n\n<p><strong>Tipp:<\/strong> Auch bei schlechtem Wetter lohnt es sich, die Kamera einzupacken und mit wetterfester Kleidung die Natur Fuerteventuras von ihrer anderen, mindestens ebenso sch\u00f6nen Seite, festzuhalten.<\/p>\n\n\n\n<h3 class=\"wp-block-heading\"><a name=\"shoppen\"><\/a>Kann man auf Fuerteventura gut shoppen?<\/h3>\n\n\n\n<p>Das Einkaufserlebnis wird wahrscheinlich nicht der Hauptgrund f\u00fcr eine Reise nach Fuerteventura sein, aber wenn ihr zwischen Baden und Besichtigungen etwas Abwechslung braucht, werdet ihr vor allem in der <strong>Hauptstadt Puerto del Rosario<\/strong> und in den <strong>Ferienorten<\/strong> wie Jand\u00eda, Corralejo oder Costa Calma f\u00fcndig. Dort gibt es Fu\u00dfg\u00e4ngerzonen mit kleinen L\u00e4den, in denen ihr von Mode bis hin zu Souvenirs so ziemlich alles erhaltet. Eines der beliebtesten Einkaufszentren der Insel ist das rund 30.000 m\u00b2 gro\u00dfe <strong>Einkaufszentrum Las Rotondas<\/strong> in Puerto del Rosario. Da auf den Kanaren der Mehrwertsteuersatz gering ist, k\u00f6nnt ihr hier sicherlich das ein oder andere Schn\u00e4ppchen machen. Beachtet aber unbedingt die Zollbestimmungen, um am Flughafen keine b\u00f6se \u00dcberraschung zu erleben. In kleineren Orten wie Betancuria oder La Oliva k\u00f6nnt ihr auf <strong>traditionellen M\u00e4rkten<\/strong> durch kanarisches Kunsthandwerk st\u00f6bern oder Aloe Vera und die beliebte Mojo-So\u00dfe sowie weitere regionale Spezialit\u00e4ten Fuerteventuras erstehen. In Costa Calma gibt es zweimal die Woche zudem einen afrikanischen Markt.<\/p>\n\n\n\n<p><strong>Tipp:<\/strong> Beachtet, dass in manchen Orten die Gesch\u00e4fte zwischen 13 und 17 Uhr geschlossen haben und samstags oftmals bereits um 13 Uhr schlie\u00dfen.<\/p>\n\n\n\n<figure id=\"attachment_20634\" aria-describedby=\"caption-attachment-20634\" style=\"width: 880px\" class=\"wp-caption aligncenter\"><a href=\"https:\/\/www.sonnenklar.tv\/blog\/wp-content\/uploads\/2022\/07\/Shoppen_GettyImages-873698552.jpg\"><img loading=\"lazy\" decoding=\"async\" class=\"wp-image-20634 size-full\" src=\"https:\/\/www.sonnenklar.tv\/blog\/wp-content\/uploads\/2022\/07\/Shoppen_GettyImages-873698552.jpg\" alt=\"Zwei Frauen beim Shopping\" width=\"880\" height=\"450\" srcset=\"https:\/\/www.sonnenklar.tv\/blog\/wp-content\/uploads\/2022\/07\/Shoppen_GettyImages-873698552.jpg 880w, https:\/\/www.sonnenklar.tv\/blog\/wp-content\/uploads\/2022\/07\/Shoppen_GettyImages-873698552-300x153.jpg 300w, https:\/\/www.sonnenklar.tv\/blog\/wp-content\/uploads\/2022\/07\/Shoppen_GettyImages-873698552-768x393.jpg 768w\" sizes=\"(max-width: 880px) 100vw, 880px\" \/><\/a><figcaption id=\"caption-attachment-20634\" class=\"wp-caption-text\">Shoppingvergn\u00fcgen in der Stadt<\/figcaption><\/figure>\n\n\n\n<h3 class=\"wp-block-heading\"><a name=\"dauer\"><\/a>Wie lange sollte man auf Fuerteventura bleiben?<\/h3>\n\n\n\n<p>Wie lange ihr auf Fuerteventura bleibt, h\u00e4ngt davon ab, was ihr alles erleben m\u00f6chtet. Die Insel ist jedoch so gro\u00df und abwechslungsreich, dass ihr auf jeden Fall ausreichend Zeit einplanen solltet. M\u00f6chtet ihr m\u00f6glichst viele Fuerteventura Sehensw\u00fcrdigkeiten erkunden, ist es ratsam, sich <strong>verschiedene Regionen nacheinander<\/strong> vorzunehmen. So k\u00f6nnt ihr zum Beispiel eine Woche die Natur im S\u00fcden erkunden und eine Woche die Museen und Ortschaften im Norden. Hier lockt auch die Insel Lobos als Ausflugsziel. Im Anschluss oder dazwischen l\u00e4sst sich selbstverst\u00e4ndlich ganz nach Geschmack noch Zeit zum Baden einplanen.<\/p>\n\n\n\n<p><strong>Lesetipp:<\/strong> Die Kombination aus Natur- und Kultursehensw\u00fcrdigkeiten klingt schon mal gut? Dann lest euch noch unsere <a href=\"https:\/\/www.sonnenklar.tv\/blog\/reisetipps-fuerteventura\/\" target=\"_blank\" rel=\"noopener\">Reisetipps f\u00fcr Fuerteventura<\/a> durch und schon seid ihr bereit f\u00fcr die Insel.<\/p>\n\n\n\n<h2 class=\"wp-block-heading\">Fazit zu den Fuerteventura Sehensw\u00fcrdigkeiten<\/h2>\n\n\n\n<p>Keine Frage, die Str\u00e4nde auf Fuerteventura sind absolute Schmuckst\u00fccke und immer eine Reise wert. Doch auch abseits des Meers und selbst im oft vernachl\u00e4ssigten Innenland gibt es zahlreiche Ausflugsziele. Atemberaubende Naturschauspiele, malerische Fischerd\u00f6rfer, belebte Ferienorte und beeindruckende Geb\u00e4ude geh\u00f6ren genauso zu Fuerteventura wie Sonne und Strand. Es lohnt sich, genauer hinzuschauen!<\/p>\n\n\n\n<p>Von wo aus m\u00f6chtet ihr eure Reise \u00fcber die zweitgr\u00f6\u00dfte Kanarische Insel starten? Findet unter unseren <a href=\"https:\/\/www.sonnenklar.tv\/urlaub\/spanien\/fuerteventura.html\" target=\"_blank\" rel=\"noreferrer noopener\">Fuerteventura Angeboten<\/a> euren Lieblingsort und schon bald k\u00f6nnt ihr unsere Tipps mit eigenen Augen sehen.<\/p>\n","protected":false},"excerpt":{"rendered":"<p>Sonne und Strand \u2013 daf\u00fcr ist Fuerteventura bekannt. Doch damit ist der Reiz der zweitgr\u00f6\u00dften Kanarischen Insel noch lange nicht ersch\u00f6pft. Zahlreiche Fuerteventura Sehensw\u00fcrdigkeiten von malerischen St\u00e4dtchen bis hin zu atemberaubenden Naturspektakeln sorgen f\u00fcr Abwechslung vom Sonnenbaden. Zwischen rauen K\u00fcsten, kleinen D\u00f6rfern, verlassenen Landschaften und belebten Touristenorten versteckt sich so manche Perle. Fuerteventura zeigt sich<\/p>\n","protected":false},"author":3,"featured_media":20434,"comment_status":"closed","ping_status":"open","sticky":false,"template":"","format":"standard","meta":{"footnotes":""},"categories":[457],"tags":[556,501,484],"class_list":{"0":"post-20306","1":"post","2":"type-post","3":"status-publish","4":"format-standard","5":"has-post-thumbnail","7":"category-spanien","8":"tag-fuerteventura","9":"tag-kanaren","10":"tag-sehenswuerdigkeiten"},"_links":{"self":[{"href":"https:\/\/www.sonnenklar.tv\/blog\/wp-json\/wp\/v2\/posts\/20306","targetHints":{"allow":["GET"]}}],"collection":[{"href":"https:\/\/www.sonnenklar.tv\/blog\/wp-json\/wp\/v2\/posts"}],"about":[{"href":"https:\/\/www.sonnenklar.tv\/blog\/wp-json\/wp\/v2\/types\/post"}],"author":[{"embeddable":true,"href":"https:\/\/www.sonnenklar.tv\/blog\/wp-json\/wp\/v2\/users\/3"}],"replies":[{"embeddable":true,"href":"https:\/\/www.sonnenklar.tv\/blog\/wp-json\/wp\/v2\/comments?post=20306"}],"version-history":[{"count":27,"href":"https:\/\/www.sonnenklar.tv\/blog\/wp-json\/wp\/v2\/posts\/20306\/revisions"}],"predecessor-version":[{"id":39036,"href":"https:\/\/www.sonnenklar.tv\/blog\/wp-json\/wp\/v2\/posts\/20306\/revisions\/39036"}],"wp:featuredmedia":[{"embeddable":true,"href":"https:\/\/www.sonnenklar.tv\/blog\/wp-json\/wp\/v2\/media\/20434"}],"wp:attachment":[{"href":"https:\/\/www.sonnenklar.tv\/blog\/wp-json\/wp\/v2\/media?parent=20306"}],"wp:term":[{"taxonomy":"category","embeddable":true,"href":"https:\/\/www.sonnenklar.tv\/blog\/wp-json\/wp\/v2\/categories?post=20306"},{"taxonomy":"post_tag","embeddable":true,"href":"https:\/\/www.sonnenklar.tv\/blog\/wp-json\/wp\/v2\/tags?post=20306"}],"curies":[{"name":"wp","href":"https:\/\/api.w.org\/{rel}","templated":true}]}}