{"id":20156,"date":"2022-06-08T10:39:00","date_gmt":"2022-06-08T09:39:00","guid":{"rendered":"https:\/\/www.sonnenklar.tv\/blog\/?p=20156"},"modified":"2026-04-20T15:46:11","modified_gmt":"2026-04-20T13:46:11","slug":"gran-canaria-straende","status":"publish","type":"post","link":"https:\/\/www.sonnenklar.tv\/blog\/reisearten\/badeurlaub\/gran-canaria-straende\/","title":{"rendered":"Die Top 8 der sch\u00f6nsten Gran Canaria Str\u00e4nde"},"content":{"rendered":"\n<p><strong>Gran Canaria ist ein echtes Inselparadies, das mit seinen wundersch\u00f6nen Str\u00e4nden ebenso verzaubert wie mit seinem besonderen Lebensgef\u00fchl und den malerischen Landschaften im Inselinneren. Zudem sind die Entfernungen sehr \u00fcberschaubar, sodass ihr die facettenreiche Kanareninsel mit ihren charaktervollen K\u00fcsten ganz entspannt entdecken k\u00f6nnt.<\/strong><\/p>\n\n\n\n<p>Egal ob ihr romantische Buchten, kilometerlange Sandstr\u00e4nde oder belebte K\u00fcstenabschnitte mit viel Action und Unterhaltung bevorzugt: Das abwechslungsreiche Gran Canaria h\u00e4lt f\u00fcr jeden Geschmack das passende Strandgl\u00fcck parat. Hier stellen wir euch die sch\u00f6nsten Gran Canaria Str\u00e4nde vor und zeigen euch, wo ihr unbeschwert FKK-Baden k\u00f6nnt und was die kanarische Insel abseits der gro\u00dfen D\u00fcnen von Maspalomas noch so zu bieten hat.<\/p>\n\n\n\n<p><strong>Inhaltsverzeichnis<\/strong><\/p>\n\n\n\n<ul class=\"wp-block-list\">\n<li><strong>Gran Canaria Str\u00e4nde: Unsere 8 Highlights<\/strong>\n<ol class=\"wp-block-list\">\n<li><a href=\"#playa-de-las-canteras-cityflair-sand-und-restaurants\">Playa de las Canteras: Cityflair, Sand und Restaurants<\/a><\/li>\n\n\n\n<li><a href=\"#san-augustin-romantik-ruhe-und-familienidylle\">San August\u00edn: Romantik, Ruhe und Familienidylle<\/a><\/li>\n\n\n\n<li><a href=\"#playa-del-ingles-gran-canarias-place-to-be\">Playa del Ingl\u00e9s: Gran Canarias place to be<\/a><\/li>\n\n\n\n<li><a href=\"#playa-de-maspalomas-dreiklang-aus-wueste-sonne-und-meer\">Playa de Maspalomas: Dreiklang aus W\u00fcste, Sonne und Meer<\/a><\/li>\n\n\n\n<li><a href=\"#playa-de-amadores-romantische-bucht\">Playa de Amadores: Romantische Bucht<\/a><\/li>\n\n\n\n<li><a href=\"#playa-de-mogan-das-venedig-gran-canarias\">Playa de Mog\u00e1n: Das Venedig Gran Canarias<\/a><\/li>\n\n\n\n<li><a href=\"#playa-de-las-nieves-dunkler-strand-traumhafte-sonnenuntergaenge\">Playa de las Nieves: Dunkler Strand, traumhafte Sonnenunterg\u00e4nge<\/a><\/li>\n\n\n\n<li><a href=\"#los-charcones-de-banaderos-erfrischende-meerespools\">Los Charcones de Ba\u00f1aderos: Erfrischende Meerespools<\/a><\/li>\n<\/ol>\n<\/li>\n\n\n\n<li><strong>H\u00e4ufig gestellte Fragen zu Gran Canaria Str\u00e4nde<\/strong>\n<ul class=\"wp-block-list\">\n<li><a href=\"#hat-gran-canaria-sandstraende\">Hat Gran Canaria Sandstr\u00e4nde?<\/a><\/li>\n\n\n\n<li><a href=\"#warum-ist-der-sand-auf-gran-canaria-schwarz\">Warum ist der Sand auf Gran Canaria schwarz?<\/a><\/li>\n\n\n\n<li><a href=\"#kann-man-auf-gran-canaria-schnorcheln\">Kann man auf Gran Canaria schnorcheln?<\/a><\/li>\n\n\n\n<li><a href=\"#wie-ist-das-meer-in-gran-canaria\">Wie ist das Meer in Gran Canaria?<\/a><\/li>\n<\/ul>\n<\/li>\n<\/ul>\n\n\n\n<h2 class=\"wp-block-heading\">Das Wichtigste im \u00dcberblick<\/h2>\n\n\n\n<ul class=\"wp-block-list\">\n<li>Auf Gran Canaria findet ihr rund um die Insel wundersch\u00f6ne Badestr\u00e4nde, Buchten und von Felsklippen umrahmte Meerespools \u2013 f\u00fcr jeden Geschmack ist etwas dabei!<\/li>\n\n\n\n<li>Auch FKK-Baden ist auf Gran Canaria erlaubt, allerdings solltet ihr euch dabei an die ausgewiesenen Bereiche halten, da ihr sonst mit hohen Strafen rechnen m\u00fcsst.<\/li>\n\n\n\n<li>Das Meer l\u00e4dt fast ganzj\u00e4hrig zum Baden ein, im S\u00fcden der Insel ist es insgesamt am w\u00e4rmsten.<\/li>\n<\/ul>\n\n\n\n<h2 class=\"wp-block-heading\">Gran Canaria Str\u00e4nde: Unsere 8 Highlights<\/h2>\n\n\n\n<p>Einmal rund um die Insel: Von der Hauptstadt Las Palmas im Osten Gran Canarias bis in den wilden und urspr\u00fcnglichen Norden nehmen wir euch mit zu den sch\u00f6nsten K\u00fcstenstreifen der \u201eInsel des ewigen Fr\u00fchlings\u201c.<br>\n<iframe src=\"https:\/\/www.google.com\/maps\/d\/u\/2\/embed?mid=1ntznda65uS5Oma-dSR-Fz-CVWmw24Uc&amp;ehbc=2E312F\" width=\"640\" height=\"480\"><\/iframe><\/p>\n\n\n\n<h3 class=\"wp-block-heading\">1. <a name=\"playa-de-las-canteras-cityflair-sand-und-restaurants\"><\/a>Playa de las Canteras: Cityflair, Sand und Restaurants<\/h3>\n\n\n\n<p>Am n\u00f6rdlichen Rand von Las Palmas erstreckt sich auf rund drei Kilometern das flach abfallende Ufer des <strong>Playa de las Canteras<\/strong>. Feiner <strong>goldgelber Sand<\/strong> erwartet euch hier ebenso wie unz\u00e4hlige <strong>Lokale, Restaurants<\/strong> und Caf\u00e9s entlang der <strong>Uferpromenade<\/strong>. Als Stadtstrand der Inselhauptstadt baden auch Einheimische hier gern, was dem Ganzen eine charmant-quirlige Atmosph\u00e4re verleiht. Es lohnt sich, mit den <strong>Gezeiten<\/strong> zu gehen: Bei <strong>Flut<\/strong> st\u00fcrzen sich die <strong>Surfer<\/strong> in die Wellen, bei <strong>Ebbe<\/strong> hingegen k\u00f6nnt ihr am sch\u00f6nen Kalkriff <strong>schnorcheln<\/strong>. Playa de las Canteras eignet sich ideal, um vor oder nach einem ausgedehnten Bummel durch die h\u00fcbsche Altstadt von Las Palmas das Strandfeeling zu genie\u00dfen. Die rund f\u00fcnf Kilometer Entfernung zum Strand k\u00f6nnt ihr mit dem Rad, Auto oder Bus zur\u00fccklegen.<\/p>\n\n\n\n<figure class=\"wp-block-image alignnone\"><a href=\"https:\/\/www.sonnenklar.tv\/blog\/wp-content\/uploads\/2022\/06\/GettyImages-507399401-Playa-De-Las-Canteras.jpg\"><img fetchpriority=\"high\" decoding=\"async\" width=\"880\" height=\"450\" src=\"https:\/\/www.sonnenklar.tv\/blog\/wp-content\/uploads\/2022\/06\/GettyImages-507399401-Playa-De-Las-Canteras.jpg\" alt=\"Playa de las Canteras in Las Palmas, Gran Canaria\" class=\"wp-image-20204\" srcset=\"https:\/\/www.sonnenklar.tv\/blog\/wp-content\/uploads\/2022\/06\/GettyImages-507399401-Playa-De-Las-Canteras.jpg 880w, https:\/\/www.sonnenklar.tv\/blog\/wp-content\/uploads\/2022\/06\/GettyImages-507399401-Playa-De-Las-Canteras-800x409.jpg 800w, https:\/\/www.sonnenklar.tv\/blog\/wp-content\/uploads\/2022\/06\/GettyImages-507399401-Playa-De-Las-Canteras-18x9.jpg 18w, https:\/\/www.sonnenklar.tv\/blog\/wp-content\/uploads\/2022\/06\/GettyImages-507399401-Playa-De-Las-Canteras-150x77.jpg 150w, https:\/\/www.sonnenklar.tv\/blog\/wp-content\/uploads\/2022\/06\/GettyImages-507399401-Playa-De-Las-Canteras-450x230.jpg 450w, https:\/\/www.sonnenklar.tv\/blog\/wp-content\/uploads\/2022\/06\/GettyImages-507399401-Playa-De-Las-Canteras-768x393.jpg 768w, https:\/\/www.sonnenklar.tv\/blog\/wp-content\/uploads\/2022\/06\/GettyImages-507399401-Playa-De-Las-Canteras-300x153.jpg 300w\" sizes=\"(max-width: 880px) 100vw, 880px\" \/><\/a><figcaption class=\"wp-element-caption\">Am Playa de las Canteras erwartet euch feinster goldgelber Sand<\/figcaption><\/figure>\n\n\n\n<p>&nbsp;<\/p>\n\n\n\n<table id=\"tablepress-569\" class=\"tablepress tablepress-id-569\">\n<thead>\n<tr class=\"row-1\">\n\t<th colspan=\"2\" class=\"column-1\">Playa de las Canteras<\/th>\n<\/tr>\n<\/thead>\n<tbody>\n<tr class=\"row-2\">\n\t<td class=\"column-1\"><strong>Perfekt f\u00fcr:<\/strong><\/td><td class=\"column-2\">Paare, Familien, Schnorcheln, Surfen, Cityflair und Bummeln<\/td>\n<\/tr>\n<tr class=\"row-3\">\n\t<td class=\"column-1\"><strong>Besonderheit:<\/strong><\/td><td class=\"column-2\">weitl\u00e4ufiger, lebendiger und sauberer Stadtstrand von Las Palmas<\/td>\n<\/tr>\n<tr class=\"row-4\">\n\t<td class=\"column-1\"><strong>Erreichbarkeit<\/strong><\/td><td class=\"column-2\">sehr leicht per Auto oder Bus zu erreichen<\/td>\n<\/tr>\n<tr class=\"row-5\">\n\t<td class=\"column-1\"><strong>Ausstattung:<\/strong><\/td><td class=\"column-2\">vollausgestatteter Strand, Sonnenliegen und -schirmverleih, Freizeitangebote, Hotellerie &amp; Gastronomie, Parkpl\u00e4tze vorhanden<\/td>\n<\/tr>\n<\/tbody>\n<\/table>\n<!-- #tablepress-569 from cache -->\n\n\n<p><strong>Hoteltipp<\/strong>: Das <a href=\"https:\/\/www.sonnenklar.tv\/beschreibung\/Spanien\/Gran_Canaria\/Las_Palmas_De_Gran_Canaria\/HD_Acuario_Lifestyle.html\" target=\"_blank\" rel=\"noreferrer noopener\">HD Acuario Lifestyle Hotel<\/a> vereint urbanes Flair mit modernen Designs \u2013 und das nur rund 400 Meter von Las Canteras entfernt.<\/p>\n\n\n\n<h3 class=\"wp-block-heading\">2. <a name=\"san-augustin-romantik-ruhe-und-familienidylle\"><\/a>San August\u00edn: Romantik, Ruhe und Familienidylle<\/h3>\n\n\n\n<p>Im S\u00fcden Gran Canarias l\u00e4dt der sch\u00f6ne Strand von <strong>San August\u00edn<\/strong> zum Baden, Erholen und Wassersport ein. San August\u00edn selbst ist ein kleiner, <strong>gem\u00fctlicher Badeort<\/strong> ganz in der N\u00e4he des ber\u00fchmten Playa de Ingl\u00e9s und Maspalomas. Perfekt f\u00fcr alle, die am besten etwas abseits der gro\u00dfen Partylocations aufgehoben sind, <strong>ruhige Gew\u00e4sser<\/strong> bevorzugen und dazu am liebsten im <strong>feinen, hellen Sand<\/strong> ausspannen. Entlang der <strong>Strandpromenade<\/strong> findet ihr Bars und Restaurants, die auf ihren Terrassen feine lokale Spezialit\u00e4ten mit Blick aufs Meer anbieten. Auch Sportbegeisterte kommen hier auf ihre Kosten: Am Playa San August\u00edn k\u00f6nnt ihr euch gut im <strong>Wellenreiten<\/strong> \u00fcben \u2013 ein passendes Surfcenter gibt es am benachbarten Strand, der Playa de las Burras.<\/p>\n\n\n\n<figure class=\"wp-block-image alignnone\"><a href=\"https:\/\/www.sonnenklar.tv\/blog\/wp-content\/uploads\/2022\/06\/GettyImages-670076356-Playa-de-San-Agustin.jpg\"><img decoding=\"async\" width=\"880\" height=\"450\" src=\"https:\/\/www.sonnenklar.tv\/blog\/wp-content\/uploads\/2022\/06\/GettyImages-670076356-Playa-de-San-Agustin.jpg\" alt=\"Playa de San Agust\u00edn auf Gran Canaria\" class=\"wp-image-20206\" srcset=\"https:\/\/www.sonnenklar.tv\/blog\/wp-content\/uploads\/2022\/06\/GettyImages-670076356-Playa-de-San-Agustin.jpg 880w, https:\/\/www.sonnenklar.tv\/blog\/wp-content\/uploads\/2022\/06\/GettyImages-670076356-Playa-de-San-Agustin-300x153.jpg 300w, https:\/\/www.sonnenklar.tv\/blog\/wp-content\/uploads\/2022\/06\/GettyImages-670076356-Playa-de-San-Agustin-768x393.jpg 768w\" sizes=\"(max-width: 880px) 100vw, 880px\" \/><\/a><figcaption class=\"wp-element-caption\">Am Strand von San Agust\u00edn kommen auch Sportbegeisterte auf ihre Kosten<\/figcaption><\/figure>\n\n\n\n<p>&nbsp;<\/p>\n\n\n\n<table id=\"tablepress-570\" class=\"tablepress tablepress-id-570\">\n<thead>\n<tr class=\"row-1\">\n\t<th colspan=\"2\" class=\"column-1\">Strand von San Agust\u00edn<\/th>\n<\/tr>\n<\/thead>\n<tbody>\n<tr class=\"row-2\">\n\t<td class=\"column-1\"><strong>Perfekt f\u00fcr:<\/strong><\/td><td class=\"column-2\">Paare, Familien, Romantik, Sonnenbaden, Erholung, Wellenreiten<\/td>\n<\/tr>\n<tr class=\"row-3\">\n\t<td class=\"column-1\"><strong>Besonderheit:<\/strong><\/td><td class=\"column-2\">ruhigerer Sandstrand mit einem flach abfallenden Einstieg ganz in der N\u00e4he der ber\u00fchmten D\u00fcnen von Maspalomas<\/td>\n<\/tr>\n<tr class=\"row-4\">\n\t<td class=\"column-1\"><strong>Erreichbarkeit<\/strong><\/td><td class=\"column-2\">barrierefreier Strand, einfach per Auto oder auch per Bus zu erreichen<\/td>\n<\/tr>\n<tr class=\"row-5\">\n\t<td class=\"column-1\"><strong>Ausstattung:<\/strong><\/td><td class=\"column-2\">vollausgestatteter Strand, Surfschule am Nachbarstrand, Hotellerie &amp; Gastronomie, Parkpl\u00e4tze vorhanden<\/td>\n<\/tr>\n<\/tbody>\n<\/table>\n<!-- #tablepress-570 from cache -->\n\n\n<p><strong>Hoteltipp<\/strong>: Die modernen Studios der Apartmentanlage <a href=\"https:\/\/www.sonnenklar.tv\/beschreibung\/Spanien\/Gran_Canaria\/San_Agust%C3%ADn\/Buganvilla.html\" target=\"_blank\" rel=\"noreferrer noopener\">Apartamentos Buganvilla<\/a> schmiegen sich in die Felsk\u00fcste bei San August\u00edn und versprechen einen zauberhaften Blick \u00fcber das Meer \u2013 Erwachsene sind hier ganz unter sich.<\/p>\n\n\n\n<h3 class=\"wp-block-heading\">3. <a name=\"playa-del-ingles-gran-canarias-place-to-be\"><\/a>Playa del Ingl\u00e9s: Gran Canarias place to be<\/h3>\n\n\n\n<p>Einer der ber\u00fchmtesten Gran Canaria Str\u00e4nde ist unbestritten <strong>Playa del Ingl\u00e9s<\/strong> \u2013 auf fast <strong>drei Kilometern<\/strong> erstreckt sich zu euren F\u00fc\u00dfen ein <strong>goldgelbes Strandparadies<\/strong>, das f\u00fcr seine sehr gute Strand- und Wasserqualit\u00e4t regelm\u00e4\u00dfig mit der <strong>Blauen Flagge<\/strong> ausgezeichnet wird. Ber\u00fchmt-ber\u00fcchtigt ist der Strand jedoch vor allem f\u00fcr seine <strong>legend\u00e4ren Partys<\/strong>. W\u00e4hrend ihr hier tags\u00fcber Sand und Meer genie\u00dfen k\u00f6nnt, geh\u00f6rt Playa del Ingl\u00e9s abends bis sp\u00e4t in die Nacht hinein dem Partyvolk. Ein Besuch lohnt sich allemal, denn kaum ein Strand bietet rund um die Uhr von Shoppingm\u00f6glichkeiten bis Freizeitangeboten so ein <strong>vielf\u00e4ltiges Angebot<\/strong> wie Gran Canarias buntester und schrillster Urlaubsort. Playa del Ingl\u00e9s ist au\u00dferdem ein Zentrum der LGBT-Szene und tolerant geht es auch am Strand zu: Die beeindruckende <strong>D\u00fcnenlandschaft von Maspalomas<\/strong> ist nicht weit und bietet <strong>FKK-freundliche<\/strong> Bereiche, in denen ihr beim Sonnen problemlos die H\u00fcllen fallen lassen k\u00f6nnt.<\/p>\n\n\n\n<figure class=\"wp-block-image alignnone\"><a href=\"https:\/\/www.sonnenklar.tv\/blog\/wp-content\/uploads\/2022\/06\/GettyImages-451072611-Playa-del-Ingles.jpg\"><img decoding=\"async\" width=\"880\" height=\"450\" src=\"https:\/\/www.sonnenklar.tv\/blog\/wp-content\/uploads\/2022\/06\/GettyImages-451072611-Playa-del-Ingles.jpg\" alt=\"Playa del Ingl\u00e9s auf Gran Canaria\" class=\"wp-image-20209\" srcset=\"https:\/\/www.sonnenklar.tv\/blog\/wp-content\/uploads\/2022\/06\/GettyImages-451072611-Playa-del-Ingles.jpg 880w, https:\/\/www.sonnenklar.tv\/blog\/wp-content\/uploads\/2022\/06\/GettyImages-451072611-Playa-del-Ingles-300x153.jpg 300w, https:\/\/www.sonnenklar.tv\/blog\/wp-content\/uploads\/2022\/06\/GettyImages-451072611-Playa-del-Ingles-768x393.jpg 768w\" sizes=\"(max-width: 880px) 100vw, 880px\" \/><\/a><figcaption class=\"wp-element-caption\">Playa del Ingl\u00e9s ist einer der bekanntesten und quirligsten Str\u00e4nde Gran Canarias<\/figcaption><\/figure>\n\n\n\n<p>&nbsp;<\/p>\n\n\n\n<table id=\"tablepress-571\" class=\"tablepress tablepress-id-571\">\n<thead>\n<tr class=\"row-1\">\n\t<th colspan=\"2\" class=\"column-1\">Playa del Ingl\u00e9s<\/th>\n<\/tr>\n<\/thead>\n<tbody>\n<tr class=\"row-2\">\n\t<td class=\"column-1\"><strong>Perfekt f\u00fcr:<\/strong><\/td><td class=\"column-2\">Paare, Familien, Party, Shopping, Sonnenbaden, Baden, FKK<\/td>\n<\/tr>\n<tr class=\"row-3\">\n\t<td class=\"column-1\"><strong>Besonderheit:<\/strong><\/td><td class=\"column-2\">legend\u00e4rer Strand auf Gran Canaria, der tags\u00fcber wie nachts vor Leben pulsiert<\/td>\n<\/tr>\n<tr class=\"row-4\">\n\t<td class=\"column-1\"><strong>Erreichbarkeit<\/strong><\/td><td class=\"column-2\">einfach per Auto, zu Fu\u00df oder auch per Bus zu erreichen<\/td>\n<\/tr>\n<tr class=\"row-5\">\n\t<td class=\"column-1\"><strong>Ausstattung:<\/strong><\/td><td class=\"column-2\">vollausgestatteter Strand, Hotellerie &amp; Gastronomie, Partylocations, Parkpl\u00e4tze in der N\u00e4he vorhanden<\/td>\n<\/tr>\n<\/tbody>\n<\/table>\n<!-- #tablepress-571 from cache -->\n\n\n<p><strong>Tipp<\/strong>: Der aufregende S\u00fcden Gran Canarias reizt euch? Dann schaut doch bei unseren sch\u00f6nsten <a href=\"https:\/\/www.sonnenklar.tv\/promo\/straende\/playa-del-ingles.html\" target=\"_blank\" rel=\"noreferrer noopener\">Angeboten f\u00fcr Playa del Ingl\u00e9s<\/a> vorbei!<\/p>\n\n\n\n<h3 class=\"wp-block-heading\">4. <a name=\"playa-de-maspalomas-dreiklang-aus-wueste-sonne-und-meer\"><\/a>Playa de Maspalomas: Dreiklang aus W\u00fcste, Sonne und Meer<\/h3>\n\n\n\n<p>M\u00f6chtet ihr ein wirklich <strong>au\u00dfergew\u00f6hnliches Stranderlebnis<\/strong>, k\u00f6nnen wir euch <strong>Maspalomas<\/strong> nur w\u00e4rmstens empfehlen: W\u00e4hrend Playa del Ingl\u00e9s ein junges und kunterbuntes Publikum anzieht, findet ihr <strong>im Westen<\/strong> des kilometerlangen K\u00fcstenabschnitts von Maspalomas auch <strong>gehobenere Bars<\/strong> und<strong> luxuri\u00f6se Hotels<\/strong> \u2013 hier ist also wirklich f\u00fcr jeden Geschmack etwas dabei! Der <strong>Einstieg ins Meer<\/strong> gestaltet sich an den meisten Stellen <strong>flach<\/strong> und problemlos, allerdings solltet ihr nicht vergessen, dass ihr am Atlantik seid und der <strong>Ozean<\/strong> auch entsprechend <strong>rau sein kann<\/strong>. An der \u00e4u\u00dfersten S\u00fcdspitze Gran Canarias, wo Playa del Ingl\u00e9s und Playa de Maspalomas aufeinandertreffen, erwartet euch au\u00dferdem das<strong> Wahrzeichen<\/strong> der Insel: Die <strong>D\u00fcnen von Maspalomas<\/strong>. Wie in der W\u00fcste wandelt ihr hier umgeben von Wind und Stille durch ein schier unendliches Meer aus Sand. Besonders sind hier auch die <strong>Sonnenauf<\/strong>&#8211; und &#8211;<strong>unterg\u00e4nge<\/strong>, haltet euch dabei jedoch unbedingt an die markierten Wege des Naturschutzgebiets.<\/p>\n\n\n\n<figure class=\"wp-block-image alignnone\"><a href=\"https:\/\/www.sonnenklar.tv\/blog\/wp-content\/uploads\/2022\/06\/GettyImages-451646137.jpg\"><img loading=\"lazy\" decoding=\"async\" width=\"880\" height=\"450\" src=\"https:\/\/www.sonnenklar.tv\/blog\/wp-content\/uploads\/2022\/06\/GettyImages-451646137.jpg\" alt=\"D\u00fcnen von Maspalomas auf Gran Canaria\" class=\"wp-image-20211\" srcset=\"https:\/\/www.sonnenklar.tv\/blog\/wp-content\/uploads\/2022\/06\/GettyImages-451646137.jpg 880w, https:\/\/www.sonnenklar.tv\/blog\/wp-content\/uploads\/2022\/06\/GettyImages-451646137-300x153.jpg 300w, https:\/\/www.sonnenklar.tv\/blog\/wp-content\/uploads\/2022\/06\/GettyImages-451646137-768x393.jpg 768w\" sizes=\"(max-width: 880px) 100vw, 880px\" \/><\/a><figcaption class=\"wp-element-caption\">Die D\u00fcnen von Maspalomas gleichen einer endlosen W\u00fcste<\/figcaption><\/figure>\n\n\n\n<p>&nbsp;<\/p>\n\n\n\n<table id=\"tablepress-572\" class=\"tablepress tablepress-id-572\">\n<thead>\n<tr class=\"row-1\">\n\t<th colspan=\"2\" class=\"column-1\">Playa de Maspalomas<\/th>\n<\/tr>\n<\/thead>\n<tbody>\n<tr class=\"row-2\">\n\t<td class=\"column-1\"><strong>Perfekt f\u00fcr:<\/strong><\/td><td class=\"column-2\">Paare, Familien, Sonnenbaden, Baden, Wellenreiten, FKK<\/td>\n<\/tr>\n<tr class=\"row-3\">\n\t<td class=\"column-1\"><strong>Besonderheit:<\/strong><\/td><td class=\"column-2\">kilometerlanger K\u00fcstenabschnitt mit den beeindruckenden Wanderd\u00fcnen von Maspalomas<\/td>\n<\/tr>\n<tr class=\"row-4\">\n\t<td class=\"column-1\"><strong>Erreichbarkeit<\/strong><\/td><td class=\"column-2\">einfach zu Fu\u00df oder per Bus zu erreichen, bei einer Anfahrt mit dem Auto m\u00fcsst ihr gegebenenfalls eine l\u00e4ngere Strecke bis zum Strand gehen<\/td>\n<\/tr>\n<tr class=\"row-5\">\n\t<td class=\"column-1\"><strong>Ausstattung:<\/strong><\/td><td class=\"column-2\">vollausgestattete Strandabschnitte im Westen und Osten, zwischendrin naturbelassene Bereiche (auch ohne Sonnenschutz), Parkpl\u00e4tze je nach Abschnitt<\/td>\n<\/tr>\n<\/tbody>\n<\/table>\n<!-- #tablepress-572 from cache -->\n\n\n<p><strong>Unser Tipp<\/strong>: \u201eOben-ohne\u201c-Sonnenbaden ist an den meisten Gran Canaria Str\u00e4nden kein Problem, m\u00f6chtet ihr die H\u00fcllen jedoch komplett fallen lassen, solltet ihr euch an die ausgewiesenen FKK-Str\u00e4nde halten, da euch sonst Strafen drohen k\u00f6nnen. Der bekannteste FKK-Strand Gran Canarias liegt zwischen Maspalomas und Playa del Ingl\u00e9s Richtung Kiosk n 4.<\/p>\n\n\n\n<p><strong>Hoteltipp<\/strong>: Die ideale Adresse, um sich verw\u00f6hnen zu lassen: Das Herz des <a href=\"https:\/\/www.sonnenklar.tv\/beschreibung\/Spanien\/Gran_Canaria\/Meloneras\/Lopesan_Villa_del_Conde_Resort_Thalasso.html\" target=\"_blank\" rel=\"noreferrer noopener\">Hotels Lopesan V. Del Conde<\/a> ist das moderne Thalasso-Zentrum, in dem ihr K\u00f6rper und Seele regenerieren k\u00f6nnt.<\/p>\n\n\n\n<h3 class=\"wp-block-heading\">5. <a name=\"playa-de-amadores-romantische-bucht\"><\/a>Playa de Amadores: Romantische Bucht<\/h3>\n\n\n\n<p>Sehnt ihr euch nach einem malerischen Strand <strong>ohne unruhigen Wellengang<\/strong>, k\u00f6nnte der <strong>Playa de Amadores<\/strong> genau die richtige Wahl auf der Liste der sch\u00f6nsten Gran Canaria Str\u00e4nde f\u00fcr euch sein. Im S\u00fcdwesten Gran Canarias gelegen, sch\u00fctzen steinerne Wellenbrecher die <strong>romantische Bucht<\/strong>, die wie geschaffen ist, um sich einfach im kristallklaren, <strong>t\u00fcrkisfarbenen Wasser<\/strong> treiben zu lassen. Musik und laute Ballspiele sind hier verboten, sodass ihr hier wahrlich die <strong>Ruhe<\/strong> und das <strong>karibisch anmutende Flair <\/strong>genie\u00dfen k\u00f6nnt. Der Sand ist hell und fein, f\u00fcr euren Komfort k\u00f6nnt ihr <strong>Sonnenliegen<\/strong> mieten und <strong>Restaurants<\/strong> in erster Reihe versorgen euch mit k\u00fchlen Drinks und leckerem Essen. M\u00f6chtet ihr euch die Beine vertreten, k\u00f6nnt ihr entlang der K\u00fcste bis zum <strong>Nachbarort Puerto Rico<\/strong> spazieren. Was will man mehr? Vielleicht noch abends beobachten, wie die Sonne langsam hinter den Konturen Teneriffas untergeht.<\/p>\n\n\n\n<figure class=\"wp-block-image alignnone\"><a href=\"https:\/\/www.sonnenklar.tv\/blog\/wp-content\/uploads\/2021\/01\/Playa-de-Amadores-Puerto-Rico-Gran-Canaria.jpg\"><img loading=\"lazy\" decoding=\"async\" width=\"880\" height=\"450\" src=\"https:\/\/www.sonnenklar.tv\/blog\/wp-content\/uploads\/2021\/01\/Playa-de-Amadores-Puerto-Rico-Gran-Canaria.jpg\" alt=\"Playa de Amadores umrahmt von Klippen auf Gran Canaria\" class=\"wp-image-17437\" srcset=\"https:\/\/www.sonnenklar.tv\/blog\/wp-content\/uploads\/2021\/01\/Playa-de-Amadores-Puerto-Rico-Gran-Canaria.jpg 880w, https:\/\/www.sonnenklar.tv\/blog\/wp-content\/uploads\/2021\/01\/Playa-de-Amadores-Puerto-Rico-Gran-Canaria-300x153.jpg 300w, https:\/\/www.sonnenklar.tv\/blog\/wp-content\/uploads\/2021\/01\/Playa-de-Amadores-Puerto-Rico-Gran-Canaria-768x393.jpg 768w\" sizes=\"(max-width: 880px) 100vw, 880px\" \/><\/a><figcaption class=\"wp-element-caption\">Playa de Amadores, weitl\u00e4ufige Bucht mit wei\u00dfem Sandstrand<\/figcaption><\/figure>\n\n\n\n<p>&nbsp;<\/p>\n\n\n\n<table id=\"tablepress-573\" class=\"tablepress tablepress-id-573\">\n<thead>\n<tr class=\"row-1\">\n\t<th colspan=\"2\" class=\"column-1\">Playa de Amadores<\/th>\n<\/tr>\n<\/thead>\n<tbody>\n<tr class=\"row-2\">\n\t<td class=\"column-1\"><strong>Perfekt f\u00fcr:<\/strong><\/td><td class=\"column-2\">Paare, Sonnenbaden, Baden, Relaxen<\/td>\n<\/tr>\n<tr class=\"row-3\">\n\t<td class=\"column-1\"><strong>Besonderheit:<\/strong><\/td><td class=\"column-2\">malerische Bucht im S\u00fcdwesten Gran Canarias mit romantischer Abendstimmung<\/td>\n<\/tr>\n<tr class=\"row-4\">\n\t<td class=\"column-1\"><strong>Erreichbarkeit<\/strong><\/td><td class=\"column-2\">vom Ort einfach zu Fu\u00df zu erreichen, bei l\u00e4ngerer Anreise per Bus oder Auto (Parkplatz je nach Saison gegebenenfalls geb\u00fchrenpflichtig)<\/td>\n<\/tr>\n<tr class=\"row-5\">\n\t<td class=\"column-1\"><strong>Ausstattung:<\/strong><\/td><td class=\"column-2\">vollausgestattete Bucht mit Restaurants und Sonnenliegen, Parkpl\u00e4tze vorhanden<\/td>\n<\/tr>\n<\/tbody>\n<\/table>\n<!-- #tablepress-573 from cache -->\n\n\n<p><strong>Hoteltipp<\/strong>: Ganz in der N\u00e4he des Playa de Amadores l\u00e4dt das kleine, aber feine <a href=\"https:\/\/www.sonnenklar.tv\/beschreibung\/Spanien\/Gran_Canaria\/Playa_Amadores\/Holiday_Club_Playa_Amadores.html\" target=\"_blank\" rel=\"noreferrer noopener\">Holiday Club Playa Amadores<\/a> mit seinen modernen und hellen R\u00e4umlichkeiten zum Verweilen ein.<\/p>\n\n\n\n<h3 class=\"wp-block-heading\">6. <a name=\"playa-de-mogan-das-venedig-gran-canarias\"><\/a>Playa de Mog\u00e1n: Das Venedig Gran Canarias<\/h3>\n\n\n\n<p>Ebenfalls im S\u00fcdwesten, n\u00f6rdlich von Playa de Amadores, befindet sich der kleine <strong>Hafenort Puerto de Mog\u00e1n<\/strong>, der mit seiner spektakul\u00e4ren Aussicht und der <strong>halbmondf\u00f6rmigen Bucht<\/strong> zum Tr\u00e4umen einl\u00e4dt. Der Strand selbst ist recht klein und lockt mit seinem <strong>goldgelben Sand<\/strong>. Wellenbrecher umrahmen die Bucht, sodass das <strong>Wasser ruhig<\/strong> gegen das Ufer schwappt. Am n\u00f6rdlichen Ufer bieten <strong>Wassersportanbieter<\/strong> actionreiche Aktivit\u00e4ten an und direkt hinter dem Strand laden Restaurants zum Genie\u00dfen ein. Seinen Beinamen \u201e<strong>Venedig Gran Canarias<\/strong>\u201c hat Puerto de Mog\u00e1n nicht von ungef\u00e4hr: Direkt am gem\u00fctlichen Fischerhafen erinnern die <strong>kleinen<\/strong> <strong>Kan\u00e4le<\/strong>, die von <strong>schmalen Br\u00fccken<\/strong> \u00fcberspannt werden und enge, blumenges\u00e4umte <strong>Gassen<\/strong> an die Lagunenstadt von Italien. Besonders abends, wenn ihr entlang der idyllischen Szenerie spaziert, zeigt sich Gran Canaria von seiner romantischsten Seite.<\/p>\n\n\n\n<figure class=\"wp-block-image alignnone\"><a href=\"https:\/\/www.sonnenklar.tv\/blog\/wp-content\/uploads\/2022\/06\/GettyImages-184866992.jpg\"><img loading=\"lazy\" decoding=\"async\" width=\"880\" height=\"450\" src=\"https:\/\/www.sonnenklar.tv\/blog\/wp-content\/uploads\/2022\/06\/GettyImages-184866992.jpg\" alt=\"Hafen und Strand in Puerto de Mog\u00e1n, Gran Canaria\" class=\"wp-image-20213\" srcset=\"https:\/\/www.sonnenklar.tv\/blog\/wp-content\/uploads\/2022\/06\/GettyImages-184866992.jpg 880w, https:\/\/www.sonnenklar.tv\/blog\/wp-content\/uploads\/2022\/06\/GettyImages-184866992-300x153.jpg 300w, https:\/\/www.sonnenklar.tv\/blog\/wp-content\/uploads\/2022\/06\/GettyImages-184866992-768x393.jpg 768w\" sizes=\"(max-width: 880px) 100vw, 880px\" \/><\/a><figcaption class=\"wp-element-caption\">Der Hafen und die Badebucht in Puerto de Mog\u00e1n bieten euch eine atemberaubende Aussicht<\/figcaption><\/figure>\n\n\n\n<p>&nbsp;<\/p>\n\n\n\n<table id=\"tablepress-574\" class=\"tablepress tablepress-id-574\">\n<thead>\n<tr class=\"row-1\">\n\t<th colspan=\"2\" class=\"column-1\">Playa de Mog\u00e1n<\/th>\n<\/tr>\n<\/thead>\n<tbody>\n<tr class=\"row-2\">\n\t<td class=\"column-1\"><strong>Perfekt f\u00fcr:<\/strong><\/td><td class=\"column-2\">Paare, Familien, Romantik, Schorcheln, Sonnenbaden, Baden, Relaxen, Wassersport<\/td>\n<\/tr>\n<tr class=\"row-3\">\n\t<td class=\"column-1\"><strong>Besonderheit:<\/strong><\/td><td class=\"column-2\">beschauliche Bucht in spektakul\u00e4rer Kulisse und dem Charme eines Fischerorts<\/td>\n<\/tr>\n<tr class=\"row-4\">\n\t<td class=\"column-1\"><strong>Erreichbarkeit<\/strong><\/td><td class=\"column-2\">vom Ort einfach zu Fu\u00df zu erreichen, bei l\u00e4ngerer Anreise per Bus oder Auto (Parkpl\u00e4tze besonders am Wochenende recht schnell voll)<\/td>\n<\/tr>\n<tr class=\"row-5\">\n\t<td class=\"column-1\"><strong>Ausstattung:<\/strong><\/td><td class=\"column-2\">vollausgestattete Bucht, in der es an nichts fehlt, Parkpl\u00e4tze vorhanden<\/td>\n<\/tr>\n<\/tbody>\n<\/table>\n<!-- #tablepress-574 from cache -->\n\n\n<p><strong>Hoteltipp: <\/strong>Nur wenige Minuten vom Strand entfernt, begr\u00fc\u00dft das <a href=\"https:\/\/www.sonnenklar.tv\/beschreibung\/Spanien\/Gran_Canaria\/Puerto_de_Mogan\/Cordial_Mogan_Valle.html\" target=\"_blank\" rel=\"noreferrer noopener\">Hotel Cordial Mog\u00e1n Valle<\/a> seine G\u00e4ste mit einem gro\u00dfz\u00fcgigen Poolbereich, Wellness und komfortablen R\u00e4umlichkeiten.<\/p>\n\n\n\n<p><strong>Unser Tipp<\/strong>: Freitags findet in Puerto de Mog\u00e1n ein inselbekannter Markt statt und der kleine Ort f\u00fcllt sich mit Leben \u2013 zum Bummeln ideal, zum ruhigen Sonnenbaden kommt ihr lieber an den anderen Tagen.<\/p>\n\n\n\n<h3 class=\"wp-block-heading\">7. <a name=\"playa-de-las-nieves-dunkler-strand-traumhafte-sonnenuntergaenge\"><\/a>Playa de las Nieves: Dunkler Strand, traumhafte Sonnenunterg\u00e4nge<\/h3>\n\n\n\n<p>N\u00f6rdlich des wundersch\u00f6nen Naturparks <strong>Parque Natural Tamadaba<\/strong>, im Nordwesten Gran Canarias, befindet sich das charmante <strong>Puerto de las Nieves<\/strong>. Der dunkle bis <strong>schwarze Kiesstrand<\/strong> des Orts bildet einen wundersch\u00f6nen Kontrast zum <strong>tiefen Blau<\/strong> des Ozeans, w\u00e4hrend unter Wasser herrliche Riffe zum <strong>Tauchen<\/strong> einladen. Badeg\u00e4ste von der ganzen Insel kommen nicht nur hierher, um das <strong>nat\u00fcrliche<\/strong> und <strong>l\u00e4ssige Flair<\/strong> zu genie\u00dfen, sondern auch, um die hervorragenden <strong>Meeresspezialit\u00e4ten<\/strong> der Restaurants zu kosten. Etwas n\u00f6rdlich des Hafens, an dem \u00fcbrigens auch F\u00e4hren nach Teneriffa abfahren, wurden einige <strong>Salzwasserpools<\/strong> in die <strong>felsige<\/strong> Uferlandschaft geschlagen. Hier k\u00f6nnt ihr euch ganz in Ruhe abk\u00fchlen oder zu <strong>Sonnenuntergang<\/strong> das einzigartige Farbenspiel bestaunen. Bei guter Sicht, besonders im Winter, erblickt ihr in der Ferne den <strong>Vulkan Teide<\/strong>, von dessen im Winter schneewei\u00dfer Kuppe der Ort einst seinen Namen erhielt.<\/p>\n\n\n\n<figure class=\"wp-block-image alignnone\"><a href=\"https:\/\/www.sonnenklar.tv\/blog\/wp-content\/uploads\/2022\/06\/GettyImages-1156478943-Las-Salinas-de-Agaete.jpg\"><img loading=\"lazy\" decoding=\"async\" width=\"880\" height=\"450\" src=\"https:\/\/www.sonnenklar.tv\/blog\/wp-content\/uploads\/2022\/06\/GettyImages-1156478943-Las-Salinas-de-Agaete.jpg\" alt=\"Salzwasserpool in Puerto de las Nieves auf Gran Canaria\" class=\"wp-image-20214\" srcset=\"https:\/\/www.sonnenklar.tv\/blog\/wp-content\/uploads\/2022\/06\/GettyImages-1156478943-Las-Salinas-de-Agaete.jpg 880w, https:\/\/www.sonnenklar.tv\/blog\/wp-content\/uploads\/2022\/06\/GettyImages-1156478943-Las-Salinas-de-Agaete-300x153.jpg 300w, https:\/\/www.sonnenklar.tv\/blog\/wp-content\/uploads\/2022\/06\/GettyImages-1156478943-Las-Salinas-de-Agaete-768x393.jpg 768w\" sizes=\"(max-width: 880px) 100vw, 880px\" \/><\/a><figcaption class=\"wp-element-caption\">Die Naturpools in Puerto de las Nieves versprechen ein einzigartiges Badeerlebnis<\/figcaption><\/figure>\n\n\n\n<p>&nbsp;<\/p>\n\n\n\n<table id=\"tablepress-575\" class=\"tablepress tablepress-id-575\">\n<thead>\n<tr class=\"row-1\">\n\t<th colspan=\"2\" class=\"column-1\">Playa de las Nieves<\/th>\n<\/tr>\n<\/thead>\n<tbody>\n<tr class=\"row-2\">\n\t<td class=\"column-1\"><strong>Perfekt f\u00fcr:<\/strong><\/td><td class=\"column-2\">Paare, Romantik, Ruhe, Tauchen, Sonnenbaden, Baden, Relaxen<\/td>\n<\/tr>\n<tr class=\"row-3\">\n\t<td class=\"column-1\"><strong>Besonderheit:<\/strong><\/td><td class=\"column-2\">weitgehend naturbelassener, dunkler Kiesstrand mit einer herrlichen Aussicht auf die umliegenden Steilk\u00fcsten und Teneriffa<\/td>\n<\/tr>\n<tr class=\"row-4\">\n\t<td class=\"column-1\"><strong>Erreichbarkeit<\/strong><\/td><td class=\"column-2\">vom Ort einfach zu Fu\u00df zu erreichen, bei l\u00e4ngerer Anreise per Bus oder Auto (Parkpl\u00e4tze besonders am Wochenende recht schnell voll)<\/td>\n<\/tr>\n<tr class=\"row-5\">\n\t<td class=\"column-1\"><strong>Ausstattung:<\/strong><\/td><td class=\"column-2\">vollausgestattete Bucht, in der es an nichts fehlt, Parkpl\u00e4tze vorhanden<\/td>\n<\/tr>\n<\/tbody>\n<\/table>\n<!-- #tablepress-575 from cache -->\n\n\n<p><strong>Unser Tipp<\/strong>: Auch einen FKK-Strand findet ihr mit dem Playa de Guayedra ganz in der N\u00e4he, allerdings ist der Fu\u00dfweg dorthin m\u00fchsam und nicht ganz ungef\u00e4hrlich. Erkundigt euch im Voraus, ob der Weg begehbar ist!<\/p>\n\n\n\n<p><strong>Hoteltipp: <\/strong>Die charmante und liebevoll eingerichtete <a href=\"https:\/\/www.sonnenklar.tv\/beschreibung\/Spanien\/Gran_Canaria\/Agaete\/Puerto_de_las_Nieves.html\" target=\"_blank\" rel=\"noreferrer noopener\">Unterkunft Puerto de las Nieves<\/a> befindet sich mitten im gleichnamigen Fischerd\u00f6rfchen und lockt mit seinem typisch kanarischen Flair.<\/p>\n\n\n\n<h3 class=\"wp-block-heading\">8. <a name=\"los-charcones-de-banaderos-erfrischende-meerespools\"><\/a>Los Charcones de Ba\u00f1aderos: Erfrischende Meerespools<\/h3>\n\n\n\n<p>Im hohen Norden der Insel verschmilzt in der Ferne nicht nur der Horizont mit dem Meer, sondern hier befindet sich auch das Meeresschwimmbad <strong>Los Charcones de Ba\u00f1aderos<\/strong>. Einen klassischen Strand d\u00fcrft ihr hier nicht erwarten, doch mehr als einladend versprechen die k\u00fcnstlich angelegten <strong>Meeresbecken<\/strong> eine herrliche Abk\u00fchlung. In den drei Becken seid ihr durch eine nat\u00fcrliche Felsbrandung zwar vom offenen Meer <strong>gesch\u00fctzt<\/strong>, bei Flut findet jedoch auf nat\u00fcrliche Weise ein stetiger Wasseraustausch statt. Hier seid ihr auch goldrichtig, wenn ihr die <strong>raue und wilde Seite<\/strong> der Kanarischen Insel in all ihrer Pracht entdecken und die salzige Meeresluft im Gesicht sp\u00fcren m\u00f6chtet. Ist euch doch einmal nach Strand, erreicht ihr <strong>Playa Las Coloradas <\/strong>und<strong> Playa El Puertillo<\/strong> nach ein paar Gehminuten und k\u00f6nnt eure F\u00fc\u00dfe im dunklen Sand vergraben.<\/p>\n\n\n\n<figure class=\"wp-block-image alignnone\"><a href=\"https:\/\/www.sonnenklar.tv\/blog\/wp-content\/uploads\/2022\/06\/GettyImages-1289959502-Playa-El-Puertillo.jpg\"><img loading=\"lazy\" decoding=\"async\" width=\"880\" height=\"450\" src=\"https:\/\/www.sonnenklar.tv\/blog\/wp-content\/uploads\/2022\/06\/GettyImages-1289959502-Playa-El-Puertillo.jpg\" alt=\"Playa El Puertillo auf Gran Canaria bei Sonnenuntergang\" class=\"wp-image-20229\" srcset=\"https:\/\/www.sonnenklar.tv\/blog\/wp-content\/uploads\/2022\/06\/GettyImages-1289959502-Playa-El-Puertillo.jpg 880w, https:\/\/www.sonnenklar.tv\/blog\/wp-content\/uploads\/2022\/06\/GettyImages-1289959502-Playa-El-Puertillo-300x153.jpg 300w, https:\/\/www.sonnenklar.tv\/blog\/wp-content\/uploads\/2022\/06\/GettyImages-1289959502-Playa-El-Puertillo-768x393.jpg 768w\" sizes=\"(max-width: 880px) 100vw, 880px\" \/><\/a><figcaption class=\"wp-element-caption\">Traumhaft auch am Abend: Playa El Puertillo bei Sonnenuntergang<\/figcaption><\/figure>\n\n\n\n<p>&nbsp;<\/p>\n\n\n\n<table id=\"tablepress-576\" class=\"tablepress tablepress-id-576\">\n<thead>\n<tr class=\"row-1\">\n\t<th colspan=\"2\" class=\"column-1\">Los Charcones de Ba\u00f1aderos<\/th>\n<\/tr>\n<\/thead>\n<tbody>\n<tr class=\"row-2\">\n\t<td class=\"column-1\"><strong>Perfekt f\u00fcr:<\/strong><\/td><td class=\"column-2\">Paare, Romantik, urspr\u00fcngliches Feeling, Ruhe, Sonnenbaden, Baden, Relaxen<\/td>\n<\/tr>\n<tr class=\"row-3\">\n\t<td class=\"column-1\"><strong>Besonderheit:<\/strong><\/td><td class=\"column-2\">wundersch\u00f6n angelegte Meeresschwimmbecken, die euch den Zauber des Atlantiks sp\u00fcren lassen<\/td>\n<\/tr>\n<tr class=\"row-4\">\n\t<td class=\"column-1\"><strong>Erreichbarkeit<\/strong><\/td><td class=\"column-2\">von Las Palmas rund 20 Minuten mit dem Auto entfernt, auch per Bus erreichbar<\/td>\n<\/tr>\n<tr class=\"row-5\">\n\t<td class=\"column-1\"><strong>Ausstattung:<\/strong><\/td><td class=\"column-2\">Restaurants in der N\u00e4he, \u00f6ffentliche Dusche, (Sonnenschutz selbst mitbringen), Parkpl\u00e4tze vorhanden<\/td>\n<\/tr>\n<\/tbody>\n<\/table>\n<!-- #tablepress-576 from cache -->\n\n\n<p><strong>Lesetipp:<\/strong> Strand ist f\u00fcr euch nicht alles? Verst\u00e4ndlich &#8211; immerhin hat die Kanareninsel noch so viel mehr zu bieten! Die besten <a href=\"https:\/\/www.sonnenklar.tv\/blog\/gran-canaria-reisetipps\/\" target=\"_blank\" rel=\"noreferrer noopener\">Reisetipps f\u00fcr Gran Canaria<\/a> findet ihr im n\u00e4chsten Beitrag!<\/p>\n\n\n\n<h2 class=\"wp-block-heading\">H\u00e4ufig gestellte Fragen zu den Gran Canaria Str\u00e4nden<\/h2>\n\n\n\n<p>Ob bunter Partystrand, idyllische Buchten oder rauer Atlantik-Charme: Die vielseitigen Str\u00e4nde Gran Canarias haben so einiges zu bieten und machen jeden Strandurlaub zum Genuss. Die wichtigsten Fragen dazu beantworten wir hier.<\/p>\n\n\n\n<h3 class=\"wp-block-heading\">1. <a name=\"hat-gran-canaria-sandstraende\"><\/a>Hat Gran Canaria Sandstr\u00e4nde?<\/h3>\n\n\n\n<p>Gran Canaria hat eine Vielzahl an Sandstr\u00e4nden, die teils nat\u00fcrlich sind, teils k\u00fcnstlich aufgesch\u00fcttet wurden. <strong>Goldgelben<\/strong> Sandstrand findet ihr etwa am <strong>Playa de Mog\u00e1n<\/strong> und <strong>Playa de las Canteras<\/strong>, dem sch\u00f6nen Stadtstrand von Las Palmas de Gran Canaria. Nichts als Sand und D\u00fcnen halten auch <strong>Playa del Ingl\u00e9s<\/strong> und <strong>Playa de Maspalomas<\/strong> f\u00fcr euch bereit. Dass ihr euch am <strong>Playa de Amadores<\/strong> wie in der Karibik f\u00fchlt, hat einen simplen Grund: Hier wurde tats\u00e4chlich Sand aus der Karibik aufgesch\u00fcttet, was der Bucht ein ganz besonderes Flair verleiht.<\/p>\n\n\n\n<h3 class=\"wp-block-heading\">2. <a name=\"warum-ist-der-sand-auf-gran-canaria-schwarz\"><\/a>Warum ist der Sand auf Gran Canaria schwarz?<\/h3>\n\n\n\n<p>Gran Canaria ist wie alle Kanarischen Inseln <strong>vulkanischen Ursprungs<\/strong>, daher sind die meisten <strong>naturbelassenen Str\u00e4nde dunkel bis schwarz<\/strong>. Am <strong>Playa de las Nieves<\/strong> etwa findet ihr noch diese urspr\u00fcngliche K\u00fcstenlandschaft vor. Deutlich aufwendiger erreicht ihr im Westen der Insel auch <strong>Playa de G\u00fcig\u00fci<\/strong>, der sehr abgeschieden und ganz naturbelassen ist.<\/p>\n\n\n\n<figure class=\"wp-block-image alignnone\"><a href=\"https:\/\/www.sonnenklar.tv\/blog\/wp-content\/uploads\/2022\/06\/GettyImages-510398720-Playa-de-las-Nieves.jpg\"><img loading=\"lazy\" decoding=\"async\" width=\"880\" height=\"450\" src=\"https:\/\/www.sonnenklar.tv\/blog\/wp-content\/uploads\/2022\/06\/GettyImages-510398720-Playa-de-las-Nieves.jpg\" alt=\"Playa de las Nieves mit typisch dunklem Sand auf Gran Canaria\" class=\"wp-image-20231\" srcset=\"https:\/\/www.sonnenklar.tv\/blog\/wp-content\/uploads\/2022\/06\/GettyImages-510398720-Playa-de-las-Nieves.jpg 880w, https:\/\/www.sonnenklar.tv\/blog\/wp-content\/uploads\/2022\/06\/GettyImages-510398720-Playa-de-las-Nieves-300x153.jpg 300w, https:\/\/www.sonnenklar.tv\/blog\/wp-content\/uploads\/2022\/06\/GettyImages-510398720-Playa-de-las-Nieves-768x393.jpg 768w\" sizes=\"(max-width: 880px) 100vw, 880px\" \/><\/a><figcaption class=\"wp-element-caption\">Dunkler Sand am Playa de las Nieves \u2013 typisch f\u00fcr Gran Canaria<\/figcaption><\/figure>\n\n\n\n<h3 class=\"wp-block-heading\">3. <a name=\"kann-man-auf-gran-canaria-schnorcheln\"><\/a>Kann man auf Gran Canaria schnorcheln?<\/h3>\n\n\n\n<p>Ja! Am <strong>Playa de las Canteras<\/strong> etwa sch\u00fctzt ein Riff nicht nur vor den gro\u00dfen Wellen, sondern das Gebiet ist auch ein beliebter Spot zum Schnorcheln. Auch im ruhigen Wasser am <strong>Strand von Mog\u00e1n<\/strong> k\u00f6nnt ihr gut schnorcheln \u2013 erkundigt euch vorab, ob und an welchen Stellen ihr auf Str\u00f6mungen achtgeben m\u00fcsst. Im Norden der Insel laden der Strand von <strong>El Puertillo<\/strong> nahe der Meeresschwimmbecken Los Charcones de Ba\u00f1aderos oder auch das Meer vor <strong>Sardina del Norte<\/strong> zum Schnorcheln ein.<\/p>\n\n\n\n<h3 class=\"wp-block-heading\">4. <a name=\"wie-ist-das-meer-in-gran-canaria\"><\/a>Wie ist das Meer in Gran Canaria?<\/h3>\n\n\n\n<p>So vielf\u00e4ltig die Insel, so abwechslungsreich pr\u00e4sentiert sich auch das Meer rund um Gran Canaria. Die <strong>Wassertemperaturen<\/strong> des Atlantischen Ozeans betragen im Jahresverlauf durchschnittlich <strong>19-23 \u00b0C<\/strong> \u2013 in besonders gesch\u00fctzten Buchten wie etwa am Playa de Mog\u00e1n wird das Wasser auch oftmals w\u00e4rmer. Auch <strong>Wassersportler<\/strong> kommen auf ihre Kosten: Bei Flut k\u00f6nnt ihr am Playa de las Canteras surfen lernen und auch der S\u00fcden rund um Playa de Maspalomas bietet f\u00fcr <strong>Badeg\u00e4ste<\/strong> wie Surfer und Wellenreiter sehr gute Bedingungen.<\/p>\n\n\n\n<p><strong>Lesetipp:<\/strong> M\u00f6chtet ihr eure Vorfreude noch etwas steigern, erfahrt ihr bei uns spannende Fakten zu den <a href=\"https:\/\/www.sonnenklar.tv\/blog\/sehenswuerdigkeiten-gran-canaria\/\" target=\"_blank\" rel=\"noreferrer noopener\">Sehensw\u00fcrdigkeiten Gran Canarias<\/a>.<\/p>\n\n\n\n<h2 class=\"wp-block-heading\">Fazit zu unseren Top 8 der sch\u00f6nsten Gran Canaria Str\u00e4nde<\/h2>\n\n\n\n<p>Die fast kreisrunde Insel des ewigen Fr\u00fchlings ist das ganze Jahr \u00fcber einen Besuch wert: Goldgelbes Karibikparadies, schwarzer Vulkansand und felsige Klippen mit atemberaubender Meereskulisse machen Gran Canaria zu einem idealen Ort f\u00fcr einen unvergesslichen Traumurlaub. Auch Strandhopping geht hier wunderbar, sodass ihr die sch\u00f6nsten K\u00fcstenstreifen mit den eigenen Augen entdecken k\u00f6nnt. Dazu versorgen euch zahlreiche Strandcaf\u00e9s und Restaurants mit lokalen Spezialit\u00e4ten und in den Strandbars k\u00f6nnt ihr geb\u00fchrend auf euren Urlaub ansto\u00dfen.<\/p>\n\n\n\n<p>Euch reizt die Insel des ewigen Fr\u00fchlings? Dann nichts wie hin! Durchst\u00f6bert gern unsere sch\u00f6nsten <a href=\"hhttps:\/\/www.sonnenklar.tv\/urlaub\/spanien\/gran-canaria.html\" target=\"_blank\" data-type=\"link\" data-id=\"hhttps:\/\/www.sonnenklar.tv\/urlaub\/spanien\/gran-canaria.html\" rel=\"noreferrer noopener\">Angebote f\u00fcr Gran Canaria<\/a>. Wir w\u00fcnschen euch einen wundersch\u00f6nen Aufenthalt.<\/p>\n","protected":false},"excerpt":{"rendered":"<p>Gran Canaria ist ein echtes Inselparadies, das mit seinen wundersch\u00f6nen Str\u00e4nden ebenso verzaubert wie mit seinem besonderen Lebensgef\u00fchl und den malerischen Landschaften im Inselinneren. Zudem sind die Entfernungen sehr \u00fcberschaubar, sodass ihr die facettenreiche Kanareninsel mit ihren charaktervollen K\u00fcsten ganz entspannt entdecken k\u00f6nnt. Egal ob ihr romantische Buchten, kilometerlange Sandstr\u00e4nde oder belebte K\u00fcstenabschnitte mit viel<\/p>\n","protected":false},"author":3,"featured_media":20232,"comment_status":"closed","ping_status":"open","sticky":false,"template":"","format":"standard","meta":{"footnotes":""},"categories":[5,457],"tags":[558,501,505],"class_list":{"0":"post-20156","1":"post","2":"type-post","3":"status-publish","4":"format-standard","5":"has-post-thumbnail","7":"category-badeurlaub","8":"category-spanien","9":"tag-gran-canaria","10":"tag-kanaren","11":"tag-strandurlaub"},"_links":{"self":[{"href":"https:\/\/www.sonnenklar.tv\/blog\/wp-json\/wp\/v2\/posts\/20156","targetHints":{"allow":["GET"]}}],"collection":[{"href":"https:\/\/www.sonnenklar.tv\/blog\/wp-json\/wp\/v2\/posts"}],"about":[{"href":"https:\/\/www.sonnenklar.tv\/blog\/wp-json\/wp\/v2\/types\/post"}],"author":[{"embeddable":true,"href":"https:\/\/www.sonnenklar.tv\/blog\/wp-json\/wp\/v2\/users\/3"}],"replies":[{"embeddable":true,"href":"https:\/\/www.sonnenklar.tv\/blog\/wp-json\/wp\/v2\/comments?post=20156"}],"version-history":[{"count":23,"href":"https:\/\/www.sonnenklar.tv\/blog\/wp-json\/wp\/v2\/posts\/20156\/revisions"}],"predecessor-version":[{"id":39558,"href":"https:\/\/www.sonnenklar.tv\/blog\/wp-json\/wp\/v2\/posts\/20156\/revisions\/39558"}],"wp:featuredmedia":[{"embeddable":true,"href":"https:\/\/www.sonnenklar.tv\/blog\/wp-json\/wp\/v2\/media\/20232"}],"wp:attachment":[{"href":"https:\/\/www.sonnenklar.tv\/blog\/wp-json\/wp\/v2\/media?parent=20156"}],"wp:term":[{"taxonomy":"category","embeddable":true,"href":"https:\/\/www.sonnenklar.tv\/blog\/wp-json\/wp\/v2\/categories?post=20156"},{"taxonomy":"post_tag","embeddable":true,"href":"https:\/\/www.sonnenklar.tv\/blog\/wp-json\/wp\/v2\/tags?post=20156"}],"curies":[{"name":"wp","href":"https:\/\/api.w.org\/{rel}","templated":true}]}}