{"id":20046,"date":"2022-06-04T13:59:10","date_gmt":"2022-06-04T12:59:10","guid":{"rendered":"https:\/\/www.sonnenklar.tv\/blog\/?p=20046"},"modified":"2026-02-19T13:56:14","modified_gmt":"2026-02-19T12:56:14","slug":"nachhaltig-reisen","status":"publish","type":"post","link":"https:\/\/www.sonnenklar.tv\/blog\/ratgeber\/nachhaltig-reisen\/","title":{"rendered":"Nachhaltig Reisen: 9 Tipps f\u00fcr umweltbewusste Urlaubsfreuden"},"content":{"rendered":"<p><strong>Nachhaltig zu reisen, bedeutet nicht, auf Urlaub zu verzichten. Im Gegenteil: Achtet ihr auch in der sch\u00f6nsten Zeit des Jahres auf einen m\u00f6glichst kleinen \u00f6kologischen Fu\u00dfabdruck, entdeckt ihr guten Gewissens unbekannte Ecken, sch\u00fctzt Mensch und Tier und k\u00f6nnt euch auf spannende Begegnungen freuen.<\/strong><\/p>\n<p>Wie jeder Urlaub beginnt auch umweltfreundliches Reisen bei der Planung, die je nach Wunschort und Anspr\u00fcchen, die ihr an eure Reise stellt, durchaus einige Zeit in Anspruch nehmen kann. Daf\u00fcr werdet ihr mit unvergesslichen Erlebnissen belohnt. Wir zeigen euch, wie ihr Nachhaltigkeit ganz einfach in eure Reisepl\u00e4ne integrieren k\u00f6nnt und geben euch dazu 9 Tipps an die Hand.<\/p>\n<p><strong>Inhaltsverzeichnis<\/strong><\/p>\n<ol>\n<li><a href=\"#was-ist-nachhaltiges-reisen\">Was bedeutet nachhaltig Reisen?<\/a><\/li>\n<li><a href=\"#die-wahl-des-reiseziels\">Die Wahl des Reiseziels<\/a><\/li>\n<li><a href=\"#oekologische-unterkuenfte-buchen\">\u00d6kologische Unterk\u00fcnfte buchen<\/a><\/li>\n<li><a href=\"#das-reiseziel-vorab-kennenlernen\">Das Reiseziel vorab kennenlernen<\/a><\/li>\n<li><a href=\"#sozialvertraegliches-reisen\">Sozialvertr\u00e4gliches Reisen<\/a><\/li>\n<li><a href=\"#fortbewegung-vor-ort\">Fortbewegung vor Ort<\/a><\/li>\n<li><a href=\"#die-unterkunft-unterstuetzen\">Die Unterkunft unterst\u00fctzen<\/a><\/li>\n<li><a href=\"#achtsam-mit-der-natur-umgehen\">Achtsam mit der Natur umgehen<\/a><\/li>\n<li><a href=\"#die-richtige-balance-nach-der-reise-ist-vor-der-reise\">Die richtige Balance: Nach der Reise ist vor der Reise<\/a><\/li>\n<\/ol>\n<h2>Das Wichtigste im \u00dcberblick<\/h2>\n<ul>\n<li>M\u00f6chtest du nachhaltig Reisen, ist eine gute Planung wichtig. Informiert euch bereits vorab \u00fcber geltende Regeln und nehmt etwa passende Kleidung oder euer eigenes Duschgel mit.<\/li>\n<li>Verzichtet m\u00f6glichst auf Fl\u00fcge und Fernreisen \u2013 wenn es weiter weggehen soll, nehmt euch viel Zeit, um Land und Leute auch richtig kennenzulernen.<\/li>\n<li>Es gibt eine ganze Reihe von nachhaltig gef\u00fchrten Unterk\u00fcnften und Nachhaltigkeitszertifikate, die euch bei eurem Vorhaben bereits umweltfreundliche Alternativen aufzeigen.<\/li>\n<\/ul>\n<h2>9 Tipps zum nachhaltigen Reisen<\/h2>\n<p>Ob Urlaub am Meer, in den Bergen oder in den Metropolen der Welt: M\u00f6chtet ihr mit einem m\u00f6glichst kleinen \u00f6kologischen Fu\u00dfabdruck unterwegs sein, gibt es einige Ma\u00dfnahmen, die ihr beim Reisen recht einfach ergreifen k\u00f6nnt.<\/p>\n<h3>1. <a name=\"was-ist-nachhaltiges-reisen\"><\/a>Was bedeutet nachhaltig Reisen?<\/h3>\n<p>Nachhaltiges Reisen ist ein ganzheitliches Konzept, das oft auch als \u201e<strong>sanfter Tourismus<\/strong>\u201c bezeichnet wird. Laut der Weltorganisation f\u00fcr Tourismus (UNWTO) ber\u00fccksichtigt umweltvertr\u00e4glicher Tourismus sowohl <strong>\u00f6kologische<\/strong> als auch <strong>\u00f6konomische<\/strong> und <strong>soziale Auswirkungen<\/strong> und Wechselwirkungen. Schlie\u00dflich sollen Bed\u00fcrfnisse der gastgebenden Regionen, der Umwelt, der Wirtschaft und der Besucher erf\u00fcllt werden. Seid ihr in den Regionen, die ihr besucht, achtsam unterwegs und verhaltet euch so, dass auch <strong>nachkommende Generationen<\/strong> daran teilhaben und Land und Leute intensiv kennenlernen k\u00f6nnen, seid ihr bereits auf dem richtigen Weg. Nicht zuletzt tragt ihr damit sogar dazu bei, die Welt ein St\u00fcck besser zu machen. Dabei <strong>sind<\/strong> <strong>alle Beteiligten<\/strong> vom Reiseveranstalter \u00fcber die touristischen Einrichtungen vor Ort bis hin zu den Reisenden selbst <strong>gefragt<\/strong>.<\/p>\n<figure id=\"attachment_20129\" aria-describedby=\"caption-attachment-20129\" style=\"width: 880px\" class=\"wp-caption alignnone\"><a href=\"https:\/\/www.sonnenklar.tv\/blog\/wp-content\/uploads\/2022\/06\/GettyImages-1317136877-Grosse-Bischofsmuetze-im-Dachsteingebirge.jpg\"><img fetchpriority=\"high\" decoding=\"async\" class=\"wp-image-20129 size-full\" src=\"https:\/\/www.sonnenklar.tv\/blog\/wp-content\/uploads\/2022\/06\/GettyImages-1317136877-Grosse-Bischofsmuetze-im-Dachsteingebirge.jpg\" alt=\"Gro\u00dfe Bischofsm\u00fctze im Dachsteingebirge in Ober\u00f6sterreich\" width=\"880\" height=\"450\" srcset=\"https:\/\/www.sonnenklar.tv\/blog\/wp-content\/uploads\/2022\/06\/GettyImages-1317136877-Grosse-Bischofsmuetze-im-Dachsteingebirge.jpg 880w, https:\/\/www.sonnenklar.tv\/blog\/wp-content\/uploads\/2022\/06\/GettyImages-1317136877-Grosse-Bischofsmuetze-im-Dachsteingebirge-300x153.jpg 300w, https:\/\/www.sonnenklar.tv\/blog\/wp-content\/uploads\/2022\/06\/GettyImages-1317136877-Grosse-Bischofsmuetze-im-Dachsteingebirge-768x393.jpg 768w\" sizes=\"(max-width: 880px) 100vw, 880px\" \/><\/a><figcaption id=\"caption-attachment-20129\" class=\"wp-caption-text\">Je pfleglicher wir mit Natursch\u00e4tzen umgehen, desto besser bleiben diese erhalten<\/figcaption><\/figure>\n<h3>2. <a name=\"die-wahl-des-reiseziels\"><\/a>Die Wahl des Reiseziels<\/h3>\n<p>Bereits bei der Wahl eures n\u00e4chsten Reiseziels k\u00f6nnt ihr eine ganze Menge an <strong>CO\u2082<\/strong>&#8211;<strong>Emissionen<\/strong> einsparen. \u00dcberlegt euch, ob es gleich eine <strong>Fernreise<\/strong> sein muss <strong>oder<\/strong> ob euch auch in deutlich <strong>n\u00e4hergelegenen Regionen<\/strong> spannende Reiseziele interessieren. Grunds\u00e4tzlich gilt: Je weiter weg ihr reist, desto mehr CO\u2082 wird dabei ausgesto\u00dfen, besonders Fl\u00fcge sind dabei umweltsch\u00e4dlich. M\u00f6chtet ihr nicht ganz auf Fernreisen verzichten, k\u00f6nntet ihr euch \u00fcberlegen, nicht so oft zu verreisen und daf\u00fcr gleich l\u00e4nger bleiben. Damit habt ihr gleichzeitig die Gelegenheit, mit euren Ausgaben vor Ort die Regionen finanziell zu st\u00e4rken und umso tiefer in die Kultur einzutauchen. K\u00fcrzere Reisen sollten euch nicht allzu weit weg f\u00fchren. Bei Reisen in Deutschland und Europa stellt euch die Frage, ob ihr euer Wunschreiseziel vielleicht sogar <strong>mit Bus oder Bahn<\/strong> erreichen k\u00f6nnt.<\/p>\n<figure id=\"attachment_20113\" aria-describedby=\"caption-attachment-20113\" style=\"width: 880px\" class=\"wp-caption alignnone\"><a href=\"https:\/\/www.sonnenklar.tv\/blog\/wp-content\/uploads\/2022\/05\/GettyImages-1095141322.jpg\"><img decoding=\"async\" class=\"wp-image-20113 size-full\" src=\"https:\/\/www.sonnenklar.tv\/blog\/wp-content\/uploads\/2022\/05\/GettyImages-1095141322.jpg\" alt=\"Reisebus\" width=\"880\" height=\"450\" srcset=\"https:\/\/www.sonnenklar.tv\/blog\/wp-content\/uploads\/2022\/05\/GettyImages-1095141322.jpg 880w, https:\/\/www.sonnenklar.tv\/blog\/wp-content\/uploads\/2022\/05\/GettyImages-1095141322-300x153.jpg 300w, https:\/\/www.sonnenklar.tv\/blog\/wp-content\/uploads\/2022\/05\/GettyImages-1095141322-768x393.jpg 768w\" sizes=\"(max-width: 880px) 100vw, 880px\" \/><\/a><figcaption id=\"caption-attachment-20113\" class=\"wp-caption-text\">Im Vergleich mit dem Flugzeug sto\u00dfen Bus und Bahn weniger Schadstoffe aus<\/figcaption><\/figure>\n<p>&nbsp;<\/p>\n<p>&nbsp;<\/p>\n<p>&nbsp;<\/p>\n<p>&nbsp;<\/p>\n<p>&nbsp;<\/p>\n<p>&nbsp;<\/p>\n<p>&nbsp;<\/p>\n<p>&nbsp;<\/p>\n<p>&nbsp;<\/p>\n<p>&nbsp;<\/p>\n[otw_shortcode_info_box border_type=&#8220;bordered&#8220; border_color_class=&#8220;otw-orange-border&#8220; border_style=&#8220;bordered&#8220;]<strong>Tipp<\/strong>:\u00a0\u00dcber Anbieter wie etwa atmosfair k\u00f6nnt ihr errechnen, wie viel CO2 euer Flug in den Urlaub ausst\u00f6\u00dft und mit einer Geldspende umweltfreundliche Kompensationsinitiativen auf der ganzen Welt unterst\u00fctzen. Das ist zumindest besser, als gar nichts zu tun.[\/otw_shortcode_info_box]\n[otw_shortcode_info_box border_type=&#8220;bordered&#8220; border_color_class=&#8220;otw-orange-border&#8220; border_style=&#8220;bordered&#8220;]<strong>Unser Tipp<\/strong>: M\u00f6chtet ihr einmal ganz entschleunigt das eigene Land entdecken, schaut gern einmal bei <a href=\"https:\/\/www.sonnenklar.tv\/promo\/reisen-deutschland.html\" target=\"_blank\" rel=\"noopener\">unseren Deutschlandreisen<\/a> vorbei, bei denen ihr auch ganz ohne Flugreise auskommt.[\/otw_shortcode_info_box]\n<h3>3. <a name=\"oekologische-unterkuenfte-buchen\"><\/a>\u00d6kologische Unterk\u00fcnfte buchen<\/h3>\n<p>Auch bei eurer Unterkunft solltet ihr Wert auf Nachhaltigkeit legen. Sucht euch beispielsweise <strong>inhabergef\u00fchrte Hotels<\/strong> heraus, die nur wenige Zimmer haben. So wisst ihr besser, wo euer Geld ankommt und habt gleich einen pers\u00f6nlicheren Kontakt zu den Einheimischen. Sogenannte <strong>Biohotels<\/strong> achten dazu darauf, regionale Produkte zu beziehen und haben beim Buffet oft eine gro\u00dfe Auswahl an vegetarischen und veganen Speisen oder setzen gleich auf pflanzliche Vollkost. <strong>Nachhaltigkeitssiegel<\/strong> wie etwa Viabono, TourCert oder das Travelife Gold Zertifikat garantieren dar\u00fcber hinaus, dass die jeweils vereinbarten Mindestanforderungen f\u00fcr einen nachhaltigen Tourismus vom Hotel eingehalten und gef\u00f6rdert werden. Jetzt m\u00fcsst ihr euch nur noch entscheiden, ob ihr im Hotel n\u00e4chtigen, eine Ferienwohnung mieten oder auch mal Glamping oder Ferien auf dem Bauernhof ausprobieren m\u00f6chtet.<\/p>\n<figure id=\"attachment_20116\" aria-describedby=\"caption-attachment-20116\" style=\"width: 880px\" class=\"wp-caption alignnone\"><a href=\"https:\/\/www.sonnenklar.tv\/blog\/wp-content\/uploads\/2022\/06\/GettyImages-137344616.jpg\"><img decoding=\"async\" class=\"size-full wp-image-20116\" src=\"https:\/\/www.sonnenklar.tv\/blog\/wp-content\/uploads\/2022\/06\/GettyImages-137344616.jpg\" alt=\"Fr\u00fchst\u00fccksb\u00fcfett im Hotel\" width=\"880\" height=\"450\" srcset=\"https:\/\/www.sonnenklar.tv\/blog\/wp-content\/uploads\/2022\/06\/GettyImages-137344616.jpg 880w, https:\/\/www.sonnenklar.tv\/blog\/wp-content\/uploads\/2022\/06\/GettyImages-137344616-300x153.jpg 300w, https:\/\/www.sonnenklar.tv\/blog\/wp-content\/uploads\/2022\/06\/GettyImages-137344616-768x393.jpg 768w\" sizes=\"(max-width: 880px) 100vw, 880px\" \/><\/a><figcaption id=\"caption-attachment-20116\" class=\"wp-caption-text\">Regionale Produkte am Hotelb\u00fcfett k\u00f6nnen einen Beitrag zu mehr Nachhaltigkeit leisten<\/figcaption><\/figure>\n<p>&nbsp;<\/p>\n<p>&nbsp;<\/p>\n<p>&nbsp;<\/p>\n<p>&nbsp;<\/p>\n<p>&nbsp;<\/p>\n<p>&nbsp;<\/p>\n<p>&nbsp;<\/p>\n<p>&nbsp;<\/p>\n<p>&nbsp;<\/p>\n<p>&nbsp;<\/p>\n[otw_shortcode_info_box border_type=&#8220;bordered&#8220; border_color_class=&#8220;otw-orange-border&#8220; border_style=&#8220;bordered&#8220;]<strong>Hoteltipp<\/strong>: Am Lago di Levico vereint das <a href=\"https:\/\/www.sonnenklar.tv\/beschreibung\/Italien\/Trentino-S%C3%BCdtirol\/Levico_Terme\/Bio_Elite.html\" target=\"_blank\" rel=\"noopener\">Bio Elite Hotel<\/a> die Liebe zur Natur mit Wohlf\u00fchlambiente und gesunden Produkten aus zertifizierter biologischer Landwirtschaft.[\/otw_shortcode_info_box]\n<h3>4. <a name=\"das-reiseziel-vorab-kennenlernen\"><\/a>Das Reiseziel vorab kennenlernen<\/h3>\n<p>Sind Reiseziel und Unterkunft gebucht, wird es Zeit, bereits vor Reiseantritt die Kultur vor Ort etwas kennenzulernen. <strong>Erkundigt<\/strong> euch beispielsweise, ob es bestimmte <strong>Kleidersitten<\/strong> gibt oder ob <strong>Fotografieren<\/strong> bei euren ausgew\u00e4hlten Sehensw\u00fcrdigkeiten erlaubt ist. So zeigt ihr auch euren Respekt vor der Kultur vor Ort \u2013 immerhin seid ihr ja zu Gast dort. Die meisten Menschen freuen sich, wenn man sich mit ihrer <strong>Sprache<\/strong> und Kultur auseinandersetzt, daher ist es auch eine gute Idee, zumindest ein <strong>paar W\u00f6rter<\/strong> wie \u201eHallo\u201c, \u201eBitte\u201c oder \u201eDanke\u201c in der jeweiligen Landessprache zu erlernen. Auf diese Weise lernt ihr vielleicht sogar die ein oder anderen Einheimischen kennen, denn Sprache \u00f6ffnet bekanntlich T\u00fcren. Wisst ihr, was euch im Urlaub erwartet, k\u00f6nnt ihr zudem <strong>richtig packen<\/strong> und m\u00fcsst euch nicht vor Ort notgedrungen Sonnenbrille, Schulterbedeckungen oder \u00e4hnliches kaufen.<\/p>\n<figure id=\"attachment_20127\" aria-describedby=\"caption-attachment-20127\" style=\"width: 880px\" class=\"wp-caption alignnone\"><a href=\"https:\/\/www.sonnenklar.tv\/blog\/wp-content\/uploads\/2022\/06\/GettyImages-510161970.jpg\"><img loading=\"lazy\" decoding=\"async\" class=\"size-full wp-image-20127\" src=\"https:\/\/www.sonnenklar.tv\/blog\/wp-content\/uploads\/2022\/06\/GettyImages-510161970.jpg\" alt=\"Frau mit Kamera in Florenz\" width=\"880\" height=\"450\" srcset=\"https:\/\/www.sonnenklar.tv\/blog\/wp-content\/uploads\/2022\/06\/GettyImages-510161970.jpg 880w, https:\/\/www.sonnenklar.tv\/blog\/wp-content\/uploads\/2022\/06\/GettyImages-510161970-300x153.jpg 300w, https:\/\/www.sonnenklar.tv\/blog\/wp-content\/uploads\/2022\/06\/GettyImages-510161970-768x393.jpg 768w\" sizes=\"(max-width: 880px) 100vw, 880px\" \/><\/a><figcaption id=\"caption-attachment-20127\" class=\"wp-caption-text\">Nicht \u00fcberall ist das Fotografieren in Florenz unproblematisch \u2013 informiert euch vor der Abreise<\/figcaption><\/figure>\n<h3>5. <a name=\"sozialvertraegliches-reisen\"><\/a>Sozialvertr\u00e4gliches Reisen<\/h3>\n<p>Mit eurem Verhalten vor Ort k\u00f6nnt ihr in Sachen nachhaltiges Reisen viel erreichen. Dabei ist es zum Beispiel recht einfach, die <strong>lokale Wirtschaft zu f\u00f6rdern<\/strong> und die Menschen zu unterst\u00fctzen. Speist ihr au\u00dferhalb eures Hotels, probiert doch mal kleine <strong>lokale Restaurants<\/strong>. Oft wissen die Mitarbeiter in eurer Unterkunft oder auch lokale Reiseleiter, wo es gute einheimische Lokale gibt. So kommt ihr zum einen in den Genuss m\u00f6glichst authentischer Speisen, zum anderen werden meist <strong>regionale Zutaten<\/strong> und Produkte verarbeitet, die keine langwierigen Importtransporte hinter sich haben. Auch <strong>M\u00e4rkte<\/strong> sind eine herrliche Anlaufstelle, um lokale Spezialit\u00e4ten zu entdecken. Dasselbe gilt f\u00fcr <strong>Souvenirs<\/strong>: Gebt lieber etwas mehr Geld in L\u00e4den und an Stra\u00dfenst\u00e4nden aus, an denen die Produkte <strong>handgefertigt<\/strong> sind und unbedenkliche Materialien anstatt etwa Plastik oder gar Muscheln verwendet werden.<\/p>\n<figure id=\"attachment_20117\" aria-describedby=\"caption-attachment-20117\" style=\"width: 880px\" class=\"wp-caption alignnone\"><a href=\"https:\/\/www.sonnenklar.tv\/blog\/wp-content\/uploads\/2022\/06\/GettyImages-1141802683.jpg\"><img loading=\"lazy\" decoding=\"async\" class=\"size-full wp-image-20117\" src=\"https:\/\/www.sonnenklar.tv\/blog\/wp-content\/uploads\/2022\/06\/GettyImages-1141802683.jpg\" alt=\"Souvenirs an einem Marktstand\" width=\"880\" height=\"450\" srcset=\"https:\/\/www.sonnenklar.tv\/blog\/wp-content\/uploads\/2022\/06\/GettyImages-1141802683.jpg 880w, https:\/\/www.sonnenklar.tv\/blog\/wp-content\/uploads\/2022\/06\/GettyImages-1141802683-300x153.jpg 300w, https:\/\/www.sonnenklar.tv\/blog\/wp-content\/uploads\/2022\/06\/GettyImages-1141802683-768x393.jpg 768w\" sizes=\"(max-width: 880px) 100vw, 880px\" \/><\/a><figcaption id=\"caption-attachment-20117\" class=\"wp-caption-text\">Achtet beim Souvenir-Shopping auf Preis und Material der Produkte<\/figcaption><\/figure>\n<p>&nbsp;<\/p>\n<p>&nbsp;<\/p>\n<p>&nbsp;<\/p>\n<p>&nbsp;<\/p>\n<p>&nbsp;<\/p>\n<p>&nbsp;<\/p>\n<p>&nbsp;<\/p>\n<p>&nbsp;<\/p>\n<p>&nbsp;<\/p>\n<p>&nbsp;<\/p>\n[otw_shortcode_info_box border_type=&#8220;bordered&#8220; border_color_class=&#8220;otw-orange-border&#8220; border_style=&#8220;bordered&#8220;]<strong>Tipp:<\/strong> In vielen L\u00e4ndern gilt es als unh\u00f6flich, ungefragt Menschen zu fotografieren. Achtet daher darauf, dass einzelne Personen auf euren Bildern nicht erkennbar sind oder fragt im Einzelfall nach, ob ihr jemanden fotografieren d\u00fcrft \u2013 besonders, wenn ihr eure Fotos auf Social Media-Kan\u00e4len teilen m\u00f6chtet.[\/otw_shortcode_info_box]\n<h3>6. <a name=\"fortbewegung-vor-ort\"><\/a>Fortbewegung vor Ort<\/h3>\n<p>Was f\u00fcr die Anreise zu eurem Reiseziel gilt, sollte auch beim Fortbewegen vor Ort beachtet werden. Verzichtet, wenn m\u00f6glich, auf einen Mietwagen und setzt lieber auf <strong>\u00f6ffentliche Verkehrsmittel<\/strong> wie Bus oder Bahn. In vielen L\u00e4ndern ist beispielsweise das Fernbusnetz sehr gut ausgebaut und Tickets sind meist deutlich g\u00fcnstiger als ein Mietwagen. Um zum Startpunkt eurer Wanderung oder an den Strand zu kommen, ist auch das <strong>Fahrrad<\/strong> ein ideales Fortbewegungsmittel. Ihr spart euch die Parkplatzsuche, seht mehr von der Umgebung und spart CO\u2082-Emissionen ein. Inzwischen bieten viele <strong>Unterk\u00fcnfte<\/strong> einen <strong>Fahrradverleih<\/strong> an, manchmal k\u00f6nnt ihr euch sogar ein E-Bike direkt in eurem Hotel ausleihen. Nat\u00fcrlich lassen sich nicht alle Ziele mit dem Fahrrad oder gar <strong>zu<\/strong> <strong>Fu\u00df<\/strong> erreichen, aber eventuell k\u00f6nnt ihr ja zumindest an einigen Tagen das Rad nutzen.<\/p>\n<figure id=\"attachment_20118\" aria-describedby=\"caption-attachment-20118\" style=\"width: 880px\" class=\"wp-caption alignnone\"><a href=\"https:\/\/www.sonnenklar.tv\/blog\/wp-content\/uploads\/2022\/06\/GettyImages-157398116.jpg\"><img loading=\"lazy\" decoding=\"async\" class=\"size-full wp-image-20118\" src=\"https:\/\/www.sonnenklar.tv\/blog\/wp-content\/uploads\/2022\/06\/GettyImages-157398116.jpg\" alt=\"Fahrrad am Nordseestrand\" width=\"880\" height=\"450\" srcset=\"https:\/\/www.sonnenklar.tv\/blog\/wp-content\/uploads\/2022\/06\/GettyImages-157398116.jpg 880w, https:\/\/www.sonnenklar.tv\/blog\/wp-content\/uploads\/2022\/06\/GettyImages-157398116-300x153.jpg 300w, https:\/\/www.sonnenklar.tv\/blog\/wp-content\/uploads\/2022\/06\/GettyImages-157398116-768x393.jpg 768w\" sizes=\"(max-width: 880px) 100vw, 880px\" \/><\/a><figcaption id=\"caption-attachment-20118\" class=\"wp-caption-text\">Wer auch im Urlaub (Teil-)Strecken mit dem Rad zur\u00fccklegt, sch\u00fctzt die Natur<\/figcaption><\/figure>\n<h3>7. <a name=\"die-unterkunft-unterstuetzen\"><\/a>Die Unterkunft unterst\u00fctzen<\/h3>\n<p><strong>Handt\u00fccher, Bettw\u00e4sche<\/strong> und <strong>Klimaanlage<\/strong>: Diese drei Punkte verschlingen j\u00e4hrlich beachtliche Mengen an Ressourcen wie Strom und Wasser. Geht daher auch im Urlaub achtsam mit den Utensilien um und lasst Handt\u00fccher und Bettw\u00e4sche nicht jeden Tag wechseln. Checkt auch nochmal, ob Klimaanlage und <strong>Licht<\/strong> ausgeschaltet sind, wenn ihr das Zimmer verlasst, damit nicht unn\u00f6tig Strom verbraucht wird. <strong>Shampoo<\/strong>&#8211; und <strong>Duschgelpr\u00f6bchen<\/strong> im Hotelbadezimmer sind zwar nette Gesten, aber ihr k\u00f6nnt ganz nebenbei unn\u00f6tigen Plastikm\u00fcll einsparen, wenn ihr sie nicht benutzt. Nehmt euch am <strong>Buffet<\/strong> nur so viel, wie ihr auch wirklich esst und bucht nur die Mahlzeiten, die ihr auch im Hotel einnehmt. Damit helft ihr auf lange Sicht, dass weniger Lebensmittel und Essen weggeworfen werden muss.<\/p>\n<figure id=\"attachment_20120\" aria-describedby=\"caption-attachment-20120\" style=\"width: 880px\" class=\"wp-caption alignnone\"><a href=\"https:\/\/www.sonnenklar.tv\/blog\/wp-content\/uploads\/2022\/06\/GettyImages-157375233_hotel-room-details.jpg\"><img loading=\"lazy\" decoding=\"async\" class=\"wp-image-20120 size-full\" src=\"https:\/\/www.sonnenklar.tv\/blog\/wp-content\/uploads\/2022\/06\/GettyImages-157375233_hotel-room-details.jpg\" alt=\"Handt\u00fccher auf dem Bett im Hotelzimmer\" width=\"880\" height=\"450\" srcset=\"https:\/\/www.sonnenklar.tv\/blog\/wp-content\/uploads\/2022\/06\/GettyImages-157375233_hotel-room-details.jpg 880w, https:\/\/www.sonnenklar.tv\/blog\/wp-content\/uploads\/2022\/06\/GettyImages-157375233_hotel-room-details-300x153.jpg 300w, https:\/\/www.sonnenklar.tv\/blog\/wp-content\/uploads\/2022\/06\/GettyImages-157375233_hotel-room-details-768x393.jpg 768w\" sizes=\"(max-width: 880px) 100vw, 880px\" \/><\/a><figcaption id=\"caption-attachment-20120\" class=\"wp-caption-text\">Hotel-Handt\u00fccher k\u00f6nnen problemlos mehrmals verwendet werden<\/figcaption><\/figure>\n<h3>8. <a name=\"achtsam-mit-der-natur-umgehen\"><\/a>Achtsam mit der Natur umgehen<\/h3>\n<p>Verhaltet euch in der Natur so, wie ihr auch zu Hause mit eurer Umwelt umgeht: <strong>Respektiert die Grenzen<\/strong> von Naturschutzgebieten, <strong>entsorgt euren M\u00fcll<\/strong> und Zigarettenstummel im M\u00fclleimer und werft auch mal fremden Plastikm\u00fcll weg, den ihr auf euren Wegen entdeckt. Wenn alle zusammenhelfen, bildet sich sowohl bei Reisenden als auch bei den Einheimischen in Regionen, die unter einem Umweltproblem leiden, ein Bewusstsein daf\u00fcr aus, dass eine <strong>saubere Umwelt<\/strong> nicht zuletzt auch einen <strong>wirtschaftlichen Mehrwert<\/strong> hat. Oftmals finden sich vor allem Plastikflaschen an den Wegr\u00e4ndern. Nat\u00fcrlich ist Trinken wichtig, nehmt daher am besten von zu Hause eine <strong>wiederverwendbare Trinkflasche<\/strong> mit, die ihr in Gegenden mit Trinkwasserqualit\u00e4t einfach am Wasserhahn <strong>auff\u00fcllt<\/strong> oder in anderen Regionen aus gro\u00dfen Beh\u00e4ltern bef\u00fcllt. So spart ihr die kleinen 0,5 l Plastikflaschen. Fragt in eurer Unterkunft nach, ob ihr eure Flasche kostenlos mit Trinkwasser auff\u00fcllen k\u00f6nnt oder nutzt in St\u00e4dten wie Rom das \u00f6ffentliche <strong>Trinkbrunnensystem<\/strong>.<\/p>\n<figure id=\"attachment_20121\" aria-describedby=\"caption-attachment-20121\" style=\"width: 880px\" class=\"wp-caption alignnone\"><a href=\"https:\/\/www.sonnenklar.tv\/blog\/wp-content\/uploads\/2022\/06\/GettyImages-185246394-A-bottle-of-water-in-a-forest.jpg\"><img loading=\"lazy\" decoding=\"async\" class=\"wp-image-20121 size-full\" src=\"https:\/\/www.sonnenklar.tv\/blog\/wp-content\/uploads\/2022\/06\/GettyImages-185246394-A-bottle-of-water-in-a-forest.jpg\" alt=\"Plastikflasche im Wald\" width=\"880\" height=\"450\" srcset=\"https:\/\/www.sonnenklar.tv\/blog\/wp-content\/uploads\/2022\/06\/GettyImages-185246394-A-bottle-of-water-in-a-forest.jpg 880w, https:\/\/www.sonnenklar.tv\/blog\/wp-content\/uploads\/2022\/06\/GettyImages-185246394-A-bottle-of-water-in-a-forest-300x153.jpg 300w, https:\/\/www.sonnenklar.tv\/blog\/wp-content\/uploads\/2022\/06\/GettyImages-185246394-A-bottle-of-water-in-a-forest-768x393.jpg 768w\" sizes=\"(max-width: 880px) 100vw, 880px\" \/><\/a><figcaption id=\"caption-attachment-20121\" class=\"wp-caption-text\">Flora und Fauna danken euch f\u00fcr eine fachgerechte M\u00fcllentsorgung<\/figcaption><\/figure>\n<p>&nbsp;<\/p>\n<p>&nbsp;<\/p>\n<p>&nbsp;<\/p>\n<p>&nbsp;<\/p>\n<p>&nbsp;<\/p>\n<p>&nbsp;<\/p>\n<p>&nbsp;<\/p>\n<p>&nbsp;<\/p>\n<p>&nbsp;<\/p>\n<p>&nbsp;<\/p>\n[otw_shortcode_info_box border_type=&#8220;bordered&#8220; border_color_class=&#8220;otw-orange-border&#8220; border_style=&#8220;bordered&#8220;]<strong>Tipp:<\/strong> Baden im kristallklaren See oder auch in den salzigen Wellen des Ozeans ist f\u00fcr viele der Inbegriff von einem sommerlichen Urlaub. Achtet auf das internationale <a href=\"https:\/\/www.sonnenklar.tv\/blog\/reiselexikon\/blaue-flagge-bedeutung\/\" target=\"_blank\" rel=\"noopener\">Siegel \u201eBaue Flagge\u201c<\/a>, das f\u00fcr Leistungen in der Umweltarbeit vergeben wird.[\/otw_shortcode_info_box]\n<h3>9. <a name=\"die-richtige-balance-nach-der-reise-ist-vor-der-reise\"><\/a>Die richtige Balance: Nach der Reise ist vor der Reise<\/h3>\n<p>Seid ihr wieder zur\u00fcck in eurer Heimat und habt zum Beispiel mithilfe von <strong>Emissionsrechnern<\/strong> ausgerechnet, wie viel Emissionen eure Reise in etwa freigesetzt hat, k\u00f6nnt ihr versuchen, euren \u00f6kologischen Fu\u00dfabdruck im Alltag m\u00f6glichst klein zu halten. Setzt dazu beispielsweise auf \u00f6ffentliche Verkehrsmittel oder das Fahrrad, um <strong>insgesamt<\/strong> sch\u00e4dliche <strong>Emissionen einzusparen<\/strong>. Grundvoraussetzung daf\u00fcr ist, dass ihr euren Energieverbrauch \u00fcberhaupt erst kennt \u2013 schlie\u00dflich ergeben <strong>Reisen<\/strong> und die <strong>allt\u00e4gliche Routine<\/strong> zusammen den \u00f6kologischen Fu\u00dfabdruck eines Menschen. Bereitet euch auch auf eure n\u00e4chsten Reisen gut vor und informiert euch, welche umweltfreundlichen Unterk\u00fcnfte und Ausflugsarten wie Radtouren oder Wanderungen infrage kommen. Dadurch steigt auch die Vorfreude, wenn ihr Land und Leute endlich selbst erleben d\u00fcrft!<\/p>\n<figure id=\"attachment_20125\" aria-describedby=\"caption-attachment-20125\" style=\"width: 880px\" class=\"wp-caption alignnone\"><a href=\"https:\/\/www.sonnenklar.tv\/blog\/wp-content\/uploads\/2022\/06\/GettyImages-155440188.jpg\"><img loading=\"lazy\" decoding=\"async\" class=\"size-full wp-image-20125\" src=\"https:\/\/www.sonnenklar.tv\/blog\/wp-content\/uploads\/2022\/06\/GettyImages-155440188.jpg\" alt=\"Zug im Bahnhof\" width=\"880\" height=\"450\" srcset=\"https:\/\/www.sonnenklar.tv\/blog\/wp-content\/uploads\/2022\/06\/GettyImages-155440188.jpg 880w, https:\/\/www.sonnenklar.tv\/blog\/wp-content\/uploads\/2022\/06\/GettyImages-155440188-300x153.jpg 300w, https:\/\/www.sonnenklar.tv\/blog\/wp-content\/uploads\/2022\/06\/GettyImages-155440188-768x393.jpg 768w\" sizes=\"(max-width: 880px) 100vw, 880px\" \/><\/a><figcaption id=\"caption-attachment-20125\" class=\"wp-caption-text\">Wer mit dem \u00d6PNV zur Arbeit f\u00e4hrt, tr\u00e4gt auch im Alltag zu mehr Nachhaltigkeit bei<\/figcaption><\/figure>\n<h2>Fazit zum nachhaltigen Reisen rund um die Welt<\/h2>\n<p>Reisen ist eine tolle Sache: Wir entdecken neue Kulturen und ungeahnte Traumziele und sammeln unvergessliche Urlaubserinnerungen. Umso wichtiger ist es, dass die Umwelt dabei m\u00f6glichst wenig belastet wird. Reist ihr m\u00f6glichst nachhaltig, warten spannende Begegnungen, \u00fcberraschende Details und eine entschleunigte wie wundersch\u00f6ne Auszeit auf euch. Lernt mehr \u00fcber die Welt und \u00fcber euch kennen, probiert v\u00f6llig neue Wege aus und kehrt rundum bereichert nach Hause zur\u00fcck. Wir w\u00fcnschen euch viel Spa\u00df beim nachhaltigen Reisen!<\/p>\n[otw_shortcode_info_box border_type=&#8220;bordered&#8220; border_color_class=&#8220;otw-orange-border&#8220; border_style=&#8220;bordered&#8220;]Steht euer Urlaub in Deutschland, \u00d6sterreich oder Italien bevor, st\u00f6bert euch gern durch unsere <a href=\"https:\/\/www.sonnenklar.tv\/promo\/biohotels.html\" target=\"_blank\" rel=\"noopener\">Auswahl an Biohotels<\/a>. Interessiert ihr euch f\u00fcr einen Radurlaub, schaut gern bei unseren Angeboten f\u00fcr <a href=\"https:\/\/www.sonnenklar.tv\/promo\/fahrradurlaub-deutschland.html\" target=\"_blank\" rel=\"noopener\">Fahrradurlaub in Deutschland<\/a> vorbei![\/otw_shortcode_info_box]\n","protected":false},"excerpt":{"rendered":"<p>Nachhaltig zu reisen, bedeutet nicht, auf Urlaub zu verzichten. Im Gegenteil: Achtet ihr auch in der sch\u00f6nsten Zeit des Jahres auf einen m\u00f6glichst kleinen \u00f6kologischen Fu\u00dfabdruck, entdeckt ihr guten Gewissens unbekannte Ecken, sch\u00fctzt Mensch und Tier und k\u00f6nnt euch auf spannende Begegnungen freuen. Wie jeder Urlaub beginnt auch umweltfreundliches Reisen bei der Planung, die je<\/p>\n","protected":false},"author":3,"featured_media":20131,"comment_status":"closed","ping_status":"open","sticky":false,"template":"","format":"standard","meta":{"footnotes":""},"categories":[698],"tags":[751,587],"class_list":{"0":"post-20046","1":"post","2":"type-post","3":"status-publish","4":"format-standard","5":"has-post-thumbnail","7":"category-ratgeber","8":"tag-nachhaltig-reisen","9":"tag-nachhaltigkeit"},"_links":{"self":[{"href":"https:\/\/www.sonnenklar.tv\/blog\/wp-json\/wp\/v2\/posts\/20046","targetHints":{"allow":["GET"]}}],"collection":[{"href":"https:\/\/www.sonnenklar.tv\/blog\/wp-json\/wp\/v2\/posts"}],"about":[{"href":"https:\/\/www.sonnenklar.tv\/blog\/wp-json\/wp\/v2\/types\/post"}],"author":[{"embeddable":true,"href":"https:\/\/www.sonnenklar.tv\/blog\/wp-json\/wp\/v2\/users\/3"}],"replies":[{"embeddable":true,"href":"https:\/\/www.sonnenklar.tv\/blog\/wp-json\/wp\/v2\/comments?post=20046"}],"version-history":[{"count":20,"href":"https:\/\/www.sonnenklar.tv\/blog\/wp-json\/wp\/v2\/posts\/20046\/revisions"}],"predecessor-version":[{"id":24562,"href":"https:\/\/www.sonnenklar.tv\/blog\/wp-json\/wp\/v2\/posts\/20046\/revisions\/24562"}],"wp:featuredmedia":[{"embeddable":true,"href":"https:\/\/www.sonnenklar.tv\/blog\/wp-json\/wp\/v2\/media\/20131"}],"wp:attachment":[{"href":"https:\/\/www.sonnenklar.tv\/blog\/wp-json\/wp\/v2\/media?parent=20046"}],"wp:term":[{"taxonomy":"category","embeddable":true,"href":"https:\/\/www.sonnenklar.tv\/blog\/wp-json\/wp\/v2\/categories?post=20046"},{"taxonomy":"post_tag","embeddable":true,"href":"https:\/\/www.sonnenklar.tv\/blog\/wp-json\/wp\/v2\/tags?post=20046"}],"curies":[{"name":"wp","href":"https:\/\/api.w.org\/{rel}","templated":true}]}}