{"id":19737,"date":"2022-05-11T12:20:42","date_gmt":"2022-05-11T11:20:42","guid":{"rendered":"https:\/\/www.sonnenklar.tv\/blog\/?p=19737"},"modified":"2023-08-02T06:32:48","modified_gmt":"2023-08-02T05:32:48","slug":"radreisen-deutschland","status":"publish","type":"post","link":"https:\/\/www.sonnenklar.tv\/blog\/reisearten\/eigenanreise\/radreisen-deutschland\/","title":{"rendered":"Radreisen Deutschland: Die 9 sch\u00f6nsten Radwege"},"content":{"rendered":"<p><strong>Entlang tiefblauer Fl\u00fcsse und historischer St\u00e4dte erlebt ihr bei Radreisen in Deutschland einzigartige Kulturlandschaften und Naturschutzgebiete auf eine neue, entschleunigte Art und Weise. Von Nord nach S\u00fcd, von Ost nach West warten tausende Kilometer bestausgebaute Radwege, stille Waldpfade und steiles Gel\u00e4nde auf euch \u2013 eben f\u00fcr jeden die passende Route.<\/strong><\/p>\r\n<p>Nur ihr und euer Bike. W\u00e4hrend eines Radurlaubs durchquert ihr nicht nur neues Terrain, sondern wachst auch mit jedem zur\u00fcckgelegten Kilometer ein St\u00fcck weit \u00fcber euch hinaus. Freut euch auf Abenteuer, frischen Wind um die Nase und Herausforderungen, die euch anstrengen und gleichzeitig richtig Spa\u00df machen. Hier zeigen wir euch die sch\u00f6nsten Radwege in Deutschland.<\/p>\r\n<p><strong>Inhaltsverzeichnis<\/strong><\/p>\r\n<p>Radreisen Deutschland &#8211; die besten Strecken f\u00fcr einen Fahrradurlaub<\/p>\r\n<ol>\r\n<li><a href=\"#bodensee-koenigssee-radweg-reinste-bergidylle\">Bodensee-K\u00f6nigssee-Radweg: Reinste Bergidylle<\/a><\/li>\r\n<li><a href=\"#donau-radweg-radgenuss-fuer-jedes-koennen\">Donauradweg: Radgenuss f\u00fcr jedes K\u00f6nnen<\/a><\/li>\r\n<li><a href=\"#rheinradweg-karlsruhe-bingen-echte-rhein-kultur\">Rheinradweg Karlsruhe-Bingen: Echte Rhein-Kultur<\/a><\/li>\r\n<li><a href=\"#mainradweg-hopfen-weinberge-und-historische-staedte\">MainRadweg: Hopfen, Weinberge und historische St\u00e4dte<\/a><\/li>\r\n<li><a href=\"#roemer-lippe-route-preisgekroenter-flussradweg\">R\u00f6mer-Lippe-Route: Preisgekr\u00f6nter Flussradweg<\/a><\/li>\r\n<li><a href=\"#elberadweg-vielfaeltige-natur-besondere-lebensart\">Elberadweg: Vielf\u00e4ltige Natur, besondere Lebensart<\/a><\/li>\r\n<li><a href=\"#vulkanradweg-kurzweilige-route-im-mittelgebirge\">Vulkanradweg: Kurzweilige Route im Mittelgebirge<\/a><\/li>\r\n<li><a href=\"#spree-radweg-heide-spreewald-hauptstadt-charme\">Spree-Radweg: Heide, Spreewald, Hauptstadt-Charme<\/a><\/li>\r\n<li><a href=\"#ostseekuesten-radweg-wind-meer-und-wellen\">Ostseek\u00fcsten-Radweg: Wind, Meer und Wellen<\/a><\/li>\r\n<\/ol>\r\n<p>H\u00e4ufig gestellte Fragen zu Radreisen in Deutschland<\/p>\r\n<ol>\r\n<li><a href=\"#welches-bundesland-hat-die-meisten-radwege\">Welches Bundesland hat die meisten Radwege?<\/a><\/li>\r\n<li><a href=\"#wer-organisiert-radtouren\">Wer organisiert Radreisen?<\/a><\/li>\r\n<li><a href=\"#welches-ist-der-schoenste-radweg-in-deutschland\">Welches ist der sch\u00f6nste Radweg in Deutschland?<\/a><\/li>\r\n<\/ol>\r\n<h2>\u00a0 Das Wichtigste im \u00dcberblick<\/h2>\r\n<ul>\r\n<li>Deutschland hat ein hervorragend ausgebautes Radwander-Netz und vielf\u00e4ltige Fernradwege, die euch zu Sehensw\u00fcrdigkeiten im ganzen Land f\u00fchren.<\/li>\r\n<li>Ob Anf\u00e4nger oder Sportler spielt keine Rolle, denn es warten Schwierigkeitsgrade jeglichen Levels auf euch \u2013 alternativ erradelt ihr nur ausgew\u00e4hlte Etappen.<\/li>\r\n<li>Manchmal kann weniger mehr sein. Nehmt euch zu Beginn gern weniger Kilometer am Tag vor, damit Kraft, Motivation und Laune von Anfang bis Ende voll mit dabei sind.<\/li>\r\n<\/ul>\r\n<h2>Radreisen Deutschland \u2013 die besten Strecken f\u00fcr einen Fahrradurlaub<\/h2>\r\n<p>Egal ob ihr passionierte Radwanderer seid, euren ersten Radurlaub plant oder jeden H\u00f6henmeter z\u00e4hlt \u2013 zwischen Bodensee und Ostsee warten wundersch\u00f6ne Routen auf euch, die wie geschaffen sind f\u00fcr Radreisen in Deutschland.\u00a0<\/p>\r\n<h3><a name=\"bodensee-koenigssee-radweg-reinste-bergidylle\"><\/a>1. Bodensee-K\u00f6nigssee-Radweg: Reinste Bergidylle<\/h3>\r\n<p>Der Startschuss des Bodensee-K\u00f6nigssee-Radwegs f\u00e4llt in Lindau am Bodensee. Auf rund 450 km radelt ihr auf <strong>\u00fcberwiegend befestigten Wegen<\/strong> stets mehr oder weniger stark <strong>bergauf und bergab<\/strong>. Die ganze Tour \u00fcber begleiten euch malerische <strong>Bergpanoramen<\/strong> und eine <strong>alpenl\u00e4ndisch gepr\u00e4gte K\u00fcche<\/strong>, die jegliche Anstrengung im Nu entsch\u00e4digt. Zun\u00e4chst geht es h\u00f6chst idyllisch durch das sanft geschwungene Voralpenland des Allg\u00e4us. Im Hochsommer laden Seen wie der <strong>Gro\u00dfe Alpsee<\/strong>, der Rottachspeicher oder der <strong>Forggensee<\/strong> zum Sprung ins k\u00fchle Nass ein. Auch die K\u00f6nigsschl\u00f6sser <strong>Neuschwanstein<\/strong> und Hohenschwangau liegen direkt auf eurem Weg. Anschlie\u00dfend radelt ihr durch das <strong>Blaue Land<\/strong> und habt Zeit, durch das pittoreske Murnau zu flanieren oder beim <strong>Wellness am Kochelsee<\/strong> die m\u00fcden Glieder zu entspannen. Weitere Highlights auf der Strecke sind <strong>Bad T\u00f6lz<\/strong>, der <strong>Chiemsee<\/strong>, <strong>Bad Reichenhall<\/strong> und nicht zuletzt das fulminante Ziel eurer Radtour: der weltbekannte <strong>K\u00f6nigssee<\/strong>. \u00a0<\/p>\r\n<figure id=\"attachment_19783\" aria-describedby=\"caption-attachment-19783\" style=\"width: 880px\" class=\"wp-caption alignnone\"><a href=\"https:\/\/www.sonnenklar.tv\/blog\/wp-content\/uploads\/2022\/05\/GettyImages-1322518444_kl.jpg\"><img fetchpriority=\"high\" decoding=\"async\" class=\"size-full wp-image-19783\" src=\"https:\/\/www.sonnenklar.tv\/blog\/wp-content\/uploads\/2022\/05\/GettyImages-1322518444_kl.jpg\" alt=\"\" width=\"880\" height=\"450\" srcset=\"https:\/\/www.sonnenklar.tv\/blog\/wp-content\/uploads\/2022\/05\/GettyImages-1322518444_kl.jpg 880w, https:\/\/www.sonnenklar.tv\/blog\/wp-content\/uploads\/2022\/05\/GettyImages-1322518444_kl-300x153.jpg 300w, https:\/\/www.sonnenklar.tv\/blog\/wp-content\/uploads\/2022\/05\/GettyImages-1322518444_kl-768x393.jpg 768w\" sizes=\"(max-width: 880px) 100vw, 880px\" \/><\/a><figcaption id=\"caption-attachment-19783\" class=\"wp-caption-text\">Ein herrlicher Blick \u00fcber den Bodensee mit Schweizer Bergen im Hintergrund<\/figcaption><\/figure>\r\n<p>Bodensee-K\u00f6nigssee-Radweg im \u00dcberblick<\/p>\r\n<table class=\"has-fixed-layout\" style=\"height: 172px;\" width=\"721\">\r\n<tbody>\r\n<tr>\r\n<td><strong>Route<\/strong><\/td>\r\n<td class=\"has-text-align-left\">Lindau \u2013 Sch\u00f6nau am K\u00f6nigssee<\/td>\r\n<\/tr>\r\n<tr>\r\n<td><strong>L\u00e4nge<\/strong><\/td>\r\n<td class=\"has-text-align-left\">ca. 450 km\u00a0<\/td>\r\n<\/tr>\r\n<tr>\r\n<td><strong>Steigung<\/strong><\/td>\r\n<td class=\"has-text-align-left\">mittel \u2013 hoch<\/td>\r\n<\/tr>\r\n<tr>\r\n<td><strong>Wege<\/strong><\/td>\r\n<td class=\"has-text-align-left\">\u00fcberwiegend befestigt<\/td>\r\n<\/tr>\r\n<tr>\r\n<td><strong>Dauer<\/strong><\/td>\r\n<td class=\"has-text-align-left\">ca. 9 Tage<\/td>\r\n<\/tr>\r\n<tr>\r\n<td><strong>Geeignet f\u00fcr<\/strong><\/td>\r\n<td class=\"has-text-align-left\">gute Kondition erforderlich, ambitionierte Radler, alternativ E-Bike<\/td>\r\n<\/tr>\r\n<\/tbody>\r\n<\/table>\r\n[otw_shortcode_info_box border_type=&#8220;bordered&#8220; border_color_class=&#8220;otw-orange-border&#8220; border_style=&#8220;bordered&#8220;]<strong>Hoteltipp<\/strong>: Das <a href=\"https:\/\/www.sonnenklar.tv\/beschreibung\/Deutschland\/Bayern\/Berchtesgaden\/Bergheimat.html\" target=\"_blank\" rel=\"noopener\">Hotel Bergheimat<\/a> liegt nur wenige Schritte vom glitzernden K\u00f6nigssee entfernt und begr\u00fc\u00dft seine G\u00e4ste h\u00f6chst charmant.[\/otw_shortcode_info_box]\r\n<h3><a name=\"donau-radweg-radgenuss-fuer-jedes-koennen\"><\/a>2. Donau-Radweg: Radgenuss f\u00fcr jedes K\u00f6nnen<\/h3>\r\n<p>Radweg mit Kultstatus: In Donaueschingen schwingt ihr euch in den Sattel, um auf dem Donau-Radweg bis nach Passau zu radeln. Vertr\u00e4umt, verspielt und aufbrausend zeigt sich der <strong>zweitl\u00e4ngste Fluss Europas<\/strong> auf diesem Teil der Route, die ein Fest f\u00fcr alle Sinne ist. Bereits im Naturpark <strong>Obere Donau<\/strong> streift ihr jeglichen Alltagsstress zwischen den hohen Kalkfelsen ab und seid am <strong>Blautopf<\/strong> in Blaubeuren bereits ganz im Urlaub angekommen \u2013 ein surreales Naturwunder in Blau erwartet euch! In Ulm k\u00f6nnt ihr mit dem <strong>Ulmer M\u00fcnster<\/strong> den h\u00f6chsten Kirchturm der Welt besichtigen, w\u00e4hrend die St\u00e4dte <strong>Donauw\u00f6rth<\/strong> und <strong>Ingolstadt<\/strong> zu einem Stadtbummel einladen. Freunde der Kultur und des z\u00fcnftigen Genusses bestaunen nicht nur das barocke <strong>Kloster Weltenburg<\/strong>, sondern kehren auch in der Klosterschenke, der \u00e4ltesten Klosterbrauerei der Welt, ein \u2013 Prost! <strong>Regensburg<\/strong> und der <strong>Bayerische Wald<\/strong> halten die letzten Etappen eurer Radreise kurzweilig, bevor ihr schlie\u00dflich in der \u201eDrei-Fl\u00fcsse-Stadt\u201c <strong>Passau<\/strong> ankommt.<\/p>\r\n<figure id=\"attachment_19784\" aria-describedby=\"caption-attachment-19784\" style=\"width: 880px\" class=\"wp-caption alignnone\"><a href=\"https:\/\/www.sonnenklar.tv\/blog\/wp-content\/uploads\/2022\/05\/GettyImages-800391506.jpg_3535167_master.jpg\"><img decoding=\"async\" class=\"size-full wp-image-19784\" src=\"https:\/\/www.sonnenklar.tv\/blog\/wp-content\/uploads\/2022\/05\/GettyImages-800391506.jpg_3535167_master.jpg\" alt=\"\" width=\"880\" height=\"450\" srcset=\"https:\/\/www.sonnenklar.tv\/blog\/wp-content\/uploads\/2022\/05\/GettyImages-800391506.jpg_3535167_master.jpg 880w, https:\/\/www.sonnenklar.tv\/blog\/wp-content\/uploads\/2022\/05\/GettyImages-800391506.jpg_3535167_master-300x153.jpg 300w, https:\/\/www.sonnenklar.tv\/blog\/wp-content\/uploads\/2022\/05\/GettyImages-800391506.jpg_3535167_master-768x393.jpg 768w\" sizes=\"(max-width: 880px) 100vw, 880px\" \/><\/a><figcaption id=\"caption-attachment-19784\" class=\"wp-caption-text\">Kloster Weltenburg &#8211; idyllisches Fleckchen Erde an einer Flu\u00dfschleife<\/figcaption><\/figure>\r\n<p>Donauradweg im \u00dcberblick<\/p>\r\n<table class=\"has-fixed-layout\" style=\"height: 172px;\" width=\"721\">\r\n<tbody>\r\n<tr>\r\n<td><strong>Route<\/strong><\/td>\r\n<td class=\"has-text-align-left\">Donaueschingen \u2013 Passau<\/td>\r\n<\/tr>\r\n<tr>\r\n<td><strong>L\u00e4nge<\/strong><\/td>\r\n<td class=\"has-text-align-left\">ca. 590 km\u00a0<\/td>\r\n<\/tr>\r\n<tr>\r\n<td><strong>Steigung<\/strong><\/td>\r\n<td class=\"has-text-align-left\">gering \u2013 stellenweise mittel<\/td>\r\n<\/tr>\r\n<tr>\r\n<td><strong>Wege<\/strong><\/td>\r\n<td class=\"has-text-align-left\">\u00fcberwiegend asphaltiert oder befestigt, gelb oder wei\u00df markiert<\/td>\r\n<\/tr>\r\n<tr>\r\n<td><strong>Dauer<\/strong><\/td>\r\n<td class=\"has-text-align-left\">ca. 11 Tage<\/td>\r\n<\/tr>\r\n<tr>\r\n<td><strong>Geeignet f\u00fcr<\/strong><\/td>\r\n<td class=\"has-text-align-left\">Anf\u00e4nger, Sportler, Familien<\/td>\r\n<\/tr>\r\n<\/tbody>\r\n<\/table>\r\n[otw_shortcode_info_box border_type=&#8220;bordered&#8220; border_color_class=&#8220;otw-orange-border&#8220; border_style=&#8220;bordered&#8220;]<strong>Unser Tipp<\/strong>:\u00a0Wer m\u00f6chte, verl\u00e4ngert seine Radreise und radelt auf dem weitaus ber\u00fchmteren, \u201eklassischen\u201c Donau-Radweg von Passau weiter bis nach Wien.[\/otw_shortcode_info_box]\r\n[otw_shortcode_info_box border_type=&#8220;bordered&#8220; border_color_class=&#8220;otw-orange-border&#8220; border_style=&#8220;bordered&#8220;]<strong>Hoteltipp<\/strong>: Im <a href=\"https:\/\/www.sonnenklar.tv\/beschreibung\/Deutschland\/Bayern\/Ingolstadt\/Mercure_Hotel_Ingolstadt.html\" target=\"_blank\" rel=\"noopener\">Hotel Mercure<\/a> fallt ihr nach einem ereignisreichen Tag nicht nur m\u00fcde in die Betten, sondern k\u00f6nnt dazu in Sauna und Spa hervorragend entspannen.[\/otw_shortcode_info_box]\u00a0<\/p>\r\n<h3><a name=\"rheinradweg-karlsruhe-bingen-echte-rhein-kultur\"><\/a>3. Rheinradweg Karlsruhe-Bingen: Echte Rhein-Kultur<\/h3>\r\n<p>Der Rheinradweg zwischen Karlsruhe und Bingen ist Teil des ber\u00fchmt-ber\u00fcchtigten <strong>EuroVelo 15<\/strong> und f\u00fchrt euch entlang einer der sch\u00f6nsten Radwege Deutschlands durch eine unglaublich facettenreiche <strong>Kulturlandschaft<\/strong>. Links und rechts von euch t\u00fcrmen sich Schwarzwald, Kraichgau, Odenwald, Vogesen und Pf\u00e4lzerwald auf, w\u00e4hrend ihr durch liebliche <strong>Weinberge<\/strong> und gem\u00fctliche D\u00f6rfer radelt. Highlights sind etwa der <strong>Speyer Dom<\/strong>, eingetragenes UNESCO-Weltkulturerbe, oder auch <strong>Lampertheim<\/strong>, die als <strong>Spargelstadt<\/strong> mit k\u00f6stlichen Gaumenfreuden aufwartet. In der <strong>Nibelungenstadt Worms<\/strong> findet ihr mit etwas Gl\u00fcck im Dom St. Peter den sagenumwobenen Schatz der Nibelungen. Gen\u00fcgend Zeit solltet ihr auch f\u00fcr eure Etappenziele <strong>Oppenheim<\/strong>, <strong>Mainz<\/strong>, <strong>Wiesbaden<\/strong> und <strong>R\u00fcdesheim<\/strong> mitbringen, da weitere einzigartige Kultursch\u00e4tze zum Besichtigen einladen. Hat euch das Radfieber so richtig gepackt, seid ihr in <strong>Bingen<\/strong> genau richtig, denn die Heimat <strong>Hildegard von Bingens<\/strong> ist das Tor zum Oberen Mittelrheintal, das als Welterbe-Region h\u00f6chst eindrucksvolle Landschaften beheimatet.<\/p>\r\n<figure id=\"attachment_19808\" aria-describedby=\"caption-attachment-19808\" style=\"width: 880px\" class=\"wp-caption alignnone\"><a href=\"https:\/\/www.sonnenklar.tv\/blog\/wp-content\/uploads\/2022\/05\/GettyImages-487224342_kl.jpg\"><img decoding=\"async\" class=\"size-full wp-image-19808\" src=\"https:\/\/www.sonnenklar.tv\/blog\/wp-content\/uploads\/2022\/05\/GettyImages-487224342_kl.jpg\" alt=\"\" width=\"880\" height=\"450\" srcset=\"https:\/\/www.sonnenklar.tv\/blog\/wp-content\/uploads\/2022\/05\/GettyImages-487224342_kl.jpg 880w, https:\/\/www.sonnenklar.tv\/blog\/wp-content\/uploads\/2022\/05\/GettyImages-487224342_kl-300x153.jpg 300w, https:\/\/www.sonnenklar.tv\/blog\/wp-content\/uploads\/2022\/05\/GettyImages-487224342_kl-768x393.jpg 768w\" sizes=\"(max-width: 880px) 100vw, 880px\" \/><\/a><figcaption id=\"caption-attachment-19808\" class=\"wp-caption-text\">Bingen am Rhein<\/figcaption><\/figure>\r\n<p>Rheinradweg Karlsruhe-Bingen im \u00dcberblick<\/p>\r\n<table class=\"has-fixed-layout\" style=\"height: 172px;\" width=\"721\">\r\n<tbody>\r\n<tr>\r\n<td><strong>Route<\/strong><\/td>\r\n<td class=\"has-text-align-left\">Karlsruhe \u2013 Bingen<\/td>\r\n<\/tr>\r\n<tr>\r\n<td><strong>L\u00e4nge<\/strong><\/td>\r\n<td class=\"has-text-align-left\">ca. 180 km\u00a0<\/td>\r\n<\/tr>\r\n<tr>\r\n<td><strong>Steigung<\/strong><\/td>\r\n<td class=\"has-text-align-left\">gering \u2013 mittel<\/td>\r\n<\/tr>\r\n<tr>\r\n<td><strong>Wege<\/strong><\/td>\r\n<td class=\"has-text-align-left\">\u00fcberwiegend asphaltiert oder befestigt<\/td>\r\n<\/tr>\r\n<tr>\r\n<td><strong>Dauer<\/strong><\/td>\r\n<td class=\"has-text-align-left\">ca. 4 Tage<\/td>\r\n<\/tr>\r\n<tr>\r\n<td><strong>Geeignet f\u00fcr<\/strong><\/td>\r\n<td class=\"has-text-align-left\">Anf\u00e4nger wie Fortgeschrittene, Familien<\/td>\r\n<\/tr>\r\n<\/tbody>\r\n<\/table>\r\n[otw_shortcode_info_box border_type=&#8220;bordered&#8220; border_color_class=&#8220;otw-orange-border&#8220; border_style=&#8220;bordered&#8220;]<strong>Hoteltipp<\/strong>: Zwischen Bergbahn, Drosselgasse und Rhein liegt das gem\u00fctliche <a href=\"https:\/\/www.sonnenklar.tv\/beschreibung\/Deutschland\/Rhein-Main_Region\/R%C3%BCdesheim_am_Rhein\/Felsenkeller.html\" target=\"_blank\" rel=\"noopener\">Hotel Felsenkeller<\/a> mitten in R\u00fcdesheim. Echte Rhein-Kultur und Urlaubsflair erwarten euch![\/otw_shortcode_info_box]\u00a0<\/p>\r\n<h3><a name=\"mainradweg-hopfen-weinberge-und-historische-staedte\"><\/a>4. MainRadweg: Hopfen, Weinberge und historische St\u00e4dte<\/h3>\r\n<p>Ihr startet entweder am <strong>Roten Main<\/strong> in Creu\u00dfen oder am <strong>Wei\u00dfen Main<\/strong> in Bischofsgr\u00fcn. In der <strong>Bierstadt Kulmbach<\/strong>, dem ersten Etappenziel, laufen beide Strecken zusammen. Habt ihr in der \u201eheimlichen Hauptstadt des Biers\u201c Leib und Seele gest\u00e4rkt, radelt ihr entlang des frisch vereinten Mains durch das Obere Maintal, vorbei an Obstb\u00e4umen und \u00fcppigen Flussauen, bis ihr den \u201e<strong>Gottesgarten<\/strong>\u201c erreicht \u2013 jene bezaubernde Kulisse, die sich aus dichten W\u00e4ldern, der \u00e4u\u00dferst sehenswerten Wallfahrtsbasilika <strong>Vierzehnheiligen<\/strong>, <strong>Kloster Banz<\/strong> und dem fr\u00e4nkischen <strong>Staffelberg<\/strong> ergibt. F\u00fcr einen spontanen Ausflug bietet sich <strong>Bamberg<\/strong>, das \u201eKlein Venedig\u201c Deutschlands und Weltkulturerbe-Stadt, an, bevor ihr entlang des Mains langsam die Grenze zwischen Bier- und Weinland \u00fcberquert. Dichte W\u00e4lder, sanfte H\u00fcgel und historische Burgruinen s\u00e4umen den Radweg zwischen <strong>Schweinfurt<\/strong> und <strong>W\u00fcrzburg<\/strong> und laden ein, den Drahtesel kurzzeitig gegen Wanderschuhe einzutauschen. <strong>Wertheim, Miltenberg, Spessart<\/strong>, die Mainmetropole <strong>Frankfurt, Mainz<\/strong> \u2013 der MainRadweg belohnt euch mit einzigartigen Erinnerungen an einen der sch\u00f6nsten Radwege Deutschlands. \u00a0<\/p>\r\n<figure id=\"attachment_19786\" aria-describedby=\"caption-attachment-19786\" style=\"width: 880px\" class=\"wp-caption alignnone\"><a href=\"https:\/\/www.sonnenklar.tv\/blog\/wp-content\/uploads\/2022\/05\/GettyImages-1215395349.jpg-Altes-Rathaus_3578618_master.jpg\"><img loading=\"lazy\" decoding=\"async\" class=\"size-full wp-image-19786\" src=\"https:\/\/www.sonnenklar.tv\/blog\/wp-content\/uploads\/2022\/05\/GettyImages-1215395349.jpg-Altes-Rathaus_3578618_master.jpg\" alt=\"\" width=\"880\" height=\"450\" srcset=\"https:\/\/www.sonnenklar.tv\/blog\/wp-content\/uploads\/2022\/05\/GettyImages-1215395349.jpg-Altes-Rathaus_3578618_master.jpg 880w, https:\/\/www.sonnenklar.tv\/blog\/wp-content\/uploads\/2022\/05\/GettyImages-1215395349.jpg-Altes-Rathaus_3578618_master-300x153.jpg 300w, https:\/\/www.sonnenklar.tv\/blog\/wp-content\/uploads\/2022\/05\/GettyImages-1215395349.jpg-Altes-Rathaus_3578618_master-768x393.jpg 768w\" sizes=\"(max-width: 880px) 100vw, 880px\" \/><\/a><figcaption id=\"caption-attachment-19786\" class=\"wp-caption-text\">Bamberg, das &#8222;Kleine Venedig&#8220; Deutschlands<\/figcaption><\/figure>\r\n<p>MainRadweg im \u00dcberblick<\/p>\r\n<table class=\"has-fixed-layout\" style=\"height: 172px;\" width=\"721\">\r\n<tbody>\r\n<tr>\r\n<td><strong>Route<\/strong><\/td>\r\n<td class=\"has-text-align-left\">Creu\u00dfen (oder Bischofsgr\u00fcn) \u2013 Mainz<\/td>\r\n<\/tr>\r\n<tr>\r\n<td><strong>L\u00e4nge<\/strong><\/td>\r\n<td class=\"has-text-align-left\">ca. 540 km (oder 560 km)<\/td>\r\n<\/tr>\r\n<tr>\r\n<td><strong>Steigung<\/strong><\/td>\r\n<td class=\"has-text-align-left\">gering \u2013 stellenweise mittel<\/td>\r\n<\/tr>\r\n<tr>\r\n<td><strong>Wege<\/strong><\/td>\r\n<td class=\"has-text-align-left\">\u00fcberwiegend asphaltiert oder befestigt<\/td>\r\n<\/tr>\r\n<tr>\r\n<td><strong>Dauer<\/strong><\/td>\r\n<td class=\"has-text-align-left\">ca. 12 Tage<\/td>\r\n<\/tr>\r\n<tr>\r\n<td><strong>Geeignet f\u00fcr<\/strong><\/td>\r\n<td class=\"has-text-align-left\">Anf\u00e4nger wie Fortgeschrittene, Familien, Genusstouren<\/td>\r\n<\/tr>\r\n<\/tbody>\r\n<\/table>\r\n[otw_shortcode_info_box border_type=&#8220;bordered&#8220; border_color_class=&#8220;otw-orange-border&#8220; border_style=&#8220;bordered&#8220;]<strong>Hoteltipp<\/strong>: Inmitten der malerischen Weltkulturerbestadt Bamberg vereint das <a href=\"https:\/\/www.sonnenklar.tv\/beschreibung\/Deutschland\/Bayern\/Bamberg\/Welcome_Residenzschloss_Bamberg.html\" target=\"_blank\" rel=\"noopener\">Residenzschloss Bamberg<\/a> Barock und Moderne \u2013 ideal f\u00fcr eine kurze Auszeit vom Radfahren.[\/otw_shortcode_info_box]\u00a0<\/p>\r\n<h3>5. <a name=\"roemer-lippe-route-preisgekroenter-flussradweg\"><\/a>R\u00f6mer-Lippe-Route: Preisgekr\u00f6nter Flussradweg<\/h3>\r\n<p>Die R\u00f6mer-Lippe-Route wurde 2020 mit dem \u201e<strong>Deutschen Fahrradpreis<\/strong>\u201c ausgezeichnet und entf\u00fchrt euch entlang der Lippe in l\u00e4ngst vergangene Zeiten, reizvolle Auen und historische, doch jung gebliebene St\u00e4dte. Am <strong>Hermannsdenkmal<\/strong> im Teutoburger Wald bei Detmold beginnt eure Radwanderreise, die euch \u00fcber die D\u00fcnenfelder des Naturparks <strong>Teutoburger Wald<\/strong> zum ersten Etappenziel <strong>Paderborn<\/strong> f\u00fchrt. Habt ihr euch am charakteristischen Mix aus Moderne und Tradition der Stadt sattgesehen, geht es direkt weiter. Kulturinteressierte sind auf diesem Radweg wahrlich im Paradies: Die <strong>Wasserschl\u00f6sser<\/strong> im Lippetal, die etwa 2000 Jahre alte Seenstadt <strong>Haltern am See<\/strong> oder auch die mittelalterlichen Stadtgeschichten <strong>Dorstens<\/strong> begeistern Gro\u00df und Klein. Die angestrengten Waden vom Radfahren geraten so schnell in Vergessenheit. Habt ihr die alte <strong>Hansestadt Wesel<\/strong> passiert, ist es nicht mehr weit bis nach <strong>Xanten<\/strong>, der charmanten <strong>R\u00f6mer- und Nibelungenstadt<\/strong> am Niederrhein.<\/p>\r\n<figure id=\"attachment_19788\" aria-describedby=\"caption-attachment-19788\" style=\"width: 880px\" class=\"wp-caption alignnone\"><a href=\"https:\/\/www.sonnenklar.tv\/blog\/wp-content\/uploads\/2022\/05\/GettyImages-1207378534.jpg_3530643_master.jpg\"><img loading=\"lazy\" decoding=\"async\" class=\"size-full wp-image-19788\" src=\"https:\/\/www.sonnenklar.tv\/blog\/wp-content\/uploads\/2022\/05\/GettyImages-1207378534.jpg_3530643_master.jpg\" alt=\"\" width=\"880\" height=\"450\" srcset=\"https:\/\/www.sonnenklar.tv\/blog\/wp-content\/uploads\/2022\/05\/GettyImages-1207378534.jpg_3530643_master.jpg 880w, https:\/\/www.sonnenklar.tv\/blog\/wp-content\/uploads\/2022\/05\/GettyImages-1207378534.jpg_3530643_master-300x153.jpg 300w, https:\/\/www.sonnenklar.tv\/blog\/wp-content\/uploads\/2022\/05\/GettyImages-1207378534.jpg_3530643_master-768x393.jpg 768w\" sizes=\"(max-width: 880px) 100vw, 880px\" \/><\/a><figcaption id=\"caption-attachment-19788\" class=\"wp-caption-text\">Externsteine im Teutoburger Wald<\/figcaption><\/figure>\r\n<p>R\u00f6mer-Lippe-Route im \u00dcberblick<\/p>\r\n<table class=\"has-fixed-layout\" style=\"height: 172px;\" width=\"721\">\r\n<tbody>\r\n<tr>\r\n<td><strong>Route<\/strong><\/td>\r\n<td class=\"has-text-align-left\">Detmold \u2013 Xanten<\/td>\r\n<\/tr>\r\n<tr>\r\n<td><strong>L\u00e4nge<\/strong><\/td>\r\n<td class=\"has-text-align-left\">Hauptroute ca. 300 km, mit thematischen Wegschleifen: ca. 480 km<\/td>\r\n<\/tr>\r\n<tr>\r\n<td><strong>Steigung<\/strong><\/td>\r\n<td class=\"has-text-align-left\">gering<\/td>\r\n<\/tr>\r\n<tr>\r\n<td><strong>Wege<\/strong><\/td>\r\n<td class=\"has-text-align-left\">barrierefrei, asphaltiert oder befestigt<\/td>\r\n<\/tr>\r\n<tr>\r\n<td><strong>Dauer<\/strong><\/td>\r\n<td class=\"has-text-align-left\">ca. 6 Tage<\/td>\r\n<\/tr>\r\n<tr>\r\n<td><strong>Geeignet f\u00fcr<\/strong><\/td>\r\n<td class=\"has-text-align-left\">Familien, Anf\u00e4nger, Genussradler<\/td>\r\n<\/tr>\r\n<\/tbody>\r\n<\/table>\r\n[otw_shortcode_info_box border_type=&#8220;bordered&#8220; border_color_class=&#8220;otw-orange-border&#8220; border_style=&#8220;bordered&#8220;]<b>Tipp:<\/b>\u00a0Der Wald ruft? Dann schaut doch einmal bei unseren <a href=\"https:\/\/www.sonnenklar.tv\/promo\/last-minute-teutoburger-wald.html\" target=\"_blank\" rel=\"noopener\">Last Minute Angeboten im Teutoburger Wald<\/a> vorbei! [\/otw_shortcode_info_box]\r\n<h3><a name=\"elberadweg-vielfaeltige-natur-besondere-lebensart\"><\/a>6. Elberadweg: Vielf\u00e4ltige Natur, besondere Lebensart<\/h3>\r\n<p>In diesem Routenvorschlag befahren wir den Elberadweg von Bad Schandau aus gen Nordwesten. Insgesamt ist die Route als leicht und familienfreundlich einzustufen, allerdings kann <strong>Wind<\/strong> das Treten etwas m\u00fchselig werden lassen. Zu Beginn r\u00fcckt das beeindruckende <strong>Elbsandsteingebirge<\/strong> nah an die Elbe heran, bevor es sich hin zur <strong>Barockstadt Dresden<\/strong> mitsamt Frauenkirche, Zwinger und Semperoper \u00f6ffnet. Im weiteren Verlauf kommen Weinliebhaber genauso wie Kultur- und Technik-Begeisterte auf ihre Kosten, wenn ihr die wilden <strong>Elbauen<\/strong>, <strong>Wittenberg<\/strong> und <strong>Magdeburg<\/strong> passiert. Im <strong>Biosph\u00e4renreservat<\/strong> Flusslandschaft Elbe tankt ihr noch einmal eine Portion frische Luft, bevor die <strong>Hansestadt Hamburg<\/strong> ihre Besucher in den Bann zieht. Auf dem Weg nach <strong>Cuxhaven<\/strong> ver\u00e4ndert sich der Fluss \u2013 die von den Gezeiten beeinflusste Unterelbe ist die Lebensader der umliegenden Marschen und Obstbaumwiesen. Auch <strong>Deiche<\/strong> und weitl\u00e4ufige <strong>Str\u00e4nde<\/strong> pr\u00e4gen das Bild und stimmen bereits auf den rauen Charme des <strong>Wattenmeers<\/strong> ein.<\/p>\r\n<figure id=\"attachment_19794\" aria-describedby=\"caption-attachment-19794\" style=\"width: 880px\" class=\"wp-caption alignnone\"><a href=\"https:\/\/www.sonnenklar.tv\/blog\/wp-content\/uploads\/2022\/05\/GettyImages-1152026301_kl.jpg\"><img loading=\"lazy\" decoding=\"async\" class=\"size-full wp-image-19794\" src=\"https:\/\/www.sonnenklar.tv\/blog\/wp-content\/uploads\/2022\/05\/GettyImages-1152026301_kl.jpg\" alt=\"\" width=\"880\" height=\"450\" srcset=\"https:\/\/www.sonnenklar.tv\/blog\/wp-content\/uploads\/2022\/05\/GettyImages-1152026301_kl.jpg 880w, https:\/\/www.sonnenklar.tv\/blog\/wp-content\/uploads\/2022\/05\/GettyImages-1152026301_kl-300x153.jpg 300w, https:\/\/www.sonnenklar.tv\/blog\/wp-content\/uploads\/2022\/05\/GettyImages-1152026301_kl-768x393.jpg 768w\" sizes=\"(max-width: 880px) 100vw, 880px\" \/><\/a><figcaption id=\"caption-attachment-19794\" class=\"wp-caption-text\">Blick auf das Elbsandsteingebirge bei Sonnenaufgang<\/figcaption><\/figure>\r\n<p>Elberadweg im \u00dcberblick<\/p>\r\n<table class=\"has-fixed-layout\" style=\"height: 172px;\" width=\"721\">\r\n<tbody>\r\n<tr>\r\n<td><strong>Route<\/strong><\/td>\r\n<td class=\"has-text-align-left\">Bad Schandau \u2013 Cuxhaven<\/td>\r\n<\/tr>\r\n<tr>\r\n<td><strong>L\u00e4nge<\/strong><\/td>\r\n<td class=\"has-text-align-left\">ca. 860 km<\/td>\r\n<\/tr>\r\n<tr>\r\n<td><strong>Steigung<\/strong><\/td>\r\n<td class=\"has-text-align-left\">gering<\/td>\r\n<\/tr>\r\n<tr>\r\n<td><strong>Wege<\/strong><\/td>\r\n<td class=\"has-text-align-left\">\u00fcberwiegend asphaltiert oder befestigt<\/td>\r\n<\/tr>\r\n<tr>\r\n<td><strong>Dauer<\/strong><\/td>\r\n<td class=\"has-text-align-left\">ca. 12 Tage<\/td>\r\n<\/tr>\r\n<tr>\r\n<td><strong>Geeignet f\u00fcr<\/strong><\/td>\r\n<td class=\"has-text-align-left\">Anf\u00e4nger wie sportliche Fortgeschrittene<\/td>\r\n<\/tr>\r\n<\/tbody>\r\n<\/table>\r\n[otw_shortcode_info_box border_type=&#8220;bordered&#8220; border_color_class=&#8220;otw-orange-border&#8220; border_style=&#8220;bordered&#8220;]<strong>Tipp:<\/strong> Radurlaub und St\u00e4dtetrip sind eine hervorragende Verbindung. Durchst\u00f6bert gern einmal unsere Angebote f\u00fcr <a href=\"https:\/\/www.sonnenklar.tv\/promo\/staedtereisen-hamburg.html\" target=\"_blank\" rel=\"noopener\">Hamburg St\u00e4dtereisen<\/a>![\/otw_shortcode_info_box]\r\n[otw_shortcode_info_box border_type=&#8220;bordered&#8220; border_color_class=&#8220;otw-orange-border&#8220; border_style=&#8220;bordered&#8220;]<strong>Lesetipp:<\/strong> Noch mehr sehenswertes direkt vor der Haust\u00fcr findet ihr in unserem Beitrag zu den <a href=\"https:\/\/www.sonnenklar.tv\/blog\/sehenswuerdigkeiten-deutschland\/\" target=\"_blank\" rel=\"noopener\">sch\u00f6nsten Sehensw\u00fcrdigkeiten Deutschlands<\/a> zusammengefasst![\/otw_shortcode_info_box]\r\n<h3><a name=\"vulkanradweg-kurzweilige-route-im-mittelgebirge\"><\/a>7. Vulkanradweg: Kurzweilige Route im Mittelgebirge<\/h3>\r\n<p>Etwas Nostalgie f\u00e4hrt auf dieser idyllischen Route nach Schlitz immer mit: Auf der ehemaligen <strong>Trasse der Oberwaldbahn<\/strong>, die bis Mitte der 1970er Jahre fuhr, windet sich dieser wundersch\u00f6ne Radwanderweg abwechselnd durch weitl\u00e4ufige <strong>Wald- und Wiesenlandschaften<\/strong> sowie urige D\u00f6rfer. Kaum zu glauben, dass ihr euch inmitten des <strong>gr\u00f6\u00dften Vulkanmassivs Mitteleuropas<\/strong> befindet! Besondere Vulkan-Express-Linien des \u00d6PNV erm\u00f6glichen euch bequeme wie individuelle Planungen eures Radurlaubs. Entlang der Route erwarten euch <strong>besondere Museen,<\/strong> wie etwa das Modellbaumuseum in Glauburg oder das Kunstgussmuseum in Hirzenhain. Seen wie der <strong>Ober-Mooser See<\/strong> oder der <strong>See Gedern<\/strong> versprechen erholsamen Badegenuss, w\u00e4hrend ihr in den ausgedehnten <strong>Vogelschutzgebieten<\/strong> sicherlich euch unbekannte Vogelarten entdeckt. In <strong>Schlitz<\/strong> solltet ihr euch einen Rundgang vom <strong>Burgberg<\/strong> mit den drei Burgen zum <strong>Schloss Hallenburg<\/strong> nicht entgehen lassen. Habt ihr euch gerade erst \u201ewarmgeradelt\u201c, habt ihr am Zielort Anschluss an den <strong>Fuldaradweg<\/strong>, der euch in die Domstadt Fulda bringt.<\/p>\r\n<figure id=\"attachment_19806\" aria-describedby=\"caption-attachment-19806\" style=\"width: 880px\" class=\"wp-caption alignnone\"><a href=\"https:\/\/www.sonnenklar.tv\/blog\/wp-content\/uploads\/2022\/05\/GettyImages-660015266_kl-1.jpg\"><img loading=\"lazy\" decoding=\"async\" class=\"size-full wp-image-19806\" src=\"https:\/\/www.sonnenklar.tv\/blog\/wp-content\/uploads\/2022\/05\/GettyImages-660015266_kl-1.jpg\" alt=\"\" width=\"880\" height=\"450\" srcset=\"https:\/\/www.sonnenklar.tv\/blog\/wp-content\/uploads\/2022\/05\/GettyImages-660015266_kl-1.jpg 880w, https:\/\/www.sonnenklar.tv\/blog\/wp-content\/uploads\/2022\/05\/GettyImages-660015266_kl-1-300x153.jpg 300w, https:\/\/www.sonnenklar.tv\/blog\/wp-content\/uploads\/2022\/05\/GettyImages-660015266_kl-1-768x393.jpg 768w\" sizes=\"(max-width: 880px) 100vw, 880px\" \/><\/a><figcaption id=\"caption-attachment-19806\" class=\"wp-caption-text\">Entspannte Pause am See<\/figcaption><\/figure>\r\n<p>Vulkanradweg im \u00dcberblick<\/p>\r\n<table class=\"has-fixed-layout\" style=\"height: 172px;\" width=\"721\">\r\n<tbody>\r\n<tr>\r\n<td><strong>Route<\/strong><\/td>\r\n<td class=\"has-text-align-left\">Altenstadt \u2013 Schlitz<\/td>\r\n<\/tr>\r\n<tr>\r\n<td><strong>L\u00e4nge<\/strong><\/td>\r\n<td class=\"has-text-align-left\">ca. 93 km<\/td>\r\n<\/tr>\r\n<tr>\r\n<td><strong>Steigung<\/strong><\/td>\r\n<td class=\"has-text-align-left\">gering \u2013 mittel<\/td>\r\n<\/tr>\r\n<tr>\r\n<td><strong>Wege<\/strong><\/td>\r\n<td class=\"has-text-align-left\">\u00fcberwiegend Feinasphalt<\/td>\r\n<\/tr>\r\n<tr>\r\n<td><strong>Dauer<\/strong><\/td>\r\n<td class=\"has-text-align-left\">ca. 2 Tage<\/td>\r\n<\/tr>\r\n<tr>\r\n<td><strong>Geeignet f\u00fcr<\/strong><\/td>\r\n<td class=\"has-text-align-left\">Anf\u00e4nger wie sportliche Rekordj\u00e4ger, Familien<\/td>\r\n<\/tr>\r\n<\/tbody>\r\n<\/table>\r\n<h3><a name=\"spree-radweg-heide-spreewald-hauptstadt-charme\"><\/a>8. Spree-Radweg: Heide, Spreewald, Hauptstadt-Charme<\/h3>\r\n<p>Mit seiner wildromantischen Natur, dem stets pr\u00e4senten Rauschen des Wassers und St\u00e4dten, in denen die Zeit stillzustehen scheint, z\u00e4hlt der Spree-Radweg zweifellos zu den sch\u00f6nsten Radwegen Deutschlands. In <strong>Ebersbach-Neugersdorf<\/strong> vereinigen sich die drei Quellen der Spree, deren Lauf ihr stetig flussabw\u00e4rts bis nach Berlin folgt. Herrlich k\u00fchl geht es im Hochsommer durch <strong>W\u00e4lder und Wiesen<\/strong> nach <strong>Bautzen<\/strong>, dessen Stadtbild bis heute von den mittelalterlichen T\u00fcrmen gepr\u00e4gt ist. Sp\u00e4testens in der <strong>Oberlausitzer Heide- und Teichlandschaft<\/strong> habt ihr unz\u00e4hlige M\u00f6glichkeiten, die beanspruchten Glieder im k\u00fchlen Wasser auszustrecken. Sitzt ihr wieder im Sattel, locken bereits die barocke Altstadt <strong>Cottbus<\/strong>\u2018, das Biosph\u00e4renreservat <strong>Spreewald<\/strong> und der <strong>Kurort Burg<\/strong> \u2013 f\u00fcr echtes Spree-Feeling solltet ihr euch eine <strong>Kahnfahrt<\/strong> nicht entgehen lassen. K\u00e4hne, die ber\u00fchmten Gurken und eine einzigartige Kulturlandschaft begleiten euch fast bis nach <strong>F\u00fcrstenwalde<\/strong>, bevor die Vielfalt der Hauptstadt <strong>Berlin<\/strong> eure ganze Aufmerksamkeit verdient.<\/p>\r\n<figure id=\"attachment_19795\" aria-describedby=\"caption-attachment-19795\" style=\"width: 880px\" class=\"wp-caption alignnone\"><a href=\"https:\/\/www.sonnenklar.tv\/blog\/wp-content\/uploads\/2022\/05\/GettyImages-456028077.jpg_2026243_master.jpg\"><img loading=\"lazy\" decoding=\"async\" class=\"size-full wp-image-19795\" src=\"https:\/\/www.sonnenklar.tv\/blog\/wp-content\/uploads\/2022\/05\/GettyImages-456028077.jpg_2026243_master.jpg\" alt=\"\" width=\"880\" height=\"450\" srcset=\"https:\/\/www.sonnenklar.tv\/blog\/wp-content\/uploads\/2022\/05\/GettyImages-456028077.jpg_2026243_master.jpg 880w, https:\/\/www.sonnenklar.tv\/blog\/wp-content\/uploads\/2022\/05\/GettyImages-456028077.jpg_2026243_master-300x153.jpg 300w, https:\/\/www.sonnenklar.tv\/blog\/wp-content\/uploads\/2022\/05\/GettyImages-456028077.jpg_2026243_master-768x393.jpg 768w\" sizes=\"(max-width: 880px) 100vw, 880px\" \/><\/a><figcaption id=\"caption-attachment-19795\" class=\"wp-caption-text\">Eine kleine Auszeit vom Rad k\u00f6nnt Ihr euch im Kahn auf der Spree g\u00f6nnen<\/figcaption><\/figure>\r\n<p>Spree-Radweg im \u00dcberblick<\/p>\r\n<table class=\"has-fixed-layout\" style=\"height: 172px;\" width=\"721\">\r\n<tbody>\r\n<tr>\r\n<td><strong>Route<\/strong><\/td>\r\n<td class=\"has-text-align-left\">Ebersbach-Neugersdorf \u2013 Berlin<\/td>\r\n<\/tr>\r\n<tr>\r\n<td><strong>L\u00e4nge<\/strong><\/td>\r\n<td class=\"has-text-align-left\">ca. 400 km<\/td>\r\n<\/tr>\r\n<tr>\r\n<td><strong>Steigung<\/strong><\/td>\r\n<td class=\"has-text-align-left\">gering<\/td>\r\n<\/tr>\r\n<tr>\r\n<td><strong>Wege<\/strong><\/td>\r\n<td class=\"has-text-align-left\">\u00fcberwiegend asphaltiert oder befestigt<\/td>\r\n<\/tr>\r\n<tr>\r\n<td><strong>Dauer<\/strong><\/td>\r\n<td class=\"has-text-align-left\">ca. 6 Tage<\/td>\r\n<\/tr>\r\n<tr>\r\n<td><strong>Geeignet f\u00fcr<\/strong><\/td>\r\n<td class=\"has-text-align-left\">Anf\u00e4nger, Fortgeschrittene, sportliche Ambitionierte<\/td>\r\n<\/tr>\r\n<\/tbody>\r\n<\/table>\r\n[otw_shortcode_info_box border_type=&#8220;bordered&#8220; border_color_class=&#8220;otw-orange-border&#8220; border_style=&#8220;bordered&#8220;]<strong>Hoteltipp<\/strong>: M\u00f6chtet ihr das facettenreiche Berlin kennenlernen, wie es leibt und lebt, solltet ihr bei unseren <a href=\"https:\/\/www.sonnenklar.tv\/promo\/hotels\/hotels-berlin.html\" target=\"_blank\" rel=\"noopener\">Berlin Hotelangeboten<\/a> vorbeischauen.[\/otw_shortcode_info_box]\r\n<h3><a name=\"ostseekuesten-radweg-wind-meer-und-wellen\"><\/a>9. Ostseek\u00fcsten-Radweg: Wind, Meer und Wellen<\/h3>\r\n<p>Meeresk\u00fcsten sind stets besondere, ungew\u00f6hnliche Orte. Auf \u00fcber 1000 km habt ihr auf dem Ostseek\u00fcsten-Radweg, auch bekannt als <strong>D-Route-2<\/strong>, ausreichend Gelegenheit, eins mit der See zu werden. Die Wege sind sehr gut ausgebaut, die Steigungen gut zu bew\u00e4ltigen und bis auf den Wind sind Land und Leute entlang der Route sehr Radler-freundlich. Von <strong>Flensburg<\/strong> wendet ihr euch Richtung Osten und passiert bald <strong>Fehmarn<\/strong> und <strong>Travem\u00fcnde<\/strong>. Fischbr\u00f6tchen und Strand sorgen in Travem\u00fcnde f\u00fcr Urlaubsstimmung, bevor euch kurz darauf die UNESCO-Weltkulturerbe-St\u00e4dte <strong>Wismar<\/strong> und <strong>Stralsund<\/strong> in ihren Bann ziehen. Auszeit von jeglichem Trubel genie\u00dft ihr auf der Halbinsel <strong>Fischland-Dar\u00df-Zingst<\/strong>, die zugleich ein Refugium f\u00fcr verschiedene Vogelarten darstellt. Egal, ob ihr die Ostsee in- und auswendig kennt oder zum ersten Mal Seeluft schnuppert: <strong>R\u00fcgen<\/strong>, Deutschlands gr\u00f6\u00dfte Insel, darf auf einem Ostseek\u00fcsten-Radweg kaum fehlen. Der letzte Teil eures Radurlaubs f\u00fchrt euch schlie\u00dflich nach <strong>Ahlbeck<\/strong> auf <strong>Usedom<\/strong>.<\/p>\r\n<figure id=\"attachment_19782\" aria-describedby=\"caption-attachment-19782\" style=\"width: 880px\" class=\"wp-caption alignnone\"><a href=\"https:\/\/www.sonnenklar.tv\/blog\/wp-content\/uploads\/2022\/05\/GettyImages-478012816.jpg_2026178_master.jpg\"><img loading=\"lazy\" decoding=\"async\" class=\"size-full wp-image-19782\" src=\"https:\/\/www.sonnenklar.tv\/blog\/wp-content\/uploads\/2022\/05\/GettyImages-478012816.jpg_2026178_master.jpg\" alt=\"\" width=\"880\" height=\"450\" srcset=\"https:\/\/www.sonnenklar.tv\/blog\/wp-content\/uploads\/2022\/05\/GettyImages-478012816.jpg_2026178_master.jpg 880w, https:\/\/www.sonnenklar.tv\/blog\/wp-content\/uploads\/2022\/05\/GettyImages-478012816.jpg_2026178_master-300x153.jpg 300w, https:\/\/www.sonnenklar.tv\/blog\/wp-content\/uploads\/2022\/05\/GettyImages-478012816.jpg_2026178_master-768x393.jpg 768w\" sizes=\"(max-width: 880px) 100vw, 880px\" \/><\/a><figcaption id=\"caption-attachment-19782\" class=\"wp-caption-text\">Ausblick auf die wundersch\u00f6ne Ostseek\u00fcste<\/figcaption><\/figure>\r\n<p>Ostseek\u00fcsten-Radweg im \u00dcberblick<\/p>\r\n\r\n<figure class=\"wp-block-table is-style-regular\">\r\n<table class=\"has-fixed-layout\" style=\"height: 172px;\" width=\"721\">\r\n<tbody>\r\n<tr>\r\n<td><strong>Route<\/strong><\/td>\r\n<td class=\"has-text-align-left\">Flensburg \u2013 Ahlbeck<\/td>\r\n<\/tr>\r\n<tr>\r\n<td><strong>L\u00e4nge<\/strong><\/td>\r\n<td class=\"has-text-align-left\">ca. 1060 km<\/td>\r\n<\/tr>\r\n<tr>\r\n<td><strong>Steigung<\/strong><\/td>\r\n<td class=\"has-text-align-left\">gering<\/td>\r\n<\/tr>\r\n<tr>\r\n<td><strong>Wege<\/strong><\/td>\r\n<td class=\"has-text-align-left\">\u00fcberwiegend asphaltiert oder befestigt<\/td>\r\n<\/tr>\r\n<tr>\r\n<td><strong>Dauer<\/strong><\/td>\r\n<td class=\"has-text-align-left\">ca. 13 Tage<\/td>\r\n<\/tr>\r\n<tr>\r\n<td><strong>Geeignet f\u00fcr<\/strong><\/td>\r\n<td class=\"has-text-align-left\">Anf\u00e4nger, Fortgeschrittene, sportliche Ambitionierte<\/td>\r\n<\/tr>\r\n<\/tbody>\r\n<\/table>\r\n<\/figure>\r\n[otw_shortcode_info_box border_type=&#8220;bordered&#8220; border_color_class=&#8220;otw-orange-border&#8220; border_style=&#8220;bordered&#8220;]<strong>Tipp:<\/strong> Oh, du wunderbare Ostsee: Lockt euch die deutsche K\u00fcstenlandschaft, findet ihr unter unseren <a href=\"https:\/\/www.sonnenklar.tv\/promo\/urlaub-ostsee.html\" target=\"_blank\" rel=\"noopener\">Ostsee Angeboten<\/a> sicherlich das Richtige f\u00fcr euch.[\/otw_shortcode_info_box]\r\n<h2>H\u00e4ufig gestellte Fragen zu Radreisen in Deutschland<\/h2>\r\n<p>Ob kurzer Wochenendausflug, eine Woche Radurlaub oder die perfekte Balance aus Kultur und Bewegung: Eine Radreise durch Deutschland m\u00f6chte gut geplant werden. Damit ihr eine bessere \u00dcbersicht bekommt, beantworten wir hier eure h\u00e4ufigen Fragen zum Thema.<\/p>\r\n<h3><a name=\"welches-bundesland-hat-die-meisten-radwege\"><\/a>Welches Bundesland hat die meisten Radwege?<\/h3>\r\n<p>Im Jahr 2020 hatte das Bundesland Niedersachsen mit einer Gesamtl\u00e4nge von rund 1400 Kilometern den gr\u00f6\u00dften Anteil an Radwegen entlang der Bundes-, Landes- und Kreisstra\u00dfen in Deutschland. Deutschlandweit betrug dieser Wert rund 6.840 Kilometer. Allerdings verbinden gerade l\u00e4ngere Routen und Radwanderwege wie etwa der Donau- oder Elberadweg oftmals mehrere Bundesl\u00e4nder miteinander, sodass die genaue Anzahl der Radwege eines Bundeslands f\u00fcr eine Radreise in Deutschland eher unerheblich ist. Nicht zuletzt h\u00e4ngt der Erfolg eurer Radtour ja auch von der Wegbeschaffenheit, den Sehensw\u00fcrdigkeiten und nat\u00fcrlich auch vom Wetter ab.<\/p>\r\n<h3><a name=\"wer-organisiert-radtouren\"><\/a>Wer organisiert Radtouren?<\/h3>\r\n<p>In Deutschland gibt es viele Anbieter, die Radtouren, ob kurz oder lang, organisieren. Eine erste Anlaufstelle k\u00f6nnte zum Beispiel der ADFC, der Allgemeine Deutsche Fahrrad-Club e.V., sein. Auch bei uns findet ihr organisierte Radtouren, die euch das Radland Deutschland und seine Nachbarl\u00e4nder n\u00e4herbringen.<\/p>\r\n<h3><a name=\"welches-ist-der-schoenste-radweg-in-deutschland\"><\/a>Welches ist der sch\u00f6nste Radweg in Deutschland?<\/h3>\r\n<p>Laut einer Umfrage des ADFC z\u00e4hlt der Elberadweg zwischen Cuxhaven und Bad Schandau zu den sch\u00f6nsten Radwegen Deutschlands. M\u00f6chtet ihr w\u00e4hrend eures Radurlaubs auf das Meer nicht verzichten, k\u00f6nnte hingegen der Ostseek\u00fcsten-Radweg die richtige Wahl f\u00fcr euch sein, der ebenfalls unter den Top 10 gelistet ist. Wein und Berge findet ihr im S\u00fcden Deutschlands \u2013 sowohl MainRadweg als auch Bodensee-K\u00f6nigssee-Radweg verbinden Natur, Kultur und idyllische Panoramen ganz hervorragend miteinander.<\/p>\r\n<h2>Fazit zu Radreisen Deutschland<\/h2>\r\n<p>Von den m\u00e4chtigen Bergketten der Alpen \u00fcber lieblich geschwungene Weinberge und Vulkanlandschaften bis hin zu malerischen Flusswegen und dem rauen Wind der Ostsee: Deutschland hat eine unglaubliche Vielfalt an Natur- und Kulturlandschaften, die nur darauf warten, von euch entdeckt zu werden. Ein Fahrradurlaub in Deutschland ist dabei eine faszinierende M\u00f6glichkeit, um die Freiheit und den Wind um die Nase zu sp\u00fcren und das eigene Land auf eine v\u00f6llig neue Art und zu Weise erkunden. M\u00f6chtet ihr euren Urlaub aktiv und doch genussvoll verbringen, solltet ihr euren Drahtesel unbedingt mitnehmen.<\/p>\r\n[otw_shortcode_info_box border_type=&#8220;bordered&#8220; border_color_class=&#8220;otw-orange-border&#8220; border_style=&#8220;bordered&#8220;]Zum Losradeln: Lasst euch von unseren <a href=\"https:\/\/www.sonnenklar.tv\/promo\/fahrradurlaub-deutschland.html\" target=\"_blank\" rel=\"noopener\">Angeboten f\u00fcr Fahrradurlaub in Deutschland<\/a> inspirieren oder durchst\u00f6bert gleich unsere sch\u00f6nsten <a href=\"https:\/\/www.sonnenklar.tv\/promo\/hotels\/hotels-deutschland.html\" target=\"_blank\" rel=\"noopener\">Hotels in Deutschland<\/a>.[\/otw_shortcode_info_box]\r\n","protected":false},"excerpt":{"rendered":"<p>Entlang tiefblauer Fl\u00fcsse und historischer St\u00e4dte erlebt ihr bei Radreisen in Deutschland einzigartige Kulturlandschaften und Naturschutzgebiete auf eine neue, entschleunigte Art und Weise. Von Nord nach S\u00fcd, von Ost nach West warten tausende Kilometer bestausgebaute Radwege, stille Waldpfade und steiles Gel\u00e4nde auf euch \u2013 eben f\u00fcr jeden die passende Route. Nur ihr und euer Bike.<\/p>\n","protected":false},"author":3,"featured_media":19799,"comment_status":"closed","ping_status":"open","sticky":false,"template":"","format":"standard","meta":{"footnotes":""},"categories":[560,463,9],"tags":[506,496,553,579],"class_list":{"0":"post-19737","1":"post","2":"type-post","3":"status-publish","4":"format-standard","5":"has-post-thumbnail","7":"category-aktivurlaub","8":"category-deutschland","9":"category-eigenanreise","10":"tag-aktivitaeten","11":"tag-deutschland","12":"tag-radreisen","13":"tag-sport"},"_links":{"self":[{"href":"https:\/\/www.sonnenklar.tv\/blog\/wp-json\/wp\/v2\/posts\/19737","targetHints":{"allow":["GET"]}}],"collection":[{"href":"https:\/\/www.sonnenklar.tv\/blog\/wp-json\/wp\/v2\/posts"}],"about":[{"href":"https:\/\/www.sonnenklar.tv\/blog\/wp-json\/wp\/v2\/types\/post"}],"author":[{"embeddable":true,"href":"https:\/\/www.sonnenklar.tv\/blog\/wp-json\/wp\/v2\/users\/3"}],"replies":[{"embeddable":true,"href":"https:\/\/www.sonnenklar.tv\/blog\/wp-json\/wp\/v2\/comments?post=19737"}],"version-history":[{"count":22,"href":"https:\/\/www.sonnenklar.tv\/blog\/wp-json\/wp\/v2\/posts\/19737\/revisions"}],"predecessor-version":[{"id":24897,"href":"https:\/\/www.sonnenklar.tv\/blog\/wp-json\/wp\/v2\/posts\/19737\/revisions\/24897"}],"wp:featuredmedia":[{"embeddable":true,"href":"https:\/\/www.sonnenklar.tv\/blog\/wp-json\/wp\/v2\/media\/19799"}],"wp:attachment":[{"href":"https:\/\/www.sonnenklar.tv\/blog\/wp-json\/wp\/v2\/media?parent=19737"}],"wp:term":[{"taxonomy":"category","embeddable":true,"href":"https:\/\/www.sonnenklar.tv\/blog\/wp-json\/wp\/v2\/categories?post=19737"},{"taxonomy":"post_tag","embeddable":true,"href":"https:\/\/www.sonnenklar.tv\/blog\/wp-json\/wp\/v2\/tags?post=19737"}],"curies":[{"name":"wp","href":"https:\/\/api.w.org\/{rel}","templated":true}]}}