{"id":19635,"date":"2022-05-09T09:21:31","date_gmt":"2022-05-09T08:21:31","guid":{"rendered":"https:\/\/www.sonnenklar.tv\/blog\/?p=19635"},"modified":"2025-11-24T16:56:40","modified_gmt":"2025-11-24T15:56:40","slug":"camping-daenemark-tipps","status":"publish","type":"post","link":"https:\/\/www.sonnenklar.tv\/blog\/reisetipps\/camping-daenemark-tipps\/","title":{"rendered":"Unsere Tipps f\u00fcr Camping in D\u00e4nemark \u2013 Urlaub zwischen Nord- und Ostsee"},"content":{"rendered":"<p><strong>Weite D\u00fcnenlandschaften hinter endlos langen Str\u00e4nden, idyllische St\u00e4dte und D\u00f6rfer und immer eine erfrischende Brise Wind \u2013 D\u00e4nemark ist vielleicht ein kleines Land, aber in Sachen Entspannung ganz gro\u00df. Kommt mit uns auf eine Reise in ein Land, das zu den gl\u00fccklichsten L\u00e4ndern dieser Welt geh\u00f6rt. Wir geben euch Tipps zum Camping in D\u00e4nemark.<\/strong><\/p>\n<p>Ein Netzwerk der Vereinten Nationen ver\u00f6ffentlicht seit 2012 jedes Jahr den \u201eWorld Happiness Report\u201c. Laut diesem z\u00e4hlen die D\u00e4nen zu den gl\u00fccklichsten Menschen der Welt. Warum das so ist, k\u00f6nnt ihr w\u00e4hrend einer Rundreise durch das Land hautnah erleben. Wir geben euch Tipps f\u00fcr eine Tour im Wohnmobil und stellen euch die Orte vor, die ihr nicht verpassen d\u00fcrft. Vielleicht geben euch die D\u00e4nen ja ein bisschen von ihrem Gl\u00fcck mit nach Hause.<\/p>\n<p><strong>Inhaltsverzeichnis<\/strong><\/p>\n<ul>\n<li><a href=\"#daenemark-allgemeine-info\">Wissenswertes zum D\u00e4nemark Camping<\/a><\/li>\n<li><a href=\"#daenemark-camper-planung\">Tipps zur Planung eures Campingurlaubs in D\u00e4nemark<\/a><\/li>\n<li><a href=\"#daenemark-camping-erkunden\">D\u00e4nemark mit dem Wohnmobil erkunden<\/a><\/li>\n<li><a href=\"#daenemark-campingplaetze-zahl\">Campingpl\u00e4tze in D\u00e4nemark \u2013 Das solltet ihr beachten<\/a><\/li>\n<li><a href=\"#daenemark-camping-tourenvorschlag\">Camping D\u00e4nemark \u2013 unsere Routenempfehlung<\/a><\/li>\n<\/ul>\n<h2>Das Wichtigste im \u00dcberblick<\/h2>\n<ul>\n<li>Die beste Reisezeit f\u00fcr einen Campingurlaub in D\u00e4nemark ist der <strong>Sommer<\/strong>. Highlight zu dieser Zeit ist insbesondere das traditionelle <strong>Mittsommerfest.<\/strong><\/li>\n<li>In D\u00e4nemark gibt es <strong>kein Jedermannsrecht<\/strong>. Allerdings finden sich zahlreiche <strong>Campingpl\u00e4tze<\/strong> inmitten unber\u00fchrter Natur oder direkt am Meer.<\/li>\n<li>Neben faszinierenden <strong>maritimen Landschaften<\/strong> entdeckt ihr in D\u00e4nemark lebendige und <strong>bunte St\u00e4dte<\/strong>, die ihr am besten mit dem Fahrrad erkundet.<\/li>\n<\/ul>\n<h2><a name=\"daenemark-allgemeine-info\"><\/a>Wissenswertes zum D\u00e4nemark Camping<\/h2>\n<p>Wenn ihr ein Wohnmobil euer Eigen nennt, empfehlen wir die Anreise mit diesem. Da D\u00e4nemark direkt n\u00f6rdlich von Deutschland liegt, seid ihr schnell dort und m\u00fcsst nicht erst mit einer F\u00e4hre \u00fcbersetzen, um euer Abenteuer zu starten. Au\u00dfer der \u00f6stlichen Insel Bornholm, erreicht ihr fast alle Orte \u00fcber Stra\u00dfen und Br\u00fccken. Ihr k\u00f6nnt aber auch nach Kopenhagen fliegen und euren Camper dort anmieten.<\/p>\n<figure id=\"attachment_19717\" aria-describedby=\"caption-attachment-19717\" style=\"width: 880px\" class=\"wp-caption alignnone\"><a href=\"https:\/\/www.sonnenklar.tv\/blog\/wp-content\/uploads\/2022\/05\/GettyImages-1065442200_kl.jpg\"><img fetchpriority=\"high\" decoding=\"async\" class=\"wp-image-19717 size-full\" src=\"https:\/\/www.sonnenklar.tv\/blog\/wp-content\/uploads\/2022\/05\/GettyImages-1065442200_kl.jpg\" alt=\"\" width=\"880\" height=\"450\" srcset=\"https:\/\/www.sonnenklar.tv\/blog\/wp-content\/uploads\/2022\/05\/GettyImages-1065442200_kl.jpg 880w, https:\/\/www.sonnenklar.tv\/blog\/wp-content\/uploads\/2022\/05\/GettyImages-1065442200_kl-300x153.jpg 300w, https:\/\/www.sonnenklar.tv\/blog\/wp-content\/uploads\/2022\/05\/GettyImages-1065442200_kl-768x393.jpg 768w\" sizes=\"(max-width: 880px) 100vw, 880px\" \/><\/a><figcaption id=\"caption-attachment-19717\" class=\"wp-caption-text\">Mittsommerfest feiern mit dem Camper und der ganzen Familie.<\/figcaption><\/figure>\n<p>Die beste Zeit f\u00fcr Camping in D\u00e4nemark ist nat\u00fcrlich der <strong>Sommer<\/strong>. Ein ganz besonderes Erlebnis erwartet euch am 23. Juni, wenn die D\u00e4nen (wie alle Skandinavier) das <strong>Mittsommerfest<\/strong> feiern. Das Fr\u00fchjahr kann sehr sch\u00f6n sein, aber auch noch unbest\u00e4ndig. Zwischen Mai und September sind die <strong>Temperaturen angenehm<\/strong> und in der Regel ist ein Regenschauer genauso schnell weggezogen, wie er angeflogen kam. Der Herbst ist an den K\u00fcsten in unserem Nachbarland oftmals sehr st\u00fcrmisch. Der Winter ist zwar nicht besonders kalt, aber in der Regel nass, windig und ungem\u00fctlich.<\/p>\n<h2><a name=\"daenemark-camper-planung\"><\/a>Tipps zur Planung eures Campingurlaubs in D\u00e4nemark<\/h2>\n<p>Wenn ihr mit eurem eigenen Wohnmobil anreist oder aber euer Fahrzeug schon in der N\u00e4he eures Heimatortes anmietet, habt ihr nat\u00fcrlich den Vorteil, dass ihr alles, was ihr im Urlaub braucht, schon zu Hause in aller Ruhe einpacken k\u00f6nnt. Wenn ihr erst mit dem Flieger nach D\u00e4nemark fliegt, k\u00f6nnt ihr nicht so viel einpacken und m\u00fcsst die Ausr\u00fcstung vor Ort ausleihen. Welche Variante g\u00fcnstiger ist, solltet ihr vor der Buchung des Campers einmal durchrechnen.<\/p>\n<figure id=\"attachment_19721\" aria-describedby=\"caption-attachment-19721\" style=\"width: 880px\" class=\"wp-caption alignnone\"><a href=\"https:\/\/www.sonnenklar.tv\/blog\/wp-content\/uploads\/2022\/05\/GettyImages-1354237603_kl.jpg\"><img decoding=\"async\" class=\"wp-image-19721 size-full\" src=\"https:\/\/www.sonnenklar.tv\/blog\/wp-content\/uploads\/2022\/05\/GettyImages-1354237603_kl.jpg\" alt=\"\" width=\"880\" height=\"450\" srcset=\"https:\/\/www.sonnenklar.tv\/blog\/wp-content\/uploads\/2022\/05\/GettyImages-1354237603_kl.jpg 880w, https:\/\/www.sonnenklar.tv\/blog\/wp-content\/uploads\/2022\/05\/GettyImages-1354237603_kl-300x153.jpg 300w, https:\/\/www.sonnenklar.tv\/blog\/wp-content\/uploads\/2022\/05\/GettyImages-1354237603_kl-768x393.jpg 768w\" sizes=\"(max-width: 880px) 100vw, 880px\" \/><\/a><figcaption id=\"caption-attachment-19721\" class=\"wp-caption-text\">Die richtige Planung der Reise ist das A und O.<\/figcaption><\/figure>\n<p>Anders als in Norwegen und Schweden gibt es in D\u00e4nemark kein Jedermannsrecht. Das bedeutet, dass ihr euer Fahrzeug nur an ausgewiesenen Pl\u00e4tzen parken d\u00fcrft. Daf\u00fcr bietet D\u00e4nemark mit Pintrip ein Programm, bei dem ihr nach dem Kauf einer Vignette bei derzeit 750 privaten Gastgebern eine Nacht in deren Garten verbringen k\u00f6nnt. Mit eurer Mitgliedschaft erhaltet ihr eine Vignette, den Guide mit den Adressen und Zugang zu Entsorgungsstationen der d\u00e4nischen Stra\u00dfenverwaltung.<\/p>\n<h2><a name=\"daenemark-camping-erkunden\"><\/a>D\u00e4nemark mit dem Wohnmobil erkunden<\/h2>\n<p>D\u00e4nemark ist gerade mal halb so gro\u00df wie \u00d6sterreich. Somit bietet es sich an, den Stellplatz nicht jeden Tag zu wechseln. Das gibt euch die M\u00f6glichkeit, die jeweilige Umgebung ausgiebig zu erkunden. Da das Land zudem recht flach ist, empfiehlt es sich, Fahrr\u00e4der mitzubringen und gem\u00fctliche Radtouren zu machen.<\/p>\n<p>Das Stra\u00dfennetz in D\u00e4nemark ist gut ausgebaut und so bietet sich das Land besonders dann f\u00fcr euch an, wenn ihr zum ersten Mal mit einem Camper auf Tour geht. Keine engen, kurvigen Bergstra\u00dfen und gen\u00fcgend Platz, um sich mit den Besonderheiten beim Fahren eines Fahrzeugs dieser Gr\u00f6\u00dfe vertraut zu machen.<\/p>\n<figure id=\"attachment_19719\" aria-describedby=\"caption-attachment-19719\" style=\"width: 880px\" class=\"wp-caption alignnone\"><a href=\"https:\/\/www.sonnenklar.tv\/blog\/wp-content\/uploads\/2022\/05\/GettyImages-157398116.jpg_3481696_master.jpg\"><img decoding=\"async\" class=\"size-full wp-image-19719\" src=\"https:\/\/www.sonnenklar.tv\/blog\/wp-content\/uploads\/2022\/05\/GettyImages-157398116.jpg_3481696_master.jpg\" alt=\"\" width=\"880\" height=\"450\" srcset=\"https:\/\/www.sonnenklar.tv\/blog\/wp-content\/uploads\/2022\/05\/GettyImages-157398116.jpg_3481696_master.jpg 880w, https:\/\/www.sonnenklar.tv\/blog\/wp-content\/uploads\/2022\/05\/GettyImages-157398116.jpg_3481696_master-300x153.jpg 300w, https:\/\/www.sonnenklar.tv\/blog\/wp-content\/uploads\/2022\/05\/GettyImages-157398116.jpg_3481696_master-768x393.jpg 768w\" sizes=\"(max-width: 880px) 100vw, 880px\" \/><\/a><figcaption id=\"caption-attachment-19719\" class=\"wp-caption-text\">D\u00e4nemark ist alternativ perfekt mit dem Rad zu erkunden<\/figcaption><\/figure>\n<p>Bei der Buchung eures mobilen Urlaubsdomizils solltet ihr unbedingt die verschiedenen Angebote vergleichen. Je nachdem, wo ihr das Fahrzeug abholt, kann es beim Mietpreis gro\u00dfe Unterschiede geben. Auch die beinhalteten Leistungen variieren oft sehr stark. Daher schaut genau, was f\u00fcr Versicherungen inkludiert sind und mit welcher Ausstattung das Fahrzeug bereitgestellt wird.<\/p>\n<p><strong>Tipp:<\/strong> Ihr sucht noch den passenden Camper f\u00fcr eure Rundreise durch D\u00e4nemark? Dann schaut doch bei unseren <a href=\"https:\/\/www.sonnenklar.tv\/camper.html\" target=\"_blank\" rel=\"noopener\">Angeboten f\u00fcr Wohnmobile und Camper<\/a> vorbei.<\/p>\n<p>Wie lange ihr in D\u00e4nemark unterwegs sein wollt, h\u00e4ngt nat\u00fcrlich von der Zeit ab, die ihr f\u00fcr euren Urlaub plant und wie viel Budget ihr f\u00fcr die Reise vorgesehen habt. Ihr k\u00f6nnt in einer Woche schon sehr viel sehen, aber entspannter wird die Reise, wenn ihr euch zwei Wochen Zeit nehmt.<\/p>\n<h2><a name=\"daenemark-campingplaetze-zahl\"><\/a>Campingpl\u00e4tze in D\u00e4nemark \u2013 Das solltet ihr beachten<\/h2>\n<p>Zwischen Nord- und Ostsee stehen euch etwa<strong> 500 Campingpl\u00e4tze<\/strong> zur Verf\u00fcgung. Diese befinden sich mal in unber\u00fchrter Natur, mal in Strandn\u00e4he. Viele der Pl\u00e4tze bieten neben einem Stellplatz und Versorgungsstationen auch <strong>Freizeitaktivit\u00e4ten<\/strong> wie Pools, Spielpl\u00e4tze, Unterhaltungsprogramme oder auch Sportm\u00f6glichkeiten.<\/p>\n<figure id=\"attachment_19718\" aria-describedby=\"caption-attachment-19718\" style=\"width: 880px\" class=\"wp-caption alignnone\"><a href=\"https:\/\/www.sonnenklar.tv\/blog\/wp-content\/uploads\/2022\/05\/GettyImages-978333248_kl.jpg\"><img loading=\"lazy\" decoding=\"async\" class=\"size-full wp-image-19718\" src=\"https:\/\/www.sonnenklar.tv\/blog\/wp-content\/uploads\/2022\/05\/GettyImages-978333248_kl.jpg\" alt=\"\" width=\"880\" height=\"450\" srcset=\"https:\/\/www.sonnenklar.tv\/blog\/wp-content\/uploads\/2022\/05\/GettyImages-978333248_kl.jpg 880w, https:\/\/www.sonnenklar.tv\/blog\/wp-content\/uploads\/2022\/05\/GettyImages-978333248_kl-300x153.jpg 300w, https:\/\/www.sonnenklar.tv\/blog\/wp-content\/uploads\/2022\/05\/GettyImages-978333248_kl-768x393.jpg 768w\" sizes=\"(max-width: 880px) 100vw, 880px\" \/><\/a><figcaption id=\"caption-attachment-19718\" class=\"wp-caption-text\">Campingplatz in Hirtshals direkt am Strand<\/figcaption><\/figure>\n<p>Die zwanzig Pl\u00e4tze der <strong>Dansk Camping Union<\/strong> sind bekannt daf\u00fcr, dass sie an besonders sch\u00f6nen Orten liegen, oftmals umgeben von viel Natur oder aber in der N\u00e4he von sehenswerten kleinen St\u00e4dten. Einige befinden sich sogar <strong>direkt am Wasser<\/strong>. Ihr habt also die Qual der Wahl zwischen dem Wattenmeer im Westen und Bornholm im Osten. Allerdings empfehlen wir euch vor allem, wenn ihr im Juli und August das Land bereisen wollt, die Pl\u00e4tze schon <strong>im Voraus zu buchen<\/strong>. Irgendeinen Platz werdet ihr zwar immer finden, aber ohne Vorausbuchung vielleicht nicht den, der euch bei der Planung eurer Tour so gut gefallen hat.<\/p>\n<h2><a name=\"daenemark-camping-tourenvorschlag\"><\/a>Camping D\u00e4nemark \u2013 unsere Routenempfehlung<\/h2>\n<p>Die Landschaft in D\u00e4nemark ist relativ flach und maritim gepr\u00e4gt. An den K\u00fcsten von Nord- und Ostsee findet ihr <strong>lange Str\u00e4nde<\/strong>, die oft von malerischen <strong>D\u00fcnenlandschaften<\/strong> begrenzt werden. Im Landesinneren wechseln sich weite Felder mit <strong>dichten W\u00e4ldern<\/strong> ab. Au\u00dferhalb der gro\u00dfen St\u00e4dte entdeckt ihr hier w\u00e4hrend eures Campingurlaubs in D\u00e4nemark vor allem eines \u2013 <strong>viel unber\u00fchrte Natur<\/strong>.<\/p>\n<h3><strong>Ribe \u2013 die \u00e4lteste Stadt D\u00e4nemarks<\/strong><\/h3>\n<p>Die Geschichte der Stadt begann um das Jahr 700, als die Wikinger hier einen Marktplatz schufen. Einen Einblick in das Leben der ber\u00fchmten Seefahrer erhaltet ihr im <strong>Ribe VikingeCenter, <\/strong>wo ihr durch ein Wikingerdorf wandelt. Im <strong>mittelalterlichen<\/strong> <strong>Stadtzentrum<\/strong> schlendert ihr \u00fcber Kopfsteinpflaster und k\u00f6nnt dabei einen gem\u00fctlichen Einkaufsbummel machen. Am Abend habt ihr dann die M\u00f6glichkeit, den <strong>Nachtw\u00e4chter<\/strong> auf seinem Rundgang zu begleiten. Sehenswert ist auch das <strong>Wattenmeerzentrum<\/strong>, in dem ihr unter anderem das Wattenmeer aus der Sicht der V\u00f6gel erkundet.<\/p>\n<figure id=\"attachment_19696\" aria-describedby=\"caption-attachment-19696\" style=\"width: 880px\" class=\"wp-caption alignnone\"><a href=\"https:\/\/www.sonnenklar.tv\/blog\/wp-content\/uploads\/2022\/04\/GettyImages-180325995.jpg_2089813_master.jpg\"><img loading=\"lazy\" decoding=\"async\" class=\"size-full wp-image-19696\" src=\"https:\/\/www.sonnenklar.tv\/blog\/wp-content\/uploads\/2022\/04\/GettyImages-180325995.jpg_2089813_master.jpg\" alt=\"\" width=\"880\" height=\"450\" srcset=\"https:\/\/www.sonnenklar.tv\/blog\/wp-content\/uploads\/2022\/04\/GettyImages-180325995.jpg_2089813_master.jpg 880w, https:\/\/www.sonnenklar.tv\/blog\/wp-content\/uploads\/2022\/04\/GettyImages-180325995.jpg_2089813_master-300x153.jpg 300w, https:\/\/www.sonnenklar.tv\/blog\/wp-content\/uploads\/2022\/04\/GettyImages-180325995.jpg_2089813_master-768x393.jpg 768w\" sizes=\"(max-width: 880px) 100vw, 880px\" \/><\/a><figcaption id=\"caption-attachment-19696\" class=\"wp-caption-text\">Platz von Ribe, mittelalterliche Stadt und die alte Hauptstadt von D\u00e4nemark<\/figcaption><\/figure>\n\n<table id=\"tablepress-111\" class=\"tablepress tablepress-id-111\">\n<tbody class=\"row-hover\">\n<tr class=\"row-1\">\n\t<td class=\"column-1\"><strong>Top Sehensw\u00fcrdigkeiten:<\/strong><\/td><td class=\"column-2\">Dom zu Ribe, Ribe Wikinger Museum, Hexenmuseum, Ribe Jazzfestival im Juli, Ausflug zur Insel R\u00f8m\u00f8<\/td>\n<\/tr>\n<tr class=\"row-2\">\n\t<td class=\"column-1\"><strong>Campingplatz in der N\u00e4he:<\/strong><\/td><td class=\"column-2\">Mitten im Gr\u00fcnen zwischen der malerischen Altstadt und dem Nationalpark Wattenmeer befindet sich Ribe Camping mit seinen Fachwerkh\u00fctten.<\/td>\n<\/tr>\n<\/tbody>\n<\/table>\n<!-- #tablepress-111 from cache -->\n<h3><strong>Billund \u2013 die Heimat der bunten Bausteine<\/strong><\/h3>\n<p>Wenn ihr Fans von Themenparks seid, werdet ihr hier einen Stopp einlegen wollen. Was 1968 mit dem <strong>Miniland<\/strong>, in dem St\u00e4dte und Bauwerke im Miniaturformat aus Legosteinen nachgebaut wurden, begann, ist heute ein riesiger Vergn\u00fcgungspark f\u00fcr alle Fans der bunten Bausteine. Ganz in der N\u00e4he des <strong>LEGOLAND<\/strong><strong>\u00ae<\/strong> befindet sich das Badeparadies <strong>Lalandia<\/strong>. Dort k\u00f6nnt ihr im tropischen Aquadome einen Badetag verbringen. Dabei habt ihr die Wahl zwischen wilden Rutschen oder Wellness und Entspannung.<\/p>\n<figure id=\"attachment_19697\" aria-describedby=\"caption-attachment-19697\" style=\"width: 880px\" class=\"wp-caption alignnone\"><a href=\"https:\/\/www.sonnenklar.tv\/blog\/wp-content\/uploads\/2022\/04\/GettyImages-476921818_3477724_master.jpg\"><img loading=\"lazy\" decoding=\"async\" class=\"wp-image-19697 size-full\" src=\"https:\/\/www.sonnenklar.tv\/blog\/wp-content\/uploads\/2022\/04\/GettyImages-476921818_3477724_master.jpg\" alt=\"\" width=\"880\" height=\"450\" srcset=\"https:\/\/www.sonnenklar.tv\/blog\/wp-content\/uploads\/2022\/04\/GettyImages-476921818_3477724_master.jpg 880w, https:\/\/www.sonnenklar.tv\/blog\/wp-content\/uploads\/2022\/04\/GettyImages-476921818_3477724_master-300x153.jpg 300w, https:\/\/www.sonnenklar.tv\/blog\/wp-content\/uploads\/2022\/04\/GettyImages-476921818_3477724_master-768x393.jpg 768w\" sizes=\"(max-width: 880px) 100vw, 880px\" \/><\/a><figcaption id=\"caption-attachment-19697\" class=\"wp-caption-text\">Abk\u00fchlung und Spa\u00df bei einem Badetag mit der gesamten Familie<\/figcaption><\/figure>\n\n<table id=\"tablepress-112\" class=\"tablepress tablepress-id-112\">\n<tbody class=\"row-hover\">\n<tr class=\"row-1\">\n\t<td class=\"column-1\"><strong>Campingplatz in der N\u00e4he:<\/strong><\/td><td class=\"column-2\">Vorbasse Camping ist nur ca. 12 Kilometer vom Legoland entfernt und bietet euch auch auf dem Platz spannende Aktivit\u00e4ten.<\/td>\n<\/tr>\n<\/tbody>\n<\/table>\n<!-- #tablepress-112 from cache -->\n<h3>Jelling \u2013 das Erbe der Wikinger<\/h3>\n<p>Nur wenige Fahrminuten von Billund entfernt, taucht ihr wieder tief ein in die Geschichte D\u00e4nemarks. Unter dem Begriff <strong>Jelling-Monumente<\/strong> wurden hier bereits 1994 bedeutende Zeugnisse der Wikingerzeit in die Liste des <strong>UNESCO-Weltkulturerbes <\/strong>aufgenommen. K\u00f6nig Harald Blauzahn lie\u00df hier neben zwei Grabh\u00fcgeln eine Kirche errichten und zwei Runensteine aufstellen. Auf einem der Steine ist die \u00e4lteste Inschrift, die vom Volk der D\u00e4nen spricht, in Stein gemei\u00dfelt.<\/p>\n<figure id=\"attachment_19698\" aria-describedby=\"caption-attachment-19698\" style=\"width: 880px\" class=\"wp-caption alignnone\"><a href=\"https:\/\/www.sonnenklar.tv\/blog\/wp-content\/uploads\/2022\/04\/GettyImages-1293502756_kl.jpg\"><img loading=\"lazy\" decoding=\"async\" class=\"size-full wp-image-19698\" src=\"https:\/\/www.sonnenklar.tv\/blog\/wp-content\/uploads\/2022\/04\/GettyImages-1293502756_kl.jpg\" alt=\"\" width=\"880\" height=\"450\" srcset=\"https:\/\/www.sonnenklar.tv\/blog\/wp-content\/uploads\/2022\/04\/GettyImages-1293502756_kl.jpg 880w, https:\/\/www.sonnenklar.tv\/blog\/wp-content\/uploads\/2022\/04\/GettyImages-1293502756_kl-300x153.jpg 300w, https:\/\/www.sonnenklar.tv\/blog\/wp-content\/uploads\/2022\/04\/GettyImages-1293502756_kl-768x393.jpg 768w\" sizes=\"(max-width: 880px) 100vw, 880px\" \/><\/a><figcaption id=\"caption-attachment-19698\" class=\"wp-caption-text\">Hoher Blick auf die Kirche Jelling, wo sich der ber\u00fchmte Jelling Runenstein befindet<\/figcaption><\/figure>\n\n<table id=\"tablepress-113\" class=\"tablepress tablepress-id-113\">\n<tbody class=\"row-hover\">\n<tr class=\"row-1\">\n\t<td class=\"column-1\"><strong>Top Sehensw\u00fcrdigkeiten:<\/strong><\/td><td class=\"column-2\">\u00a0\u201eTaufschein\u201c D\u00e4nemarks, Erlebniszentrum Kongernes Jelling, historische Kirche, F\u00e5rup\u00a0See<\/td>\n<\/tr>\n<tr class=\"row-2\">\n\t<td class=\"column-1\"><strong>Campingplatz in der N\u00e4he:<\/strong><\/td><td class=\"column-2\">F\u00e5rup S\u00f8 Camping liegt direkt an einem See inmitten einer unber\u00fchrten Naturlandschaft.<\/td>\n<\/tr>\n<\/tbody>\n<\/table>\n<!-- #tablepress-113 from cache -->\n<h3>Nationalpark Thy &#8211;\u00a0 die raue Nordseek\u00fcste<\/h3>\n<p>An der nordwestlichen K\u00fcste zwischen <strong>Agger Tange<\/strong> und <strong>Hanstholm<\/strong> erkundet ihr auf 244 Quadratkilometern D\u00e4nemarks \u00e4ltesten Nationalpark. W\u00e4hrend ihr an der K\u00fcste durch grasbewachsene <strong>D\u00fcnenlandschaften<\/strong> wandert und euch den Wind durch die Haare wehen lassen k\u00f6nnt, erwarten euch dahinter duftende <strong>Kiefernw\u00e4lder<\/strong> mit schattigen Rad- und Wanderwegen. Der s\u00fcdliche Teil des Parks, die Agger Tange, ist ein wichtiger Rastplatz f\u00fcr die Zugv\u00f6gel auf ihren langen Reisen.<\/p>\n<figure id=\"attachment_19710\" aria-describedby=\"caption-attachment-19710\" style=\"width: 880px\" class=\"wp-caption alignnone\"><a href=\"https:\/\/www.sonnenklar.tv\/blog\/wp-content\/uploads\/2022\/05\/GettyImages-1368152298_kl.jpg\"><img loading=\"lazy\" decoding=\"async\" class=\"wp-image-19710 size-full\" src=\"https:\/\/www.sonnenklar.tv\/blog\/wp-content\/uploads\/2022\/05\/GettyImages-1368152298_kl.jpg\" alt=\"\" width=\"880\" height=\"450\" srcset=\"https:\/\/www.sonnenklar.tv\/blog\/wp-content\/uploads\/2022\/05\/GettyImages-1368152298_kl.jpg 880w, https:\/\/www.sonnenklar.tv\/blog\/wp-content\/uploads\/2022\/05\/GettyImages-1368152298_kl-300x153.jpg 300w, https:\/\/www.sonnenklar.tv\/blog\/wp-content\/uploads\/2022\/05\/GettyImages-1368152298_kl-768x393.jpg 768w\" sizes=\"(max-width: 880px) 100vw, 880px\" \/><\/a><figcaption id=\"caption-attachment-19710\" class=\"wp-caption-text\">Mutter und Tochter spielen gemeinsam am Strand<\/figcaption><\/figure>\n\n<table id=\"tablepress-114\" class=\"tablepress tablepress-id-114\">\n<tbody class=\"row-hover\">\n<tr class=\"row-1\">\n\t<td class=\"column-1\"><strong>Top Sehensw\u00fcrdigkeiten:<\/strong><\/td><td class=\"column-2\">Hanstholm Leuchtturm, Vogelturm an der Tved D\u00fcne, Hanstholm Wildreservat, Infozentrum Stenbjerg, Lodbjerg Leuchtturm<\/td>\n<\/tr>\n<tr class=\"row-2\">\n\t<td class=\"column-1\"><strong>Campingplatz in der N\u00e4he:<\/strong><\/td><td class=\"column-2\">Vorup\u00f8r Camping hat eine sensationelle Lage am Strand mitten im Nationalpark.<\/td>\n<\/tr>\n<\/tbody>\n<\/table>\n<!-- #tablepress-114 from cache -->\n<h3>Rubjerg Knude \u2013 D\u00e4nemarks ber\u00fchmteste Wanderd\u00fcne<\/h3>\n<p>Ein beeindruckendes Naturschauspiel erwartet euch beim Camping in D\u00e4nemark in der N\u00e4he von <strong>L\u00f8nstrup<\/strong> fast an der Nordspitze von J\u00fctland. Felsige Verwerfungen aus der letzten Eiszeit sind hier von etwa 50 Meter Sand bedeckt. Der Wind, der von der Nordsee \u00fcber das Land bl\u00e4st, schafft hier Wanderd\u00fcnen und l\u00e4sst nach und nach eine Steilk\u00fcste mit Klippen entstehen. Die gr\u00f6\u00dfte Wanderd\u00fcne ist die Rubjerg Knude mit einer H\u00f6he von bis zu <strong>100 Metern<\/strong>. Der im Jahr 1900 eingeweihte <strong>Leuchtturm<\/strong> drohte ins Meer zu st\u00fcrzen. Deshalb hat man ihn im Oktober 2019 in einer spektakul\u00e4ren Aktion 70 Meter weiter ins Landesinnere gezogen.<\/p>\n<figure id=\"attachment_19699\" aria-describedby=\"caption-attachment-19699\" style=\"width: 880px\" class=\"wp-caption alignnone\"><a href=\"https:\/\/www.sonnenklar.tv\/blog\/wp-content\/uploads\/2022\/04\/GettyImages-1213939781_kl.jpg\"><img loading=\"lazy\" decoding=\"async\" class=\"size-full wp-image-19699\" src=\"https:\/\/www.sonnenklar.tv\/blog\/wp-content\/uploads\/2022\/04\/GettyImages-1213939781_kl.jpg\" alt=\"Der alte Leuchtturm in Rubjerg Knude\" width=\"880\" height=\"450\" srcset=\"https:\/\/www.sonnenklar.tv\/blog\/wp-content\/uploads\/2022\/04\/GettyImages-1213939781_kl.jpg 880w, https:\/\/www.sonnenklar.tv\/blog\/wp-content\/uploads\/2022\/04\/GettyImages-1213939781_kl-300x153.jpg 300w, https:\/\/www.sonnenklar.tv\/blog\/wp-content\/uploads\/2022\/04\/GettyImages-1213939781_kl-768x393.jpg 768w\" sizes=\"(max-width: 880px) 100vw, 880px\" \/><\/a><figcaption id=\"caption-attachment-19699\" class=\"wp-caption-text\">Der alte Leuchtturm in Rubjerg Knude<\/figcaption><\/figure>\n\n<table id=\"tablepress-115\" class=\"tablepress tablepress-id-115\">\n<tbody class=\"row-hover\">\n<tr class=\"row-1\">\n\t<td class=\"column-1\"><strong>Top Sehensw\u00fcrdigkeiten:<\/strong><\/td><td class=\"column-2\">Rubjerg Knude Fyr, Wanderd\u00fcne, L\u00f8nstrup Steilk\u00fcste<\/td>\n<\/tr>\n<tr class=\"row-2\">\n\t<td class=\"column-1\"><strong>Campingplatz in der N\u00e4he:<\/strong><\/td><td class=\"column-2\">Vom L\u00f8kken Strand Camping k\u00f6nnt ihr den Leuchtturm an seinem neuen Platz sehen. Direkt vor dem Campingplatz erwartet euch ein Strand mit feinstem, wei\u00dfen Sand.<\/td>\n<\/tr>\n<\/tbody>\n<\/table>\n<!-- #tablepress-115 from cache -->\n<h3>Skagen \u2013 die Stadt des Lichts<\/h3>\n<p>D\u00e4nemarks n\u00f6rdlichste Stadt \u00fcbt aufgrund des besonderen Lichts seit Langem eine besondere Anziehungskraft auf Maler aus. Nach den Malern entdeckten die Bohemiens und reichen Kopenhagener B\u00fcrger die Stadt als Urlaubsort. Die <strong>gelben<\/strong> <strong>H\u00e4user<\/strong> mit ihren roten D\u00e4chern und wei\u00dfen Fenstern verspr\u00fchen einen ganz besonderen <strong>Charme<\/strong>, dem man leicht verfallen kann. Nicht weit von Skagen entfernt befindet sich <strong>Grenen<\/strong>, der n\u00f6rdlichste Punkt D\u00e4nemarks. Hier k\u00f6nnt ihr mit einem Bein in der <strong>Nordsee<\/strong> stehen, w\u00e4hrend das andere von den Wellen der <strong>Ostsee<\/strong> umsp\u00fclt wird.<\/p>\n<figure id=\"attachment_19701\" aria-describedby=\"caption-attachment-19701\" style=\"width: 880px\" class=\"wp-caption alignnone\"><a href=\"https:\/\/www.sonnenklar.tv\/blog\/wp-content\/uploads\/2022\/04\/GettyImages-92683048.jpg_2136714_master.jpg\"><img loading=\"lazy\" decoding=\"async\" class=\"size-full wp-image-19701\" src=\"https:\/\/www.sonnenklar.tv\/blog\/wp-content\/uploads\/2022\/04\/GettyImages-92683048.jpg_2136714_master.jpg\" alt=\"\" width=\"880\" height=\"450\" srcset=\"https:\/\/www.sonnenklar.tv\/blog\/wp-content\/uploads\/2022\/04\/GettyImages-92683048.jpg_2136714_master.jpg 880w, https:\/\/www.sonnenklar.tv\/blog\/wp-content\/uploads\/2022\/04\/GettyImages-92683048.jpg_2136714_master-300x153.jpg 300w, https:\/\/www.sonnenklar.tv\/blog\/wp-content\/uploads\/2022\/04\/GettyImages-92683048.jpg_2136714_master-768x393.jpg 768w\" sizes=\"(max-width: 880px) 100vw, 880px\" \/><\/a><figcaption id=\"caption-attachment-19701\" class=\"wp-caption-text\">Skagen, eine malerische Kulisse<\/figcaption><\/figure>\n\n<table id=\"tablepress-116\" class=\"tablepress tablepress-id-116\">\n<tbody class=\"row-hover\">\n<tr class=\"row-1\">\n\t<td class=\"column-1\"><strong>Top Sehensw\u00fcrdigkeiten:<\/strong><\/td><td class=\"column-2\">Versandete Kirche, Wanderd\u00fcne R\u00e5bjerg Mile, Palmenstrand Frederikshavn<\/td>\n<\/tr>\n<tr class=\"row-2\">\n\t<td class=\"column-1\"><strong>Campingplatz in der N\u00e4he:<\/strong><\/td><td class=\"column-2\">Poul Eeg Camping bietet euch besonders gro\u00dfe Stellpl\u00e4tze f\u00fcr euren Camper und liegt nur wenige Minuten mit dem Rad vom Hafen entfernt.<\/td>\n<\/tr>\n<\/tbody>\n<\/table>\n<!-- #tablepress-116 from cache -->\n<h3>\u00c5alborg\u00a0\u2013 die kleine Gro\u00dfstadt am Limfjord<\/h3>\n<p>Die Hauptstadt Nordj\u00fctlands wird zuweilen mit Paris verglichen. Allerdings ein sehr gem\u00fctliches, denn die Stadt gilt auch als Inbegriff von Hygge (typisch d\u00e4nische Bezeichnung f\u00fcr eine gem\u00fctliche und herzliche Lebensweise). In der <strong>autofreien Altstadt<\/strong> bummelt ihr durch malerische Gassen mit bunten H\u00e4usern, in denen sich viele kleine <strong>Boutiquen<\/strong> finden. Au\u00dferdem ist Aalborg bekannt f\u00fcr seine gro\u00dfe Zahl an guten <strong>Restaurants<\/strong>. In dieser lebendigen Stadt k\u00f6nnt ihr gut ein paar Tage entspannen.<\/p>\n<figure id=\"attachment_19702\" aria-describedby=\"caption-attachment-19702\" style=\"width: 880px\" class=\"wp-caption alignnone\"><a href=\"https:\/\/www.sonnenklar.tv\/blog\/wp-content\/uploads\/2022\/04\/GettyImages-468149856.jpg_2089810_master.jpg\"><img loading=\"lazy\" decoding=\"async\" class=\"size-full wp-image-19702\" src=\"https:\/\/www.sonnenklar.tv\/blog\/wp-content\/uploads\/2022\/04\/GettyImages-468149856.jpg_2089810_master.jpg\" alt=\"\" width=\"880\" height=\"450\" srcset=\"https:\/\/www.sonnenklar.tv\/blog\/wp-content\/uploads\/2022\/04\/GettyImages-468149856.jpg_2089810_master.jpg 880w, https:\/\/www.sonnenklar.tv\/blog\/wp-content\/uploads\/2022\/04\/GettyImages-468149856.jpg_2089810_master-300x153.jpg 300w, https:\/\/www.sonnenklar.tv\/blog\/wp-content\/uploads\/2022\/04\/GettyImages-468149856.jpg_2089810_master-768x393.jpg 768w\" sizes=\"(max-width: 880px) 100vw, 880px\" \/><\/a><figcaption id=\"caption-attachment-19702\" class=\"wp-caption-text\">Aalborg Hauptstadt Nordj\u00fctlands<\/figcaption><\/figure>\n\n<table id=\"tablepress-117\" class=\"tablepress tablepress-id-117\">\n<tbody class=\"row-hover\">\n<tr class=\"row-1\">\n\t<td class=\"column-1\"><strong>Top Sehensw\u00fcrdigkeiten:<\/strong><\/td><td class=\"column-2\">Aalborg Streetfood Market, Nordkraft Aalborg, Street Art, Aalborg Turm, wundersch\u00f6ne Natur am Limfjord<\/td>\n<\/tr>\n<tr class=\"row-2\">\n\t<td class=\"column-1\"><strong>Campingplatz in der N\u00e4he:<\/strong><\/td><td class=\"column-2\">Aalborg Familie Camping liegt etwa 2,5 Kilometer vom Zentrum entfernt am Strandpark, in dem ihr auch einen Badestrand findet.<\/td>\n<\/tr>\n<\/tbody>\n<\/table>\n<!-- #tablepress-117 from cache -->\n<h3>Aarhus \u2013 die Stadt des L\u00e4chelns<\/h3>\n<p>Die zweitgr\u00f6\u00dfte Stadt D\u00e4nemarks bietet euch eine bunte Mischung aus Kultur, Shopping und Kulinarik, gepaart mit ganz viel hyggeliger Lebensfreude. Auf besonders charmante Weise entdeckt ihr das im <strong>Latiner-Viertel<\/strong>, der Altstadt. Auf dem Dach des <strong>ARoS-Kunstmuseums<\/strong> dreht ihr eine Aussichtsrunde in einem Regenbogen. Wenn ihr die Stadt erlebt habt, lohnt sich ein Abstecher zum Freilichtmuseum <strong>Den Gamle By <\/strong>mit seinen historischen Geb\u00e4uden. Noch mehr Mittelalter gibt es im August beim Mittelalterfestival in Horsens.<\/p>\n<figure id=\"attachment_19712\" aria-describedby=\"caption-attachment-19712\" style=\"width: 880px\" class=\"wp-caption alignnone\"><a href=\"https:\/\/www.sonnenklar.tv\/blog\/wp-content\/uploads\/2022\/05\/GettyImages-185427533_kl.jpg\"><img loading=\"lazy\" decoding=\"async\" class=\"wp-image-19712 size-full\" src=\"https:\/\/www.sonnenklar.tv\/blog\/wp-content\/uploads\/2022\/05\/GettyImages-185427533_kl.jpg\" alt=\"\" width=\"880\" height=\"450\" srcset=\"https:\/\/www.sonnenklar.tv\/blog\/wp-content\/uploads\/2022\/05\/GettyImages-185427533_kl.jpg 880w, https:\/\/www.sonnenklar.tv\/blog\/wp-content\/uploads\/2022\/05\/GettyImages-185427533_kl-300x153.jpg 300w, https:\/\/www.sonnenklar.tv\/blog\/wp-content\/uploads\/2022\/05\/GettyImages-185427533_kl-768x393.jpg 768w\" sizes=\"(max-width: 880px) 100vw, 880px\" \/><\/a><figcaption id=\"caption-attachment-19712\" class=\"wp-caption-text\">ARoS-Kunstmuseum<\/figcaption><\/figure>\n\n<table id=\"tablepress-118\" class=\"tablepress tablepress-id-118\">\n<tbody class=\"row-hover\">\n<tr class=\"row-1\">\n\t<td class=\"column-1\"><strong>Top Sehensw\u00fcrdigkeiten:<\/strong><\/td><td class=\"column-2\">Insel Sams\u00f8, Mols Bjerge Nationalpark, Aarhus Festival (Ende August \u2013 Anfang September), Schloss Marselisborg, Unendliche Br\u00fccke<\/td>\n<\/tr>\n<tr class=\"row-2\">\n\t<td class=\"column-1\"><strong>Campingplatz in der N\u00e4he:<\/strong><\/td><td class=\"column-2\">Aarhus Camping ist nur eine kurze Fahrt vom Stadtzentrum entfernt und liegt teilweise in einer ehemaligen Kiesgrube<\/td>\n<\/tr>\n<\/tbody>\n<\/table>\n<!-- #tablepress-118 from cache -->\n<h3>Odense \u2013 die m\u00e4rchenhafte Stadt<\/h3>\n<p>Vom Festland geht es nun auf die Insel <strong>F\u00fcnen<\/strong> zwischen dem gro\u00dfen und kleinen Belt. Der bekannte Schriftsteller und M\u00e4rchenerz\u00e4hler <strong>Hans Christian Andersen<\/strong> wurde hier geboren und an vielen Stellen der Stadt wird an ihn erinnert. Odense ist auch bekannt als der <strong>Garten D\u00e4nemarks<\/strong>, weil es hier so viele Gr\u00fcnfl\u00e4chen und Parks gibt. Wenn ihr euch f\u00fcr Kultur interessiert, bietet euch Odense beim Campingurlaub in D\u00e4nemark eine F\u00fclle an historischer und moderner <strong>Architektur<\/strong>, Street Art, Museen und Galerien.<\/p>\n<figure id=\"attachment_19713\" aria-describedby=\"caption-attachment-19713\" style=\"width: 880px\" class=\"wp-caption alignnone\"><a href=\"https:\/\/www.sonnenklar.tv\/blog\/wp-content\/uploads\/2022\/05\/GettyImages-490576035_kl.jpg\"><img loading=\"lazy\" decoding=\"async\" class=\"size-full wp-image-19713\" src=\"https:\/\/www.sonnenklar.tv\/blog\/wp-content\/uploads\/2022\/05\/GettyImages-490576035_kl.jpg\" alt=\"\" width=\"880\" height=\"450\" srcset=\"https:\/\/www.sonnenklar.tv\/blog\/wp-content\/uploads\/2022\/05\/GettyImages-490576035_kl.jpg 880w, https:\/\/www.sonnenklar.tv\/blog\/wp-content\/uploads\/2022\/05\/GettyImages-490576035_kl-300x153.jpg 300w, https:\/\/www.sonnenklar.tv\/blog\/wp-content\/uploads\/2022\/05\/GettyImages-490576035_kl-768x393.jpg 768w\" sizes=\"(max-width: 880px) 100vw, 880px\" \/><\/a><figcaption id=\"caption-attachment-19713\" class=\"wp-caption-text\">Skulptur von Hans Christian Andersen in Odense<\/figcaption><\/figure>\n\n<table id=\"tablepress-119\" class=\"tablepress tablepress-id-119\">\n<tbody class=\"row-hover\">\n<tr class=\"row-1\">\n\t<td class=\"column-1\"><strong>Top Sehensw\u00fcrdigkeiten:<\/strong><\/td><td class=\"column-2\">Freilichtmuseum F\u00fcnisches Dorf, Odins Odense, Bootsfahrt auf dem Fluss, Schloss Egeskov, Bridgewalking Lilleb\u00e6lt, Naturama<\/td>\n<\/tr>\n<tr class=\"row-2\">\n\t<td class=\"column-1\"><strong>Campingplatz in der N\u00e4he:<\/strong><\/td><td class=\"column-2\">Im S\u00fcden von F\u00fcnen liegt der Faaborg Campingplatz inmitten malerischer Natur. In der Umgebung findet ihr auch sch\u00f6ne Badestr\u00e4nde.<\/td>\n<\/tr>\n<\/tbody>\n<\/table>\n<!-- #tablepress-119 from cache -->\n<h3>Kopenhagen \u2013 die k\u00f6nigliche Hauptstadt<\/h3>\n<p>Die d\u00e4nische Hauptstadt hat sich das ehrgeizige Ziel gesetzt, im Jahr 2025 als erste Hauptstadt der Welt <strong>CO2 neutral<\/strong> zu sein. Schon heute ist das <strong>Fahrrad<\/strong> das Fortbewegungsmittel der Wahl und selbst im Hafen hat das Wasser Badequalit\u00e4t. Zu sehen gibt es genug. Da w\u00e4ren einmal die bunten H\u00e4user am <strong>Nyhavn<\/strong>, k\u00f6nigliche <strong>Schl\u00f6sser<\/strong>, <strong>Museen<\/strong> von Weltruf und eine gro\u00dfartige Mischung aus historischer und moderner <strong>Architektur<\/strong>. Nehmt euch also etwas Zeit, um die entspannte Atmosph\u00e4re zu genie\u00dfen.<\/p>\n<figure id=\"attachment_19707\" aria-describedby=\"caption-attachment-19707\" style=\"width: 880px\" class=\"wp-caption alignnone\"><a href=\"https:\/\/www.sonnenklar.tv\/blog\/wp-content\/uploads\/2022\/05\/GettyImages-901375804.jpg_2089816_master.jpg\"><img loading=\"lazy\" decoding=\"async\" class=\"size-full wp-image-19707\" src=\"https:\/\/www.sonnenklar.tv\/blog\/wp-content\/uploads\/2022\/05\/GettyImages-901375804.jpg_2089816_master.jpg\" alt=\"\" width=\"880\" height=\"450\" srcset=\"https:\/\/www.sonnenklar.tv\/blog\/wp-content\/uploads\/2022\/05\/GettyImages-901375804.jpg_2089816_master.jpg 880w, https:\/\/www.sonnenklar.tv\/blog\/wp-content\/uploads\/2022\/05\/GettyImages-901375804.jpg_2089816_master-300x153.jpg 300w, https:\/\/www.sonnenklar.tv\/blog\/wp-content\/uploads\/2022\/05\/GettyImages-901375804.jpg_2089816_master-768x393.jpg 768w\" sizes=\"(max-width: 880px) 100vw, 880px\" \/><\/a><figcaption id=\"caption-attachment-19707\" class=\"wp-caption-text\">Sommerlicher Sonnenuntergang mit Blick auf den Nyhavn-Pier mit den bunten H\u00e4usern<\/figcaption><\/figure>\n\n<table id=\"tablepress-120\" class=\"tablepress tablepress-id-120\">\n<tbody class=\"row-hover\">\n<tr class=\"row-1\">\n\t<td class=\"column-1\"><strong>Top Sehensw\u00fcrdigkeiten:<\/strong><\/td><td class=\"column-2\">Schl\u00f6sser Amalienborg, Christiansborg und Kronborg, Tivoli Vergn\u00fcgungspark, Kleine Meerjungfrau, Dom in Roskilde, Stevns Klingt, M\u00f8ns Klint<\/td>\n<\/tr>\n<tr class=\"row-2\">\n\t<td class=\"column-1\"><strong>Campingplatz in der N\u00e4he:<\/strong><\/td><td class=\"column-2\">Copenhagen Camping befindet sich im Osten der Stadt in der N\u00e4he des Flughafens und der \u00d6resundbr\u00fccke.<\/td>\n<\/tr>\n<\/tbody>\n<\/table>\n<!-- #tablepress-120 from cache -->\n<h3><strong>Bornholm \u2013 D\u00e4nemarks sonnigste Insel<\/strong><\/h3>\n<p>Die Insel liegt n\u00e4her an R\u00fcgen als am d\u00e4nischen Mutterland. Ihr k\u00f6nnt sie aber mit der F\u00e4hre von K\u00f8ge auf Seeland aus erreichen. W\u00e4hrend im S\u00fcden lange <strong>Sandstr\u00e4nde<\/strong> zu einem erfrischenden Bad einladen, bestaunt ihr im Norden eine raue <strong>Felsk\u00fcste<\/strong> mit romantischen Badebuchten. In den <strong>malerischen D\u00f6rfern<\/strong> sorgen viele bunte Fachwerkh\u00e4user f\u00fcr einen besonderen Charme. Im Inselinneren erkundet ihr ausgedehnte Heidefl\u00e4chen und dichte W\u00e4lder.<\/p>\n<figure id=\"attachment_19708\" aria-describedby=\"caption-attachment-19708\" style=\"width: 880px\" class=\"wp-caption alignnone\"><a href=\"https:\/\/www.sonnenklar.tv\/blog\/wp-content\/uploads\/2022\/05\/GettyImages-72263612_kl.jpg\"><img loading=\"lazy\" decoding=\"async\" class=\"size-full wp-image-19708\" src=\"https:\/\/www.sonnenklar.tv\/blog\/wp-content\/uploads\/2022\/05\/GettyImages-72263612_kl.jpg\" alt=\"\" width=\"880\" height=\"450\" srcset=\"https:\/\/www.sonnenklar.tv\/blog\/wp-content\/uploads\/2022\/05\/GettyImages-72263612_kl.jpg 880w, https:\/\/www.sonnenklar.tv\/blog\/wp-content\/uploads\/2022\/05\/GettyImages-72263612_kl-300x153.jpg 300w, https:\/\/www.sonnenklar.tv\/blog\/wp-content\/uploads\/2022\/05\/GettyImages-72263612_kl-768x393.jpg 768w\" sizes=\"(max-width: 880px) 100vw, 880px\" \/><\/a><figcaption id=\"caption-attachment-19708\" class=\"wp-caption-text\">Helligdomsklipperne bei Sonnenaufgang bei Badsted im Norden von Bornholm<\/figcaption><\/figure>\n\n<table id=\"tablepress-121\" class=\"tablepress tablepress-id-121\">\n<tbody class=\"row-hover\">\n<tr class=\"row-1\">\n\t<td class=\"column-1\"><strong>Top Sehensw\u00fcrdigkeiten:<\/strong><\/td><td class=\"column-2\">Bornholms Rundkirchen, Burgruine Hammershus, \u201eErbseninseln\u201c Christians\u00f8 und Frederiks\u00f8<\/td>\n<\/tr>\n<tr class=\"row-2\">\n\t<td class=\"column-1\"><strong>Campingplatz in der N\u00e4he:<\/strong><\/td><td class=\"column-2\">Dueodde Familiecamping &amp; Hostel befindet sich direkt an einem der sch\u00f6nsten Str\u00e4nde D\u00e4nemarks und ist der ideale Ort um nach eurer Rundreise noch ein paar Tage zu entspannen.<\/td>\n<\/tr>\n<\/tbody>\n<\/table>\n<!-- #tablepress-121 from cache -->\n<h2><a name=\"camping-daenemark-faq\"><\/a>H\u00e4ufige Fragen zu Camping D\u00e4nemark<\/h2>\n<p>Ein Urlaub mit dem Camper bietet zwar ein H\u00f6chstma\u00df an Freiheit und viele tolle Erlebnisse. Aber wie bereits erw\u00e4hnt, erfordert diese Art des Reisens ein bestimmtes Ma\u00df an Planung vorab und das wirft Fragen auf. Hier ein paar Antworten.<\/p>\n<h3>Welche Campingkarte empfiehlt sich f\u00fcr D\u00e4nemark?<\/h3>\n<p>Zwingend erforderlich ist eigentlich keine spezielle Karte, wir empfehlen aber, dass ihr euch den Pass \u201e<a href=\"https:\/\/www.campingkeyeurope.com\/\" target=\"_blank\" rel=\"noopener\">Camping Key Europe<\/a>\u201c\u00a0kauft. Mit dem k\u00f6nnt ihr ein Jahr lang auf vielen Campingpl\u00e4tzen in ganz Europa g\u00fcnstige Angebote nutzen und habt gleichzeitig eine Haftpflichtversicherung inkludiert.<\/p>\n<h3>Was muss man beim Autofahren in D\u00e4nemark beachten?<\/h3>\n<p>Im Prinzip gibt es nicht viel, was in D\u00e4nemark anders ist als in Deutschland. Eine Besonderheit bildet die Tatsache, dass das Abblendlicht auch bei Tag immer eingeschaltet sein muss. Innerorts gilt in der Regel ein Tempolimit von 50 km\/h, au\u00dferhalb der Orte auf Landstra\u00dfen 80 km\/h und auf Schnellstra\u00dfen und Autobahnen 110-130 km\/h.<\/p>\n<h3>Was kostet Camping in D\u00e4nemark?<\/h3>\n<p>Je nach Campingplatz und Saison m\u00fcsst ihr mit etwa sieben bis dreizehn Euro pro Nacht rechnen. Hinzu kommen Stromanschluss (ca. drei Euro) und oftmals ein Umweltzuschlag. Auf vielen Pl\u00e4tzen d\u00fcrft ihr auch eure Hunde mitnehmen, f\u00fcr die ihr dann im Schnitt zwei bis f\u00fcnf Euro zahlen m\u00fcsst. Mit der Camping Key \u2013 Karte erhaltet ihr oft Rabatte auf den Pl\u00e4tzen.<\/p>\n<h2>Fazit: Eignet sich D\u00e4nemark f\u00fcr einen Camping-Trip?<\/h2>\n<p>D\u00e4nemark ist ein relativ kleines Land, das aber sehr viel Sehenswertes zu bieten hat. Wenn ihr mit dem Campen das Gef\u00fchl von Freiheit verbindet, dann werdet ihr in D\u00e4nemark ein St\u00fcck vom Paradies finden. Eine riesige Auswahl an Campingpl\u00e4tzen, die oft in traumhafter Umgebung liegen, erwartet euch hier. Ein gut ausgebautes Stra\u00dfennetz macht es euch leicht, von einem Ort zum anderen zu kommen. Das macht unser n\u00f6rdliches Nachbarland auch f\u00fcr all diejenigen attraktiv, die noch nie mit einem Wohnmobil unterwegs waren und diese Art des Reisens mal ausprobieren wollen.<\/p>\n<p><strong>Tipp:<\/strong> Lust auf einen Trip nach D\u00e4nemark bekommen? Dann st\u00f6bert in unseren <a href=\"https:\/\/www.sonnenklar.tv\/urlaub\/daenemark.html\" target=\"_blank\" rel=\"noopener\">Urlaubsangeboten zu D\u00e4nemark!<\/a><\/p>\n","protected":false},"excerpt":{"rendered":"<p>Weite D\u00fcnenlandschaften hinter endlos langen Str\u00e4nden, idyllische St\u00e4dte und D\u00f6rfer und immer eine erfrischende Brise Wind \u2013 D\u00e4nemark ist vielleicht ein kleines Land, aber in Sachen Entspannung ganz gro\u00df. Kommt mit uns auf eine Reise in ein Land, das zu den gl\u00fccklichsten L\u00e4ndern dieser Welt geh\u00f6rt. Wir geben euch Tipps zum Camping in D\u00e4nemark. Ein<\/p>\n","protected":false},"author":3,"featured_media":19709,"comment_status":"closed","ping_status":"open","sticky":false,"template":"","format":"standard","meta":{"footnotes":""},"categories":[697],"tags":[527,552,492,484],"class_list":{"0":"post-19635","1":"post","2":"type-post","3":"status-publish","4":"format-standard","5":"has-post-thumbnail","7":"category-reisetipps","8":"tag-camping","9":"tag-daenemark","10":"tag-rundreise","11":"tag-sehenswuerdigkeiten"},"_links":{"self":[{"href":"https:\/\/www.sonnenklar.tv\/blog\/wp-json\/wp\/v2\/posts\/19635","targetHints":{"allow":["GET"]}}],"collection":[{"href":"https:\/\/www.sonnenklar.tv\/blog\/wp-json\/wp\/v2\/posts"}],"about":[{"href":"https:\/\/www.sonnenklar.tv\/blog\/wp-json\/wp\/v2\/types\/post"}],"author":[{"embeddable":true,"href":"https:\/\/www.sonnenklar.tv\/blog\/wp-json\/wp\/v2\/users\/3"}],"replies":[{"embeddable":true,"href":"https:\/\/www.sonnenklar.tv\/blog\/wp-json\/wp\/v2\/comments?post=19635"}],"version-history":[{"count":18,"href":"https:\/\/www.sonnenklar.tv\/blog\/wp-json\/wp\/v2\/posts\/19635\/revisions"}],"predecessor-version":[{"id":37020,"href":"https:\/\/www.sonnenklar.tv\/blog\/wp-json\/wp\/v2\/posts\/19635\/revisions\/37020"}],"wp:featuredmedia":[{"embeddable":true,"href":"https:\/\/www.sonnenklar.tv\/blog\/wp-json\/wp\/v2\/media\/19709"}],"wp:attachment":[{"href":"https:\/\/www.sonnenklar.tv\/blog\/wp-json\/wp\/v2\/media?parent=19635"}],"wp:term":[{"taxonomy":"category","embeddable":true,"href":"https:\/\/www.sonnenklar.tv\/blog\/wp-json\/wp\/v2\/categories?post=19635"},{"taxonomy":"post_tag","embeddable":true,"href":"https:\/\/www.sonnenklar.tv\/blog\/wp-json\/wp\/v2\/tags?post=19635"}],"curies":[{"name":"wp","href":"https:\/\/api.w.org\/{rel}","templated":true}]}}