{"id":19145,"date":"2022-03-19T10:00:56","date_gmt":"2022-03-19T09:00:56","guid":{"rendered":"https:\/\/www.sonnenklar.tv\/blog\/?p=19145"},"modified":"2023-06-16T11:26:30","modified_gmt":"2023-06-16T10:26:30","slug":"sehenswuerdigkeiten-deutschland","status":"publish","type":"post","link":"https:\/\/www.sonnenklar.tv\/blog\/reisearten\/eigenanreise\/sehenswuerdigkeiten-deutschland\/","title":{"rendered":"Die 14 besten Sehensw\u00fcrdigkeiten in Deutschland"},"content":{"rendered":"<p><strong>Von den endlos langen Str\u00e4nden an der Nord- und Ostsee \u00fcber die bewaldeten H\u00fcgel der Mittelgebirge bis hin zu den majest\u00e4tischen Gipfeln der Alpen, Deutschland ist ein sehr abwechslungsreiches Land. Im ganzen Land verteilt findet ihr Natur- und Architekturwunder, die ihr mal gesehen haben solltet. Egal, ob nur f\u00fcr ein Wochenende oder aber f\u00fcr den gro\u00dfen Urlaub im Sommer, wir zeigen euch, dass das Sehenswerte wirklich gar nicht so weit weg sein muss.<\/strong><\/p>\n<p>Wir Deutschen sind Weltmeister im Reisen und viele von uns haben schon fast die ganze Welt gesehen. Aber wie schaut es mit unserem Heimatland aus? Die vielen Besucher aus aller Welt, die jedes Jahr nach Deutschland kommen, sollten es ja wissen. Wir nehmen unser Heimatland oft nicht als das wahr, was es ist. Deutschland ist voll einzigartiger Sehensw\u00fcrdigkeiten, die es lohnen, dass man sie sich anschaut. Wir stellen euch unsere Highlights vor.<\/p>\n<p><strong>Inhaltsverzeichnis<\/strong><\/p>\n<ol>\n<li><a href=\"#schloss-neuschwanstein\">Schloss Neuschwanstein \u2013 das bayrische M\u00e4rchenschloss<\/a><\/li>\n<li><a href=\"#schloss-sanssouci\">Schloss Sanssouci \u2013 das brandenburgische Versailles<\/a><\/li>\n<li><a href=\"#koelner-dom\">K\u00f6lner Dom \u2013 der letzte Ruheort der Heiligen Drei K\u00f6nige<\/a><\/li>\n<li><a href=\"#zwinger-dresden\">Zwinger Dresden \u2013 barocke Kunst im Herzen von Elbflorenz<\/a><\/li>\n<li><a href=\"#elbphilharmonie\">Elbphilharmonie \u2013 das glitzernde Wahrzeichen von Hamburg<\/a><\/li>\n<li><a href=\"#rothenburg\">Rothenburg ob der Tauber &#8211; lebendiges Mittelalter<\/a><\/li>\n<li><a href=\"#bamberg\">Bamberg \u2013 beeindruckendes Weltkulturerbe<\/a><\/li>\n<li><a href=\"#weimar\">Weimar \u2013 Stadt der Dichter und des Bauhaus<\/a><\/li>\n<li><a href=\"#heidelberg\">Heidelberg \u2013 mehr als nur eine romantische Stadt<\/a><\/li>\n<li><a href=\"#schwarzwald\">Schwarzwald \u2013 der j\u00fcngste Nationalpark Deutschlands<\/a><\/li>\n<li><a href=\"#berchtesgaden\">Nationalpark Berchtesgaden &#8211; die majest\u00e4tische Welt der Alpen<\/a><\/li>\n<li><a href=\"#saechsische-schweiz\">Nationalpark S\u00e4chsische Schweiz \u2013 bizarre Felsnadeln und lichte Buchenw\u00e4lder<\/a><\/li>\n<li><a href=\"#ruegen\">Insel R\u00fcgen \u2013 spektakul\u00e4re Natursehensw\u00fcrdigkeiten<\/a><\/li>\n<li><a href=\"#panoramastrassen\">Panoramastra\u00dfen \u2013 auf malerischen Wegen durch das Land<\/a><\/li>\n<\/ol>\n<h2>Das Wichtigste im \u00dcberblick<\/h2>\n<ul>\n<li>Deutschland hat unz\u00e4hlige <strong>Schl\u00f6sser<\/strong>, <strong>Kirchen<\/strong> und <strong>Patrizierh\u00e4user<\/strong>, die euch beeindrucken werden<\/li>\n<li>Nicht nur die Bauwerke unseres Landes bringen euch zum Staunen. Deutschland hat auch echte <strong>Natursch\u00e4tze<\/strong> zu bieten. Das nicht nur in den 16 <strong>Nationalparks.<\/strong><\/li>\n<li>Von vielen der Attraktionen habt ihr schon geh\u00f6rt. Wir stellen auch ein paar \u201e<strong>Geheimtipps<\/strong>\u201c vor, die nicht so bekannt sind und dennoch sehenswert<\/li>\n<\/ul>\n<h2><strong>Sehensw\u00fcrdigkeiten Deutschland &#8211; die beeindruckendsten Bauwerke<\/strong><\/h2>\n<p>Unser Land ist reich an Geschichte, die in einer Vielzahl an historischen Geb\u00e4uden noch lebendig ist. Doch nicht nur alte Gem\u00e4uer versetzen euch ins Staunen. Auch in j\u00fcngster Zeit sind Sehensw\u00fcrdigkeiten in Deutschland gebaut worden, die einen Besuch lohnen.<\/p>\n<h3><a name=\"schloss-neuschwanstein\"><\/a>Schloss Neuschwanstein \u2013 das bayrische M\u00e4rchenschloss<\/h3>\n<p>In der N\u00e4he von F\u00fcssen thront weithin sichtbar das bekannteste Schloss Deutschlands. Auf den Ruinen einer alten Burg in <strong>Hohenschwangau<\/strong> lie\u00df sich der bayrische K\u00f6nig Ludwig II. seine romantische Idee einer <strong>Ritterburg<\/strong> bauen. Die R\u00e4ume sollten vor allem einen Gast \u00fcberzeugen \u2013 den Komponisten Richard Wagner, den Ludwig \u00fcber alles verehrte.<\/p>\n<figure id=\"attachment_11296\" aria-describedby=\"caption-attachment-11296\" style=\"width: 880px\" class=\"wp-caption alignnone\"><a href=\"https:\/\/www.sonnenklar.tv\/blog\/wp-content\/uploads\/2018\/06\/schloss-neuschwanstein-eintrittspreise.jpg\"><img fetchpriority=\"high\" decoding=\"async\" class=\"size-full wp-image-11296\" src=\"https:\/\/www.sonnenklar.tv\/blog\/wp-content\/uploads\/2018\/06\/schloss-neuschwanstein-eintrittspreise.jpg\" alt=\"Schloss Neuschwanstein\" width=\"880\" height=\"450\" srcset=\"https:\/\/www.sonnenklar.tv\/blog\/wp-content\/uploads\/2018\/06\/schloss-neuschwanstein-eintrittspreise.jpg 880w, https:\/\/www.sonnenklar.tv\/blog\/wp-content\/uploads\/2018\/06\/schloss-neuschwanstein-eintrittspreise-300x153.jpg 300w, https:\/\/www.sonnenklar.tv\/blog\/wp-content\/uploads\/2018\/06\/schloss-neuschwanstein-eintrittspreise-768x393.jpg 768w\" sizes=\"(max-width: 880px) 100vw, 880px\" \/><\/a><figcaption id=\"caption-attachment-11296\" class=\"wp-caption-text\">Neuschwanstein, das &#8222;M\u00e4rchenschloss&#8220;<\/figcaption><\/figure>\n<p>Geplant war das Schloss aber auch als R\u00fcckzugsort f\u00fcr den menschenscheuen K\u00f6nig. Er liebte die <strong>sensationelle Aussicht<\/strong> \u00fcber das Voralpenland auf der einen und die Gipfel der Tiroler <strong>Alpen<\/strong> auf der anderen Seite. Walt Disney war von dem Schloss so begeistert, dass er es als Vorbild f\u00fcr sein Cinderella Castle nahm. Bei einer gef\u00fchrten Tour entdeckt ihr die prachtvoll gestalteten R\u00e4ume und erfahrt interessante Hintergrundgeschichten.<\/p>\n<figure class=\"wp-block-table\">\n<table class=\"has-fixed-layout\">\n<thead>\n<tr>\n<th><\/th>\n<th>\u00d6ffnungszeiten<\/th>\n<th>Eintrittspreise<\/th>\n<\/tr>\n<\/thead>\n<tbody>\n<tr>\n<td>Schloss Neuschwanstein<\/td>\n<td>Apr &#8211; 15. Okt, t\u00e4glich 9-18 Uhr<br \/>\n16. Okt &#8211; M\u00e4r, 10-16 Uhr<\/td>\n<td>Erwachsene ca. 15,00 Euro<br \/>\nKinder und Jugendliche bis 18 Jahre frei<\/td>\n<\/tr>\n<\/tbody>\n<\/table>\n<\/figure>\n[otw_shortcode_info_box border_type=&#8220;bordered&#8220; border_color_class=&#8220;otw-orange-border&#8220; border_style=&#8220;bordered&#8220;]<strong>Hinweis<\/strong>: Das Schloss kann nur im Rahmen einer gef\u00fchrten Tour besichtigt werden. Dadurch ist die Zahl der Besucher begrenzt. Vor allem im Sommer kann es daher zu langen Wartezeiten vor dem Schloss kommen. Wir empfehlen euch daher dringend, die Tickets vorab auf der Seite der <a href=\"https:\/\/www.hohenschwangau.de\/\" target=\"_blank\" rel=\"noopener\">Schl\u00f6sserverwaltung\u00a0<\/a> zu buchen.[\/otw_shortcode_info_box]\n[otw_shortcode_info_box border_type=&#8220;bordered&#8220; border_color_class=&#8220;otw-orange-border&#8220; border_style=&#8220;bordered&#8220;]<strong>Hoteltipp<\/strong>: Das <a href=\"https:\/\/www.sonnenklar.tv\/beschreibung\/Deutschland\/Allg%C3%A4u\/F%C3%BCssen\/Hotel_Best_Western_F%C3%BCssen.html\" target=\"_blank\" rel=\"noopener\">Best Western Plus Hotel F\u00fcssen<\/a> liegt nur wenige Gehminuten von der Altstadt entfernt. Vom ebenfalls wenige Gehminuten entfernten Bahnhof fahren regelm\u00e4\u00dfig Busse nach Neuschwanstein.[\/otw_shortcode_info_box]\n<h3><a name=\"schloss-sanssouci\"><\/a>Schloss Sanssouci \u2013 das brandenburgische Versailles<\/h3>\n<p>Seit 1990 z\u00e4hlen Sanssouci und etwa <strong>30 weitere Schl\u00f6sser<\/strong> und G\u00e4rten zwischen <strong>Potsdam<\/strong> und Berlin als Gesamtkunstwerk zum UNESCO-Weltkulturerbe. Friedrich der Gro\u00dfe, der so ein bisschen seelenverwandt war mit dem bayrischen Ludwig, lie\u00df sich hier auf den ber\u00fchmten Weinbergterrassen einen R\u00fcckzugsort der Superlative bauen. Das Schloss \u201eohne Sorge\u201c wurde sein Ort, an dem er mit seinen Hunden fernab des Regierungstrubels zur Ruhe kam.<\/p>\n<figure id=\"attachment_19175\" aria-describedby=\"caption-attachment-19175\" style=\"width: 880px\" class=\"wp-caption alignnone\"><a href=\"https:\/\/www.sonnenklar.tv\/blog\/wp-content\/uploads\/2022\/03\/GettyImages-156206977-New-Palace-Potsdam.jpg\"><img decoding=\"async\" class=\"size-full wp-image-19175\" src=\"https:\/\/www.sonnenklar.tv\/blog\/wp-content\/uploads\/2022\/03\/GettyImages-156206977-New-Palace-Potsdam.jpg\" alt=\"Neues Palais im Park Sanssouci in Potsdam\" width=\"880\" height=\"450\" srcset=\"https:\/\/www.sonnenklar.tv\/blog\/wp-content\/uploads\/2022\/03\/GettyImages-156206977-New-Palace-Potsdam.jpg 880w, https:\/\/www.sonnenklar.tv\/blog\/wp-content\/uploads\/2022\/03\/GettyImages-156206977-New-Palace-Potsdam-300x153.jpg 300w, https:\/\/www.sonnenklar.tv\/blog\/wp-content\/uploads\/2022\/03\/GettyImages-156206977-New-Palace-Potsdam-768x393.jpg 768w\" sizes=\"(max-width: 880px) 100vw, 880px\" \/><\/a><figcaption id=\"caption-attachment-19175\" class=\"wp-caption-text\">Der Park Sanssouci beheimatet zahlreiche sehenswerte Bauwerke wie etwa das Neue Palais<\/figcaption><\/figure>\n<p>Auch wenn das Schloss von au\u00dfen schon sehr beeindruckend ist, solltet ihr euch auch die prachtvoll und elegant eingerichteten Innenr\u00e4ume anschauen. Bei eurem Rundgang werdet ihr die sprichw\u00f6rtlichen Baukl\u00f6tze staunen. Danach k\u00f6nnt ihr euch noch die Zeit nehmen und die <strong>weitl\u00e4ufigen G\u00e4rten<\/strong> durchwandeln und euch ein bisschen wie K\u00f6nig und K\u00f6nigin f\u00fchlen.<\/p>\n<figure class=\"wp-block-table\">\n<table class=\"has-fixed-layout\">\n<thead>\n<tr>\n<th><\/th>\n<th>\u00d6ffnungszeiten<\/th>\n<th>Eintrittspreise<\/th>\n<\/tr>\n<\/thead>\n<tbody>\n<tr>\n<td>Schloss Sanssouci<\/td>\n<td>Apr &#8211; Okt, Di-So, 09-17.30 Uhr<br \/>\nNov &#8211; M\u00e4r, Di-So, 10-16.30 Uhr<\/td>\n<td><em>Sanssouci mit Audioguide:<\/em><\/p>\n<p>Erwachsene ca. 14,00 Euro<br \/>\nKinder 7 \u2013 18 Jahre ca. 10,00 Euro<\/p>\n<p><em>Sanssouci+ (e<\/em><em>in Ticket f\u00fcr fast alle Potsdamer Schl\u00f6sser mit fester Uhrzeit f\u00fcr Sanssouci):<\/em><\/p>\n<p>Erwachsene ca. 19,00 Euro<br \/>\nKinder 7 \u2013 18 Jahre ca. 14,00 Euro<\/td>\n<\/tr>\n<\/tbody>\n<\/table>\n<\/figure>\n[otw_shortcode_info_box border_type=&#8220;bordered&#8220; border_color_class=&#8220;otw-orange-border&#8220; border_style=&#8220;bordered&#8220;]<strong>Hoteltipp<\/strong>: Das <a href=\"https:\/\/www.sonnenklar.tv\/beschreibung\/Deutschland\/Brandenburg\/Potsdam\/NH_Postdam.html\" target=\"_blank\" rel=\"noopener\">NH Hotel Potsdam<\/a> befindet sich am Holl\u00e4ndischen Viertel, einem der sehenswertesten Viertel der Stadt. Sanssouci erreicht ihr von hier bequem zu Fu\u00df.[\/otw_shortcode_info_box]\n<h3><a name=\"koelner-dom\"><\/a>K\u00f6lner Dom \u2013 der letzte Ruheort der Heiligen Drei K\u00f6nige<\/h3>\n<p>Das weithin sichtbare Wahrzeichen von K\u00f6ln ist nach dem Ulmer M\u00fcnster die <strong>zweith\u00f6chste Kirche<\/strong> Deutschlands und das dritth\u00f6chste Gotteshaus der Welt. Der Grundstein wurde bereits 1248 gelegt, aber vollendet wurde die Kirche erst 1880. Wegen seiner einheitlichen und ausgewogenen Bauform wird der Dom auch als vollkommene <strong>Kathedrale<\/strong> bezeichnet. Logisch, dass auch er auf der UNESCO Weltkulturerbeliste zu finden ist.<\/p>\n<figure id=\"attachment_19151\" aria-describedby=\"caption-attachment-19151\" style=\"width: 880px\" class=\"wp-caption alignnone\"><a href=\"https:\/\/www.sonnenklar.tv\/blog\/wp-content\/uploads\/2022\/03\/GettyImages-856407008_Cologne-Koelner-Dom.jpg\"><img decoding=\"async\" class=\"size-full wp-image-19151\" src=\"https:\/\/www.sonnenklar.tv\/blog\/wp-content\/uploads\/2022\/03\/GettyImages-856407008_Cologne-Koelner-Dom.jpg\" alt=\"K\u00f6lner Dom\" width=\"880\" height=\"450\" srcset=\"https:\/\/www.sonnenklar.tv\/blog\/wp-content\/uploads\/2022\/03\/GettyImages-856407008_Cologne-Koelner-Dom.jpg 880w, https:\/\/www.sonnenklar.tv\/blog\/wp-content\/uploads\/2022\/03\/GettyImages-856407008_Cologne-Koelner-Dom-300x153.jpg 300w, https:\/\/www.sonnenklar.tv\/blog\/wp-content\/uploads\/2022\/03\/GettyImages-856407008_Cologne-Koelner-Dom-768x393.jpg 768w\" sizes=\"(max-width: 880px) 100vw, 880px\" \/><\/a><figcaption id=\"caption-attachment-19151\" class=\"wp-caption-text\">Der Dom sticht aus dem K\u00f6lner Stadtbild heraus<\/figcaption><\/figure>\n<p>Auch wenn die Kirche von au\u00dfen schon sehr imposant ist, lohnt sich durchaus ein Blick ins Innere. Kunstvolle <strong>Alt\u00e4re<\/strong> und <strong>Heiligenstatuen<\/strong> gibt es dort zu bewundern. Faszinierend sind auch die bunten <strong>Glasfenster<\/strong>, vor allem, wenn das Licht der Sonne sie zum Leuchten bringt. Sakrale Kunst und Pracht seht ihr dann in der <strong>Schatzkammer<\/strong>. Die Sportlichen unter euch klettern die 533 Stufen zur <strong>Plattform<\/strong> des S\u00fcdturms hinauf und bewundern unterwegs das Domgel\u00e4ut.<\/p>\n<figure class=\"wp-block-table\">\n<table class=\"has-fixed-layout\">\n<thead>\n<tr>\n<th><\/th>\n<th>\u00d6ffnungszeiten<\/th>\n<th>Eintrittspreise<\/th>\n<\/tr>\n<\/thead>\n<tbody>\n<tr>\n<td>K\u00f6lner Dom<\/td>\n<td>Mo &#8211; Sa, 10-17 Uhr<br \/>\nSo, 13-16 Uhr<em>Domschatzkammer<\/em><br \/>\nt\u00e4glich, 10-18 Uhr<\/td>\n<td><em>Domschatzkammer<\/em><br \/>\nErwachsene ca. 5,00 Euro<\/td>\n<\/tr>\n<\/tbody>\n<\/table>\n<\/figure>\n[otw_shortcode_info_box border_type=&#8220;bordered&#8220; border_color_class=&#8220;otw-orange-border&#8220; border_style=&#8220;bordered&#8220;]<strong>Hoteltipp<\/strong>: Der <a href=\"https:\/\/www.sonnenklar.tv\/beschreibung\/Deutschland\/Nordrhein-Westfalen\/K%C3%B6ln\/Flandrischer_Hof.html\" target=\"_blank\" rel=\"noopener\">Flandrische Hof<\/a> liegt sehr zentral am Rand der Altstadt und somit nur wenige Gehminuten vom Dom entfernt. Das beliebte Belgische Viertel befindet sich in unmittelbarer N\u00e4he.[\/otw_shortcode_info_box]\n<h3><a name=\"zwinger-dresden\"><\/a>Zwinger Dresden \u2013 barocke Kunst im Herzen von Elbflorenz<\/h3>\n<p>Noch ein K\u00f6nig, der sich mit einem prunkvollen Geb\u00e4ude in den deutschen Geschichtsb\u00fcchern einen Platz erobert hat. In diesem Fall war es August der Starke. Die urspr\u00fcngliche <strong>Orangerie<\/strong> musste hier Platz machen f\u00fcr ein Barockensemble, das heute den Zwinger, die <strong>Gem\u00e4ldegalerie<\/strong>, <strong>Semperoper<\/strong> und <strong>Porzellansammlung<\/strong> umfasst. Zusammen mit der <strong>Frauenkirche<\/strong> wurde damit der Grundstein gelegt, dass man Dresden fortan mit Florenz verglich.<\/p>\n<figure id=\"attachment_15680\" aria-describedby=\"caption-attachment-15680\" style=\"width: 880px\" class=\"wp-caption alignnone\"><a href=\"https:\/\/www.sonnenklar.tv\/blog\/wp-content\/uploads\/2017\/07\/deutschland-urlaubsregionen-dresden.jpg\"><img loading=\"lazy\" decoding=\"async\" class=\"size-full wp-image-15680\" src=\"https:\/\/www.sonnenklar.tv\/blog\/wp-content\/uploads\/2017\/07\/deutschland-urlaubsregionen-dresden.jpg\" alt=\"Sehensw\u00fcrdigkeiten wie der Dresdner Zwinger machen Dresden zu einem der Top-Urlaubsziele in Deutschland\" width=\"880\" height=\"500\" srcset=\"https:\/\/www.sonnenklar.tv\/blog\/wp-content\/uploads\/2017\/07\/deutschland-urlaubsregionen-dresden.jpg 880w, https:\/\/www.sonnenklar.tv\/blog\/wp-content\/uploads\/2017\/07\/deutschland-urlaubsregionen-dresden-300x170.jpg 300w, https:\/\/www.sonnenklar.tv\/blog\/wp-content\/uploads\/2017\/07\/deutschland-urlaubsregionen-dresden-768x436.jpg 768w\" sizes=\"(max-width: 880px) 100vw, 880px\" \/><\/a><figcaption id=\"caption-attachment-15680\" class=\"wp-caption-text\">Der Zwinger ist nur eines von vielen historischen Geb\u00e4uden in Dresden<\/figcaption><\/figure>\n<p>Im 18. Jahrhundert war es ein Zeichen von Macht, m\u00f6glichst viel <strong>Orangenb\u00e4ume<\/strong> zu besitzen. Vor allem n\u00f6rdlich der Alpen, wo die Zitrusfr\u00fcchte normalerweise nicht gedeihen. Der gute August hatte allein hier im Garten des Zwingers \u00fcber 1100 davon. Man kann sich nur schwer vorstellen, wie es hier geduftet haben muss, wenn diese B\u00e4ume gebl\u00fcht haben. Seit 2021 taucht ihr bei eurem Besuch dank der neuen <strong>Zwinger Xperience<\/strong> mithilfe von Virtual Reality ganz tief in die Geschichte des Baus ein.<\/p>\n<figure class=\"wp-block-table\">\n<table class=\"has-fixed-layout\">\n<thead>\n<tr>\n<th><\/th>\n<th>\u00d6ffnungszeiten<\/th>\n<th>Eintrittspreise<\/th>\n<\/tr>\n<\/thead>\n<tbody>\n<tr>\n<td>Zwinger Xperience<\/td>\n<td>t\u00e4glich, 10-18 Uhr<\/td>\n<td>Erwachsene ca. 10,00 Euro<br \/>\nKinder 6 \u2013 16 Jahre ca. 3,00 Euro<\/td>\n<\/tr>\n<\/tbody>\n<\/table>\n<\/figure>\n[otw_shortcode_info_box border_type=&#8220;bordered&#8220; border_color_class=&#8220;otw-orange-border&#8220; border_style=&#8220;bordered&#8220;]<strong>Hoteltipp<\/strong>: Das <a href=\"https:\/\/www.sonnenklar.tv\/beschreibung\/Deutschland\/Sachsen\/Dresden\/LHotel_Altstadt.html\" target=\"_blank\" rel=\"noopener\">Leonardo Hotel Dresden Altstadt<\/a> bietet euch eine zentrale Lage. Sowohl die Altstadt wie auch das Elbufer sind von hier aus gut zu erreichen.[\/otw_shortcode_info_box]\n<h3><a name=\"elbphilharmonie\"><\/a>Elbphilharmonie \u2013 das glitzernde Wahrzeichen von Hamburg<\/h3>\n<p>Durchaus umstritten w\u00e4hrend Planung und Bau, kann man sich dieses <strong>110 Meter<\/strong> hohe Geb\u00e4ude f\u00fcnf Jahre nach seiner offiziellen Er\u00f6ffnung gar nicht mehr wegdenken. Geplant war die Elbphilharmonie in der Hafencity als <strong>Konzerthaus<\/strong>, <strong>Kulturdenkmal<\/strong> f\u00fcr alle und <strong>Wahrzeichen<\/strong> der Stadt Hamburg. Im ersten Jahr der Er\u00f6ffnung besuchten schon 850.000 Menschen die 600 Konzerte, die hier abgehalten wurden.<\/p>\n<figure id=\"attachment_15829\" aria-describedby=\"caption-attachment-15829\" style=\"width: 880px\" class=\"wp-caption alignnone\"><a href=\"https:\/\/www.sonnenklar.tv\/blog\/wp-content\/uploads\/2017\/08\/hamburg-tipps-elbphilharmonie.jpg\"><img loading=\"lazy\" decoding=\"async\" class=\"size-full wp-image-15829\" src=\"https:\/\/www.sonnenklar.tv\/blog\/wp-content\/uploads\/2017\/08\/hamburg-tipps-elbphilharmonie.jpg\" alt=\"Hafen-City mit Elbphilharmonie in Hamburg\" width=\"880\" height=\"500\" srcset=\"https:\/\/www.sonnenklar.tv\/blog\/wp-content\/uploads\/2017\/08\/hamburg-tipps-elbphilharmonie.jpg 880w, https:\/\/www.sonnenklar.tv\/blog\/wp-content\/uploads\/2017\/08\/hamburg-tipps-elbphilharmonie-300x170.jpg 300w, https:\/\/www.sonnenklar.tv\/blog\/wp-content\/uploads\/2017\/08\/hamburg-tipps-elbphilharmonie-768x436.jpg 768w\" sizes=\"(max-width: 880px) 100vw, 880px\" \/><\/a><figcaption id=\"caption-attachment-15829\" class=\"wp-caption-text\">Hafen-City mit der pr\u00e4chtigen Elbphilharmonie<\/figcaption><\/figure>\n<p>Nat\u00fcrlich wird hier viel klassische Musik gespielt, aber in den S\u00e4len ist durchaus auch Platz f\u00fcr die Stars unserer Zeit und alle m\u00f6glichen Musiksparten. Ihr m\u00fcsst euch aber nicht um eines der schwer erh\u00e4ltlichen Tickets k\u00fcmmern, um das Geb\u00e4ude zu besichtigen. So werden euch gef\u00fchrte ca. <strong>90-min\u00fctige Touren<\/strong> angeboten, bei denen ihr auch ein bisschen hinter die Kulissen blicken k\u00f6nnt. Oder ihr begebt euch auf die <strong>Aussichtsplattform<\/strong> in 37 Metern H\u00f6he und genie\u00dft den Ausblick \u00fcber den Hafen und die Stadt.<\/p>\n<figure class=\"wp-block-table\">\n<table class=\"has-fixed-layout\">\n<thead>\n<tr>\n<th><\/th>\n<th>\u00d6ffnungszeiten<\/th>\n<th>Eintrittspreise<\/th>\n<\/tr>\n<\/thead>\n<tbody>\n<tr>\n<td>Elbphilharmonie<\/td>\n<td>t\u00e4glich, 10-24 Uhr<\/td>\n<td>pro Person ca. 2,00 Euro<\/td>\n<\/tr>\n<\/tbody>\n<\/table>\n<\/figure>\n[otw_shortcode_info_box border_type=&#8220;bordered&#8220; border_color_class=&#8220;otw-orange-border&#8220; border_style=&#8220;bordered&#8220;]<strong>Hoteltipp<\/strong>: Das <a href=\"https:\/\/www.sonnenklar.tv\/beschreibung\/Deutschland\/Hamburg\/Hamburg\/Nordic_Hotel_Domicil.html\" target=\"_blank\" rel=\"noopener\">Hotel Domicil Hamburg by Golden Tulip<\/a> liegt im beliebten Stadtteil Altona und bietet euch dank einer guten Anbindung an den \u00f6ffentlichen Nahverkehr gute M\u00f6glichkeiten die Stadt zu erkunden.[\/otw_shortcode_info_box]\n<h2><a name=\"sehenswuerdigkeiten-deutschland-staedte\"><\/a>Der Charme der deutschen St\u00e4dte<\/h2>\n<p>Es muss nicht immer eine gro\u00dfe Metropole sein, wenn ihr mal f\u00fcr ein <strong>Wochenende<\/strong> dem Alltag entfliehen wollt. Deutschland hat viele sehenswerte kleinere St\u00e4dte, die auch ein paar eindrucksvolle Sehensw\u00fcrdigkeiten zu bieten haben. Und sehr viel Charme\u2026<\/p>\n<h3><a name=\"rothenburg\"><\/a>Rothenburg ob der Tauber &#8211; lebendiges Mittelalter<\/h3>\n<p>Wohl kaum eine andere Stadt in Deutschland ist so bekannt f\u00fcr ihr mittelalterliches Stadtbild wie Rothenburg ob der Tauber. Im Jahr 2019 gab es daf\u00fcr den dritten Platz beim <strong>Instagram-Check<\/strong> der 20 <strong>sch\u00f6nsten St\u00e4dte<\/strong> Deutschlands. Das f\u00fchrt aber auch dazu, dass die kleine Stadt im Sommer und auch in der Vorweihnachtszeit hoffnungslos \u00fcberlaufen ist.<\/p>\n<figure id=\"attachment_19156\" aria-describedby=\"caption-attachment-19156\" style=\"width: 880px\" class=\"wp-caption alignnone\"><a href=\"https:\/\/www.sonnenklar.tv\/blog\/wp-content\/uploads\/2022\/03\/GettyImages-677595516-Rothenburg-Franken.jpg\"><img loading=\"lazy\" decoding=\"async\" class=\"size-full wp-image-19156\" src=\"https:\/\/www.sonnenklar.tv\/blog\/wp-content\/uploads\/2022\/03\/GettyImages-677595516-Rothenburg-Franken.jpg\" alt=\"Rothenburg ob der Tauber\" width=\"880\" height=\"450\" srcset=\"https:\/\/www.sonnenklar.tv\/blog\/wp-content\/uploads\/2022\/03\/GettyImages-677595516-Rothenburg-Franken.jpg 880w, https:\/\/www.sonnenklar.tv\/blog\/wp-content\/uploads\/2022\/03\/GettyImages-677595516-Rothenburg-Franken-300x153.jpg 300w, https:\/\/www.sonnenklar.tv\/blog\/wp-content\/uploads\/2022\/03\/GettyImages-677595516-Rothenburg-Franken-768x393.jpg 768w\" sizes=\"(max-width: 880px) 100vw, 880px\" \/><\/a><figcaption id=\"caption-attachment-19156\" class=\"wp-caption-text\">Rothenburg ob der Tauber &#8211; an mittelalterlicher Sch\u00f6nheit kaum zu \u00fcberbieten<\/figcaption><\/figure>\n<p>Wenn ihr aber ein Wochenende im Fr\u00fchling oder Herbst f\u00fcr euren Besuch w\u00e4hlt, entdeckt ihr hier ein <strong>mittelalterliches<\/strong> <strong>Juwel<\/strong>, das noch komplett von einer Stadtmauer umgeben ist. Das Bild, das ihr sicherlich alle schon mal gesehen habt, zeigt das <strong>Pl\u00f6nlein<\/strong>. Dieses Ensemble inspirierte schon Walt Disney f\u00fcr seinen Pinocchio. Ein anderer Ort, von dem ihr schon mal geh\u00f6rt habt, ist der <strong>Marktplatz<\/strong>. Hier im Rathaus soll der Altb\u00fcrgermeister Nusch den Kelch mit etwas \u00fcber 3 Litern Fassungsverm\u00f6gen in einem Zug geleert und so die Stadt vor der Zerst\u00f6rung durch die Schweden gerettet haben.<\/p>\n[otw_shortcode_info_box border_type=&#8220;bordered&#8220; border_color_class=&#8220;otw-orange-border&#8220; border_style=&#8220;bordered&#8220;]<strong>Hoteltipp<\/strong>: Stilgerecht wohnen im Herzen der Altstadt erm\u00f6glicht euch das <a href=\"https:\/\/www.sonnenklar.tv\/beschreibung\/Deutschland\/Bayern\/Rothenburg_od_Tauber\/Reichs-K%C3%BCchenmeister.html\" target=\"_blank\" rel=\"noopener\">Hotel Reichsk\u00fcchenmeister<\/a>. Hier genie\u00dft ihr echte Gem\u00fctlichkeit.[\/otw_shortcode_info_box]\n<h3><a name=\"bamberg\"><\/a>Bamberg \u2013 beeindruckendes Weltkulturerbe<\/h3>\n<p>Eine weitere <strong>fr\u00e4nkische Stadt<\/strong> wollen wir euch hier ans Herz legen. Das einmalige Ensemble aus Gerb-, Insel- und G\u00e4rtnerstadt zeigt noch heute das typische Bild einer mittelalterlichen Stadt in Deutschland. Wie Rom wurde Bamberg auf <strong>sieben H\u00fcgeln <\/strong>errichtet und auf jedem dieser H\u00fcgel findet sich ein anderes Highlight. Auf dem <strong>Domberg<\/strong> bestaunt ihr, wie der Name schon sagt, den Kaiserdom, w\u00e4hrend ihr auf dem <strong>Michelsberg<\/strong> ein Kloster erkundet und der <strong>Stephansberg<\/strong> ist bekannt f\u00fcr seine Bierkeller.<\/p>\n<figure id=\"attachment_16229\" aria-describedby=\"caption-attachment-16229\" style=\"width: 880px\" class=\"wp-caption alignnone\"><a href=\"https:\/\/www.sonnenklar.tv\/blog\/wp-content\/uploads\/2020\/07\/bamberg-sehenswuerdigkeiten-altes-rathaus.jpg\"><img loading=\"lazy\" decoding=\"async\" class=\"size-full wp-image-16229\" src=\"https:\/\/www.sonnenklar.tv\/blog\/wp-content\/uploads\/2020\/07\/bamberg-sehenswuerdigkeiten-altes-rathaus.jpg\" alt=\"Altes Rathaus von der Oberen Br\u00fccke in Bamberg fotografiert\" width=\"880\" height=\"500\" srcset=\"https:\/\/www.sonnenklar.tv\/blog\/wp-content\/uploads\/2020\/07\/bamberg-sehenswuerdigkeiten-altes-rathaus.jpg 880w, https:\/\/www.sonnenklar.tv\/blog\/wp-content\/uploads\/2020\/07\/bamberg-sehenswuerdigkeiten-altes-rathaus-300x170.jpg 300w, https:\/\/www.sonnenklar.tv\/blog\/wp-content\/uploads\/2020\/07\/bamberg-sehenswuerdigkeiten-altes-rathaus-768x436.jpg 768w\" sizes=\"(max-width: 880px) 100vw, 880px\" \/><\/a><figcaption id=\"caption-attachment-16229\" class=\"wp-caption-text\">Das Alte Rathaus pr\u00e4gt die historische Innenstadt Bambergs<\/figcaption><\/figure>\n<p>Auf einer k\u00fcnstlichen <strong>Insel<\/strong> in der Regnitz liegt die historische Inselstadt mit dem <strong>alten Rathaus<\/strong> und den romantischen <strong>Fachwerkh\u00e4usern<\/strong>, die fr\u00fcher von den Fischern bewohnt waren. Diese Siedlung kennt man heute auch als <em>Klein Venedig<\/em>. Ein ganz besonderes Highlight bildet die historische G\u00e4rtnerstadt, wo schon im Mittelalter weitl\u00e4ufige <strong>G\u00e4rten<\/strong> angelegt wurden, in denen man Samen, Steckzwiebeln und ganz viel S\u00fc\u00dfholz gez\u00fcchtet hat. Bei eurem Rundgang erfahrt ihr dann auch, was es mit dem Ausdruck S\u00fc\u00dfholz raspeln auf sich hat.<\/p>\n[otw_shortcode_info_box border_type=&#8220;bordered&#8220; border_color_class=&#8220;otw-orange-border&#8220; border_style=&#8220;bordered&#8220;]<strong>Hoteltipp<\/strong>: Das <a href=\"https:\/\/www.sonnenklar.tv\/beschreibung\/Deutschland\/Bayern\/Bamberg\/Hotel_Best_Western_Bamberg.html\" target=\"_blank\" rel=\"noopener\">Best Western Hotel Bamberg<\/a> liegt zentral zwischen Bahnhof und Altstadt. Das moderne Haus bietet einen interessanten Kontrast zu den historischen Sehensw\u00fcrdigkeiten.[\/otw_shortcode_info_box]\n<h3><a name=\"weimar\"><\/a>Weimar \u2013 Stadt der Dichter und des Bauhaus<\/h3>\n<p>Die kleine Stadt in Th\u00fcringen ist ein <strong>Leuchtturm deutscher Kultur<\/strong>. Herzogin Anna Amalia errichtete hier einst eine der bedeutendsten <strong>Bibliotheken<\/strong> ihrer Zeit und sorgte daf\u00fcr, dass die Dichterf\u00fcrsten <strong>Goethe<\/strong> und <strong>Schiller<\/strong> sich hier niederlie\u00dfen. So wird ein Besuch in Weimar eine Reise in unsere Kultur. Aber nicht nur wegen Goethes Wohnhaus und der Bibliothek lohnt sich ein Besuch. Die Stadt ist einfach nur charmant und strahlt ein besonderes Flair aus.<\/p>\n<figure id=\"attachment_19158\" aria-describedby=\"caption-attachment-19158\" style=\"width: 880px\" class=\"wp-caption alignnone\"><a href=\"https:\/\/www.sonnenklar.tv\/blog\/wp-content\/uploads\/2022\/03\/GettyImages-696900832.jpg\"><img loading=\"lazy\" decoding=\"async\" class=\"size-full wp-image-19158\" src=\"https:\/\/www.sonnenklar.tv\/blog\/wp-content\/uploads\/2022\/03\/GettyImages-696900832.jpg\" alt=\"Goethe-Wohnhaus in Weimar\" width=\"880\" height=\"450\" srcset=\"https:\/\/www.sonnenklar.tv\/blog\/wp-content\/uploads\/2022\/03\/GettyImages-696900832.jpg 880w, https:\/\/www.sonnenklar.tv\/blog\/wp-content\/uploads\/2022\/03\/GettyImages-696900832-300x153.jpg 300w, https:\/\/www.sonnenklar.tv\/blog\/wp-content\/uploads\/2022\/03\/GettyImages-696900832-768x393.jpg 768w\" sizes=\"(max-width: 880px) 100vw, 880px\" \/><\/a><figcaption id=\"caption-attachment-19158\" class=\"wp-caption-text\">Johann Wolfgang von Goethes Wohnhaus in Weimar<\/figcaption><\/figure>\n<p>Doch auch in j\u00fcngerer Zeit, n\u00e4mlich zu Beginn des 20. Jahrhunderts, stand Weimar im Zentrum einer Bewegung, die die <strong>moderne Architektur<\/strong> ver\u00e4nderte. Die schlichte Eleganz des <strong>Bauhaus-Stils<\/strong> begann von hier ihren Siegeszug um die Welt und beeinflusst noch heute die Architektur.<\/p>\n[otw_shortcode_info_box border_type=&#8220;bordered&#8220; border_color_class=&#8220;otw-orange-border&#8220; border_style=&#8220;bordered&#8220;]<strong>Hoteltipp<\/strong>:\u00a0 Im <a href=\"https:\/\/www.sonnenklar.tv\/beschreibung\/Deutschland\/Th%C3%BCringen\/Weimar\/Kaiserin_Augusta.html\" target=\"_blank\" rel=\"noopener\">Hotel Kaiserin Augusta<\/a> wohnt ihr sehr zentral und habt so den idealen Ausgangspunkt, um die Stadt zu Fu\u00df zu erkunden.[\/otw_shortcode_info_box]\n<h3><a name=\"heidelberg\"><\/a>Heidelberg \u2013 mehr als nur eine romantische Stadt<\/h3>\n<p>Am Ufer des Neckar liegt diese weltber\u00fchmte Stadt, von der schon Mark Twain in h\u00f6chsten T\u00f6nen schw\u00e4rmte. Das Gr\u00fcn der <strong>W\u00e4lder<\/strong> vermischt sich mit dem Rot der H\u00e4user aus <strong>Buntsandstein<\/strong> und davor flie\u00dft der Neckar gem\u00e4chlich Richtung Rhein. Wenn ihr durch die <strong>Hauptstra\u00dfe<\/strong>, also die Fu\u00dfg\u00e4ngerzone, bummelt, kommt ihr automatisch an den meisten Sehensw\u00fcrdigkeiten vorbei.<\/p>\n<figure id=\"attachment_19155\" aria-describedby=\"caption-attachment-19155\" style=\"width: 880px\" class=\"wp-caption alignnone\"><a href=\"https:\/\/www.sonnenklar.tv\/blog\/wp-content\/uploads\/2022\/03\/GettyImages-831716930.jpg\"><img loading=\"lazy\" decoding=\"async\" class=\"size-full wp-image-19155\" src=\"https:\/\/www.sonnenklar.tv\/blog\/wp-content\/uploads\/2022\/03\/GettyImages-831716930.jpg\" alt=\"Schloss Heidelberg\" width=\"880\" height=\"450\" srcset=\"https:\/\/www.sonnenklar.tv\/blog\/wp-content\/uploads\/2022\/03\/GettyImages-831716930.jpg 880w, https:\/\/www.sonnenklar.tv\/blog\/wp-content\/uploads\/2022\/03\/GettyImages-831716930-300x153.jpg 300w, https:\/\/www.sonnenklar.tv\/blog\/wp-content\/uploads\/2022\/03\/GettyImages-831716930-768x393.jpg 768w\" sizes=\"(max-width: 880px) 100vw, 880px\" \/><\/a><figcaption id=\"caption-attachment-19155\" class=\"wp-caption-text\">Schloss Heidelberg thront \u00fcber der Altstadt und dem Neckar<\/figcaption><\/figure>\n<p>Das Highlight ist aber das <strong>Schloss<\/strong> hoch oben \u00fcber der Stadt. Auch wenn nur noch Teile davon zu sehen sind, ist es durchaus beeindruckend. Hier bestaunt ihr dann auch das <strong>gr\u00f6\u00dfte Weinfass<\/strong> der Welt. Von der <strong>Schlossterrasse<\/strong> genie\u00dft ihr dann einen traumhaften Ausblick \u00fcber die Stadt hinaus in die Rheinebene.<\/p>\n[otw_shortcode_info_box border_type=&#8220;bordered&#8220; border_color_class=&#8220;otw-orange-border&#8220; border_style=&#8220;bordered&#8220;]<strong>Hoteltipp<\/strong>: Das <a href=\"https:\/\/www.sonnenklar.tv\/beschreibung\/Deutschland\/Baden-W%C3%BCrttemberg\/Heidelberg\/NH_Heidelberg.html\" target=\"_blank\" rel=\"noopener\">NH Heidelberg<\/a> liegt am Rand der Altstadt nicht weit von den Neckarwiesen entfernt.[\/otw_shortcode_info_box]\n<h2><a name=\"deutschland-sehenswuerdigkeiten-natur\"><\/a>Natur pur \u2013 reizvolle Landschaften<\/h2>\n<p>Ihr wollt mal wieder ein paar Tage raus in die Natur und in gesunder Luft so richtig tief durchatmen? Deutschland hat auch daf\u00fcr so einige Ziele, die sich f\u00fcr einen Kurztrip oder auch l\u00e4ngeren Aufenthalt anbieten.<\/p>\n<h3><a name=\"schwarzwald\"><\/a>Schwarzwald \u2013 der j\u00fcngste Nationalpark Deutschlands<\/h3>\n<p>Erst seit <strong>2014<\/strong> gibt es diesen Park im Herzen des Schwarzwalds. Fr\u00fcher wurden die Fl\u00e4chen von der Holzwirtschaft genutzt und so die urspr\u00fcngliche Natur verf\u00e4lscht. Was ihr hier heute erlebt, ist die <strong>Entstehung<\/strong> eines Nationalparks. Die Fehler der Vergangenheit m\u00fcssen sich noch rauswachsen und dennoch umgibt euch schon unber\u00fchrte Natur. Der Park ist Teil des gr\u00f6\u00dferen <strong>Naturparks Schwarzwald Mitte\/Nord<\/strong> und teilt sich in den Nationalpark Nord und S\u00fcd.<\/p>\n<figure id=\"attachment_19160\" aria-describedby=\"caption-attachment-19160\" style=\"width: 880px\" class=\"wp-caption alignnone\"><a href=\"https:\/\/www.sonnenklar.tv\/blog\/wp-content\/uploads\/2022\/03\/GettyImages-1322998947-National-Park-Black-Forest.jpg\"><img loading=\"lazy\" decoding=\"async\" class=\"size-full wp-image-19160\" src=\"https:\/\/www.sonnenklar.tv\/blog\/wp-content\/uploads\/2022\/03\/GettyImages-1322998947-National-Park-Black-Forest.jpg\" alt=\"Buhlbachsee im Nationalpark Schwarzwald\" width=\"880\" height=\"450\" srcset=\"https:\/\/www.sonnenklar.tv\/blog\/wp-content\/uploads\/2022\/03\/GettyImages-1322998947-National-Park-Black-Forest.jpg 880w, https:\/\/www.sonnenklar.tv\/blog\/wp-content\/uploads\/2022\/03\/GettyImages-1322998947-National-Park-Black-Forest-300x153.jpg 300w, https:\/\/www.sonnenklar.tv\/blog\/wp-content\/uploads\/2022\/03\/GettyImages-1322998947-National-Park-Black-Forest-768x393.jpg 768w\" sizes=\"(max-width: 880px) 100vw, 880px\" \/><\/a><figcaption id=\"caption-attachment-19160\" class=\"wp-caption-text\">Buhlbachsee im Nationalpark Schwarzwald<\/figcaption><\/figure>\n<p>Teile des Parks wurden von St\u00fcrmen und Sch\u00e4dlingen entwaldet und nun l\u00e4sst man der Natur ihren freien Lauf. Das ist wirklich ein einmaliges Erlebnis. Um mehr \u00fcber den Park und seine Ziele zu erfahren, empfiehlt es sich, das <strong>Nationalparkzentrum<\/strong> am Ruhestein zu besuchen.<\/p>\n[otw_shortcode_info_box border_type=&#8220;bordered&#8220; border_color_class=&#8220;otw-orange-border&#8220; border_style=&#8220;bordered&#8220;]<strong>Hoteltipp<\/strong>: Im <a href=\"https:\/\/www.sonnenklar.tv\/beschreibung\/Deutschland\/Baden-W%C3%BCrttemberg\/Baiersbronn\/Sonnenhof.html\" target=\"_blank\" rel=\"noopener\">Flair Hotel Sonnenhof<\/a> genie\u00dft ihr eine gem\u00fctliche Unterkunft in sehr ruhiger Lage in Sch\u00f6nm\u00fcnzach am Zugang zum Nationalpark.[\/otw_shortcode_info_box]\n<h3><a name=\"berchtesgaden\"><\/a>Nationalpark Berchtesgaden &#8211; die majest\u00e4tische Welt der Alpen<\/h3>\n<p>An der <strong>s\u00fcdlichsten Spitze<\/strong> Deutschlands wartet die eindrucksvolle <strong>Bergwelt<\/strong> der Alpen darauf, von euch erkundet zu werden. Rund um den markanten Gipfel des <strong>Watzmanns<\/strong> bieten sich euch spektakul\u00e4re Landschaften und eine einzigartige Flora und Fauna. Bei einer Fahrt \u00fcber den <strong>K\u00f6nigssee<\/strong> kommt ihr zu einem der ber\u00fchmtesten Postkartenmotive des Landes, der kleinen Kirche <strong>St. Bartholom\u00e4<\/strong> und von dort auf zahlreichen Wanderwegen in das Reich des <strong>Steinbocks<\/strong>, <strong>Steinadlers<\/strong> und des Murmeltiers.<\/p>\n<figure id=\"attachment_19162\" aria-describedby=\"caption-attachment-19162\" style=\"width: 880px\" class=\"wp-caption alignnone\"><a href=\"https:\/\/www.sonnenklar.tv\/blog\/wp-content\/uploads\/2022\/03\/GettyImages-1026135812.jpg\"><img loading=\"lazy\" decoding=\"async\" class=\"size-full wp-image-19162\" src=\"https:\/\/www.sonnenklar.tv\/blog\/wp-content\/uploads\/2022\/03\/GettyImages-1026135812.jpg\" alt=\"St. Bartholom\u00e4 am K\u00f6nigssee\" width=\"880\" height=\"450\" srcset=\"https:\/\/www.sonnenklar.tv\/blog\/wp-content\/uploads\/2022\/03\/GettyImages-1026135812.jpg 880w, https:\/\/www.sonnenklar.tv\/blog\/wp-content\/uploads\/2022\/03\/GettyImages-1026135812-300x153.jpg 300w, https:\/\/www.sonnenklar.tv\/blog\/wp-content\/uploads\/2022\/03\/GettyImages-1026135812-768x393.jpg 768w\" sizes=\"(max-width: 880px) 100vw, 880px\" \/><\/a><figcaption id=\"caption-attachment-19162\" class=\"wp-caption-text\">Die Wallfahrtskirche St. Bartholom\u00e4 am K\u00f6nigssee<\/figcaption><\/figure>\n<p>Auf insgesamt 260 Kilometern an <strong>Wanderwegen<\/strong> findet ihr Touren von leicht bis herausfordernd mit vielen urigen <strong>Almh\u00fctten<\/strong>, die zu einer Rast einladen. Noch ein Postkartenmotiv ist nur wenige Minuten vom Nationalpark entfernt. Das Bild der Kirche St. Sebastian in <strong>Ramsau<\/strong> habt ihr bestimmt schon mal gesehen.<\/p>\n[otw_shortcode_info_box border_type=&#8220;bordered&#8220; border_color_class=&#8220;otw-orange-border&#8220; border_style=&#8220;bordered&#8220;]<strong>Hoteltipp<\/strong>: Am Fu\u00df des Erlebnisbergs Jenner bietet euch das f\u00fcr seine Nachhaltigkeit ausgezeichnete <a href=\"https:\/\/www.sonnenklar.tv\/beschreibung\/Deutschland\/Bayern\/Sch%C3%B6nau_am_K%C3%B6nigssee\/Explorer_Hotel_Berchtesgaden.html\" target=\"_blank\" rel=\"noopener\">Explorer Hotel Berchtesgaden<\/a> in Sch\u00f6nau am K\u00f6nigsee die passende Unterkunft f\u00fcr alle Naturliebhaber[\/otw_shortcode_info_box]\n<h3><a name=\"saechsische-schweiz\"><\/a>Nationalpark S\u00e4chsische Schweiz \u2013 bizarre Felsnadeln und lichte Buchenw\u00e4lder<\/h3>\n<p>Ganz im S\u00fcdosten von <strong>Sachsen<\/strong> gibt es an der Grenze zu <strong>Tschechien<\/strong> noch einen Nationalpark. Von dem ihr bestimmt schon mal ein Bild gesehen habt. Die Hauptattraktion sind die Sandsteinnadeln der <strong>Bastei<\/strong>. Der grenz\u00fcbergreifende Park nennt sich hinter der tschechischen Grenze B\u00f6hmische Schweiz und zusammen umspannen sie das Gebiet des <strong>Elbsandsteingebirges<\/strong>.<\/p>\n<figure id=\"attachment_16853\" aria-describedby=\"caption-attachment-16853\" style=\"width: 880px\" class=\"wp-caption alignnone\"><a href=\"https:\/\/www.sonnenklar.tv\/blog\/wp-content\/uploads\/2020\/10\/Basteibr\u00fccke-S\u00e4chsische-Schweiz.jpg\"><img loading=\"lazy\" decoding=\"async\" class=\"size-full wp-image-16853\" src=\"https:\/\/www.sonnenklar.tv\/blog\/wp-content\/uploads\/2020\/10\/Basteibr\u00fccke-S\u00e4chsische-Schweiz.jpg\" alt=\"Basteibr\u00fccke in der S\u00e4chsischen Schweiz\" width=\"880\" height=\"450\" srcset=\"https:\/\/www.sonnenklar.tv\/blog\/wp-content\/uploads\/2020\/10\/Basteibr\u00fccke-S\u00e4chsische-Schweiz.jpg 880w, https:\/\/www.sonnenklar.tv\/blog\/wp-content\/uploads\/2020\/10\/Basteibr\u00fccke-S\u00e4chsische-Schweiz-300x153.jpg 300w, https:\/\/www.sonnenklar.tv\/blog\/wp-content\/uploads\/2020\/10\/Basteibr\u00fccke-S\u00e4chsische-Schweiz-768x393.jpg 768w\" sizes=\"(max-width: 880px) 100vw, 880px\" \/><\/a><figcaption id=\"caption-attachment-16853\" class=\"wp-caption-text\">Bastei-Felsformation in der S\u00e4chsischen Schweiz<\/figcaption><\/figure>\n<p>Gepr\u00e4gt wird die Landschaft von dichten W\u00e4ldern, aus denen Felst\u00fcrme und Tafelberge hervorragen. Ihr k\u00f6nnt an manchen dieser T\u00fcrme <strong>klettern<\/strong> oder ihr <strong>wandert<\/strong> durch kleine Schluchten zu eindrucksvollen Wasserf\u00e4llen. Auch einige <strong>Mountainbike<\/strong> Trails f\u00fchren durch den Park. Das perfekte Ziel f\u00fcr alle, die gerne aktiv an der frischen Luft sind.<\/p>\n[otw_shortcode_info_box border_type=&#8220;bordered&#8220; border_color_class=&#8220;otw-orange-border&#8220; border_style=&#8220;bordered&#8220;]<strong>Hoteltipp<\/strong>: Die <a href=\"https:\/\/www.sonnenklar.tv\/beschreibung\/Deutschland\/S%C3%A4chsische_Schweiz_Erzgebirge\/Bad_Schandau\/Elbresidenz_Bad_Schandau.html\" target=\"_blank\" rel=\"noopener\">Elbresidenz Bad Schandau<\/a> liegt zentral in diesem kleinen Kurort am Eingang zum Nationalpark. Nach aktiven Tagen im Nationalpark k\u00f6nnt ihr euch hier im Wellnesspark entspannen.[\/otw_shortcode_info_box]\n<h3><a name=\"ruegen\"><\/a>Insel R\u00fcgen \u2013 spektakul\u00e4re Natursehensw\u00fcrdigkeiten<\/h3>\n<p>Auch die gr\u00f6\u00dfte Insel Deutschlands kennt ihr zumindest von Bildern. Die wei\u00dfen <strong>Kreidefelsen <\/strong>bilden mit den gr\u00fcnen <strong>W\u00e4ldern<\/strong> und dem Blau des Meeres aber auch ein wirklich faszinierendes Farbenspiel, das man mal gesehen haben sollte. Abseits dieser Felsen entdeckt ihr beim Radfahren noch sehr viel mehr unber\u00fchrte Natur.<\/p>\n<figure id=\"attachment_10364\" aria-describedby=\"caption-attachment-10364\" style=\"width: 880px\" class=\"wp-caption alignnone\"><a href=\"https:\/\/www.sonnenklar.tv\/blog\/wp-content\/uploads\/2019\/01\/koenigsstuhl-nationalpark-jasmund-ruegen.jpg\"><img loading=\"lazy\" decoding=\"async\" class=\"size-full wp-image-10364\" src=\"https:\/\/www.sonnenklar.tv\/blog\/wp-content\/uploads\/2019\/01\/koenigsstuhl-nationalpark-jasmund-ruegen.jpg\" alt=\"Der Kreidefelsen K\u00f6nigsstuhl im Nationalpark Jasmund auf R\u00fcgen\" width=\"880\" height=\"450\" srcset=\"https:\/\/www.sonnenklar.tv\/blog\/wp-content\/uploads\/2019\/01\/koenigsstuhl-nationalpark-jasmund-ruegen.jpg 880w, https:\/\/www.sonnenklar.tv\/blog\/wp-content\/uploads\/2019\/01\/koenigsstuhl-nationalpark-jasmund-ruegen-300x153.jpg 300w, https:\/\/www.sonnenklar.tv\/blog\/wp-content\/uploads\/2019\/01\/koenigsstuhl-nationalpark-jasmund-ruegen-768x393.jpg 768w\" sizes=\"(max-width: 880px) 100vw, 880px\" \/><\/a><figcaption id=\"caption-attachment-10364\" class=\"wp-caption-text\">Der Kreidefelsen K\u00f6nigsstuhl im Nationalpark Jasmund auf R\u00fcgen<\/figcaption><\/figure>\n<p>Das tolle an R\u00fcgen ist, dass ihr hier euren Aktivurlaub in der Natur mit erholsamen <strong>Badetagen<\/strong> am Meer kombinieren k\u00f6nnt. Nat\u00fcrlich k\u00f6nnt ihr auch am und auf dem Wasser aktiv werden und die gesunde Meeresluft einsaugen. Die kleine Nachbarinsel <strong>Hiddensee<\/strong> ist \u00fcbrigens mindestens genauso ein echtes Naturjuwel.<\/p>\n[otw_shortcode_info_box border_type=&#8220;bordered&#8220; border_color_class=&#8220;otw-orange-border&#8220; border_style=&#8220;bordered&#8220;]<strong>Hoteltipp<\/strong>: Mitten im Gr\u00fcnen nicht weit entfernt von den Kreidefelsen findet ihr im <a href=\"https:\/\/www.sonnenklar.tv\/beschreibung\/Deutschland\/Insel_R%C3%BCgen\/Neddesitz\/Jasmar_Resort_R%C3%BCgen.html\" target=\"_blank\" rel=\"noopener\">Precise Resort R\u00fcgen<\/a> ein gro\u00dfes Angebot an sportlichen Aktivit\u00e4ten in direkter Nachbarschaft der Erlebniswelt SPLASH.[\/otw_shortcode_info_box]\n<h2><strong><a name=\"panoramastrassen\"><\/a>Panoramastra\u00dfen \u2013 auf malerischen Wegen durch das Land<\/strong><\/h2>\n<p>Viele <strong>unterschiedliche<\/strong> Sehensw\u00fcrdigkeiten Deutschlands in <strong>einem Trip<\/strong> erkunden, dabei gem\u00fctlich \u00fcber Landstra\u00dfen <strong>gondeln<\/strong> und einfach nur das sch\u00f6ne Wetter und unser wunderbares Land genie\u00dfen. Wenn sich das f\u00fcr euch nach einem Plan anh\u00f6rt, solltet ihr mal \u00fcber eine der vielen Panoramastra\u00dfen cruisen.<\/p>\n<h3>Romantische Stra\u00dfe \u2013 Eine Reise zu mittelalterlichen St\u00e4dtchen<\/h3>\n<p>Die \u00e4lteste und bekannteste Route f\u00fcr ein entspanntes Wochenende ist die Romantische Stra\u00dfe. Sie f\u00fchrt euch von <strong>W\u00fcrzburg<\/strong> nach <strong>F\u00fcssen<\/strong> und entlang der Route h\u00e4ufen sich spektakul\u00e4re Sehensw\u00fcrdigkeiten, wie zum Beispiel Rothenburg ob der Tauber, die <strong>Wieskirche<\/strong> und als Kr\u00f6nung am Ende <strong>Neuschwanstein<\/strong>.<\/p>\n<p>L\u00e4nge: 460 Kilometer\u00a0 \u00a0\u00a0\u00a0\u00a0\u00a0\u00a0 Empfohlene Reisezeit: 5 Tage<\/p>\n<figure id=\"attachment_19185\" aria-describedby=\"caption-attachment-19185\" style=\"width: 880px\" class=\"wp-caption alignnone\"><a href=\"https:\/\/www.sonnenklar.tv\/blog\/wp-content\/uploads\/2022\/03\/GettyImages-1218751299-Wieskirche-church.jpg\"><img loading=\"lazy\" decoding=\"async\" class=\"size-full wp-image-19185\" src=\"https:\/\/www.sonnenklar.tv\/blog\/wp-content\/uploads\/2022\/03\/GettyImages-1218751299-Wieskirche-church.jpg\" alt=\"Wieskirche\" width=\"880\" height=\"450\" srcset=\"https:\/\/www.sonnenklar.tv\/blog\/wp-content\/uploads\/2022\/03\/GettyImages-1218751299-Wieskirche-church.jpg 880w, https:\/\/www.sonnenklar.tv\/blog\/wp-content\/uploads\/2022\/03\/GettyImages-1218751299-Wieskirche-church-300x153.jpg 300w, https:\/\/www.sonnenklar.tv\/blog\/wp-content\/uploads\/2022\/03\/GettyImages-1218751299-Wieskirche-church-768x393.jpg 768w\" sizes=\"(max-width: 880px) 100vw, 880px\" \/><\/a><figcaption id=\"caption-attachment-19185\" class=\"wp-caption-text\">Die Wieskirche wurde als herausragendes Rokoko-Bauwerk zum UNESCO-Welterbe erkl\u00e4rt<\/figcaption><\/figure>\n<h3>Deutsche Alpenstra\u00dfe \u2013 grandiose Berggipfel und M\u00e4rchenschl\u00f6sser<\/h3>\n<p>Bei einer Fahrt \u00fcber diese Stra\u00dfe jagt ein Highlight das n\u00e4chste. Start ist in <strong>Lindau<\/strong> am Bodensee. Von dort geht es \u00fcber das Allg\u00e4u vorbei an Neuschwanstein zur <strong>Zugspitze<\/strong>. Dort lohnt ein Abstecher zum <strong>Kloster Ettal<\/strong> und <strong>Schloss Linderhof<\/strong>. Traumhaft sch\u00f6n ist es auch am <strong>Chiemsee<\/strong>, wo ihr das dritte Schloss von Ludwig II. auf der Herreninsel bestaunt. Fulminantes Ende der Tour ist in Sch\u00f6nau am <strong>K\u00f6nigssee<\/strong>.<\/p>\n<p>L\u00e4nge: 450 Kilometer\u00a0\u00a0\u00a0\u00a0\u00a0\u00a0\u00a0\u00a0 Empfohlene Reisezeit:\u00a0 14 Tage<\/p>\n<h3>Deutsche M\u00e4rchenstra\u00dfe &#8211;\u00a0 auf den Spuren der Gebr\u00fcder Grimm<\/h3>\n<p>Habt ihr als Kinder auch die M\u00e4rchen der Gebr\u00fcder Grimm verschlungen? Dann solltet ihr auf dieser Stra\u00dfe auf den Spuren von Rotk\u00e4ppchen und Schneewittchen wandeln. Die Reise beginnt in <strong>Hanau<\/strong>, dem Geburtsort der bekannten M\u00e4rchensammler und endet in <strong>Bremen<\/strong> bei den <strong>Stadtmusikanten<\/strong>. Unterwegs entdeckt ihr wundersch\u00f6ne Landschaften und Regionen unseres Landes, die nicht ganz so bekannt sind.<\/p>\n<p>L\u00e4nge: 600 Kilometer\u00a0\u00a0\u00a0\u00a0\u00a0\u00a0\u00a0\u00a0\u00a0\u00a0\u00a0\u00a0\u00a0\u00a0\u00a0\u00a0\u00a0\u00a0\u00a0\u00a0 Empfohlene Reisezeit: 10 Tage<\/p>\n<figure id=\"attachment_19189\" aria-describedby=\"caption-attachment-19189\" style=\"width: 880px\" class=\"wp-caption alignnone\"><a href=\"https:\/\/www.sonnenklar.tv\/blog\/wp-content\/uploads\/2022\/03\/GettyImages-954928916-Bremen-town-musicians.jpg\"><img loading=\"lazy\" decoding=\"async\" class=\"size-full wp-image-19189\" src=\"https:\/\/www.sonnenklar.tv\/blog\/wp-content\/uploads\/2022\/03\/GettyImages-954928916-Bremen-town-musicians.jpg\" alt=\"Bremer Stadtmusikanten\" width=\"880\" height=\"450\" srcset=\"https:\/\/www.sonnenklar.tv\/blog\/wp-content\/uploads\/2022\/03\/GettyImages-954928916-Bremen-town-musicians.jpg 880w, https:\/\/www.sonnenklar.tv\/blog\/wp-content\/uploads\/2022\/03\/GettyImages-954928916-Bremen-town-musicians-300x153.jpg 300w, https:\/\/www.sonnenklar.tv\/blog\/wp-content\/uploads\/2022\/03\/GettyImages-954928916-Bremen-town-musicians-768x393.jpg 768w\" sizes=\"(max-width: 880px) 100vw, 880px\" \/><\/a><figcaption id=\"caption-attachment-19189\" class=\"wp-caption-text\">Bremer Stadtmusikanten<\/figcaption><\/figure>\n<h2>H\u00e4ufig gestellte Fragen zu &#8222;Sehensw\u00fcrdigkeiten Deutschland&#8220;<\/h2>\n<p>Die Liste der Sehensw\u00fcrdigkeiten in Deutschland l\u00e4sst sich ins Unendliche fortsetzen. Daher ergeben sich nat\u00fcrlich einige Fragen. Ein paar davon wollen wir euch beantworten.<\/p>\n<h3><strong>Welche Stadt in Deutschland hat die meisten Sehensw\u00fcrdigkeiten?<\/strong><\/h3>\n<p>Diese Frage zu beantworten, ist eigentlich unm\u00f6glich. Nat\u00fcrlich hat <strong>Berlin<\/strong> schon aufgrund seiner Gr\u00f6\u00dfe mehr Sehensw\u00fcrdigkeiten zu bieten als die durchaus sehenswerte Stadt <strong>G\u00f6rlitz<\/strong>. Wenn ihr Sehensw\u00fcrdigkeiten in der Natur sucht, werdet ihr in <strong>Garmisch-Partenkirchen<\/strong> sicherlich mehr finden als in <strong>Hamburg<\/strong>. Wir empfehlen euch, sich die Zeit zu nehmen und die vielen Regionen des Landes mit den unterschiedlichsten Attraktionen nach und nach zu erkunden.<\/p>\n<h3><strong>Was muss man in Berlin unbedingt gesehen haben?<\/strong><\/h3>\n<p>Berlin hat eine Vielzahl an Sehensw\u00fcrdigkeiten, die man bei einem Besuch gesehen haben sollte. Dazu geh\u00f6ren nat\u00fcrlich der <strong>Reichstag<\/strong> und das <strong>Brandenburger Tor<\/strong> gleich um die Ecke. Neu auf der Liste ist das <strong>Humboldt Forum,<\/strong> oder auch bekannt als der Nachbau des Berliner Stadtschlosses. Der sch\u00f6nste Platz in Berlin ist zweifelsohne der <strong>Gendarmenmarkt<\/strong>. Wer sich f\u00fcr Kunst und Kultur interessiert, kann mehrere Tage auf der <strong>Museumsinsel<\/strong> verbringen. Aber auch die Reste der Berliner Mauer an der <strong>Bernauer Stra\u00dfe<\/strong> und die <strong>East Side Gallery<\/strong> geh\u00f6ren zum Pflichtprogramm.<\/p>\n<figure id=\"attachment_4298\" aria-describedby=\"caption-attachment-4298\" style=\"width: 880px\" class=\"wp-caption alignnone\"><a href=\"https:\/\/www.sonnenklar.tv\/blog\/wp-content\/uploads\/2018\/01\/berlin-staedtetrip.jpg\"><img loading=\"lazy\" decoding=\"async\" class=\"wp-image-4298 size-full\" src=\"https:\/\/www.sonnenklar.tv\/blog\/wp-content\/uploads\/2018\/01\/berlin-staedtetrip.jpg\" alt=\"blick auf berlin\" width=\"880\" height=\"450\" srcset=\"https:\/\/www.sonnenklar.tv\/blog\/wp-content\/uploads\/2018\/01\/berlin-staedtetrip.jpg 880w, https:\/\/www.sonnenklar.tv\/blog\/wp-content\/uploads\/2018\/01\/berlin-staedtetrip-800x409.jpg 800w, https:\/\/www.sonnenklar.tv\/blog\/wp-content\/uploads\/2018\/01\/berlin-staedtetrip-18x9.jpg 18w, https:\/\/www.sonnenklar.tv\/blog\/wp-content\/uploads\/2018\/01\/berlin-staedtetrip-150x77.jpg 150w, https:\/\/www.sonnenklar.tv\/blog\/wp-content\/uploads\/2018\/01\/berlin-staedtetrip-450x230.jpg 450w, https:\/\/www.sonnenklar.tv\/blog\/wp-content\/uploads\/2018\/01\/berlin-staedtetrip-768x393.jpg 768w, https:\/\/www.sonnenklar.tv\/blog\/wp-content\/uploads\/2018\/01\/berlin-staedtetrip-300x153.jpg 300w\" sizes=\"(max-width: 880px) 100vw, 880px\" \/><\/a><figcaption id=\"caption-attachment-4298\" class=\"wp-caption-text\">Berlin ist reich an modernen und historischen Sehensw\u00fcrdigkeiten<\/figcaption><\/figure>\n<h3><strong>Was ist die beliebteste Sehensw\u00fcrdigkeit in Deutschland?<\/strong><\/h3>\n<p>Seit 2012 startet die Deutsche Zentrale f\u00fcr Tourismus auf ihrer <a href=\"https:\/\/www.germany.travel\/de\/top-100\/sehenswuerdigkeiten.html\" target=\"_blank\" rel=\"noopener\">Webseite<\/a> jedes Jahr eine Umfrage zu dieser Frage. Ihr denkt, <strong>Modelleisenbahnen<\/strong> sind langweilig? Dann solltet ihr euch mal das <strong>Miniaturwunderland<\/strong> in Hamburg anschauen, das ging bereits zum vierten Mal in Folge als Sieger aus diesem Wettbewerb hervor. Im Jahr 2019 besuchten 1,4 Millionen Menschen die gr\u00f6\u00dfte Modelleisenbahn der Welt.<\/p>\n<h2>Fazit: Deutschland, das Land der Attraktionen<\/h2>\n<p>Unser Heimatland ist voller Wunder, die es lohnt zu entdecken. Wir haben an der Nord- und Ostsee wunderbare Str\u00e4nde, an denen man vielleicht nicht immer baden kann. Aber die Urlaubsorte an der K\u00fcste sorgen immer mehr daf\u00fcr, dass ihr euch trotzdem nicht langweilt. Unsere St\u00e4dte bieten euch jede Menge Sehensw\u00fcrdigkeiten aus einer langen Geschichte, die mit modernen Bauwerken weitergef\u00fchrt wird.<\/p>\n<p>Dazwischen findet ihr einzigartige Natur, angef\u00fcllt mit einer gro\u00dfartigen Flora und Fauna. Die Vielfalt Deutschlands gilt es zu entdecken. Wie sagte bereits ein gewisser Herr Goethe? \u201eWarum in die Ferne schweifen, wenn das Gute liegt so nah\u201c. In Zeiten, in denen der Klimawandel immer offensichtlicher wird, bietet es sich an, den ein oder anderen Urlaub zu Hause zu verbringen und das eigene Land n\u00e4her kennenzulernen.<\/p>\n[otw_shortcode_info_box border_type=&#8220;bordered&#8220; border_color_class=&#8220;otw-orange-border&#8220; border_style=&#8220;bordered&#8220;]Wenn ihr jetzt Lust auf ein paar Tage in Deutschland bekommen habt, aber euch noch nicht sicher seid, wo die Reise hingehen soll, st\u00f6bert doch ein bisschen in unseren <a href=\"https:\/\/www.sonnenklar.tv\/promo\/reisen-deutschland.html\" target=\"_blank\" rel=\"noopener\">Angeboten<\/a> und lasst euch inspirieren.[\/otw_shortcode_info_box]\n<p>&nbsp;<\/p>\n","protected":false},"excerpt":{"rendered":"<p>Von den endlos langen Str\u00e4nden an der Nord- und Ostsee \u00fcber die bewaldeten H\u00fcgel der Mittelgebirge bis hin zu den majest\u00e4tischen Gipfeln der Alpen, Deutschland ist ein sehr abwechslungsreiches Land. Im ganzen Land verteilt findet ihr Natur- und Architekturwunder, die ihr mal gesehen haben solltet. Egal, ob nur f\u00fcr ein Wochenende oder aber f\u00fcr den<\/p>\n","protected":false},"author":3,"featured_media":19191,"comment_status":"closed","ping_status":"open","sticky":false,"template":"","format":"standard","meta":{"footnotes":""},"categories":[463,9],"tags":[496,484],"class_list":{"0":"post-19145","1":"post","2":"type-post","3":"status-publish","4":"format-standard","5":"has-post-thumbnail","7":"category-deutschland","8":"category-eigenanreise","9":"tag-deutschland","10":"tag-sehenswuerdigkeiten"},"_links":{"self":[{"href":"https:\/\/www.sonnenklar.tv\/blog\/wp-json\/wp\/v2\/posts\/19145","targetHints":{"allow":["GET"]}}],"collection":[{"href":"https:\/\/www.sonnenklar.tv\/blog\/wp-json\/wp\/v2\/posts"}],"about":[{"href":"https:\/\/www.sonnenklar.tv\/blog\/wp-json\/wp\/v2\/types\/post"}],"author":[{"embeddable":true,"href":"https:\/\/www.sonnenklar.tv\/blog\/wp-json\/wp\/v2\/users\/3"}],"replies":[{"embeddable":true,"href":"https:\/\/www.sonnenklar.tv\/blog\/wp-json\/wp\/v2\/comments?post=19145"}],"version-history":[{"count":26,"href":"https:\/\/www.sonnenklar.tv\/blog\/wp-json\/wp\/v2\/posts\/19145\/revisions"}],"predecessor-version":[{"id":24391,"href":"https:\/\/www.sonnenklar.tv\/blog\/wp-json\/wp\/v2\/posts\/19145\/revisions\/24391"}],"wp:featuredmedia":[{"embeddable":true,"href":"https:\/\/www.sonnenklar.tv\/blog\/wp-json\/wp\/v2\/media\/19191"}],"wp:attachment":[{"href":"https:\/\/www.sonnenklar.tv\/blog\/wp-json\/wp\/v2\/media?parent=19145"}],"wp:term":[{"taxonomy":"category","embeddable":true,"href":"https:\/\/www.sonnenklar.tv\/blog\/wp-json\/wp\/v2\/categories?post=19145"},{"taxonomy":"post_tag","embeddable":true,"href":"https:\/\/www.sonnenklar.tv\/blog\/wp-json\/wp\/v2\/tags?post=19145"}],"curies":[{"name":"wp","href":"https:\/\/api.w.org\/{rel}","templated":true}]}}