{"id":191,"date":"2020-04-16T10:11:52","date_gmt":"2020-04-16T09:11:52","guid":{"rendered":"http:\/\/cid2356p1485.hd71.hosting.punkt.de\/?p=191"},"modified":"2026-03-10T16:19:57","modified_gmt":"2026-03-10T15:19:57","slug":"mandelbluete-mallorca","status":"publish","type":"post","link":"https:\/\/www.sonnenklar.tv\/blog\/urlaubslaender\/spanien\/mandelbluete-mallorca\/","title":{"rendered":"Die Mandelbl\u00fcte auf Mallorca: Prachtvolles Naturschauspiel"},"content":{"rendered":"\n<p><strong>Ein Meer aus rosa-wei\u00dfen Bl\u00fcten, die sich im sanften Wind wiegen und die Landschaft in zauberhafte Farben tauchen \u2013 nein, nicht vom Kirschbl\u00fctenfest in Japan ist die Rede, sondern von Mallorca und der Mandelbl\u00fcte! Gr\u00fcnde, die balearische Insel zu besuchen gibt es viele, doch wusstet ihr, dass dieses bl\u00fchende Naturschauspiel dazugeh\u00f6rt?<\/strong><\/p>\n\n\n\n<hr class=\"wp-block-separator has-css-opacity\"\/>\n\n\n\n<p><strong>Inhaltsverzeichnis:<\/strong><\/p>\n\n\n\n<ul class=\"wp-block-list\">\n<li><a href=\"#faq\">FAQ zur Mandelbl\u00fcte auf Mallorca<\/a><\/li>\n\n\n\n<li><a href=\"#souvenirs\">Die sch\u00f6nsten Souvenirs von der Mandelbl\u00fcte<\/a><\/li>\n\n\n\n<li><a href=\"#geschichte\">Wie kamen die Mandelb\u00e4ume nach Mallorca?<\/a><\/li>\n<\/ul>\n\n\n\n<hr class=\"wp-block-separator has-css-opacity\"\/>\n\n\n<div class=\"wp-block-image\">\n<figure class=\"aligncenter\"><img fetchpriority=\"high\" decoding=\"async\" width=\"880\" height=\"450\" src=\"https:\/\/www.sonnenklar.tv\/blog\/wp-content\/uploads\/2017\/06\/Mandelbl\u00fcte.jpg\" alt=\"wei\u00dfe Mandelbl\u00fcte auf Mallorca\" class=\"wp-image-2274\" srcset=\"https:\/\/www.sonnenklar.tv\/blog\/wp-content\/uploads\/2017\/06\/Mandelbl\u00fcte.jpg 880w, https:\/\/www.sonnenklar.tv\/blog\/wp-content\/uploads\/2017\/06\/Mandelbl\u00fcte-300x153.jpg 300w, https:\/\/www.sonnenklar.tv\/blog\/wp-content\/uploads\/2017\/06\/Mandelbl\u00fcte-768x393.jpg 768w\" sizes=\"(max-width: 880px) 100vw, 880px\" \/><\/figure>\n<\/div>\n\n\n<p>Nicht nur der Anblick selbst ist faszinierend, denn die mallorquinische Mandel selbst ist etwas ganz Besonderes. Sie sind noch proteinhaltiger als andere, besitzen dadurch einen speziellen Geschmack und werden per Hand geerntet. Dar\u00fcber hinaus tauchen sie die Insel in einen bezaubernden Duft. Ein Genuss f\u00fcr alle Sinne! Wir nehmen euch mit auf die Insel und verraten euch alles Wichtige zur Mandebl\u00fcten-Zeit auf Mallorca.<\/p>\n\n\n\n<p>Auch wenn die Mandelb\u00e4ume erst im Sp\u00e4tsommer geerntet und zu Mandellik\u00f6r, -schokolade oder -\u00f6l verarbeitet werden, ziehen sie bereits im Fr\u00fchjahr viele Leute an. Kein Wunder: Die Mandelbl\u00fcte auf Mallorca legt&nbsp;einen wei\u00df-rosa Schleier \u00fcber die Felder und l\u00e4dt zu langen Spazierg\u00e4ngen und Wanderungen ein.<\/p>\n\n\n\n<h2 class=\"wp-block-heading\"><a name=\"faq\"><\/a>Die wichtigsten Fragen zur Mandelbl\u00fcte auf Mallorca<\/h2>\n\n\n\n<p>Wann solltet ihr am besten nach Mallorca, um die Mandelbl\u00fcte in voller Pracht zu erleben und wohin lohnen sich Ausfl\u00fcge ganz besonders? Wir verraten es euch hier.<\/p>\n\n\n\n<hr class=\"wp-block-separator has-css-opacity\"\/>\n\n\n\n<ul class=\"wp-block-list\">\n<li><a href=\"#reisezeit\">Wann ist die Mandelbl\u00fcte auf Mallorca?<\/a><\/li>\n\n\n\n<li><a href=\"#wetter\">Wie ist das Wetter zur Mandelbl\u00fcte?<\/a><\/li>\n\n\n\n<li><a href=\"#orte\">Wo ist die Mandelbl\u00fcte auf Mallorca?<\/a><\/li>\n<\/ul>\n\n\n\n<hr class=\"wp-block-separator has-css-opacity\"\/>\n\n\n<div class=\"wp-block-image\">\n<figure class=\"aligncenter\"><img decoding=\"async\" width=\"880\" height=\"500\" src=\"https:\/\/www.sonnenklar.tv\/blog\/wp-content\/uploads\/2014\/05\/mandelbluete-mallorca.jpg\" alt=\"Sch\u00f6nes Panorama mit Mandelbl\u00fcte auf Mallorca\" class=\"wp-image-15342\" srcset=\"https:\/\/www.sonnenklar.tv\/blog\/wp-content\/uploads\/2014\/05\/mandelbluete-mallorca.jpg 880w, https:\/\/www.sonnenklar.tv\/blog\/wp-content\/uploads\/2014\/05\/mandelbluete-mallorca-300x170.jpg 300w, https:\/\/www.sonnenklar.tv\/blog\/wp-content\/uploads\/2014\/05\/mandelbluete-mallorca-768x436.jpg 768w\" sizes=\"(max-width: 880px) 100vw, 880px\" \/><\/figure>\n<\/div>\n\n\n<h3 class=\"wp-block-heading\"><a name=\"reisezeit\"><\/a>Wann ist die Mandelbl\u00fcte auf Mallorca?<\/h3>\n\n\n\n<p>Von Anfang Januar bis Ende M\u00e4rz findet auf Mallorca das herrliche Spektakel der Mandelbl\u00fcte statt. Wann genau die B\u00e4ume zu bl\u00fchen anfangen, ist nat\u00fcrlich nicht mit Gewissheit zu sagen, aber Mitte Februar ist man eigentlich auf der sicheren Seite. Dann erscheint die Insel in einem wei\u00df-rosa Schleier voller Bl\u00fcten.<\/p>\n\n\n\n<p>Die Intensit\u00e4t und der genaue Zeitraum h\u00e4ngen auch von der Region ab. Im Osten Mallorcas bl\u00fchen die B\u00e4ume meistens eher als im gebirgigen Teil.<\/p>\n\n\n\n<h3 class=\"wp-block-heading\"><a name=\"wetter\"><\/a>Wie ist das Wetter zur Mandelbl\u00fcte auf Mallorca?<\/h3>\n\n\n\n<p>Im Februar und M\u00e4rz herrschen auf Mallorca angenehme Fr\u00fchlingstemperaturen von bis zu 16 Grad. Zum Baden ist es zwar noch ein wenig zu k\u00fchl. Daf\u00fcr sind die Temperaturen aber ideal, um die Insel aktiv zu erkunden. Es gibt eine Vielzahl von sch\u00f6nen Wander- und Radwegen.<\/p>\n\n\n\n<h3 class=\"wp-block-heading\"><a name=\"orte\"><\/a>Wo ist die Mandelbl\u00fcte auf Mallorca?<\/h3>\n\n\n\n<p>Kurz gesagt: \u00fcberall. Denn die B\u00e4ume bl\u00fchen auf der gesamten Balearen-Insel, sogar inmitten der St\u00e4dte. Jede Szenerie hat dabei ihren eigenen Charme.<\/p>\n\n\n\n<p>Am besten leiht ihr euch ein Fahrrad aus oder zieht die Wanderschuhe an, um die Mandelb\u00e4ume auf Mallorca auf eigene Faust zu erkunden. Hier geben wir euch aber unsere drei Highlights.<\/p>\n\n\n<div class=\"wp-block-image\">\n<figure class=\"aligncenter\"><img decoding=\"async\" width=\"880\" height=\"500\" src=\"https:\/\/www.sonnenklar.tv\/blog\/wp-content\/uploads\/2014\/05\/mandelbluete-mallorca-mandelbaeume.jpg\" alt=\"Rosa Mandelbl\u00fcte auf Mallorca\" class=\"wp-image-15336\" srcset=\"https:\/\/www.sonnenklar.tv\/blog\/wp-content\/uploads\/2014\/05\/mandelbluete-mallorca-mandelbaeume.jpg 880w, https:\/\/www.sonnenklar.tv\/blog\/wp-content\/uploads\/2014\/05\/mandelbluete-mallorca-mandelbaeume-300x170.jpg 300w, https:\/\/www.sonnenklar.tv\/blog\/wp-content\/uploads\/2014\/05\/mandelbluete-mallorca-mandelbaeume-768x436.jpg 768w\" sizes=\"(max-width: 880px) 100vw, 880px\" \/><\/figure>\n<\/div>\n\n\n<h4 class=\"wp-block-heading\">Die sch\u00f6nsten Fotospots zur Mandelbl\u00fcte<\/h4>\n\n\n\n<p>Haltet eure Kamera bereit, denn hier lohnt sich ein Stopp f\u00fcr tolle Aufnahmen:<\/p>\n\n\n\n<h5 class=\"wp-block-heading\">1. Llucmajor<\/h5>\n\n\n\n<p>Nahe der Gemeinde Llucmajor bieten sich euch besonders sch\u00f6ne Gelegenheiten, denn die Mandelfelder befinden sich hinter einer niedrigen traditionell mallorquinischen Mauer. Perfekt f\u00fcr einen romantischen Schnappschuss, bei dem ihr auf den Steinen sitzt oder liegt, mit der Bl\u00fctenpracht im Hintergrund.<\/p>\n\n\n\n<h5 class=\"wp-block-heading\">2. MA-1140\/Palmanyola<\/h5>\n\n\n\n<p>Richtig viel Platz zum ungest\u00f6rten Posieren findet ihr auf den schier endlosen Feldern der MA-1140. Nahe der Stadt Palmanyola findet ihr kostenlose Parkgelegenheiten. Mit etwas Gl\u00fcck zeigen sich sogar ein paar fr\u00f6hliche L\u00e4mmer auf eurem Foto, denn hier werden oft Schafherden auf dieselbe Wiese zum Grasen geschickt.<\/p>\n\n\n\n<h5 class=\"wp-block-heading\">3. Valldemossa<\/h5>\n\n\n\n<p>Selbst au\u00dferhalb der Mandelbl\u00fctenzeit ist Valldemossa ein fotogener Ort. Mit seinen traditionellen Steingeb\u00e4uden und buntgekachelten H\u00e4usern versetzt es euch in eine l\u00e4ngst vergangene Zeit zur\u00fcck.<\/p>\n\n\n<div class=\"wp-block-image\">\n<figure class=\"aligncenter\"><img loading=\"lazy\" decoding=\"async\" width=\"880\" height=\"500\" src=\"https:\/\/www.sonnenklar.tv\/blog\/wp-content\/uploads\/2014\/05\/mandelbluete-mallorca-valldemossa.jpg\" alt=\"Valldemossa auf Mallorca zur Mandelbl\u00fcte\" class=\"wp-image-15338\" srcset=\"https:\/\/www.sonnenklar.tv\/blog\/wp-content\/uploads\/2014\/05\/mandelbluete-mallorca-valldemossa.jpg 880w, https:\/\/www.sonnenklar.tv\/blog\/wp-content\/uploads\/2014\/05\/mandelbluete-mallorca-valldemossa-300x170.jpg 300w, https:\/\/www.sonnenklar.tv\/blog\/wp-content\/uploads\/2014\/05\/mandelbluete-mallorca-valldemossa-768x436.jpg 768w\" sizes=\"(max-width: 880px) 100vw, 880px\" \/><\/figure>\n<\/div>\n\n\n<p>Noch atemberaubender werden eure Urlaubsfotos dann, wenn sich die zauberhafte Bl\u00fctenpracht dazwischen zeigt und der Gegend ein wildromantisches Flair verleiht.<\/p>\n\n\n\n<p>Die Stadt liegt im Nordwesten der Gebirgskette Serra de Tramuntana. F\u00fcr einen Ausflug solltet ihr euch mindestens einen Tag Zeit nehmen.<\/p>\n\n\n\n<p>Bekannt wurde die Region \u00fcbrigens durch den Komponisten Fr\u00e9d\u00e9ric Chopin sowie der Schriftstellerin George Sand, die den Winter von 1838 bis 1839 in der Kartause von Valldemossa zusammen verbrachten. Danach ver\u00f6ffentlichte Sand ihr Buch \u201cEin Winter auf Mallorca\u201d.<\/p>\n\n\n\n<p><strong>Hoteltipps auf Mallorca w\u00e4hrend der Mandelbl\u00fcte:<\/strong><\/p>\n\n\n\n<p>\u25ba Das <a href=\"https:\/\/www.sonnenklar.tv\/beschreibung\/Spanien\/Mallorca\/Valldemossa\/El_Encinar.html\" target=\"_blank\" rel=\"noreferrer noopener\">Continental Valldemosa<\/a> ist der perfekte Ausgangspunkt, um die weitl\u00e4ufigen Mandelbl\u00fctenfelder in der N\u00e4he zu erkunden.<\/p>\n\n\n\n<p>\u25ba Wellness-Urlaub und Bl\u00fctenschauspiel lassen sich im <a href=\"https:\/\/www.sonnenklar.tv\/beschreibung\/Spanien\/Mallorca\/Puerto_de_Andraitx\/La_Pergola.html\" target=\"_blank\" rel=\"noreferrer noopener\">La Pergola Aparthotel<\/a> verbinden.<\/p>\n\n\n\n<p>\u25ba Zwischen Strand und Mandelb\u00e4umen liegt das <a href=\"https:\/\/www.sonnenklar.tv\/beschreibung\/Spanien\/Mallorca\/Playa_de_Palma\/Iberostar_Royal_Playa_de_Palma.html\" target=\"_blank\" rel=\"noreferrer noopener\">Iberostar Selection Playa de Palma<\/a>.<\/p>\n\n\n\n<h2 class=\"wp-block-heading\"><a name=\"souvenirs\"><\/a>Die sch\u00f6nsten Souvenirs von der Mandelbl\u00fcte auf Mallorca<\/h2>\n\n\n\n<p>Ein T\u00fctchen Mandeln mit aus dem Urlaub nach Hause zu bringen ist nat\u00fcrlich ein Muss, doch es gibt noch weitere sch\u00f6ne Dinge, die ihr als Erinnerungsst\u00fcck oder Geschenk einpacken k\u00f6nnt.<\/p>\n\n\n\n<p><strong>Turr\u00f3n<\/strong> nennt sich eine spanische Spezialit\u00e4t, die aus wei\u00dfem Nougat mit Honig und Mandeln besteht. Ihr findet ihn in fast jedem Lebensmittelgesch\u00e4ft praktisch verpackt vor. Eine weitere s\u00fc\u00dfe Spezialit\u00e4t ist Mandelschokolade. Die kommt auch daheim garantiert gut an.<\/p>\n\n\n\n<p>Ein Fl\u00e4schchen Amaretto oder <strong>Mandellik\u00f6r<\/strong> schmeckt k\u00f6stlich und ist ein sch\u00f6nes Mitbringsel. Dasselbe gilt f\u00fcr <strong>Mandel\u00f6l<\/strong>, welches sowohl f\u00fcr die Hautpflege als auch in der K\u00fcche verwendet wird.<\/p>\n\n\n\n<p>Und wer vom s\u00fc\u00dfen Duft der Fr\u00fcchte gar nicht genug kriegen kann, wird die stilvollen <strong>Flor d\u2019Ametler<\/strong> lieben, die Mandelbl\u00fctenparf\u00fcms. Ihre Herstellung nimmt mehrere Jahre in Anspruch &#8211; ein ganz edles Tr\u00f6pchen eben, wenn auch nicht zum Verzehr geeignet.<\/p>\n\n\n\n<p><strong>Lesetipp<\/strong>: Von frischen Lebensmitteln \u00fcber Kunsthandwerk bis Souvenirs. Entdeckt die sch\u00f6nsten <a href=\"https:\/\/www.sonnenklar.tv\/blog\/maerkte-mallorca\/\" target=\"_blank\" rel=\"noreferrer noopener\">M\u00e4rkte Mallorcas<\/a>, bei denen sich ein Besuch durchaus lohnt.<\/p>\n\n\n\n<h2 class=\"wp-block-heading\"><a name=\"geschichte\"><\/a>Wie kamen die Mandelb\u00e4ume nach Mallorca?<\/h2>\n\n\n\n<p>Zum Schluss noch ein bisschen Geschichte \u2013 dass Mallorca vom wei\u00df-rosa Bl\u00fctenmeer verziert wird, war n\u00e4mlich nicht immer so. Die ersten Mandelbaum-Samen reisten zusammen mit den Mauren den weiten Weg aus dem Orient. Schnell fiel ihnen auf, wie gut sich der Boden und das Wetter der Insel f\u00fcr den Anbau eigneten.<\/p>\n\n\n<div class=\"wp-block-image\">\n<figure class=\"aligncenter\"><img loading=\"lazy\" decoding=\"async\" width=\"880\" height=\"450\" src=\"https:\/\/www.sonnenklar.tv\/blog\/wp-content\/uploads\/2017\/06\/Mandelbluete-Mallorca.jpg\" alt=\"Wei\u00dfe Mandelbl\u00fcte auf Mallorca\" class=\"wp-image-2273\" srcset=\"https:\/\/www.sonnenklar.tv\/blog\/wp-content\/uploads\/2017\/06\/Mandelbluete-Mallorca.jpg 880w, https:\/\/www.sonnenklar.tv\/blog\/wp-content\/uploads\/2017\/06\/Mandelbluete-Mallorca-300x153.jpg 300w, https:\/\/www.sonnenklar.tv\/blog\/wp-content\/uploads\/2017\/06\/Mandelbluete-Mallorca-768x393.jpg 768w\" sizes=\"(max-width: 880px) 100vw, 880px\" \/><\/figure>\n<\/div>\n\n\n<p>Ihren \u201eBoom\u201c erlebte die Pflanze aber erst sp\u00e4ter, denn damals gab es auf Mallorca noch keinen Platz f\u00fcr richtige Mandelplantagen. Die gro\u00dfen Fl\u00e4chen in der Landschaft beherrschte n\u00e4mlich noch der Weinanbau.<\/p>\n\n\n\n<p>Das \u00e4nderte sich, als Mallorca im Jahre 1891 von einer Reblaus-Plage heimgesucht wurde und dabei unz\u00e4hlige Weinbaugebiete vernichtet wurden. Daraufhin beschlossen s\u00e4mtliche Bauern der Insel, auf Mandeln umzusteigen und pflanzten diese nun gro\u00dffl\u00e4chig an.<\/p>\n\n\n\n<p>Wollt ihr Mallorca mal von einer ganz anderen Seite erleben und zugleich dem Trubel der Hochsaison entgehen, dann empfehlen wir euch unbedingt <a href=\"https:\/\/www.sonnenklar.tv\/promo\/urlaub-mallorca.html\" target=\"_blank\" rel=\"noopener noreferrer\">einen Besuch w\u00e4hrend der Mandelbl\u00fcte<\/a>. Freut euch auf ein au\u00dfergew\u00f6hnliches Naturschauspiel, dessen Duft und Sch\u00f6nheit alle Sinne erfreut.<\/p>\n\n\n\n<p><strong>Weiterlesen im Blog:<\/strong> Noch mehr Bl\u00fctenpracht k\u00f6nnt ihr zur <a href=\"https:\/\/www.sonnenklar.tv\/blog\/urlaubslaender\/tulpenbluete-holland\/\" data-type=\"link\" data-id=\"https:\/\/www.sonnenklar.tv\/blog\/urlaubslaender\/tulpenbluete-holland\/\">Tulpenbl\u00fcte in Holland<\/a> entdecken.<\/p>\n\n\n\n<p><\/p>\n","protected":false},"excerpt":{"rendered":"<p>Ein Meer aus rosa-wei\u00dfen Bl\u00fcten, die sich im sanften Wind wiegen und die Landschaft in zauberhafte Farben tauchen \u2013 nein, nicht vom Kirschbl\u00fctenfest in Japan ist die Rede, sondern von Mallorca und der Mandelbl\u00fcte! Gr\u00fcnde, die balearische Insel zu besuchen gibt es viele, doch wusstet ihr, dass dieses bl\u00fchende Naturschauspiel dazugeh\u00f6rt? Inhaltsverzeichnis: Nicht nur der<\/p>\n","protected":false},"author":3,"featured_media":206,"comment_status":"closed","ping_status":"closed","sticky":false,"template":"","format":"standard","meta":{"footnotes":""},"categories":[457],"tags":[506,500,499,507,484,498],"class_list":{"0":"post-191","1":"post","2":"type-post","3":"status-publish","4":"format-standard","5":"has-post-thumbnail","7":"category-spanien","8":"tag-aktivitaeten","9":"tag-balearen","10":"tag-beste-reisezeit","11":"tag-mallorca","12":"tag-sehenswuerdigkeiten","13":"tag-spanien"},"_links":{"self":[{"href":"https:\/\/www.sonnenklar.tv\/blog\/wp-json\/wp\/v2\/posts\/191","targetHints":{"allow":["GET"]}}],"collection":[{"href":"https:\/\/www.sonnenklar.tv\/blog\/wp-json\/wp\/v2\/posts"}],"about":[{"href":"https:\/\/www.sonnenklar.tv\/blog\/wp-json\/wp\/v2\/types\/post"}],"author":[{"embeddable":true,"href":"https:\/\/www.sonnenklar.tv\/blog\/wp-json\/wp\/v2\/users\/3"}],"replies":[{"embeddable":true,"href":"https:\/\/www.sonnenklar.tv\/blog\/wp-json\/wp\/v2\/comments?post=191"}],"version-history":[{"count":32,"href":"https:\/\/www.sonnenklar.tv\/blog\/wp-json\/wp\/v2\/posts\/191\/revisions"}],"predecessor-version":[{"id":38646,"href":"https:\/\/www.sonnenklar.tv\/blog\/wp-json\/wp\/v2\/posts\/191\/revisions\/38646"}],"wp:featuredmedia":[{"embeddable":true,"href":"https:\/\/www.sonnenklar.tv\/blog\/wp-json\/wp\/v2\/media\/206"}],"wp:attachment":[{"href":"https:\/\/www.sonnenklar.tv\/blog\/wp-json\/wp\/v2\/media?parent=191"}],"wp:term":[{"taxonomy":"category","embeddable":true,"href":"https:\/\/www.sonnenklar.tv\/blog\/wp-json\/wp\/v2\/categories?post=191"},{"taxonomy":"post_tag","embeddable":true,"href":"https:\/\/www.sonnenklar.tv\/blog\/wp-json\/wp\/v2\/tags?post=191"}],"curies":[{"name":"wp","href":"https:\/\/api.w.org\/{rel}","templated":true}]}}