{"id":18334,"date":"2021-12-09T11:58:14","date_gmt":"2021-12-09T10:58:14","guid":{"rendered":"https:\/\/www.sonnenklar.tv\/blog\/?p=18334"},"modified":"2026-03-20T11:07:35","modified_gmt":"2026-03-20T10:07:35","slug":"portugal-sehenswuerdigkeiten","status":"publish","type":"post","link":"https:\/\/www.sonnenklar.tv\/blog\/reisetipps\/sehenswuerdigkeiten\/portugal-sehenswuerdigkeiten\/","title":{"rendered":"Natur, Kultur und Strand \u2013 Portugals bedeutendste Sehensw\u00fcrdigkeiten"},"content":{"rendered":"\n<p><strong>S\u00fcdliche Sonne, traumhafte Str\u00e4nde, die von Klippen umrahmt werden und eine Geschichte, die ihre Spuren hinterlassen hat \u2013 Portugal ist ein sehr vielf\u00e4ltiges Reiseland. Hier k\u00f6nnt ihr euren Badeurlaub mit einmaligen Kultur- und Naturerlebnissen kombinieren. Wir stellen euch die wichtigsten Sehensw\u00fcrdigkeiten von Portugal in diesem Beitrag vor.<\/strong><\/p>\n\n\n\n<p>Das Land im S\u00fcdwesten Europas ist umgeben von der beeindruckenden Atlantikk\u00fcste mit langen Str\u00e4nden. Im Landesinneren entdeckt ihr mittelalterliche St\u00e4dte und gr\u00fcne, h\u00fcgelige Landschaften. Ein ganz besonderes Highlight f\u00fcr alle Naturliebhaber sind die Inseln Madeira und die Azoren, weit drau\u00dfen im Atlantik.<\/p>\n\n\n\n<p>Inhaltsverzeichnis<\/p>\n\n\n\n<ul class=\"wp-block-list\">\n<li><a href=\"#portugal-sehenswuerdigkeiten-porto\">Porto und das Dourotal<\/a><\/li>\n\n\n\n<li><a href=\"#portugal-seheneswuerdigkeiten-Guimaraes\">Guimar\u00e3es &#8211; die Wiege Portugals<\/a><\/li>\n\n\n\n<li><a href=\"#portugal-sehenswuerdigkeiten-arouca\">Arouca &#8211; Nervenkitzel im Naturpark<\/a><\/li>\n\n\n\n<li><a href=\"#portugal-sehenswuerdigkeiten-coimbra\">Coimbra &#8211; der Fado der Studenten<\/a><\/li>\n\n\n\n<li><a href=\"#portugal-sehenswuerdigkeiten-sintra\">Sintra &#8211; Schl\u00f6sser in der Sommerfrische<\/a><\/li>\n\n\n\n<li><a href=\"#portugal-sehenswuerdigkeiten-lissabon\">Lissabon &#8211; die Hauptstadt<\/a><\/li>\n\n\n\n<li><a href=\"#portugal-sehenswuerdigkeiten-evora\">\u00c9vora &#8211; r\u00f6misches Erbe<\/a><\/li>\n\n\n\n<li><a href=\"#portugal-sehenswuerdigkeiten-queluz\">Queluz &#8211; das portugiesische Versailles<\/a><\/li>\n\n\n\n<li><a href=\"#portugal-sehenswuerdigkeiten-ria-formosa\">Ria Formosa &#8211; faszinierende Natur an der Algarve<\/a><\/li>\n\n\n\n<li><a href=\"#portugal-sehenswuerdigkeiten-loule\">Loul\u00e9 &#8211; die Stadt der M\u00e4rkte<\/a><\/li>\n\n\n\n<li><a href=\"#portugal-sehenswuerdigkeiten-estoi\">Est\u00f3i &#8211; ein pinkfarbener Traum<\/a><\/li>\n\n\n\n<li><a href=\"#portugal-sehenswuerdigkeiten-benagil\">H\u00f6hle von Benagil &#8211; Naturwunder am Strand<\/a><\/li>\n\n\n\n<li><a href=\"#portugal-sehenswuerdigkeiten-madeira\">Madeira &#8211; Wandern im Lorbeerwald<\/a><\/li>\n\n\n\n<li><a href=\"#portugal-sehenswuerdigkeiten-azoren\">Azoren &#8211; das pure Naturvergn\u00fcgen<\/a><\/li>\n<\/ul>\n\n\n\n<h2 class=\"wp-block-heading\">Von Porto bis zu den Azoren \u2013 die wichtigsten Highlights<\/h2>\n\n\n\n<p>Portugal hat eine lange und bewegte Geschichte. Schon die R\u00f6mer haben im Land ihre Spuren hinterlassen. Es folgten viele andere Herrscher bis Portugal selbst zu einem der m\u00e4chtigsten L\u00e4nder der Erde aufstieg und dank seiner Kolonien unermesslich reich wurde. All die Pracht der Vergangenheit wird aber an vielen Stellen noch von den Naturwundern \u00fcbertroffen, die das Land zu bieten hat.<\/p>\n\n\n\n<h3 class=\"wp-block-heading\"><a name=\"portugal-sehenswuerdigkeiten-porto\"><\/a>Porto und das Dourotal \u2013 Sightseeing im UNESCO Welterbe<\/h3>\n\n\n\n<p>Die Stadt steht v\u00f6llig zu Unrecht im Schatten von Lissabon. Die wundersch\u00f6ne Altstadt ist mindestens genauso sch\u00f6n und nicht nur f\u00fcr Kulturinteressierte hat Porto so einiges zu bieten. Dazu geh\u00f6ren einige bedeutsame Kirchen wie die komplett mit Azulejos verzierte Kapelle Almas. Die Gourmets unter euch werden sich den Portwein in den Kellereien schmecken lassen und die Nachtschw\u00e4rmer werden staunen, wie lebendig die Szene hier ist.<\/p>\n\n\n\n<p>Unbedingt einmal nutzen solltet ihr die Seilbahn, die die Altstadt von Porto mit dem benachbarten Vila Nova de Gaia verbindet, wo sich die Portweinkellereien befinden. Der Ausblick \u00fcber den Fluss und die Stadt ist einzigartig.<\/p>\n\n\n\n<figure class=\"wp-block-image alignnone\"><a href=\"https:\/\/www.sonnenklar.tv\/blog\/wp-content\/uploads\/2021\/11\/GettyImages-171590863_Weinkeller_Porto.jpg\"><img fetchpriority=\"high\" decoding=\"async\" width=\"880\" height=\"450\" src=\"https:\/\/www.sonnenklar.tv\/blog\/wp-content\/uploads\/2021\/11\/GettyImages-171590863_Weinkeller_Porto.jpg\" alt=\"Weinkeller Porto\" class=\"wp-image-18339\" srcset=\"https:\/\/www.sonnenklar.tv\/blog\/wp-content\/uploads\/2021\/11\/GettyImages-171590863_Weinkeller_Porto.jpg 880w, https:\/\/www.sonnenklar.tv\/blog\/wp-content\/uploads\/2021\/11\/GettyImages-171590863_Weinkeller_Porto-300x153.jpg 300w, https:\/\/www.sonnenklar.tv\/blog\/wp-content\/uploads\/2021\/11\/GettyImages-171590863_Weinkeller_Porto-768x393.jpg 768w\" sizes=\"(max-width: 880px) 100vw, 880px\" \/><\/a><figcaption class=\"wp-element-caption\">Ein Weinkeller in Porto<\/figcaption><\/figure>\n\n\n\n<p>Wenn ihr schon in Porto seid, solltet ihr unbedingt einen Ausflug ins Dourotal unternehmen. Die traumhaft sch\u00f6ne Landschaft mit vielen Burgen und Weinbergen geh\u00f6rt zum UNESCO Weltkulturerbe. An der spanischen Grenze flie\u00dft der gleichnamige Fluss durch eine Schlucht, die einen spanischen und einen portugiesischen Naturpark voneinander trennt. Das Tal l\u00e4sst sich am besten an Bord eines Schiffes bewundern. Dabei seht ihr dann auch die vielen malerischen D\u00f6rfer und St\u00e4dte am Ufer.<\/p>\n\n\n\n<p><em>\u00d6ffnungszeiten Seilbahn Porto:<\/em><\/p>\n\n\n\n<p><em>November \u2013 M\u00e4rz t\u00e4glich von 10:00 Uhr bis 18:00 Uhr<\/em><\/p>\n\n\n\n<p><em>April und Oktober t\u00e4glich von 10:00 Uhr bis 19:00 Uhr<\/em><\/p>\n\n\n\n<p><em>Mai \u2013 September t\u00e4glich von 10:00 Uhr bis 20:00 Uhr<\/em><\/p>\n\n\n\n<p><em>Ticketpreise:<\/em><\/p>\n\n\n\n<p><em>Erwachsene einfach ca. 6,00 Euro, Hin-und R\u00fcckfahrt ca. 9,00 Euro<\/em><\/p>\n\n\n\n<p><em>Kinder (5 \u2013 12 Jahre) einfach ca. 3,00 Euro, Hin- und R\u00fcckfahrt ca. 4,50 Euro<\/em><\/p>\n\n\n\n<p>Wenn ihr noch mehr \u00fcber die <a href=\"https:\/\/www.sonnenklar.tv\/blog\/sehenswuerdigkeiten-porto\/\">Sehensw\u00fcrdigkeiten von Porto<\/a> erfahren wollt, k\u00f6nnt ihr unseren kleinen Reisef\u00fchrer \u00fcber die Stadt lesen.<\/p>\n\n\n\n<h3 class=\"wp-block-heading\"><a name=\"portugal-seheneswuerdigkeiten-Guimaraes\"><\/a>Guimar\u00e3es \u2013 der Geburtsort Portugals<\/h3>\n\n\n\n<p>Ihr k\u00f6nnt diese Stadt im Rahmen eines Ausflugs von Porto aus besuchen, oder ihr nehmt euch die Zeit und erkundet sie bei einem mehrt\u00e4gigen Aufenthalt etwas genauer. Sie liegt den Portugiesen ganz besonders am Herzen, wurde hier doch der erste K\u00f6nig des Landes geboren. In Guimar\u00e3es erkundet ihr ein mittelalterliches Stadtjuwel, das zu den sch\u00f6nsten St\u00e4dten Portugals geh\u00f6rt. Klar, dass auch diese Stadt auf der Liste des UNESCO Weltkulturerbes zu finden ist.<\/p>\n\n\n\n<figure class=\"wp-block-image alignnone\"><a href=\"https:\/\/www.sonnenklar.tv\/blog\/wp-content\/uploads\/2021\/11\/GettyImages-826246614_Guimaraes.jpg\"><img decoding=\"async\" width=\"880\" height=\"451\" src=\"https:\/\/www.sonnenklar.tv\/blog\/wp-content\/uploads\/2021\/11\/GettyImages-826246614_Guimaraes.jpg\" alt=\"Altstadt von Guimar\u00e3es\" class=\"wp-image-18340\" srcset=\"https:\/\/www.sonnenklar.tv\/blog\/wp-content\/uploads\/2021\/11\/GettyImages-826246614_Guimaraes.jpg 880w, https:\/\/www.sonnenklar.tv\/blog\/wp-content\/uploads\/2021\/11\/GettyImages-826246614_Guimaraes-300x154.jpg 300w, https:\/\/www.sonnenklar.tv\/blog\/wp-content\/uploads\/2021\/11\/GettyImages-826246614_Guimaraes-768x394.jpg 768w\" sizes=\"(max-width: 880px) 100vw, 880px\" \/><\/a><figcaption class=\"wp-element-caption\">Architektur der Toural in der Altstadt von Guimar\u00e3es<\/figcaption><\/figure>\n\n\n\n<p>Im historischen Stadtkern l\u00e4sst es sich wunderbar flanieren und dabei die Sehensw\u00fcrdigkeiten bestaunen. Wie zum Beispiel die Igreja e Colegiada de Nossa Senhora da Oliveira, in der sich heute ein Museum befindet. F\u00fcr eine Pause empfiehlt sich der Pra\u00e7a de Santiago, fr\u00fcher der Treffpunkt der Pilger auf dem Weg nach Santiago de Compostela, heute ein malerischer Ort mit netten Restaurants.<\/p>\n\n\n\n<p>Der ganze Stolz der Stadt ist aber das Castelo. Die Geschichte dieser Burg beginnt im Jahr 968, als die Herzogin Mumadonna eine h\u00f6lzerne Burg als Schutz vor den Wikingern und den Mauren gebaut hat. Etwa 100 Jahre sp\u00e4ter schenkte der spanische K\u00f6nig von Leon dem Herzog Dom Henrique de Borghona nicht nur seine Tochter, sondern auch die Grafschaft Portucale. Der Sohn Dom Alfonso wurde dann nach heftigen K\u00e4mpfen der erste K\u00f6nig von Portugal. Ihre heutige Form erhielt die Burg dann im 14. Jahrhundert.<\/p>\n\n\n\n<p><em>\u00d6ffnungszeiten Castelo:<\/em><\/p>\n\n\n\n<p><em>t\u00e4glich von 09:30 Uhr bis 18:00 Uhr (letzter Einlass: 17:30 Uhr)<\/em><\/p>\n\n\n\n<p><em>Ticket f\u00fcr Erwachsene: ca. 2,00 Euro<\/em><\/p>\n\n\n\n<p><em>F\u00fcr Kinder bis 12 Jahre ist der Eintritt frei.<\/em><\/p>\n\n\n\n<h3 class=\"wp-block-heading\"><a name=\"portugal-sehenswuerdigkeiten-arouca\"><\/a>516 Arouca \u2013 l\u00e4ngste Fu\u00dfg\u00e4ngerh\u00e4ngebr\u00fccke Europas<\/h3>\n\n\n\n<p>Etwas \u00fcber 70 Kilometer s\u00fcdlich von Porto im Arouca UNESCO Geopark wartet eine echt abenteuerliche Sehensw\u00fcrdigkeit in Portugal auf euch. Der Park entstand, weil es hier insgesamt 41 Geofundorte mit besonderen Gegebenheiten gibt. Besonders hervorzuheben sind hier die \u201egeb\u00e4renden\u201c Steine, Granitfelsen, die sich durch Erosion vom Muttergestein l\u00f6sen.<\/p>\n\n\n\n<p>Au\u00dferdem wurden in diesem Park Fossilien von Triboliten gefunden. Die bev\u00f6lkerten vor 465 Millionen Jahren die Meere dieses Planeten. Auf 14 Wanderwegen k\u00f6nnt ihr den Park mit seiner einzigartigen Flora und Fauna entdecken. Oder ihr macht ein Abenteuer daraus und erkundet das Tal des Paiva Flusses, der durch den Park flie\u00dft beim Canyoning, Kanu- oder Kajakfahren und auf Raftingbooten.<\/p>\n\n\n\n<figure class=\"wp-block-image alignnone\"><a href=\"https:\/\/www.sonnenklar.tv\/blog\/wp-content\/uploads\/2021\/11\/GettyImages-1279389567_516Arouca.jpg\"><img decoding=\"async\" width=\"880\" height=\"450\" src=\"https:\/\/www.sonnenklar.tv\/blog\/wp-content\/uploads\/2021\/11\/GettyImages-1279389567_516Arouca.jpg\" alt=\"516 Arouca\" class=\"wp-image-18341\" srcset=\"https:\/\/www.sonnenklar.tv\/blog\/wp-content\/uploads\/2021\/11\/GettyImages-1279389567_516Arouca.jpg 880w, https:\/\/www.sonnenklar.tv\/blog\/wp-content\/uploads\/2021\/11\/GettyImages-1279389567_516Arouca-300x153.jpg 300w, https:\/\/www.sonnenklar.tv\/blog\/wp-content\/uploads\/2021\/11\/GettyImages-1279389567_516Arouca-768x393.jpg 768w\" sizes=\"(max-width: 880px) 100vw, 880px\" \/><\/a><figcaption class=\"wp-element-caption\">Die 516 Meter lange Br\u00fccke<\/figcaption><\/figure>\n\n\n\n<p>Den Park gibt es seit 2009 und weil er immer mehr Besucher anzog, hat man nach und nach weitere Attraktionen geschaffen um die Menschen zu unterhalten. So entstanden zun\u00e4chst h\u00f6lzerne Wege, die durch den Park f\u00fchren und als Highlight wurde die 516 Arouca gebaut. Der Name kommt daher, dass diese H\u00e4ngebr\u00fccke 516 Meter lang ist. Sie \u00fcberspannt auf einer H\u00f6he von 175 Metern den Fluss Paiva. Wer die Br\u00fccke \u00fcberqueren m\u00f6chte sollte schwindelfrei sein, denn sie ist sehr schmal und der Boden besteht aus einem Gitter.<\/p>\n\n\n\n<p><em>\u00d6ffnungszeiten 516 Arouca<\/em><\/p>\n\n\n\n<p><em>November \u2013 M\u00e4rz von 09:00 Uhr bis 17:00 Uhr<\/em><\/p>\n\n\n\n<p><em>April und Oktober von 09:00 Uhr bis 19:00 Uhr<\/em><\/p>\n\n\n\n<p><em>Mai \u2013 September von 08:00 Uhr bis 20:00 Uhr<\/em><\/p>\n\n\n\n<p><em>Ticketpreise:<\/em><\/p>\n\n\n\n<p><em>Erwachsene (18 \u2013 65 Jahre) ca. 12,00 Euro<\/em><\/p>\n\n\n\n<p><em>Kinder (6 &#8211; 17 Jahre) und Senioren ca. 10,00 Euro<\/em><\/p>\n\n\n\n<h3 class=\"wp-block-heading\"><a name=\"portugal-sehenswuerdigkeiten-coimbra\"><\/a>Coimbra \u2013 historische Stadt mit der \u00e4ltesten Universit\u00e4t des Landes<\/h3>\n\n\n\n<p>Coimbra liegt wie Porto an einem Fluss, in diesem Fall dem Rio Mondego. Die Oberstadt auf dem H\u00fcgel \u00fcber dem Fluss ist Teil des UNESCO Weltkulturerbes. Bekannt ist Coimbra vor allem f\u00fcr seine Universit\u00e4t, die die \u00e4lteste in Portugal ist und auch eine der \u00e4ltesten in Europa. Eure Besichtigungstour k\u00f6nnt ihr damit starten, dass ihr erst mal auf den Glockenturm der Universit\u00e4t hinaufsteigt und euch einen \u00dcberblick \u00fcber die Stadt verschafft.<\/p>\n\n\n\n<p>Danach k\u00f6nnt ihr bei einem Bummel durch die Altstadt in einem der vielen historischen Caf\u00e9s eine Pause einlegen und das Kloster Mosteiro de Santa Cruz besichtigen, in dem der erste K\u00f6nig Portugals beerdigt wurde. Auf der gegen\u00fcberliegenden Flussseite wartet dann noch ein Kloster darauf erkundet zu werden. Das Mosteiro de Santa Clara-a-Velha drohte im Fluss zu versinken und wurde aufw\u00e4ndig restauriert.<\/p>\n\n\n\n<figure class=\"wp-block-image alignnone\"><a href=\"https:\/\/www.sonnenklar.tv\/blog\/wp-content\/uploads\/2021\/11\/GettyImages-956875452_Coimbra.jpg\"><img loading=\"lazy\" decoding=\"async\" width=\"880\" height=\"451\" src=\"https:\/\/www.sonnenklar.tv\/blog\/wp-content\/uploads\/2021\/11\/GettyImages-956875452_Coimbra.jpg\" alt=\"Coimbra\" class=\"wp-image-18342\" srcset=\"https:\/\/www.sonnenklar.tv\/blog\/wp-content\/uploads\/2021\/11\/GettyImages-956875452_Coimbra.jpg 880w, https:\/\/www.sonnenklar.tv\/blog\/wp-content\/uploads\/2021\/11\/GettyImages-956875452_Coimbra-300x154.jpg 300w, https:\/\/www.sonnenklar.tv\/blog\/wp-content\/uploads\/2021\/11\/GettyImages-956875452_Coimbra-768x394.jpg 768w\" sizes=\"(max-width: 880px) 100vw, 880px\" \/><\/a><figcaption class=\"wp-element-caption\">Coimbra<\/figcaption><\/figure>\n\n\n\n<p>Wenn ihr mit euren Kindern unterwegs seid, k\u00f6nnt ihr auch einen Abstecher zum Park Portugal dos Pequenitos machen. Wobei sich auch die Erwachsenen dort gerne die wichtigsten Sehensw\u00fcrdigkeiten von Portugal in Miniatur anschauen. In mehreren Themenbereichen entdeckt ihr einmal ein typisch portugiesisches Dorf oder aber die wichtigsten Monumente des Festlands, von den Inseln und aus den ehemaligen Kolonien.<\/p>\n\n\n\n<p>Ein paar Kilometer au\u00dferhalb befindet sich dann noch ein Ort, den ihr euch anschauen solltet. Con\u00edmbriga war eine keltische Gr\u00fcndung und wurde etwas \u00fcber 100 Jahre vor Christus von den R\u00f6mern erobert. Die bauten hier eine gro\u00dfe Verwaltungsstadt mit Thermen, Tempeln und prachtvollen Villen. Im 5. Jahrhundert wurde die Stadt von den Sueven erobert und danach verlassen. Da die Stadt nicht \u00fcberbaut wurde, f\u00f6rdert man hier heute noch echte Kunstwerke zu Tage.<\/p>\n\n\n\n<p><em>\u00d6ffnungszeiten Portugal dos Pequenitos:<\/em><\/p>\n\n\n\n<p><em>Mitte Oktober \u2013 Februar von 10:00 Uhr bis 17:00 Uhr<\/em><\/p>\n\n\n\n<p><em>M\u00e4rz \u2013 Mitte Oktober von 10:00 Uhr bis 19:00 Uhr<\/em><\/p>\n\n\n\n<p><em>Letzter Einlass 30 Minuten vor Schlie\u00dfung.<\/em><\/p>\n\n\n\n<p><em>Eintritt: <\/em><\/p>\n\n\n\n<p><em>Erwachsene ca. 10,50 Euro<\/em><\/p>\n\n\n\n<p><em>Kinder (3 \u2013 13 Jahre) und Senioren (65+) ca. 6,50 Euro<\/em><\/p>\n\n\n\n<h3 class=\"wp-block-heading\"><a name=\"portugal-sehenswuerdigkeiten-sintra\"><\/a>Sintra \u2013 das Neuschwanstein Portugals<\/h3>\n\n\n\n<p>Nicht weit von Lissabon entfernt liegt diese kleine Stadt in einer h\u00fcgeligen Landschaft mit dichten Pinienw\u00e4ldern. Nachdem Lissabon die Hauptstadt Portugals wurde, bauten die Adeligen und Reichen hier prunkvolle Pal\u00e4ste und Herrenh\u00e4user f\u00fcr die Sommerfrische. Diese herrschaftlichen H\u00e4user pr\u00e4gen noch heute das Stadtbild.<\/p>\n\n\n\n<p>Neben den Pal\u00e4sten gibt es auch einige sehr sehenswerte G\u00e4rten. Wie zum Beispiel den der Quinta da Regaleira, der euch mit Geheimg\u00e4ngen, mystischen Symbolen der Freimaurer und einem zeremoniellen Brunnen der Tempelritter verzaubert. Au\u00dferdem solltet ihr euch den Pal\u00e1cio de Monserrate anschauen, der dem arabischen Baustil nachempfunden wurde.<\/p>\n\n\n\n<p>Die Hauptattraktion des Ortes ist aber der Pal\u00e1cio Nacional de Pena. Richard Strau\u00df nannte dieses Bauwerk \u201edie Burg des Heiligen Grals\u201c. Der Palast thront auf einem H\u00fcgel \u00fcber der Stadt und seine verspielte Architektur l\u00e4sst ihn aussehen wie ein M\u00e4rchenschloss. Die Inneneinrichtung ist noch original so erhalten, wie sie im Jahr 1910 zur\u00fcckgelassen wurde.<\/p>\n\n\n\n<figure class=\"wp-block-image alignnone\"><a href=\"https:\/\/www.sonnenklar.tv\/blog\/wp-content\/uploads\/2021\/11\/GettyImages-83081844_Palast-Sintra.jpg\"><img loading=\"lazy\" decoding=\"async\" width=\"880\" height=\"450\" src=\"https:\/\/www.sonnenklar.tv\/blog\/wp-content\/uploads\/2021\/11\/GettyImages-83081844_Palast-Sintra.jpg\" alt=\"Palast Sintra\" class=\"wp-image-18343\" srcset=\"https:\/\/www.sonnenklar.tv\/blog\/wp-content\/uploads\/2021\/11\/GettyImages-83081844_Palast-Sintra.jpg 880w, https:\/\/www.sonnenklar.tv\/blog\/wp-content\/uploads\/2021\/11\/GettyImages-83081844_Palast-Sintra-300x153.jpg 300w, https:\/\/www.sonnenklar.tv\/blog\/wp-content\/uploads\/2021\/11\/GettyImages-83081844_Palast-Sintra-768x393.jpg 768w\" sizes=\"(max-width: 880px) 100vw, 880px\" \/><\/a><figcaption class=\"wp-element-caption\">Pal\u00e1cio Nacional de Pena<\/figcaption><\/figure>\n\n\n\n<p>Wenn ihr dann schon in Sintra seid, empfiehlt sich noch ein Ausflug zum Cabo da Roca. Hoch oben auf einem Felsen befindet sich der westlichste Punkt des europ\u00e4ischen Festlands. Bis zur Entdeckung Amerikas ging man davon aus, dass hier die Welt zu Ende ist. Zu sehen gibt es hier eine spektakul\u00e4re K\u00fcste und einen Leuchtturm. Im Caf\u00e9 vor Ort k\u00f6nnt ihr euch ein Picknick f\u00fcr eure Pause holen.<\/p>\n\n\n\n<p><em>\u00d6ffnungszeiten Pal\u00e1cio da Pena:<\/em><\/p>\n\n\n\n<p><em>T\u00e4glich 09:30 Uhr bis 18:30 Uhr (letzter Einlass 18:00 Uhr)<\/em><\/p>\n\n\n\n<p><em>Eintritt: <\/em><\/p>\n\n\n\n<p><em>Erwachsene ca. 14,00 Euro<\/em><\/p>\n\n\n\n<p><em>Kinder (6 \u2013 17 Jahre) und Senioren (65+) ca. 12,50 Euro<\/em><\/p>\n\n\n\n<h3 class=\"wp-block-heading\"><a name=\"portugal-sehenswuerdigkeiten-lissabon\"><\/a>Lissabon- die Perle am Meer<\/h3>\n\n\n\n<p>Wenn ihr Portugal mit dem Gedanken besucht, euch m\u00f6glichst viel anzuschauen, kommt ihr um die Hauptstadt Lissabon nicht herum. Hier gibt es so viel zu sehen, dass ihr ein paar Tage f\u00fcr euren Besuch einplanen solltet. Die Stadt ist auf sieben H\u00fcgeln gebaut und so findet ihr nicht nur auf dem Castelo Miradouros Aussichtspunkte, von denen ihr traumhafte Blicke \u00fcber die Stadt genie\u00dft.<\/p>\n\n\n\n<p>Eine der bekanntesten Attraktionen ist die Tramlinie 28. Die historischen Wagen dieser Bahn zw\u00e4ngen sich durch enge Gassen und \u00fcberwinden steile Anstiege. Da moderne Z\u00fcge diese Herausforderung nicht meistern k\u00f6nnen, fahrt ihr immer noch in den Wagen aus den 1930er Jahren. Eine nostalgische Tour durch die zauberhafte Altstadt. Am besten kauft ihr euch ein Tagesticket f\u00fcr die Fahrt. Dann k\u00f6nnt ihr n\u00e4mlich immer mal wieder aussteigen und euch die Sehensw\u00fcrdigkeiten entlang der Strecke anschauen.<\/p>\n\n\n\n<figure class=\"wp-block-image alignnone\"><a href=\"https:\/\/www.sonnenklar.tv\/blog\/wp-content\/uploads\/2021\/11\/Lissabon-4828134_1920_Lissabon_Tram28.jpg\"><img loading=\"lazy\" decoding=\"async\" width=\"880\" height=\"450\" src=\"https:\/\/www.sonnenklar.tv\/blog\/wp-content\/uploads\/2021\/11\/Lissabon-4828134_1920_Lissabon_Tram28.jpg\" alt=\"Lissabon Tram 28\" class=\"wp-image-18345\" srcset=\"https:\/\/www.sonnenklar.tv\/blog\/wp-content\/uploads\/2021\/11\/Lissabon-4828134_1920_Lissabon_Tram28.jpg 880w, https:\/\/www.sonnenklar.tv\/blog\/wp-content\/uploads\/2021\/11\/Lissabon-4828134_1920_Lissabon_Tram28-300x153.jpg 300w, https:\/\/www.sonnenklar.tv\/blog\/wp-content\/uploads\/2021\/11\/Lissabon-4828134_1920_Lissabon_Tram28-768x393.jpg 768w\" sizes=\"(max-width: 880px) 100vw, 880px\" \/><\/a><figcaption class=\"wp-element-caption\">Tramlinie 28 in Lissabon<\/figcaption><\/figure>\n\n\n\n<p>Im Stadtteil Bel\u00e9m nicht weit vom Ufer des Tejo entfernt, wartet dann ein echtes Juwel auf euch. Die Sch\u00e4tze aus den Kolonien haben Portugal sehr reich gemacht und somit spielten die Baukosten keine Rolle, als man das Mosteiro dos Jer\u00f3nimos baute. Es entstand ein riesiger Komplex mit verspielten T\u00fcrmchen und Erkern aus edelsten Materialien. Wenn ihr euch nach eurer Tour erschlagen f\u00fchlt, solltet ihr neben dem Kloster die F\u00e1brica Past\u00e9is de Bel\u00e9m besuchen und euch das ein oder andere Pastetchen f\u00fcr ein Picknick im Park holen.<\/p>\n\n\n\n<p>Ihr interessiert euch f\u00fcr das Leben unter Wasser? Oder sucht ihr etwas, was die Kinder spannend und unterhaltsam finden? Dann besucht das Ozeanarium. Dort bestaunt ihr im gr\u00f6\u00dften Indoor Aquarium Europas 8000 verschiedene Meeresbewohner. Ein absolut unvergessliches Erlebnis erwartet euch beim Programm \u201eSchlafen mit Haien\u201c. Das erm\u00f6glicht es euch eine Nacht mit Blick auf das Haifischbecken im Ozeanarium zu verbringen.<\/p>\n\n\n\n<p><em>\u00d6ffnungszeiten Ozeanarium:<\/em><\/p>\n\n\n\n<p><em>T\u00e4glich von 10:00 Uhr bis 20:00 Uhr<\/em><\/p>\n\n\n\n<p><em>Eintritt: <\/em><\/p>\n\n\n\n<p><em>Erwachsene ca. 19,00 Euro<\/em><\/p>\n\n\n\n<p><em>Kinder 4 \u2013 12 Jahre ca. 10,00 Euro<\/em><\/p>\n\n\n\n<p><em>Senioren 65+ ca. 13,00 Euro<\/em><\/p>\n\n\n\n<p><em>Schlafen mit Haien pro Person ca. 60,00 Euro<\/em><\/p>\n\n\n\n<p>Wenn ihr nun \u00fcber eine Reise in diese sch\u00f6ne Stadt nachdenkt, k\u00f6nnten euch unsere <a href=\"https:\/\/www.sonnenklar.tv\/blog\/tipps-lissabon\/\">Reisetipps f\u00fcr Lissabon<\/a> interessieren.<\/p>\n\n\n\n<h3 class=\"wp-block-heading\"><a name=\"portugal-sehenswuerdigkeiten-evora\"><\/a>\u00c9vora \u2013 die sch\u00f6nste Altstadt von Portugal<\/h3>\n\n\n\n<p>Gegr\u00fcndet wurde diese Stadt von den Kelten. Danach kamen die R\u00f6mer und bauten einen Tempel, den sie dem Kaiser Augustus widmeten. Im Mittelalter war die Stadt in der Region Alentejo eine der einflussreichsten Portugals, was sich in der F\u00fclle der Sehensw\u00fcrdigkeiten widerspiegelt. Die Tatsache, dass hier eine der \u00e4ltesten Universit\u00e4ten Portugals zu Hause ist, best\u00e4tigt die Bedeutung der Stadt in der Vergangenheit.<\/p>\n\n\n\n<p>Die malerischen Gassen der Altstadt sind noch immer mit Kopfsteinpflaster ausgestattet und hier findet ihr lauschige Pl\u00e4tze mit einladenden Stra\u00dfencaf\u00e9s. \u00c9vora gilt als eine der romantischsten St\u00e4dte des Landes. Eine der Hauptsehensw\u00fcrdigkeiten ist die Kathedrale, die gr\u00f6\u00dfte in ganz Portugal. Ansonsten findet ihr hier einige Kl\u00f6ster und jede Menge historischer Adelspal\u00e4ste.<\/p>\n\n\n\n<p>Beeindruckend ist auch das Aqu\u00e4dukt aus dem 16. Jahrhundert. Au\u00dferhalb der Stadt zeichnet sich das beeindruckende, neun Kilometer lange Bauwerk durch gro\u00dfe B\u00f6gen aus. In der Stadt wurden diese B\u00f6gen mit H\u00e4usern gef\u00fcllt. Die meistbesuchte Sehensw\u00fcrdigkeit der Stadt ist die Capela dos Ossos. Die Kapelle wurde mit den Gebeinen von \u00fcber 5000 Menschen verziert. Etwas gruselig anzuschauen, aber dennoch interessant.<\/p>\n\n\n\n<figure class=\"wp-block-image alignnone\"><a href=\"https:\/\/www.sonnenklar.tv\/blog\/wp-content\/uploads\/2025\/04\/GettyImages-1214448642_Kapelle-der-Knochen-in-Evora-1.jpg\"><img loading=\"lazy\" decoding=\"async\" width=\"800\" height=\"409\" src=\"https:\/\/www.sonnenklar.tv\/blog\/wp-content\/uploads\/2025\/04\/GettyImages-1214448642_Kapelle-der-Knochen-in-Evora-1-800x409.jpg\" alt=\"Kapelle der Knochen in Evora\" class=\"wp-image-35222\" srcset=\"https:\/\/www.sonnenklar.tv\/blog\/wp-content\/uploads\/2025\/04\/GettyImages-1214448642_Kapelle-der-Knochen-in-Evora-1-800x409.jpg 800w, https:\/\/www.sonnenklar.tv\/blog\/wp-content\/uploads\/2025\/04\/GettyImages-1214448642_Kapelle-der-Knochen-in-Evora-1-18x9.jpg 18w, https:\/\/www.sonnenklar.tv\/blog\/wp-content\/uploads\/2025\/04\/GettyImages-1214448642_Kapelle-der-Knochen-in-Evora-1-120x61.jpg 120w, https:\/\/www.sonnenklar.tv\/blog\/wp-content\/uploads\/2025\/04\/GettyImages-1214448642_Kapelle-der-Knochen-in-Evora-1-90x46.jpg 90w, https:\/\/www.sonnenklar.tv\/blog\/wp-content\/uploads\/2025\/04\/GettyImages-1214448642_Kapelle-der-Knochen-in-Evora-1-320x164.jpg 320w, https:\/\/www.sonnenklar.tv\/blog\/wp-content\/uploads\/2025\/04\/GettyImages-1214448642_Kapelle-der-Knochen-in-Evora-1-560x286.jpg 560w, https:\/\/www.sonnenklar.tv\/blog\/wp-content\/uploads\/2025\/04\/GettyImages-1214448642_Kapelle-der-Knochen-in-Evora-1.jpg 880w\" sizes=\"(max-width: 800px) 100vw, 800px\" \/><\/a><figcaption class=\"wp-element-caption\">Gruselig aber sehenswert, die Kapelle der Knochen in Evora<\/figcaption><\/figure>\n\n\n\n<p>In der Region um \u00c9vora entdeckt ihr dann ein sehr authentisches und malerisches Portugal. Olivenhaine und Korkeichenw\u00e4lder bedecken die sanften H\u00fcgel und dazwischen gibt es noch viele weitere malerische D\u00f6rfer und St\u00e4dte zu erkunden. Oder ihr bestaunt in der H\u00f6hle von Escoural Malereien, die 25 000 Jahre alt sind.<\/p>\n\n\n\n<h3 class=\"wp-block-heading\"><a name=\"portugal-sehenswuerdigkeiten-queluz\"><\/a>Nationalpalast von Queluz \u2013 das portugiesische Versailles<\/h3>\n\n\n\n<p>Nachdem wir euch schon das portugiesische Pendant zu Neuschwanstein vorgestellt haben, nun also das Pendant zu Versailles. Der Baustil ist in diesem Fall zwar nicht Barock, sondern Rokoko, aber die Anlage des Palastes und der G\u00e4rten erinnert stark an Versailles. Man bedenke, dass dieses Schloss nur als Sommerresidenz f\u00fcr den Prinzgemahl Pedro III errichtet wurde.<\/p>\n\n\n\n<figure class=\"wp-block-image alignnone\"><a href=\"https:\/\/www.sonnenklar.tv\/blog\/wp-content\/uploads\/2021\/11\/GettyImages-146874255_PalacioNacional_Portugal.jpg\"><img loading=\"lazy\" decoding=\"async\" width=\"880\" height=\"450\" src=\"https:\/\/www.sonnenklar.tv\/blog\/wp-content\/uploads\/2021\/11\/GettyImages-146874255_PalacioNacional_Portugal.jpg\" alt=\"Palacio Nacional\" class=\"wp-image-18347\" srcset=\"https:\/\/www.sonnenklar.tv\/blog\/wp-content\/uploads\/2021\/11\/GettyImages-146874255_PalacioNacional_Portugal.jpg 880w, https:\/\/www.sonnenklar.tv\/blog\/wp-content\/uploads\/2021\/11\/GettyImages-146874255_PalacioNacional_Portugal-300x153.jpg 300w, https:\/\/www.sonnenklar.tv\/blog\/wp-content\/uploads\/2021\/11\/GettyImages-146874255_PalacioNacional_Portugal-768x393.jpg 768w\" sizes=\"(max-width: 880px) 100vw, 880px\" \/><\/a><figcaption class=\"wp-element-caption\">Palacio Nacional<\/figcaption><\/figure>\n\n\n\n<p>Bereits 1747 begannen Planung und Bau des Schlosses. Nach dem gro\u00dfen Erdbeben in Lissabon von 1755 wurden die Bauarbeiten eingestellt und erst 1758 wiederaufgenommen. Die \u00c4hnlichkeit zu Versailles stammt daher, dass der franz\u00f6sische Architekt Jean-Baptiste Robillon f\u00fcr die Pl\u00e4ne zust\u00e4ndig war.<\/p>\n\n\n\n<p>Das Innere des Schlosses ist reich verziert mit den f\u00fcr Portugal typischen Azulejos, den blauen Kacheln, die euch \u00fcberall begegnen. Es gibt aber auch venezianische Kunst, Fresken und kunstvoll gewobene Wandteppiche zu sehen. Die G\u00e4rten erinnern mit Wasserspielen, Grotten und verschlungenen Wegen ebenso an Versailles. Da der Palast nur 15 Kilometer von Lissabon entfernt ist, k\u00f6nnt ihr ihn auch im Rahmen eines Tagesausflugs von dort besuchen.<\/p>\n\n\n\n<p><em>\u00d6ffnungszeiten Schloss Queluz:<\/em><\/p>\n\n\n\n<p><em>T\u00e4glich von 09:00 Uhr bis 18:00 Uhr<\/em><\/p>\n\n\n\n<p><em>Eintritt:<\/em><\/p>\n\n\n\n<p><em>Erwachsene ca. 10,00 Euro<\/em><\/p>\n\n\n\n<p><em>Kinder (6-17 Jahre) und Senioren (65+) ca. 8,50 Euro<\/em><\/p>\n\n\n\n<h3 class=\"wp-block-heading\"><a name=\"portugal-sehenswuerdigkeiten-ria-formosa\"><\/a>Ria Formosa \u2013 einzigartige Naturlandschaft an der Algarve<\/h3>\n\n\n\n<p>Auf einer L\u00e4nge von 60 Kilometern zwischen den Str\u00e4nden Garr\u00e3o und Manta Rota findet ihr ein Labyrinth aus Kan\u00e4len, S\u00fcmpfen, Inseln und Sandb\u00e4nken, das seinesgleichen sucht. Die vielen verschiedenen \u00d6kosysteme dieses Naturschutzgebietes bieten einer Vielzahl an seltenen Tieren und Pflanzen eine Heimat.<\/p>\n\n\n\n<figure class=\"wp-block-image alignnone\"><a href=\"https:\/\/www.sonnenklar.tv\/blog\/wp-content\/uploads\/2021\/11\/GettyImages-1293018886_FlamingoRiaFormosa.jpg\"><img loading=\"lazy\" decoding=\"async\" width=\"880\" height=\"450\" src=\"https:\/\/www.sonnenklar.tv\/blog\/wp-content\/uploads\/2021\/11\/GettyImages-1293018886_FlamingoRiaFormosa.jpg\" alt=\"Flamingo Ria Formosa\" class=\"wp-image-18350\" srcset=\"https:\/\/www.sonnenklar.tv\/blog\/wp-content\/uploads\/2021\/11\/GettyImages-1293018886_FlamingoRiaFormosa.jpg 880w, https:\/\/www.sonnenklar.tv\/blog\/wp-content\/uploads\/2021\/11\/GettyImages-1293018886_FlamingoRiaFormosa-300x153.jpg 300w, https:\/\/www.sonnenklar.tv\/blog\/wp-content\/uploads\/2021\/11\/GettyImages-1293018886_FlamingoRiaFormosa-768x393.jpg 768w\" sizes=\"(max-width: 880px) 100vw, 880px\" \/><\/a><figcaption class=\"wp-element-caption\">Flamingo Ria Formosa<\/figcaption><\/figure>\n\n\n\n<p>Im Besucherzentrum in Marim wird euch nicht nur der Nationalpark in seiner Vielfalt vorgestellt, sondern ihr k\u00f6nnt auch an Kursen zum Thema Umwelt teilnehmen. Au\u00dferdem bekommt ihr hier Informationen zu Wanderwegen im Park und Schutzh\u00fctten, die auch als \u201eVersteck\u201c f\u00fcr Vogelbeobachtungen genutzt werden k\u00f6nnen. Wenn ihr nicht wandern gehen wollt, interessiert euch vielleicht eine der Bootstouren an Bord einer alten Barke, die fr\u00fcher zum Thunfischfang genutzt wurde.<\/p>\n\n\n\n<p>Der Park wurde zu einem der sieben Naturwunder Portugals gew\u00e4hlt. Vor allem, weil hier im Winter mehr als 20.000 V\u00f6gel leben. Darunter das Purpurhuhn und rosa Flamingos. Mit etwas Gl\u00fcck begegnen euch hier auch Cham\u00e4leons und portugiesische Wasserhunde. Diese Hunde wurden fr\u00fcher von den Fischern genutzt um nach deren Netzen zu tauchen und den Fang an die Wasseroberfl\u00e4che zu bringen.<\/p>\n\n\n\n<p>Nach euren Wanderungen entdeckt ihr auf den vorgelagerten Inseln wahre Traumstr\u00e4nde. Besonders auf der Ilha de Tavira fallen diese besonders flach ins Meer, wodurch diese ideale Badebedingungen f\u00fcr Familien mit Kindern bieten. In den Lagunen zwischen den Inseln und dem Festland finden Windsurfer und Kiter ein beliebtes Revier f\u00fcr ihren Sport. Beim Schnorcheln oder Tauchen trefft ihr dann auf eine der weltgr\u00f6\u00dften Populationen an Seepferdchen.<\/p>\n\n\n\n<h3 class=\"wp-block-heading\"><a name=\"portugal-sehenswuerdigkeiten-loule\"><\/a>Loul\u00e9 \u2013 zauberhafte Stadt an der Algarve<\/h3>\n\n\n\n<p>Im Hinterland der Algarve liegt diese charmante kleine Stadt und bietet sich somit als Tagesausflug w\u00e4hrend eures Badeaufenthalts an. Bekannt ist Loul\u00e9 f\u00fcr seine malerische Altstadt, die sich f\u00fcr einen gem\u00fctlichen Bummel anbietet und seine bunten M\u00e4rkte, auf denen ihr nicht nur Lebensmittel aus der Region kaufen k\u00f6nnt.<\/p>\n\n\n\n<figure class=\"wp-block-image alignnone\"><a href=\"https:\/\/www.sonnenklar.tv\/blog\/wp-content\/uploads\/2021\/11\/GettyImages-926778726_Markt_Loule.jpg\"><img loading=\"lazy\" decoding=\"async\" width=\"880\" height=\"450\" src=\"https:\/\/www.sonnenklar.tv\/blog\/wp-content\/uploads\/2021\/11\/GettyImages-926778726_Markt_Loule.jpg\" alt=\"Markt Loul\u00e9\" class=\"wp-image-18352\" srcset=\"https:\/\/www.sonnenklar.tv\/blog\/wp-content\/uploads\/2021\/11\/GettyImages-926778726_Markt_Loule.jpg 880w, https:\/\/www.sonnenklar.tv\/blog\/wp-content\/uploads\/2021\/11\/GettyImages-926778726_Markt_Loule-300x153.jpg 300w, https:\/\/www.sonnenklar.tv\/blog\/wp-content\/uploads\/2021\/11\/GettyImages-926778726_Markt_Loule-768x393.jpg 768w\" sizes=\"(max-width: 880px) 100vw, 880px\" \/><\/a><figcaption class=\"wp-element-caption\">Kultiges Marktgeb\u00e4ude in Loul\u00e9<\/figcaption><\/figure>\n\n\n\n<p>Einer dieser M\u00e4rkte ist der Mercado Municipal de Loul\u00e9, der in einer historischen Markthalle untergebracht ist. Dort findet ihr neben Lebensmitteln auch Haushaltsartikel und Kleidung. Jeden Samstag findet hier ein Bauernmarkt statt, zu dem dann Besucherstr\u00f6me in die Stadt pilgern. Ein weiterer sehenswerter Markt am Samstag ist der Mercado 12, auf dem haupts\u00e4chlich Sinti und Roma im Stil eines Flohmarkts ihre Waren anpreisen.<\/p>\n\n\n\n<p>Shopping und Kultur verbindet ihr im wundersch\u00f6n restaurierten Convento do Espirito Santo. Dieses ehemalige Kloster wurde in ein Kulturzentrum umgewandelt. Die Capela de Nossa Senhora da Concei\u00e7\u00e4o ist mit einem vergoldeten Altar und den typischen Azulejos geschm\u00fcckt. Ansonsten bestaunt ihr hier Kunstausstellungen und schaut Kunsthandwerkern bei der Arbeit \u00fcber die Schulter.<\/p>\n\n\n\n<p>Ein anderes Highlight ist das Museu Municipal de Loul\u00e9 im Castelo. Dort werden St\u00fccke ausgestellt, die bei Ausgrabungen in der Gegend gefunden wurden. Darunter auch Gegenst\u00e4nde aus der keltischen Bronzezeit und der r\u00f6mischen Antike. Au\u00dferdem bestaunt ihr die \u00dcberreste der urspr\u00fcnglich maurischen Burg. Eine durchaus interessante Zeitreise.<\/p>\n\n\n\n<p><em>\u00d6ffnungszeiten Castelo de Loul\u00e9:<\/em><\/p>\n\n\n\n<p><em>Mittwoch &#8211; Samstag von 09:00 Uhr bis 16:15 Uhr<\/em><\/p>\n\n\n\n<p><em>Eintritt kostenfrei<\/em><\/p>\n\n\n\n<h3 class=\"wp-block-heading\"><a name=\"portugal-sehenswuerdigkeiten-estoi\"><\/a>Palast des Grafen von Est\u00f3i \u2013 das bonbonfarbene Schl\u00f6sschen<\/h3>\n\n\n\n<p>Zwischen Faro und S\u00e3o Br\u00e1s de Aportel liegt die kleine Stadt Est\u00f3i. Sie ist umgeben von mediterranen Obstg\u00e4rten und Olivenhainen. Wenn ihr dann nach einer entspannten Fahrt durch die romantische Landschaft in dem St\u00e4dtchen ankommt, k\u00f6nnt ihr erstmal ein bisschen durch das Zentrum bummeln.<\/p>\n\n\n\n<p>Wie in Loul\u00e9 hat man auch hier bei Ausgrabungen Hinweise darauf gefunden, dass schon in grauer Vorzeit Menschen hier siedelten. Aus der R\u00f6merzeit stammt die Villa Milreu, eine der am besten erhaltenen Geb\u00e4ude aus der Antike. Zur Villa geh\u00f6rte ein Tempel und ein Badehaus, von dem heute noch die Fu\u00dfb\u00f6den mit ihren kunstvollen Mosaiken zu sehen sind.<\/p>\n\n\n\n<p>Hauptattraktion der Stadt ist aber der Rokokopalast des Grafen von Est\u00f3i. Obwohl der Baustil stark an die Rokoko-Zeit erinnert, wurde er erst im 19. Jahrhundert als Sommerresidenz gebaut. Im Lauf der Geschichte stand das Anwesen immer wieder jahrelang leer, bis 1999 die staatliche Hotelgesellschaft ENATUR das Schl\u00f6sschen und die G\u00e4rten kaufte, und in ein Luxushotel umwandelte.<\/p>\n\n\n\n<figure class=\"wp-block-image alignnone\"><a href=\"https:\/\/www.sonnenklar.tv\/blog\/wp-content\/uploads\/2021\/11\/GettyImages-178598600_Palast_Estoi.jpg\"><img loading=\"lazy\" decoding=\"async\" width=\"880\" height=\"450\" src=\"https:\/\/www.sonnenklar.tv\/blog\/wp-content\/uploads\/2021\/11\/GettyImages-178598600_Palast_Estoi.jpg\" alt=\"Palast Est\u00f3i\" class=\"wp-image-18353\" srcset=\"https:\/\/www.sonnenklar.tv\/blog\/wp-content\/uploads\/2021\/11\/GettyImages-178598600_Palast_Estoi.jpg 880w, https:\/\/www.sonnenklar.tv\/blog\/wp-content\/uploads\/2021\/11\/GettyImages-178598600_Palast_Estoi-300x153.jpg 300w, https:\/\/www.sonnenklar.tv\/blog\/wp-content\/uploads\/2021\/11\/GettyImages-178598600_Palast_Estoi-768x393.jpg 768w\" sizes=\"(max-width: 880px) 100vw, 880px\" \/><\/a><figcaption class=\"wp-element-caption\">Romantische Architektur mit einzigartiger Arbeit &#8211; Palast in Est\u00f3i<\/figcaption><\/figure>\n\n\n\n<p>Ihr k\u00f6nnt euch den Palast mit seinen rosa Fassaden von au\u00dfen anschauen und danach die sch\u00f6nen G\u00e4rten bewundern. Die Treppe, die vom Haus in die G\u00e4rten f\u00fchrt ist mit sch\u00f6nen Azulejos verziert. Wenn ihr euch das Haus von innen ansehen wollt, m\u00fcsst ihr allerdings eine \u00dcbernachtung buchen oder einen Tisch im Gourmetrestaurant des Hotels reservieren und euch bei einem exquisiten Dinner verw\u00f6hnen lassen.<\/p>\n\n\n\n<h3 class=\"wp-block-heading\"><a name=\"portugal-sehenswuerdigkeiten-benagil\"><\/a>H\u00f6hle von Benagil \u2013 das versteckte Naturwunder<\/h3>\n\n\n\n<p>Am Strand von Benagil zwischen Albufeira und Portimao befindet sich diese H\u00f6hle, die zu den beliebtesten Sehensw\u00fcrdigkeiten der Algarve z\u00e4hlt. Vom Strand aus k\u00f6nnt ihr sie nicht sehen, ihr m\u00fcsst schon hinschwimmen oder mit einem Board oder Kajak hin paddeln. Oder ihr bucht eine der Bootstouren, die in den Badeorten angeboten werden. Bei diesen Touren ist aber nicht garantiert, dass ihr in die H\u00f6hle kommt.<\/p>\n\n\n\n<figure class=\"wp-block-image alignnone\"><a href=\"https:\/\/www.sonnenklar.tv\/blog\/wp-content\/uploads\/2021\/11\/GettyImages-816741330_Portugal_Algarve_Benagil.jpg\"><img loading=\"lazy\" decoding=\"async\" width=\"880\" height=\"450\" src=\"https:\/\/www.sonnenklar.tv\/blog\/wp-content\/uploads\/2021\/11\/GettyImages-816741330_Portugal_Algarve_Benagil.jpg\" alt=\"Benagil H\u00f6hle Portugal\" class=\"wp-image-18354\" srcset=\"https:\/\/www.sonnenklar.tv\/blog\/wp-content\/uploads\/2021\/11\/GettyImages-816741330_Portugal_Algarve_Benagil.jpg 880w, https:\/\/www.sonnenklar.tv\/blog\/wp-content\/uploads\/2021\/11\/GettyImages-816741330_Portugal_Algarve_Benagil-300x153.jpg 300w, https:\/\/www.sonnenklar.tv\/blog\/wp-content\/uploads\/2021\/11\/GettyImages-816741330_Portugal_Algarve_Benagil-768x393.jpg 768w\" sizes=\"(max-width: 880px) 100vw, 880px\" \/><\/a><figcaption class=\"wp-element-caption\">Im Inneren zeigen sich die jahrhundertalten Gesteine in ihrer sch\u00f6nsten Form<\/figcaption><\/figure>\n\n\n\n<p>Vom Wasser aus seht ihr dann zwei L\u00f6cher in den Klippen, \u00fcber die ihr zur H\u00f6hle kommt. Ihr solltet aber auf die Gezeiten achten, denn bei Flut steht die H\u00f6hle unter Wasser und ihr w\u00e4rt dann erstmal gefangen. Dank eines Durchbruchs in der Decke wird die H\u00f6hle fast den ganzen Tag von Sonnenlicht geflutet und das l\u00e4sst die Felsw\u00e4nde in allen m\u00f6glichen Goldt\u00f6nen erstrahlen.<\/p>\n\n\n\n<p>Wenn ihr also mit Kajak oder SUP-Board zur H\u00f6hle paddelt, solltet ihr unbedingt eure Kamera mitnehmen, denn diese Pracht bildet ein geniales Fotomotiv. Solltet ihr lieber trockenen Fu\u00dfes zur H\u00f6hle wollen, k\u00f6nnt ihr vom Strand zum Restaurant O Pescador Benagil gehen und von dort \u00fcber einen Pfad entlang der Steilk\u00fcste mit sensationellen Ausblicken auf die K\u00fcste wandern.<\/p>\n\n\n\n<p>So erreicht ihr dann den Durchbruch in der Decke und k\u00f6nnt in die H\u00f6hle hinabschauen. Dabei m\u00fcsst ihr aber beachten, dass der Rand des Durchbruchs nicht gesichert ist, und ihr nicht zu nahe rangehen solltet. Ihr wollt ja nicht in die H\u00f6hle fallen.<\/p>\n\n\n\n<h3 class=\"wp-block-heading\"><a name=\"portugal-sehenswuerdigkeiten-madeira\"><\/a>Madeira \u2013 der mystische Feenwald<\/h3>\n\n\n\n<p>Die Insel im Atlantik ist bekannt als die Blumeninsel und bietet euch eine F\u00fclle an Sehensw\u00fcrdigkeiten. In den G\u00e4rten und Parks gr\u00fcnt und bl\u00fcht es das ganze Jahr hindurch und die St\u00e4dte und D\u00f6rfer der Insel bieten sehr viel typisch portugiesischen Charme. Das Klima ist ganzj\u00e4hrig mild und so seid ihr bei der Terminplanung f\u00fcr euren Besuch unabh\u00e4ngig.<\/p>\n\n\n\n<p>Madeira ist ein Paradies f\u00fcr Wanderer und bietet euch viele markierte Wege von einfachen Spazierg\u00e4ngen bis hin zu durchaus fordernden Touren. Besonders beliebt sind die Wanderungen entlang der Levadas. Das sind kleine Kan\u00e4le, die seit ewigen Zeiten zur Bew\u00e4sserung der Felder und G\u00e4rten genutzt werden. So kommt das Wasser aus dem feuchteren Norden der Insel in den trockeneren S\u00fcden.<\/p>\n\n\n\n<figure class=\"wp-block-image alignnone\"><a href=\"https:\/\/www.sonnenklar.tv\/blog\/wp-content\/uploads\/2021\/11\/GettyImages-960341074_Madeira_Levadas.jpg\"><img loading=\"lazy\" decoding=\"async\" width=\"880\" height=\"450\" src=\"https:\/\/www.sonnenklar.tv\/blog\/wp-content\/uploads\/2021\/11\/GettyImages-960341074_Madeira_Levadas.jpg\" alt=\"Levadas\" class=\"wp-image-18355\" srcset=\"https:\/\/www.sonnenklar.tv\/blog\/wp-content\/uploads\/2021\/11\/GettyImages-960341074_Madeira_Levadas.jpg 880w, https:\/\/www.sonnenklar.tv\/blog\/wp-content\/uploads\/2021\/11\/GettyImages-960341074_Madeira_Levadas-300x153.jpg 300w, https:\/\/www.sonnenklar.tv\/blog\/wp-content\/uploads\/2021\/11\/GettyImages-960341074_Madeira_Levadas-768x393.jpg 768w\" sizes=\"(max-width: 880px) 100vw, 880px\" \/><\/a><figcaption class=\"wp-element-caption\">Wandern entlang der Levadas<\/figcaption><\/figure>\n\n\n\n<p>Ein ganz besonderes Erlebnis erwartet euch im Inselinneren. In den Bergen Madeiras w\u00e4chst ein Wald, der von der UNESCO zum Weltnaturerbe erkl\u00e4rt wurde. Das Schutzgebiet bedeckt etwa 20 Prozent der Insel. Hier wandert ihr in einem Wald, der in dieser Form bis zur letzten Eiszeit weite Teile Europas bedeckt hat. Das Besondere an diesem Lorbeerwald sind einerseits die vielen seltenen Pflanzen und andererseits das Mystische.<\/p>\n\n\n\n<p>Mystisch wird der Wald in feuchten Regionen, wenn die B\u00e4ume mit Flechten und Moosen bewachsen sind. An manchen Stellen auf Madeira bildet sich in diesem Wald aufgrund der Feuchtigkeit auch oft Nebel. Das ist dann der Zeitpunkt, wo ihr euch nicht wundern w\u00fcrdet, wenn pl\u00f6tzlich Feen vor euch auftauchten.<\/p>\n\n\n\n<p>Wollt ihr noch mehr \u00fcber Madeira lesen? Dann lest unsere <a href=\"https:\/\/www.sonnenklar.tv\/blog\/tipps-madeira\/\">Tipps f\u00fcr einen Madeira-Urlaub<\/a>.<\/p>\n\n\n\n<h3 class=\"wp-block-heading\"><a name=\"portugal-sehenswuerdigkeiten-azoren\"><\/a>Sete Cidades \u2013 traumhafte Kraterlandschaft<\/h3>\n\n\n\n<p>Noch weiter drau\u00dfen Im Atlantik liegen die Azoren. Diese Inseln sind ein echtes Naturparadies und bieten euch sehr viel Ruhe und Entspannung. Wer seinen Urlaub hier verbringt, will unber\u00fchrte Natur erleben und davon gibt es mehr als genug.<\/p>\n\n\n\n<p>Auf der Hauptinsel Sao Miguel wandert ihr zu einer Attraktion, die zu den sieben Naturwundern Portugals geh\u00f6rt. Die Sete Cidades (Sieben St\u00e4dte) befinden sich in einem riesigen Vulkankrater und der Name weist auf eine alte Legende hin, nach der es einst sieben St\u00e4dte in den Weiten des Atlantiks gab, die versunken sind.<\/p>\n\n\n\n<figure class=\"wp-block-image alignnone\"><a href=\"https:\/\/www.sonnenklar.tv\/blog\/wp-content\/uploads\/2021\/11\/GettyImages-869067130_Sete_Cidades.jpg\"><img loading=\"lazy\" decoding=\"async\" width=\"880\" height=\"449\" src=\"https:\/\/www.sonnenklar.tv\/blog\/wp-content\/uploads\/2021\/11\/GettyImages-869067130_Sete_Cidades.jpg\" alt=\"Sete Cidades\" class=\"wp-image-18356\" srcset=\"https:\/\/www.sonnenklar.tv\/blog\/wp-content\/uploads\/2021\/11\/GettyImages-869067130_Sete_Cidades.jpg 880w, https:\/\/www.sonnenklar.tv\/blog\/wp-content\/uploads\/2021\/11\/GettyImages-869067130_Sete_Cidades-300x153.jpg 300w, https:\/\/www.sonnenklar.tv\/blog\/wp-content\/uploads\/2021\/11\/GettyImages-869067130_Sete_Cidades-768x392.jpg 768w\" sizes=\"(max-width: 880px) 100vw, 880px\" \/><\/a><figcaption class=\"wp-element-caption\">Die beeindruckende Kraterlandschaft um den Lagoa Azul und Lagoa Verde<\/figcaption><\/figure>\n\n\n\n<p>Das Herzst\u00fcck des Kraters bilden zwei Seen, die durch einen schmalen Kanal verbunden sind. Einer der Seen ist der gr\u00fcne See und der andere der blaue. Auch um diese beiden Gew\u00e4sser rankt sich eine alte Sage. Angeblich entstanden die Seen n\u00e4mlich aufgrund einer ungl\u00fccklichen Liebe. Eine Prinzessin hatte sich in einen Hirten verliebt, was nat\u00fcrlich nicht geduldet werden konnte. So traf sich das Liebespaar ein letztes Mal in diesem Krater und die beiden weinten so sehr, dass sich aus den Tr\u00e4nen der Prinzessin ein blauer See bildete und aus den Tr\u00e4nen des Hirten ein gr\u00fcner.<\/p>\n\n\n\n<p>Den besten Blick auf die beiden Seen genie\u00dft ihr von der Aussichtsplattform Miradouro da Vista do Rei, der nach dem portugiesischen K\u00f6nig D. Carlos benannt wurde, nachdem dieser 1901 genau an dieser Stelle den Ausblick genoss.<\/p>\n\n\n\n<p>Noch mehr <a href=\"https:\/\/www.sonnenklar.tv\/blog\/azoren-inseln\/\">Informationen zu den Azoren<\/a> haben wir in diesem Beitrag zusammengestellt.<\/p>\n\n\n\n<p>Portugal hat sehr viele unterschiedliche Sehensw\u00fcrdigkeiten zu bieten. So habt ihr die M\u00f6glichkeit euch genau das auszusuchen, wof\u00fcr ihr so richtig brennt. Faszinierende St\u00e4dte, die mit prachtvollen Bauten ausgestattet sind, romantische Landschaften mit intakter Natur, oder einfach nur am Traumstrand liegen und faulenzen \u2013 ihr habt die Wahl. Wof\u00fcr entscheidet ihr euch?<\/p>\n\n\n\n<p>Wenn ihr jetzt Lust auf eine Reise nach Portugal bekommen habt, schaut unbedingt bei unseren <a href=\"https:\/\/www.sonnenklar.tv\/promo\/urlaub-portugal.html\">Reiseangeboten f\u00fcr Portugal<\/a> vorbei<\/p>\n","protected":false},"excerpt":{"rendered":"<p>S\u00fcdliche Sonne, traumhafte Str\u00e4nde, die von Klippen umrahmt werden und eine Geschichte, die ihre Spuren hinterlassen hat \u2013 Portugal ist ein sehr vielf\u00e4ltiges Reiseland. Hier k\u00f6nnt ihr euren Badeurlaub mit einmaligen Kultur- und Naturerlebnissen kombinieren. Wir stellen euch die wichtigsten Sehensw\u00fcrdigkeiten von Portugal in diesem Beitrag vor. Das Land im S\u00fcdwesten Europas ist umgeben von<\/p>\n","protected":false},"author":3,"featured_media":18302,"comment_status":"closed","ping_status":"open","sticky":false,"template":"","format":"standard","meta":{"footnotes":""},"categories":[706,465],"tags":[506,180,484],"class_list":{"0":"post-18334","1":"post","2":"type-post","3":"status-publish","4":"format-standard","5":"has-post-thumbnail","7":"category-sehenswuerdigkeiten","8":"category-weitere-laender","9":"tag-aktivitaeten","10":"tag-portugal","11":"tag-sehenswuerdigkeiten"},"_links":{"self":[{"href":"https:\/\/www.sonnenklar.tv\/blog\/wp-json\/wp\/v2\/posts\/18334","targetHints":{"allow":["GET"]}}],"collection":[{"href":"https:\/\/www.sonnenklar.tv\/blog\/wp-json\/wp\/v2\/posts"}],"about":[{"href":"https:\/\/www.sonnenklar.tv\/blog\/wp-json\/wp\/v2\/types\/post"}],"author":[{"embeddable":true,"href":"https:\/\/www.sonnenklar.tv\/blog\/wp-json\/wp\/v2\/users\/3"}],"replies":[{"embeddable":true,"href":"https:\/\/www.sonnenklar.tv\/blog\/wp-json\/wp\/v2\/comments?post=18334"}],"version-history":[{"count":18,"href":"https:\/\/www.sonnenklar.tv\/blog\/wp-json\/wp\/v2\/posts\/18334\/revisions"}],"predecessor-version":[{"id":38962,"href":"https:\/\/www.sonnenklar.tv\/blog\/wp-json\/wp\/v2\/posts\/18334\/revisions\/38962"}],"wp:featuredmedia":[{"embeddable":true,"href":"https:\/\/www.sonnenklar.tv\/blog\/wp-json\/wp\/v2\/media\/18302"}],"wp:attachment":[{"href":"https:\/\/www.sonnenklar.tv\/blog\/wp-json\/wp\/v2\/media?parent=18334"}],"wp:term":[{"taxonomy":"category","embeddable":true,"href":"https:\/\/www.sonnenklar.tv\/blog\/wp-json\/wp\/v2\/categories?post=18334"},{"taxonomy":"post_tag","embeddable":true,"href":"https:\/\/www.sonnenklar.tv\/blog\/wp-json\/wp\/v2\/tags?post=18334"}],"curies":[{"name":"wp","href":"https:\/\/api.w.org\/{rel}","templated":true}]}}