{"id":18230,"date":"2021-11-01T09:00:45","date_gmt":"2021-11-01T08:00:45","guid":{"rendered":"https:\/\/www.sonnenklar.tv\/blog\/?p=18230"},"modified":"2025-11-20T16:50:02","modified_gmt":"2025-11-20T15:50:02","slug":"andalusien-rundreise-so-plant-ihr-die-perfekte-route","status":"publish","type":"post","link":"https:\/\/www.sonnenklar.tv\/blog\/ratgeber\/andalusien-rundreise-so-plant-ihr-die-perfekte-route\/","title":{"rendered":"Andalusien Rundreise &#8211; so plant ihr die perfekte Route"},"content":{"rendered":"\n<p>Andalusien, \u201edie Seele Spaniens\u201d. Dieser Bezeichnung stimmten vor allem Urlauber zu, denn immerhin sind so einige Dinge, die wir als \u201etypisch spanisch\u201c betrachten, eigentlich speziell in Andalusien zu hause, wie etwa der Flamenco-Tanz oder die ber\u00fchmte kalte Suppe Gazpacho. Die Geschichte der Region umfasst aber dar\u00fcber hinaus viele verschiedene Kulturen und Epochen, die ihre Spuren mit imposanten Sehensw\u00fcrdigkeiten hinterlassen haben. Zusammen mit abwechslungsreichen Landschaften, 300 Sonnentagen im Jahr und der fr\u00f6hlichen Gelassenheit der Einwohner ist Andalusien eines der sch\u00f6nsten Ziele in ganz Spanien.<\/p>\n\n\n\n<p>Die Frage, welche Stadt oder Provinz ihr besuchen solltet, ist bei so vielen malerischen wie spannenden Gebieten wirklich schwer zu beantworten. Darum ist eine Rundreise die beste Art, Andalusien wirklich kennenzulernen. Zwischen den wichtigsten St\u00e4dten liegen eher kurze Distanzen und dazwischen beeindruckende Landschaftskulissen. Darum zeigen wir euch in diesem Beitrag die ideale Route f\u00fcr eine Rundreise in Andalusien, welche Sehensw\u00fcrdigkeiten ihr euch nicht entgehen lassen d\u00fcrft und was es bei der Planung alles zu beachten gilt, um das Beste aus \u201eAl-Andalus\u201c mitzunehmen.<\/p>\n\n\n\n<h2 class=\"wp-block-heading\">Allgemeine Infos f\u00fcr Andalusien<\/h2>\n\n\n\n<p>S\u00fcdspanien erreicht ihr am besten per Flugzeug. Es gibt mehrere Flugh\u00e4fen in den gro\u00dfen St\u00e4dten Andalusiens, wobei aber nicht alle f\u00fcr internationale Fl\u00fcge geeignet sind. Almer\u00edas Flughafen zum Beispiel eignet sich fast nur f\u00fcr Reisen innerhalb Andalusiens, direkte Fl\u00fcge aus Deutschland und Umgebung sucht ihr meistens vergeblich.<\/p>\n\n\n\n<p>Wir k\u00f6nnen euch auf jeden Fall M\u00e1lagas Costa del Sol als Ausganspunkt empfehlen. Dort findet ihr sehr gute internationale Anbindungen vor, k\u00f6nnt mehrere interessante St\u00e4dte Andalusiens leicht erreichen und befindet euch gleich selbst an einem bezaubernden Ort der Region. Unsere andere Wahl w\u00e4re Sevilla, womit ihr dann gleich in der Hauptstadt der Region landet \u2013 ein perfekter Startpunkt f\u00fcr Rundreisen.<\/p>\n\n\n\n<p>Wie ihr euch sicher denken k\u00f6nnt, ist der S\u00fcden des sonnigen Urlaubslandes so ziemlich der w\u00e4rmste Teil des Landes. Um nicht zu sagen: im Hochsommer wird es dort ganz sch\u00f6n hei\u00df und das Thermometer klettert nicht selten \u00fcber die 30\u00b0 Grad-Marke. Das soll aber nicht bedeuten, dass eine Reise nach Andalusien im Juli und August gar nicht zu empfehlen ist. In diesen Monaten stellt ihr schnell fest, warum die Siesta gerade hier so verbreitet ist. W\u00e4hrnend der hei\u00dfesten Stunden des Tages ziehen sich die Andalusier zu einer langen Mittagspause oder gar Mittagsschlaf zur\u00fcck. Kleinere Gesch\u00e4fte schlie\u00dfen in diesem Zeitraum ihre Pforten. Daf\u00fcr haben viele L\u00e4den am Abend deutlich l\u00e4nger ge\u00f6ffnet. Macht es w\u00e4hrend eines Sommerurlaubs in Andalusien also am besten wie die Spanier selbst: nutzt den Morgen und Vormittag sowie die Zeit ab den fr\u00fchen Abendstunden. Dinner findet in der Regel ohnehin nicht vor 20 Uhr statt und Treffen, Feiern sowie Feste werden bis sp\u00e4t in die milde Nacht zelebriert. Ihr verpasst also nichts, wenn ihr die sehr sonnigen Nachmittage an k\u00fchlen Orten verbringt, wobei aber gr\u00f6\u00dfere Sehensw\u00fcrdigkeiten und Restaurants oftmals sowieso mit Klimaanlage ausgestattet sind.<\/p>\n\n\n\n<figure class=\"wp-block-image alignnone\"><a href=\"https:\/\/www.sonnenklar.tv\/blog\/wp-content\/uploads\/2021\/09\/GettyImages-480487194_MalagaSkyline.jpg\"><img fetchpriority=\"high\" decoding=\"async\" width=\"880\" height=\"450\" src=\"https:\/\/www.sonnenklar.tv\/blog\/wp-content\/uploads\/2021\/09\/GettyImages-480487194_MalagaSkyline.jpg\" alt=\"Malaga Skyline\" class=\"wp-image-18277\" srcset=\"https:\/\/www.sonnenklar.tv\/blog\/wp-content\/uploads\/2021\/09\/GettyImages-480487194_MalagaSkyline.jpg 880w, https:\/\/www.sonnenklar.tv\/blog\/wp-content\/uploads\/2021\/09\/GettyImages-480487194_MalagaSkyline-300x153.jpg 300w, https:\/\/www.sonnenklar.tv\/blog\/wp-content\/uploads\/2021\/09\/GettyImages-480487194_MalagaSkyline-768x393.jpg 768w\" sizes=\"(max-width: 880px) 100vw, 880px\" \/><\/a><figcaption class=\"wp-element-caption\">Malaga Skyline<\/figcaption><\/figure>\n\n\n\n<p>Ansonsten k\u00f6nnt ihr im Fr\u00fchling und im Herbst nichts verkehrt machen. In diesen Monaten ist Andalusien angenehm warm, sowohl f\u00fcr Erkundungstouren als auch Badevergn\u00fcgen.<\/p>\n\n\n\n<h2 class=\"wp-block-heading\">Andalusien mit dem eigenen Auto oder mit \u00f6ffentlichen Verkehrsmitteln erkunden?<\/h2>\n\n\n\n<p>Mit \u00f6ffentlichen Verkehrsmitteln kommt ihr zwischen den einzelnen St\u00e4dten und Orten in S\u00fcdspanien und innerorts gut zurecht. Falls ihr euch nur in ein oder zwei St\u00e4dten w\u00e4hrend eures Urlaubs aufhaltet, ist ein Mietwagen also kein Muss. Plant ihr aber eine Rundreise durch Andalusien, ist ein Auto auf jeden Fall empfehlenswert. Damit k\u00f6nnt ihr nicht nur euer eigenes Tempo bestimmen, sondern unterwegs jederzeit an reizvollen Landschaften, kleineren Ortschaften und abseits gelegenen Sehensw\u00fcrdigkeiten halt machen. Wenn ihr euren Urlaub gerne individuell gestaltet, lohnt sich der Mietwagen also definitiv.<\/p>\n\n\n\n<figure class=\"wp-block-image alignnone\"><a href=\"https:\/\/www.sonnenklar.tv\/blog\/wp-content\/uploads\/2021\/09\/GettyImages-514462122_Mietwagen.jpg\"><img decoding=\"async\" width=\"880\" height=\"450\" src=\"https:\/\/www.sonnenklar.tv\/blog\/wp-content\/uploads\/2021\/09\/GettyImages-514462122_Mietwagen.jpg\" alt=\"Mietwagen Allgemein\" class=\"wp-image-18251\" srcset=\"https:\/\/www.sonnenklar.tv\/blog\/wp-content\/uploads\/2021\/09\/GettyImages-514462122_Mietwagen.jpg 880w, https:\/\/www.sonnenklar.tv\/blog\/wp-content\/uploads\/2021\/09\/GettyImages-514462122_Mietwagen-300x153.jpg 300w, https:\/\/www.sonnenklar.tv\/blog\/wp-content\/uploads\/2021\/09\/GettyImages-514462122_Mietwagen-768x393.jpg 768w\" sizes=\"(max-width: 880px) 100vw, 880px\" \/><\/a><figcaption class=\"wp-element-caption\">Mit einem Mietwagen ist man flexibel unterwegs.<\/figcaption><\/figure>\n\n\n\n<h2 class=\"wp-block-heading\">Welche \u00f6ffentlichen Verkehrsmittel gibt es? Wo kann man sich Tickets daf\u00fcr besorgen?<\/h2>\n\n\n\n<p>Das g\u00e4ngige \u00f6ffentliche Verkehrsmittel f\u00fcr Provinz-\u00fcbergreifende Reisen nennt sich Renfe. Es handelt sich dabei um Spaniens Zugsystem, das auch in Andalusien sehr gut ausgebaut ist und euch zu s\u00e4mtlichen wichtigen Orten der Region bringt. Zwischen den gro\u00dfen St\u00e4dten verkehrt au\u00dferdem der AVE, der spanische Hochgeschwindigkeitszug, mit dem ihr noch schneller ans Ziel kommt. Tickets k\u00f6nnt ihr f\u00fcr beide Zugsysteme vorab auf der Webseite online erwerben. Ansonsten kauft ihr sie vor Ort am Schalter.<\/p>\n\n\n\n<figure class=\"wp-block-image alignnone\"><a href=\"https:\/\/www.sonnenklar.tv\/blog\/wp-content\/uploads\/2021\/09\/GettyImages-1069993668.jpg_Andalusien_Zug.jpg\"><img decoding=\"async\" width=\"880\" height=\"450\" src=\"https:\/\/www.sonnenklar.tv\/blog\/wp-content\/uploads\/2021\/09\/GettyImages-1069993668.jpg_Andalusien_Zug.jpg\" alt=\" Andalusien Zug\" class=\"wp-image-18253\" srcset=\"https:\/\/www.sonnenklar.tv\/blog\/wp-content\/uploads\/2021\/09\/GettyImages-1069993668.jpg_Andalusien_Zug.jpg 880w, https:\/\/www.sonnenklar.tv\/blog\/wp-content\/uploads\/2021\/09\/GettyImages-1069993668.jpg_Andalusien_Zug-300x153.jpg 300w, https:\/\/www.sonnenklar.tv\/blog\/wp-content\/uploads\/2021\/09\/GettyImages-1069993668.jpg_Andalusien_Zug-768x393.jpg 768w\" sizes=\"(max-width: 880px) 100vw, 880px\" \/><\/a><figcaption class=\"wp-element-caption\">In Andalusien trefft ihr auf ein sehr gut vernetztes Schienennetz.<\/figcaption><\/figure>\n\n\n\n<p>Busse verkehren zwischen einigen ausgew\u00e4hlten andalusischen Gro\u00dfst\u00e4dten ebenfalls, allerdings sp\u00fcrbar unregelm\u00e4\u00dfiger als der Zug. Dass der Bus eher das Stiefkind ist, merkt ihr schon daran, dass die Webseite f\u00fcr den Ticketkauf nicht sehr intuitiv ist. Gerade im Sommer ist der Zug mit mehr Platz und besserer Bel\u00fcftung sowie sanit\u00e4ren Anlagen ohnehin deutlich angenehmer. Busse lohnen sich wenn dann innerhalb der gr\u00f6\u00dferen St\u00e4dte, wo sie meistens regelm\u00e4\u00dfig zwischen Sehensw\u00fcrdigkeiten und interessanten Ecken verkehren.<\/p>\n\n\n\n<p>Wollt ihr so richtig mit Stil reisen und genie\u00dft ein herrschaftliches Urlaubsbudget, dann ist der ber\u00fchmte Al-Andalus nat\u00fcrlich auch eine M\u00f6glichkeit. Der historische Luxuszug l\u00e4sst den Geist der Belle Epoque aufleben und bringt euch w\u00e4hrend einer Rundreise an alle wichtigen Orte der Region. Mit seiner komfortablen Einrichtung und umfangreichen Ausstattung ist der Al-Andalus quasi ein sehr charmantes Hotel auf R\u00e4dern. Dementsprechend hoch sind allerdings auch die Preise.<\/p>\n\n\n\n<h2 class=\"wp-block-heading\">Andalusien mit dem Mietwagen \u2013 Das m\u00fcsst ihr beachten<\/h2>\n\n\n\n<p>Da M\u00e1laga und Sevilla das gr\u00f6\u00dfte internationale Flugangebot besitzen, landet ihr in den meisten F\u00e4llen dort. Das ist auch f\u00fcr Mietwagen Rundreisen in S\u00fcdspanien perfekt, weil an diesen Flugh\u00e4fen zahlreiche Mietwagen-Unternehmen warten. Euren Wunschwagen solltet ihr euch nat\u00fcrlich vorab online sichern. Das gilt ebenso f\u00fcr Tickets zu den ganz gro\u00dfen Attraktionen wie die Alhambra oder den K\u00f6nigspalast, wenn ihr vor Ort nicht stundenlang anstehen m\u00f6chtet. Plant eure Route und die Tage, an denen ihr dieses oder jenes sehen wollt, also vorher gut durch. Dazu findet ihr im n\u00e4chsten Kapitel unsere Vorschl\u00e4ge.<\/p>\n\n\n\n<figure class=\"wp-block-image alignnone\"><a href=\"https:\/\/www.sonnenklar.tv\/blog\/wp-content\/uploads\/2021\/09\/GettyImages-482836826_Mietwagen_allgemein.jpg\"><img loading=\"lazy\" decoding=\"async\" width=\"880\" height=\"451\" src=\"https:\/\/www.sonnenklar.tv\/blog\/wp-content\/uploads\/2021\/09\/GettyImages-482836826_Mietwagen_allgemein.jpg\" alt=\"Mietwagen allgemein\" class=\"wp-image-18255\" srcset=\"https:\/\/www.sonnenklar.tv\/blog\/wp-content\/uploads\/2021\/09\/GettyImages-482836826_Mietwagen_allgemein.jpg 880w, https:\/\/www.sonnenklar.tv\/blog\/wp-content\/uploads\/2021\/09\/GettyImages-482836826_Mietwagen_allgemein-300x154.jpg 300w, https:\/\/www.sonnenklar.tv\/blog\/wp-content\/uploads\/2021\/09\/GettyImages-482836826_Mietwagen_allgemein-768x394.jpg 768w\" sizes=\"(max-width: 880px) 100vw, 880px\" \/><\/a><figcaption class=\"wp-element-caption\">Eine Rundreise ist perfekt mit einem Mietwagen zu planen<\/figcaption><\/figure>\n\n\n\n<p>Bei den meisten (aber nicht allen) Mietwagen-Anbietern in Spanien muss der Fahrer mindestens 21 Jahre alt sein.<\/p>\n\n\n\n<p>Die H\u00f6chstgeschwindigkeit liegt in ganz Spanien bei 120 km\/h. Einen Mietwagen mit extra hohen PS-Zahlen braucht ihr euch f\u00fcr eure Rundreise in Andalusien also nicht zulegen, den zum Ausfahren dieser gibt es keine Gelegenheit.<\/p>\n\n\n\n<h2 class=\"wp-block-heading\">Die ideale Route f\u00fcr eure Andalusien Rundreise:<\/h2>\n\n\n\n<p>Los geht\u2019s! Wir haben f\u00fcr eure Mietwagen Rundreise durch Andalusien eine Route zusammengestellt, mit der ihr eine bequeme An- und Abreise genie\u00dft, die wichtigsten St\u00e4dte und Sehensw\u00fcrdigkeiten entdeckt und dazwischen an bezaubernden Landschaften vorbeikommt. Die einzelnen Sehensw\u00fcrdigkeiten der jeweiligen St\u00e4dte stellen wir euch dann noch weiter unten vor.<\/p>\n\n\n\n<p>Unsere Route ist f\u00fcr eine 14-t\u00e4gige Rundreise ausgelegt. Falls ihr weniger Zeit mitbringt, k\u00f6nnt ihr eure Aufenthalte nat\u00fcrlich verk\u00fcrzen, bzw. den ein oder anderen Ort \u00fcberspringen.<\/p>\n\n\n\n<p><strong>Startpunkt: Sevilla<\/strong><\/p>\n\n\n\n<p>In Andalusiens Hauptstadt hei\u00dfen euch gleich mehrere tolle Sehensw\u00fcrdigkeiten willkommen. Es lohnt sich, zwei Tage hier zu verbringen, um alles in Ruhe zu bewundern.<\/p>\n\n\n\n<figure class=\"wp-block-image alignnone\"><a href=\"https:\/\/www.sonnenklar.tv\/blog\/wp-content\/uploads\/2018\/06\/playa-de-mazagon-sevilla-spanien-straende.jpg\"><img loading=\"lazy\" decoding=\"async\" width=\"880\" height=\"450\" src=\"https:\/\/www.sonnenklar.tv\/blog\/wp-content\/uploads\/2018\/06\/playa-de-mazagon-sevilla-spanien-straende.jpg\" alt=\"Die Playa de Mazag\u00f3n bei Sevilla geh\u00f6rt aufgrund seiner Lage an spektakul\u00e4ren Klippen zu den sch\u00f6nsten in Spanien\" class=\"wp-image-11329\" srcset=\"https:\/\/www.sonnenklar.tv\/blog\/wp-content\/uploads\/2018\/06\/playa-de-mazagon-sevilla-spanien-straende.jpg 880w, https:\/\/www.sonnenklar.tv\/blog\/wp-content\/uploads\/2018\/06\/playa-de-mazagon-sevilla-spanien-straende-300x153.jpg 300w, https:\/\/www.sonnenklar.tv\/blog\/wp-content\/uploads\/2018\/06\/playa-de-mazagon-sevilla-spanien-straende-768x393.jpg 768w\" sizes=\"(max-width: 880px) 100vw, 880px\" \/><\/a><figcaption class=\"wp-element-caption\">Auch au\u00dferhalb von Sevilla gibt es spektakul\u00e4re Pl\u00e4tze, wie hier die Playa de Mazag\u00f3n<\/figcaption><\/figure>\n\n\n\n<p><strong>Sevilla \u2013 Cad\u00edz<\/strong><\/p>\n\n\n\n<p>Cad\u00edz ist eine Hafenstadt auf einer Landzunge im S\u00fcdwesten Andalusiens, die ihr nach etwa eineinhalb Stunden Fahrt erreicht. Wenn ihr am fr\u00fchen Vormittag ankommt, reicht ein Tag Aufenthalt, um Cad\u00edz Sehensw\u00fcrdigkeiten zu erkunden und die Str\u00e4nde noch ein bisschen zu genie\u00dfen.<\/p>\n\n\n\n<figure class=\"wp-block-image alignnone\"><a href=\"https:\/\/www.sonnenklar.tv\/blog\/wp-content\/uploads\/2018\/03\/spanien-reisetipps-costa-de-la-luz-cadiz.jpg\"><img loading=\"lazy\" decoding=\"async\" width=\"880\" height=\"500\" src=\"https:\/\/www.sonnenklar.tv\/blog\/wp-content\/uploads\/2018\/03\/spanien-reisetipps-costa-de-la-luz-cadiz.jpg\" alt=\"Blick auf Cadiz an der Costa de la Luz in Spanien\" class=\"wp-image-16165\" srcset=\"https:\/\/www.sonnenklar.tv\/blog\/wp-content\/uploads\/2018\/03\/spanien-reisetipps-costa-de-la-luz-cadiz.jpg 880w, https:\/\/www.sonnenklar.tv\/blog\/wp-content\/uploads\/2018\/03\/spanien-reisetipps-costa-de-la-luz-cadiz-300x170.jpg 300w, https:\/\/www.sonnenklar.tv\/blog\/wp-content\/uploads\/2018\/03\/spanien-reisetipps-costa-de-la-luz-cadiz-768x436.jpg 768w\" sizes=\"(max-width: 880px) 100vw, 880px\" \/><\/a><figcaption class=\"wp-element-caption\">Cadiz &#8211; sch\u00f6ne Stadt mit traumhafter Lage am Meer.<\/figcaption><\/figure>\n\n\n\n<p><strong>Cad\u00edz \u2013 Gibraltar<\/strong><\/p>\n\n\n\n<p>\u00dcber die A-381 gelangt ihr innerhalb von eineinhalb Stunden zur kleinen Halbinsel Gibraltar. Wenn ihr 45 \u2013 60 Minuten zus\u00e4tzliche Fahrtzeit in Kauf nehmen und daf\u00fcr der K\u00fcste n\u00e4her sein wollt, dann w\u00e4hlt stattdessen die N-340 und E5.<\/p>\n\n\n\n<figure class=\"wp-block-image alignnone\"><a href=\"https:\/\/www.sonnenklar.tv\/blog\/wp-content\/uploads\/2021\/09\/GettyImages-608568542_Affe_Gibraltar.jpg\"><img loading=\"lazy\" decoding=\"async\" width=\"880\" height=\"450\" src=\"https:\/\/www.sonnenklar.tv\/blog\/wp-content\/uploads\/2021\/09\/GettyImages-608568542_Affe_Gibraltar.jpg\" alt=\"Affe Gibraltar\" class=\"wp-image-18256\" srcset=\"https:\/\/www.sonnenklar.tv\/blog\/wp-content\/uploads\/2021\/09\/GettyImages-608568542_Affe_Gibraltar.jpg 880w, https:\/\/www.sonnenklar.tv\/blog\/wp-content\/uploads\/2021\/09\/GettyImages-608568542_Affe_Gibraltar-300x153.jpg 300w, https:\/\/www.sonnenklar.tv\/blog\/wp-content\/uploads\/2021\/09\/GettyImages-608568542_Affe_Gibraltar-768x393.jpg 768w\" sizes=\"(max-width: 880px) 100vw, 880px\" \/><\/a><figcaption class=\"wp-element-caption\">Vielleicht wichtigste Sehensw\u00fcrdigkeit Gibraltars? Die Berberaffen!<\/figcaption><\/figure>\n\n\n\n<p>Genau genommen handelt es sich bei Gibraltar um britisches Territorium, aber gerade die Mischung mit S\u00fcdspanien macht die Enklave nat\u00fcrlich besonders spannend. Ein, zwei Tage reichen aus, um sich richtig umzusehen.<\/p>\n\n\n\n<p><strong>Gibraltar \u2013 Ronda<\/strong><\/p>\n\n\n\n<p>Knapp zwei Stunden Fahrzeit f\u00fchren euch immer h\u00f6her ins Berggebiet hinauf \u2013 bis ihr schlie\u00dflich Ronda, die Stadt auf dem Fels-Plateau erreicht. Plant zwei Tage ein, um Aussicht, Sehensw\u00fcrdigkeiten und lokale Tapas zu genie\u00dfen.<\/p>\n\n\n\n<figure class=\"wp-block-image alignnone\"><a href=\"https:\/\/www.sonnenklar.tv\/blog\/wp-content\/uploads\/2021\/09\/GettyImages-1088127638_Aussicht_Ronda.jpg\"><img loading=\"lazy\" decoding=\"async\" width=\"880\" height=\"451\" src=\"https:\/\/www.sonnenklar.tv\/blog\/wp-content\/uploads\/2021\/09\/GettyImages-1088127638_Aussicht_Ronda.jpg\" alt=\"Aussicht Ronda Schlucht Stadt\" class=\"wp-image-18257\" srcset=\"https:\/\/www.sonnenklar.tv\/blog\/wp-content\/uploads\/2021\/09\/GettyImages-1088127638_Aussicht_Ronda.jpg 880w, https:\/\/www.sonnenklar.tv\/blog\/wp-content\/uploads\/2021\/09\/GettyImages-1088127638_Aussicht_Ronda-300x154.jpg 300w, https:\/\/www.sonnenklar.tv\/blog\/wp-content\/uploads\/2021\/09\/GettyImages-1088127638_Aussicht_Ronda-768x394.jpg 768w\" sizes=\"(max-width: 880px) 100vw, 880px\" \/><\/a><figcaption class=\"wp-element-caption\">Ronda &#8211; durch eine Schlucht geteilte Stadt<\/figcaption><\/figure>\n\n\n\n<p><strong>Optional: Ronda \u2013 Caminito del Rey<\/strong><\/p>\n\n\n\n<p>Ihr seid leidenschaftliche Wanderer und obendrein schwindelfrei? Dann lohnt es sich, einen Stopp im Wandergebiet Caminito del Rey einzulegen, wo ihr imposante Schluchten \u00fcberquert und Steilw\u00e4nde bewundert. Ihr erreicht den Ort in knapp einer Stunde von Ronda aus.<\/p>\n\n\n\n<figure class=\"wp-block-image size-full alignnone\"><a href=\"https:\/\/www.sonnenklar.tv\/blog\/wp-content\/uploads\/2025\/04\/GettyImages-1130859004_CaminitodelRey-1.jpg\"><img loading=\"lazy\" decoding=\"async\" width=\"880\" height=\"451\" src=\"https:\/\/www.sonnenklar.tv\/blog\/wp-content\/uploads\/2025\/04\/GettyImages-1130859004_CaminitodelRey-1.jpg\" alt=\"Caminito del Rey\" class=\"wp-image-35172\" srcset=\"https:\/\/www.sonnenklar.tv\/blog\/wp-content\/uploads\/2025\/04\/GettyImages-1130859004_CaminitodelRey-1.jpg 880w, https:\/\/www.sonnenklar.tv\/blog\/wp-content\/uploads\/2025\/04\/GettyImages-1130859004_CaminitodelRey-1-800x410.jpg 800w, https:\/\/www.sonnenklar.tv\/blog\/wp-content\/uploads\/2025\/04\/GettyImages-1130859004_CaminitodelRey-1-18x9.jpg 18w, https:\/\/www.sonnenklar.tv\/blog\/wp-content\/uploads\/2025\/04\/GettyImages-1130859004_CaminitodelRey-1-120x62.jpg 120w, https:\/\/www.sonnenklar.tv\/blog\/wp-content\/uploads\/2025\/04\/GettyImages-1130859004_CaminitodelRey-1-90x46.jpg 90w, https:\/\/www.sonnenklar.tv\/blog\/wp-content\/uploads\/2025\/04\/GettyImages-1130859004_CaminitodelRey-1-320x164.jpg 320w, https:\/\/www.sonnenklar.tv\/blog\/wp-content\/uploads\/2025\/04\/GettyImages-1130859004_CaminitodelRey-1-560x287.jpg 560w\" sizes=\"(max-width: 880px) 100vw, 880px\" \/><\/a><figcaption class=\"wp-element-caption\">Ein traumhaftes Wanderziel &#8211; Caminito del Rey<\/figcaption><\/figure>\n\n\n\n<p>Ansonsten fahrt ihr einfach direkt zum n\u00e4chsten Ziel:<\/p>\n\n\n\n<p><strong>Ronda\/Caminito del Rey \u2013 C\u00f3rdoba<\/strong><\/p>\n\n\n\n<p>Von beiden Orten aus ben\u00f6tigt ihr etwa zwei Stunden und zwanzig Minuten, um C\u00f3rdoba zu erreichen. Auch hier lohnen sich zwei Tage, um die historische Seite der Stadt zu erkunden und noch ein wenig von der allt\u00e4glichen Kultur mitzunehmen.<\/p>\n\n\n\n<figure class=\"wp-block-image alignnone\"><a href=\"https:\/\/www.sonnenklar.tv\/blog\/wp-content\/uploads\/2021\/09\/GettyImages-159223620_Mezquita-CatedraldeCordoba.jpg\"><img loading=\"lazy\" decoding=\"async\" width=\"880\" height=\"451\" src=\"https:\/\/www.sonnenklar.tv\/blog\/wp-content\/uploads\/2021\/09\/GettyImages-159223620_Mezquita-CatedraldeCordoba.jpg\" alt=\"Mezquita-Catedral de Cordoba\" class=\"wp-image-18259\" srcset=\"https:\/\/www.sonnenklar.tv\/blog\/wp-content\/uploads\/2021\/09\/GettyImages-159223620_Mezquita-CatedraldeCordoba.jpg 880w, https:\/\/www.sonnenklar.tv\/blog\/wp-content\/uploads\/2021\/09\/GettyImages-159223620_Mezquita-CatedraldeCordoba-300x154.jpg 300w, https:\/\/www.sonnenklar.tv\/blog\/wp-content\/uploads\/2021\/09\/GettyImages-159223620_Mezquita-CatedraldeCordoba-768x394.jpg 768w\" sizes=\"(max-width: 880px) 100vw, 880px\" \/><\/a><figcaption class=\"wp-element-caption\">Mezquita &#8211; Catedral de C\u00f3rdoba<\/figcaption><\/figure>\n\n\n\n<p><strong>C\u00f3rdoba \u2013 Granada<\/strong><\/p>\n\n\n\n<p>Nach gut zwei Stunden erreicht ihr die Stadt mit dem Highlight Andalusiens: Granada und ihre Alhambra. Die Festung selbst nimmt gut und gerne einen halben Tag in Anspruch und zusammen mit anderen Must-Sees solltet ihr auf jeden Fall zwei Tage Aufenthalt festlegen.<\/p>\n\n\n\n<figure class=\"wp-block-image alignnone\"><a href=\"https:\/\/www.sonnenklar.tv\/blog\/wp-content\/uploads\/2021\/09\/GettyImages-184957349_Granada_Alhambra.jpg\"><img loading=\"lazy\" decoding=\"async\" width=\"880\" height=\"450\" src=\"https:\/\/www.sonnenklar.tv\/blog\/wp-content\/uploads\/2021\/09\/GettyImages-184957349_Granada_Alhambra.jpg\" alt=\"Granada Alhambra\" class=\"wp-image-18261\" srcset=\"https:\/\/www.sonnenklar.tv\/blog\/wp-content\/uploads\/2021\/09\/GettyImages-184957349_Granada_Alhambra.jpg 880w, https:\/\/www.sonnenklar.tv\/blog\/wp-content\/uploads\/2021\/09\/GettyImages-184957349_Granada_Alhambra-300x153.jpg 300w, https:\/\/www.sonnenklar.tv\/blog\/wp-content\/uploads\/2021\/09\/GettyImages-184957349_Granada_Alhambra-768x393.jpg 768w\" sizes=\"(max-width: 880px) 100vw, 880px\" \/><\/a><figcaption class=\"wp-element-caption\">Traumhafter Sonnenuntergang mit Blick auf die Alhambra<\/figcaption><\/figure>\n\n\n\n<p><strong>Granada \u2013 Sierra Nevada<\/strong><\/p>\n\n\n\n<p>Andalusiens Berggebiete zeigen sich in der Sierra Nevada von ihrer sch\u00f6nsten Seite. In ein paar Stunden habt ihr die M\u00f6glichkeit viele sch\u00f6ne Eindr\u00fccke von der Natur mitzunehmen, doch einen Tag mit \u00dcbernachtung einzuplanen lohnt sich unserer Meinung ebenfalls sehr.<\/p>\n\n\n\n<p><strong>Sierra Nevada &#8211; Nerja<\/strong><\/p>\n\n\n\n<p>Gut eine Stunde Richtung K\u00fcste fahrt ihr, bis ihr das St\u00e4dtchen erreicht. Nerja ist ein kleines Juwel f\u00fcr Naturliebhaber. Eine Tropfsteinh\u00f6hle, Aussichtspunkte in den Bergen und Wanderwegen entlang des Flusses Chillar erwarten euch.<\/p>\n\n\n\n<p><strong>Nerja \u2013 M\u00e1laga<\/strong><\/p>\n\n\n\n<p>Nach ungef\u00e4hr 45 Minuten mit dem Mietwagen erreicht ihr das letzte Ziel auf eurer andalusischen Rundreise. Nehmt euch zwei Tage Zeit, um die Reise geb\u00fchrend ausklingen zu lassen. Nachdem ihr die Sehensw\u00fcrdigkeiten M\u00e1lagas bewundert habt, k\u00f6nnt ihr es euch einfach am Meer gutgehen lassen, bevor euch der Flieger zur\u00fcck nach Deutschland bringt.<\/p>\n\n\n\n<figure class=\"wp-block-image alignnone\"><a href=\"https:\/\/www.sonnenklar.tv\/blog\/wp-content\/uploads\/2021\/09\/GettyImages-128088301_StrandMalaga.jpg\"><img loading=\"lazy\" decoding=\"async\" width=\"880\" height=\"450\" src=\"https:\/\/www.sonnenklar.tv\/blog\/wp-content\/uploads\/2021\/09\/GettyImages-128088301_StrandMalaga.jpg\" alt=\"Strand M\u00e1laga \" class=\"wp-image-18262\" srcset=\"https:\/\/www.sonnenklar.tv\/blog\/wp-content\/uploads\/2021\/09\/GettyImages-128088301_StrandMalaga.jpg 880w, https:\/\/www.sonnenklar.tv\/blog\/wp-content\/uploads\/2021\/09\/GettyImages-128088301_StrandMalaga-300x153.jpg 300w, https:\/\/www.sonnenklar.tv\/blog\/wp-content\/uploads\/2021\/09\/GettyImages-128088301_StrandMalaga-768x393.jpg 768w\" sizes=\"(max-width: 880px) 100vw, 880px\" \/><\/a><figcaption class=\"wp-element-caption\">Die Rundreise am Strand von M\u00e1laga ausklingen lassen<\/figcaption><\/figure>\n\n\n\n<h2 class=\"wp-block-heading\">Das sind die wichtigsten Sehensw\u00fcrdigkeiten und Highlights auf eurer Strecke<\/h2>\n\n\n\n<h3 class=\"wp-block-heading\">Sevilla: K\u00f6nigspalast<\/h3>\n\n\n\n<p>Die Alc\u00e1zar ist mit Abstand das beeindruckendste Bauwerk der andalusischen Hauptstadt. Die k\u00f6nigliche Festung ist eine atemberaubend prachtvolle Mischung aus zahlreichen Elementen verschiedener Epochen und Stile, darunter christlich, maurisch und gotisch. In jedem der inneren S\u00e4le gibt es unendlich viele Details zu entdecken. Auch in den malerischen G\u00e4rten treffen unterschiedliche Stilelemente aufeinander. Die Wege, die durch die gr\u00fcne Anlage f\u00fchren, sind f\u00fcr Naturliebhaber, Geschichtsfreunde sowie Fotografen und Selfie-J\u00e4ger ein wunderbarer Hintergrund.<\/p>\n\n\n\n<figure class=\"wp-block-image alignnone\"><a href=\"https:\/\/www.sonnenklar.tv\/blog\/wp-content\/uploads\/2021\/09\/GettyImages-523606674_Koenigspalast.jpg\"><img loading=\"lazy\" decoding=\"async\" width=\"880\" height=\"450\" src=\"https:\/\/www.sonnenklar.tv\/blog\/wp-content\/uploads\/2021\/09\/GettyImages-523606674_Koenigspalast.jpg\" alt=\"K\u00f6nigspalast\" class=\"wp-image-18264\" srcset=\"https:\/\/www.sonnenklar.tv\/blog\/wp-content\/uploads\/2021\/09\/GettyImages-523606674_Koenigspalast.jpg 880w, https:\/\/www.sonnenklar.tv\/blog\/wp-content\/uploads\/2021\/09\/GettyImages-523606674_Koenigspalast-300x153.jpg 300w, https:\/\/www.sonnenklar.tv\/blog\/wp-content\/uploads\/2021\/09\/GettyImages-523606674_Koenigspalast-768x393.jpg 768w\" sizes=\"(max-width: 880px) 100vw, 880px\" \/><\/a><figcaption class=\"wp-element-caption\">K\u00f6nigspalast<\/figcaption><\/figure>\n\n\n\n<h3 class=\"wp-block-heading\">Die Kathedrale von Sevilla<\/h3>\n\n\n\n<p>Gleich neben dem K\u00f6nigspalast erhebt sich Sevillas&nbsp; Santa Mar\u00eda de la Sede Kathedrale, eine der gr\u00f6\u00dften Kirchen der ganzen Welt. Seit 1987 ist das au\u00dfergew\u00f6hnliche Bauwerk mit seinen Kunstsch\u00e4tzen Teil des UNESCO Weltkulturerbes. Selbst wenn ihr keine gro\u00dfen Fans von Sakralbauten seid, dieses Denkmal muss man einfach erlebt haben. Neben ber\u00fchmten Gem\u00e4lden und imposanter Baukunst findet ihr hier das Grabmal von Christoph Columbus vor.<\/p>\n\n\n\n<figure class=\"wp-block-image alignnone\"><a href=\"https:\/\/www.sonnenklar.tv\/blog\/wp-content\/uploads\/2021\/09\/GettyImages-170640687_Sevilla_Kathedrale.jpg\"><img loading=\"lazy\" decoding=\"async\" width=\"880\" height=\"451\" src=\"https:\/\/www.sonnenklar.tv\/blog\/wp-content\/uploads\/2021\/09\/GettyImages-170640687_Sevilla_Kathedrale.jpg\" alt=\"Sevilla Kathedrale\" class=\"wp-image-18265\" srcset=\"https:\/\/www.sonnenklar.tv\/blog\/wp-content\/uploads\/2021\/09\/GettyImages-170640687_Sevilla_Kathedrale.jpg 880w, https:\/\/www.sonnenklar.tv\/blog\/wp-content\/uploads\/2021\/09\/GettyImages-170640687_Sevilla_Kathedrale-300x154.jpg 300w, https:\/\/www.sonnenklar.tv\/blog\/wp-content\/uploads\/2021\/09\/GettyImages-170640687_Sevilla_Kathedrale-768x394.jpg 768w\" sizes=\"(max-width: 880px) 100vw, 880px\" \/><\/a><figcaption class=\"wp-element-caption\">Kathedrale von Sevilla<\/figcaption><\/figure>\n\n\n\n<h3 class=\"wp-block-heading\">Sevilla: Plaza de Espa\u00f1a<\/h3>\n\n\n\n<p>In der andalusischen Hauptstadt gibt es mehr als einen pittoresken Platz und definitiv \u00e4ltere, dennoch ist der Plaza de Espa\u00f1a einer der beliebtesten und sehenswertesten. Am Ufer des Flusses Guadalquivir gelegen, soll der rund 50.000 Quadratmeter gro\u00dfe Platz mit seinen T\u00fcrmen und Kanal-Br\u00fccken ein Sinnbild Spaniens darstellen. 48 andalusische Azulejos (Keramikfliesen) wurden zu Ehren aller spanischen Provinzen in das Halbkreis-f\u00f6rmige Geb\u00e4ude eingebettet. Auf ihnen sind Wappen und geschichtliche Momente der einzelnen Provinzen dargestellt. \u00dcberhaupt begeistert der Platz mit viel verschwenderischer Pracht, an der ihr euch kaum sattsehen k\u00f6nnt.<\/p>\n\n\n\n<figure class=\"wp-block-image alignnone\"><a href=\"https:\/\/www.sonnenklar.tv\/blog\/wp-content\/uploads\/2021\/09\/GettyImages-90828543_PlazadeEspana.jpg\"><img loading=\"lazy\" decoding=\"async\" width=\"880\" height=\"451\" src=\"https:\/\/www.sonnenklar.tv\/blog\/wp-content\/uploads\/2021\/09\/GettyImages-90828543_PlazadeEspana.jpg\" alt=\"Plaza de Espa\u00f1a\" class=\"wp-image-18266\" srcset=\"https:\/\/www.sonnenklar.tv\/blog\/wp-content\/uploads\/2021\/09\/GettyImages-90828543_PlazadeEspana.jpg 880w, https:\/\/www.sonnenklar.tv\/blog\/wp-content\/uploads\/2021\/09\/GettyImages-90828543_PlazadeEspana-300x154.jpg 300w, https:\/\/www.sonnenklar.tv\/blog\/wp-content\/uploads\/2021\/09\/GettyImages-90828543_PlazadeEspana-768x394.jpg 768w\" sizes=\"(max-width: 880px) 100vw, 880px\" \/><\/a><figcaption class=\"wp-element-caption\">Plaza de Espa\u00f1a in Sevilla<\/figcaption><\/figure>\n\n\n\n<h3 class=\"wp-block-heading\">Die Kathedrale von Cad\u00edz<\/h3>\n\n\n\n<p>Im historischen Zentrum der Stadt und gleich neben dem Meer des Atlantiks thront das bedeutsamste Sakralbauwerk von Cad\u00edz. Die Kathedrale stammt aus dem 18. Jahrhundert und wurde erst nach rund 116 Jahren fertigstellt. So treffen auch hier verschiedene Baustile aufeinander, darunter Barock und Neoklassik. Das Innere ist auffallend hell und ger\u00e4umig. Vom Westturm aus genie\u00dft ihr einen fantastischen Ausblick auf Stadt und Meer.<\/p>\n\n\n\n<figure class=\"wp-block-image alignnone\"><a href=\"https:\/\/www.sonnenklar.tv\/blog\/wp-content\/uploads\/2021\/09\/GettyImages-880934084-Skyline-of-Cadiz.jpg\"><img loading=\"lazy\" decoding=\"async\" width=\"880\" height=\"450\" src=\"https:\/\/www.sonnenklar.tv\/blog\/wp-content\/uploads\/2021\/09\/GettyImages-880934084-Skyline-of-Cadiz.jpg\" alt=\"Skyline-of-Cadiz\" class=\"wp-image-18267\" srcset=\"https:\/\/www.sonnenklar.tv\/blog\/wp-content\/uploads\/2021\/09\/GettyImages-880934084-Skyline-of-Cadiz.jpg 880w, https:\/\/www.sonnenklar.tv\/blog\/wp-content\/uploads\/2021\/09\/GettyImages-880934084-Skyline-of-Cadiz-300x153.jpg 300w, https:\/\/www.sonnenklar.tv\/blog\/wp-content\/uploads\/2021\/09\/GettyImages-880934084-Skyline-of-Cadiz-768x393.jpg 768w\" sizes=\"(max-width: 880px) 100vw, 880px\" \/><\/a><figcaption class=\"wp-element-caption\">Skyline von Cad\u00edz mit der Kathedrale<\/figcaption><\/figure>\n\n\n\n<h3 class=\"wp-block-heading\">Cad\u00edz: Festungen<\/h3>\n\n\n\n<p>Die K\u00fcstenstadt nennt mehrere eindrucksvolle Festungen ihr Eigen. Die Altstadt wird von der sogenannten Baluarte umgeben, die Santa Catalina sch\u00fctzte den westlichen Teil von Cad\u00edz und die Castillo de San Sebasti\u00e1n f\u00fchrt direkt ins Meer hinein. Beim Spazieren bieten sich euch tolle Ausblicke und interessante historische Details.<\/p>\n\n\n\n<h3 class=\"wp-block-heading\">Cad\u00edz \u2013 Gibraltar: Playa de Bolonia<\/h3>\n\n\n\n<p>Ihr wollt ein paar Stunden Traumstrand genie\u00dfen? Fahrt auf dem Weg nach Gibraltar auf der H\u00e4lfte der Strecke (etwa beim Dorf San Jose del Valle) Richtung K\u00fcste, dann erreicht ihr das \u00d6rtchen Bolonia, wo ein langer wei\u00dfer Strand mit klarem Meerwasser wartet. Hier trefft ihr oftmals Surfer und andere Wasser-Windsportler an, denn daf\u00fcr herrschen an diesem Teil der K\u00fcste meistens hervorragende Bedingungen. Einen Verleih f\u00fcr Ausr\u00fcstung gibt es ebenfalls. An Land befindet sich au\u00dferdem ein Restaurant. So k\u00f6nnt ihr euch f\u00fcr die restliche Fahrt erholen und st\u00e4rken \u2013 oder ihr bleibt gleich eine Nacht lang. Im Ort selbst habt ihr noch die Gelegenheit, eine r\u00f6mische Ausgrabungsst\u00e4tte zu besichtigen.<\/p>\n\n\n\n<figure class=\"wp-block-image alignnone\"><a href=\"https:\/\/www.sonnenklar.tv\/blog\/wp-content\/uploads\/2021\/09\/GettyImages-1021593336_wildenStrandPlayadeBolonia.jpg\"><img loading=\"lazy\" decoding=\"async\" width=\"880\" height=\"451\" src=\"https:\/\/www.sonnenklar.tv\/blog\/wp-content\/uploads\/2021\/09\/GettyImages-1021593336_wildenStrandPlayadeBolonia.jpg\" alt=\"wilde Strand Playa de Bolonia\" class=\"wp-image-18268\" srcset=\"https:\/\/www.sonnenklar.tv\/blog\/wp-content\/uploads\/2021\/09\/GettyImages-1021593336_wildenStrandPlayadeBolonia.jpg 880w, https:\/\/www.sonnenklar.tv\/blog\/wp-content\/uploads\/2021\/09\/GettyImages-1021593336_wildenStrandPlayadeBolonia-300x154.jpg 300w, https:\/\/www.sonnenklar.tv\/blog\/wp-content\/uploads\/2021\/09\/GettyImages-1021593336_wildenStrandPlayadeBolonia-768x394.jpg 768w\" sizes=\"(max-width: 880px) 100vw, 880px\" \/><\/a><figcaption class=\"wp-element-caption\">Der wilde Strand Playa de Bolonia<\/figcaption><\/figure>\n\n\n\n<h3 class=\"wp-block-heading\">Der Felsen von Gibraltar<\/h3>\n\n\n\n<p>Die Hauptattraktion der britischen Enklave ist gar nicht zu \u00fcbersehen. Der monolithische Fels aus Kalkstein nimmt den gr\u00f6\u00dften Teil der Halbinsel ein. Er ist auch als Affenfelsen bekannt, denn hier tummeln sich viele dieser am\u00fcsanten Tierchen. Die kleinen Berberaffen sind Menschen schon lange gew\u00f6hnt. Auch wenn es schwerf\u00e4llt, solltet ihr sie aber nicht f\u00fcttern oder anfassen. Zum einen weil es verboten ist, zum anderen werden die \u00c4ffchen sehr schnell aufdringlich und vergreifen sich gerne mal an eurem Hab und Gut. Die Spitze des Felsen k\u00f6nnt ihr zu Fu\u00df oder mit der Seilbahn erklimmen und dann in aller Ruhe die gigantische Aussicht genie\u00dfen.<\/p>\n\n\n\n<h3 class=\"wp-block-heading\">Gibraltar: Einkaufsparadies<\/h3>\n\n\n\n<p>In den zahlreichen Gesch\u00e4ften Gibraltars entf\u00e4llt die Mehrwertsteuer. Schn\u00e4ppchenj\u00e4ger k\u00f6nnen sich hier also so richtig austoben. Von Schnitzereien \u00fcber Genusswaren bis hin zu Elektronik findet ihr Unmengen an Produkten vor. Allerdings ist nicht jeder einzelne Artikel billiger als im Rest von Andalusien, wo die Preise ohnehin eher g\u00fcnstig ausfallen.<\/p>\n\n\n\n<h3 class=\"wp-block-heading\">Ronda<\/h3>\n\n\n\n<p>Die Stadt an sich ist bereits eine Sehensw\u00fcrdigkeit, denn sie liegt direkt auf m\u00e4chtigen Felss\u00e4ulen. Besonders eindrucksvoll ist die Puente Nuevo, die Steinbr\u00fccke, welche die beiden Stadtteile Rondas \u00fcber eine tiefe Schlucht hinweg verbindet. Rund um die Stadt entdeckt ihr fantastische Kulissen und Aussichtspunkte. Die wilde Berglandschaft eignet sich vorz\u00fcglich f\u00fcr Wanderausfl\u00fcge. Im Inneren sind vor allem das Geschichtsmuseum Bandolero sowie der Palast Casa Don Basco einen ausgiebigen Besuch wert.<\/p>\n\n\n\n<figure class=\"wp-block-image alignnone\"><a href=\"https:\/\/www.sonnenklar.tv\/blog\/wp-content\/uploads\/2021\/09\/GettyImages-532173985_Altstadt_Ronda.jpg\"><img loading=\"lazy\" decoding=\"async\" width=\"880\" height=\"450\" src=\"https:\/\/www.sonnenklar.tv\/blog\/wp-content\/uploads\/2021\/09\/GettyImages-532173985_Altstadt_Ronda.jpg\" alt=\"Altstadt Ronda\" class=\"wp-image-18270\" srcset=\"https:\/\/www.sonnenklar.tv\/blog\/wp-content\/uploads\/2021\/09\/GettyImages-532173985_Altstadt_Ronda.jpg 880w, https:\/\/www.sonnenklar.tv\/blog\/wp-content\/uploads\/2021\/09\/GettyImages-532173985_Altstadt_Ronda-800x409.jpg 800w, https:\/\/www.sonnenklar.tv\/blog\/wp-content\/uploads\/2021\/09\/GettyImages-532173985_Altstadt_Ronda-18x9.jpg 18w, https:\/\/www.sonnenklar.tv\/blog\/wp-content\/uploads\/2021\/09\/GettyImages-532173985_Altstadt_Ronda-150x77.jpg 150w, https:\/\/www.sonnenklar.tv\/blog\/wp-content\/uploads\/2021\/09\/GettyImages-532173985_Altstadt_Ronda-450x230.jpg 450w, https:\/\/www.sonnenklar.tv\/blog\/wp-content\/uploads\/2021\/09\/GettyImages-532173985_Altstadt_Ronda-768x393.jpg 768w, https:\/\/www.sonnenklar.tv\/blog\/wp-content\/uploads\/2021\/09\/GettyImages-532173985_Altstadt_Ronda-300x153.jpg 300w\" sizes=\"(max-width: 880px) 100vw, 880px\" \/><\/a><figcaption class=\"wp-element-caption\">Altstadt von der Ronda<\/figcaption><\/figure>\n\n\n\n<h3 class=\"wp-block-heading\">Caminito del Rey<\/h3>\n\n\n\n<p>Wenn ihr schwindelfrei seid und von Wanderwegen in imposanten H\u00f6hen gar nicht genug kriegen k\u00f6nnt, lohnt sie wie schon erw\u00e4hnt ein Zwischenstopp in diesem Gebiet, wo euch \u2013 gut gesicherte \u2013 Wege \u00fcber Schluchten hinwegf\u00fchren.<\/p>\n\n\n\n<h3 class=\"wp-block-heading\">C\u00f3rdoba: Mezquita<\/h3>\n\n\n\n<p>C\u00f3rdobas gewaltige Moschee-Kathedrale ist nicht nur ein Highlight dieser Region, sondern in ganz Andalusiens. Sie ist ein spanisches Nationaldenkmal und seit 1984 UNESCO-Weltkulturerbe. Im achten Jahrhundert unter den Mauren als Moschee erbaut, wurde sie ihm elften Jahrhundert im Zuge der christlichen R\u00fcckeroberung zu einem katholischen Heiligtum. Ihr begebt euch also auf die Spuren von \u00fcber 1.000 Jahren Geschichte. Ihr sto\u00dft auf viele beeindruckende Details, doch der imposanteste Teil der Mezquita ist zweifellos die riesige Gebetshalle mit einem Geflecht aus Hunderten von S\u00e4ulen \u00fcber rot-wei\u00dfen Rundb\u00f6gen.<\/p>\n\n\n\n<figure class=\"wp-block-image\"><a href=\"https:\/\/www.sonnenklar.tv\/blog\/wp-content\/uploads\/2021\/09\/GettyImages-1161800234-Mezquita-von-Cordoba-in-Spanien.jpg\"><img loading=\"lazy\" decoding=\"async\" width=\"880\" height=\"451\" src=\"https:\/\/www.sonnenklar.tv\/blog\/wp-content\/uploads\/2021\/09\/GettyImages-1161800234-Mezquita-von-Cordoba-in-Spanien.jpg\" alt=\"Mezquita von C\u00f3rdoba\" class=\"wp-image-18271\" srcset=\"https:\/\/www.sonnenklar.tv\/blog\/wp-content\/uploads\/2021\/09\/GettyImages-1161800234-Mezquita-von-Cordoba-in-Spanien.jpg 880w, https:\/\/www.sonnenklar.tv\/blog\/wp-content\/uploads\/2021\/09\/GettyImages-1161800234-Mezquita-von-Cordoba-in-Spanien-300x154.jpg 300w, https:\/\/www.sonnenklar.tv\/blog\/wp-content\/uploads\/2021\/09\/GettyImages-1161800234-Mezquita-von-Cordoba-in-Spanien-768x394.jpg 768w\" sizes=\"(max-width: 880px) 100vw, 880px\" \/><\/a><\/figure>\n\n\n\n<p><\/p>\n\n\n\n<h3 class=\"wp-block-heading\">C\u00f3rdoba \u2013 Granada: Montefr\u00edo<\/h3>\n\n\n\n<p>Auf dem Weg nach Granada empfehlen wir euch einen kurzen Aufenthalt im Ort Montefr\u00edo, der ebenso malerisch wie geschichtlich interessant ist. Schon aus der Ferne bewundert ihr die kleine Burg, die am Rande eines Felsen thront. Sehr gut gefallen haben uns in Montefr\u00edo au\u00dferdem zwei Museen: Im Olivenmuseum erfahrt ihr alles \u00fcber die Geschichte, Anbau und Verarbeitung der typisch spanischen Fr\u00fcchte. Das Weihnachtsmuseum zeigt euch, wie das hohe Fest von 1890 bis 1960 zelebriert wurde.<\/p>\n\n\n\n<figure class=\"wp-block-image alignnone\"><a href=\"https:\/\/www.sonnenklar.tv\/blog\/wp-content\/uploads\/2021\/09\/GettyImages-1065179676_Montefrio.jpg\"><img loading=\"lazy\" decoding=\"async\" width=\"880\" height=\"451\" src=\"https:\/\/www.sonnenklar.tv\/blog\/wp-content\/uploads\/2021\/09\/GettyImages-1065179676_Montefrio.jpg\" alt=\"Montefr\u00edo\" class=\"wp-image-18272\" srcset=\"https:\/\/www.sonnenklar.tv\/blog\/wp-content\/uploads\/2021\/09\/GettyImages-1065179676_Montefrio.jpg 880w, https:\/\/www.sonnenklar.tv\/blog\/wp-content\/uploads\/2021\/09\/GettyImages-1065179676_Montefrio-300x154.jpg 300w, https:\/\/www.sonnenklar.tv\/blog\/wp-content\/uploads\/2021\/09\/GettyImages-1065179676_Montefrio-768x394.jpg 768w\" sizes=\"(max-width: 880px) 100vw, 880px\" \/><\/a><figcaption class=\"wp-element-caption\">Montefr\u00edo<\/figcaption><\/figure>\n\n\n\n<p>Inmitten der gr\u00fcnen H\u00fcgellandschaft, etwa f\u00fcnf Kilometer vom Stadtrand entfernt, sto\u00dft ihr auf das Gebiet Las Pe\u00f1as de los Gitanos, wo ihr einige H\u00f6hlen aus der Jungsteinzeit entdeckt.<\/p>\n\n\n\n<h3 class=\"wp-block-heading\">Granada: Alhambra<\/h3>\n\n\n\n<p>Es gibt viele Sehensw\u00fcrdigkeiten in Granada die wir euch w\u00e4rmsten empfehlen k\u00f6nnen, aber das Prunkst\u00fcck Andalusiens darf bei einem Besuch ganz einfach nicht fehlen. Die historische Anlage umfasst unglaublich viel Geschichte, Kultur und Sch\u00f6nheit. Seid ihr zum ersten Mal dort, lohnt sich eine F\u00fchrung, um all die Details und spannenden Hintergr\u00fcnde der Pal\u00e4ste und Verzierungen zu entdecken und zu verstehen. Allein in den herrlichen G\u00e4rten mit ihren Wasserspielen, Blumen und Brunnen k\u00f6nnten wir selbst Stunden verbringen.<\/p>\n\n\n\n<p><strong>Tipp<\/strong>: Unbedingt vorab Tickets online sichern. Nicht nur f\u00fcr den Eintritt, sondern auch f\u00fcr die Nasridenpal\u00e4ste, denn f\u00fcr die ben\u00f6tigt ihr ein eigenes Ticket. Auch gef\u00fchrte Touren auf Deutsch sind schnell ausgebucht, entscheidet also rechtzeitig im Voraus, ob ihr einen Guide m\u00f6chtet.<\/p>\n\n\n\n<h3 class=\"wp-block-heading\">Nationalpark Sierra Nevada<\/h3>\n\n\n\n<p>Serpentinenstra\u00dfen, die sich durch gr\u00fcne Berglandschaft schl\u00e4ngeln, vertr\u00e4umte D\u00f6rfer und nicht zuletzt Spaniens Skigebiet befinden sich in diesem Teil Andalusiens. Die Naturfreunde und Aktivurlauber unter euch werden die Wanderwege und Outdoor-Aktivit\u00e4ten lieben, die in dieser Region m\u00f6glich sind.<\/p>\n\n\n\n<figure class=\"wp-block-image alignnone\"><a href=\"https:\/\/www.sonnenklar.tv\/blog\/wp-content\/uploads\/2021\/09\/GettyImages-559287579_SierraNevada.jpg\"><img loading=\"lazy\" decoding=\"async\" width=\"880\" height=\"450\" src=\"https:\/\/www.sonnenklar.tv\/blog\/wp-content\/uploads\/2021\/09\/GettyImages-559287579_SierraNevada.jpg\" alt=\"Sierra Nevada\" class=\"wp-image-18274\" srcset=\"https:\/\/www.sonnenklar.tv\/blog\/wp-content\/uploads\/2021\/09\/GettyImages-559287579_SierraNevada.jpg 880w, https:\/\/www.sonnenklar.tv\/blog\/wp-content\/uploads\/2021\/09\/GettyImages-559287579_SierraNevada-300x153.jpg 300w, https:\/\/www.sonnenklar.tv\/blog\/wp-content\/uploads\/2021\/09\/GettyImages-559287579_SierraNevada-768x393.jpg 768w\" sizes=\"(max-width: 880px) 100vw, 880px\" \/><\/a><figcaption class=\"wp-element-caption\">Sierra Nevada<\/figcaption><\/figure>\n\n\n\n<h3 class=\"wp-block-heading\">M\u00e1laga: Alcazaba<\/h3>\n\n\n\n<p>M\u00e1lagas maurische Festung tr\u00e4gt den Spitznamen \u201eKleine Alhambra\u201c. Tats\u00e4chlich rufen Teile der Anlage die Sch\u00f6nheit der gro\u00dfen Schwester in Granada in Erinnerung. Die Palastg\u00e4rten sind vor allem im Fr\u00fchjahr ein Erlebnis f\u00fcr die Sinne, wenn die Jasmin- und Orangenb\u00e4ume in voller Bl\u00fcte stehen und die Luft mit bezaubernden D\u00fcften erf\u00fcllen. Die Innenh\u00f6fe werfen Licht- und Schattenspiele und das angenehme Pl\u00e4tschern der Wasserspiele umschmeichelt das Ohr.<\/p>\n\n\n\n<figure class=\"wp-block-image alignnone\"><a href=\"https:\/\/www.sonnenklar.tv\/blog\/wp-content\/uploads\/2021\/09\/GettyImages-472096255_Alcazaba.jpg\"><img loading=\"lazy\" decoding=\"async\" width=\"880\" height=\"450\" src=\"https:\/\/www.sonnenklar.tv\/blog\/wp-content\/uploads\/2021\/09\/GettyImages-472096255_Alcazaba.jpg\" alt=\"Alcazaba\" class=\"wp-image-18275\" srcset=\"https:\/\/www.sonnenklar.tv\/blog\/wp-content\/uploads\/2021\/09\/GettyImages-472096255_Alcazaba.jpg 880w, https:\/\/www.sonnenklar.tv\/blog\/wp-content\/uploads\/2021\/09\/GettyImages-472096255_Alcazaba-300x153.jpg 300w, https:\/\/www.sonnenklar.tv\/blog\/wp-content\/uploads\/2021\/09\/GettyImages-472096255_Alcazaba-768x393.jpg 768w\" sizes=\"(max-width: 880px) 100vw, 880px\" \/><\/a><figcaption class=\"wp-element-caption\">Alcazaba Festungsmauer<\/figcaption><\/figure>\n\n\n\n<h3 class=\"wp-block-heading\">Kathedrale von M\u00e1laga<\/h3>\n\n\n\n<p>Offiziell lautet der Name des imposanten Bauwerks Santa Inglesia Catedral Bas\u00edlica de la Encarnaci\u00f3n. Vor Ort h\u00f6rt ihr die Malaganer aber meistens von \u201cLa Manquita\u201c sprechen, was so viel hei\u00dft wie \u201edie Einarmige\u201c. Diese Bezeichnung hat sich M\u00e1lagas Kathedrale deshalb eingefangen, weil von den geplanten S\u00fcd- und Nordt\u00fcrmen nur letzterer fertigstellt wurde. Trotzdem gibt es heute viel zu bestaunen, sowohl entlang der Au\u00dfenfassade als auch im prachtvollen Inneren. Wie bei so vielen Sakralbauten Andalusiens sind hier bei den Bauarbeiten \u00fcber die Jahre hinweg ebenfalls verschiedene Baustile eingeflossen, darunter Renaissance, Barock sowie Neoklassizismus.<\/p>\n\n\n\n<h3 class=\"wp-block-heading\">Centre Pompidou<\/h3>\n\n\n\n<p>Sogar Kunst, die es sonst eigentlich nur in Paris gibt, k\u00f6nnt ihr in M\u00e1laga bewundern. Im Ableger des Centre Pompidou dort werden abwechselnd ber\u00fchmte Werke aus dem franz\u00f6sischen Original ausgestellt. Wenn ihr euch f\u00fcr Kunstgeschichte interessiert, erwarten euch im M\u00e1laga also ein paar echte Schmankerl. Dazu finden regelm\u00e4\u00dfig Workshops und Events im Geb\u00e4ude statt, das auch als \u201eEl cubo\u201c bekannt ist \u2013 der W\u00fcrfel. Ein solcher thront n\u00e4mlich auf dem Dach des Kulturzentrums.<\/p>\n\n\n\n<figure class=\"wp-block-image alignnone\"><a href=\"https:\/\/www.sonnenklar.tv\/blog\/wp-content\/uploads\/2021\/09\/CentrePompidouMalaga.jpg\"><img loading=\"lazy\" decoding=\"async\" width=\"880\" height=\"450\" src=\"https:\/\/www.sonnenklar.tv\/blog\/wp-content\/uploads\/2021\/09\/CentrePompidouMalaga.jpg\" alt=\"Centre Pompidou Malaga\" class=\"wp-image-18276\" srcset=\"https:\/\/www.sonnenklar.tv\/blog\/wp-content\/uploads\/2021\/09\/CentrePompidouMalaga.jpg 880w, https:\/\/www.sonnenklar.tv\/blog\/wp-content\/uploads\/2021\/09\/CentrePompidouMalaga-300x153.jpg 300w, https:\/\/www.sonnenklar.tv\/blog\/wp-content\/uploads\/2021\/09\/CentrePompidouMalaga-768x393.jpg 768w\" sizes=\"(max-width: 880px) 100vw, 880px\" \/><\/a><figcaption class=\"wp-element-caption\">Centre Pompidou Malaga &#8211; Kunst erleben<\/figcaption><\/figure>\n\n\n\n<h3 class=\"wp-block-heading\">M\u00e1laga: Botanischer Garten<\/h3>\n\n\n\n<p>Bevor ihr eure andalusische Rundreise an den Str\u00e4nden M\u00e1lagas ausklingen lasst, haben wir noch eine letzte Sehensw\u00fcrdigkeit f\u00fcr euch, die auf jeden Fall auf eurer Liste f\u00fcr diesen Urlaub stehen sollte. Der Jard\u00edn Bot\u00e1nico\u201c zeigt euch S\u00fcdspaniens Pflanzenwelt von ihrer sch\u00f6nsten Seite. Entlang der Wasserl\u00e4ufe kommt ihr an duftenden Obstb\u00e4umen, riesigen Kakteen und sogar Pflanzen aus der Urzeit vorbei. Auch zwei Wasserf\u00e4lle geh\u00f6ren zur Anlage und runden den Spaziergang in der Natur ab.<\/p>\n\n\n\n<p>Es gibt viele Gr\u00fcnde, Spaniens S\u00fcden zu erkunden. Nur wenige Orte dieser Welt bieten euch eine derart faszinierende Mischung diverser Kulturen, Naturerlebnissen und kulinarischer Gen\u00fcsse. Verbunden mit dem meist traumhaften Wetter und Badegelegenheiten wird euch eure Andalusien Rundreise noch lange nach eurer R\u00fcckkehr zum Tr\u00e4umen bringen.<\/p>\n\n\n\n<div class=\"wp-block-buttons is-content-justification-center is-layout-flex wp-container-core-buttons-is-layout-16018d1d wp-block-buttons-is-layout-flex\">\n<div class=\"wp-block-button\"><a class=\"wp-block-button__link wp-element-button\" href=\"https:\/\/www.sonnenklar.tv\/urlaub\/spanien\/andalusien.html\">Andalusien Urlaub &#8211; Angebote<\/a><\/div>\n<\/div>\n\n\n\n<p>&nbsp;<\/p>\n\n\n\n<p>&nbsp;<\/p>\n\n\n\n<p>&nbsp;<\/p>\n","protected":false},"excerpt":{"rendered":"<p>Andalusien, \u201edie Seele Spaniens\u201d. Dieser Bezeichnung stimmten vor allem Urlauber zu, denn immerhin sind so einige Dinge, die wir als \u201etypisch spanisch\u201c betrachten, eigentlich speziell in Andalusien zu hause, wie etwa der Flamenco-Tanz oder die ber\u00fchmte kalte Suppe Gazpacho. Die Geschichte der Region umfasst aber dar\u00fcber hinaus viele verschiedene Kulturen und Epochen, die ihre Spuren<\/p>\n","protected":false},"author":3,"featured_media":18052,"comment_status":"closed","ping_status":"open","sticky":false,"template":"","format":"standard","meta":{"footnotes":""},"categories":[698],"tags":[708,601,492,498],"class_list":{"0":"post-18230","1":"post","2":"type-post","3":"status-publish","4":"format-standard","5":"has-post-thumbnail","7":"category-ratgeber","8":"tag-andalusien","9":"tag-reiseplanung","10":"tag-rundreise","11":"tag-spanien"},"_links":{"self":[{"href":"https:\/\/www.sonnenklar.tv\/blog\/wp-json\/wp\/v2\/posts\/18230","targetHints":{"allow":["GET"]}}],"collection":[{"href":"https:\/\/www.sonnenklar.tv\/blog\/wp-json\/wp\/v2\/posts"}],"about":[{"href":"https:\/\/www.sonnenklar.tv\/blog\/wp-json\/wp\/v2\/types\/post"}],"author":[{"embeddable":true,"href":"https:\/\/www.sonnenklar.tv\/blog\/wp-json\/wp\/v2\/users\/3"}],"replies":[{"embeddable":true,"href":"https:\/\/www.sonnenklar.tv\/blog\/wp-json\/wp\/v2\/comments?post=18230"}],"version-history":[{"count":13,"href":"https:\/\/www.sonnenklar.tv\/blog\/wp-json\/wp\/v2\/posts\/18230\/revisions"}],"predecessor-version":[{"id":36906,"href":"https:\/\/www.sonnenklar.tv\/blog\/wp-json\/wp\/v2\/posts\/18230\/revisions\/36906"}],"wp:featuredmedia":[{"embeddable":true,"href":"https:\/\/www.sonnenklar.tv\/blog\/wp-json\/wp\/v2\/media\/18052"}],"wp:attachment":[{"href":"https:\/\/www.sonnenklar.tv\/blog\/wp-json\/wp\/v2\/media?parent=18230"}],"wp:term":[{"taxonomy":"category","embeddable":true,"href":"https:\/\/www.sonnenklar.tv\/blog\/wp-json\/wp\/v2\/categories?post=18230"},{"taxonomy":"post_tag","embeddable":true,"href":"https:\/\/www.sonnenklar.tv\/blog\/wp-json\/wp\/v2\/tags?post=18230"}],"curies":[{"name":"wp","href":"https:\/\/api.w.org\/{rel}","templated":true}]}}