{"id":18192,"date":"2021-09-06T12:27:15","date_gmt":"2021-09-06T11:27:15","guid":{"rendered":"https:\/\/www.sonnenklar.tv\/blog\/?p=18192"},"modified":"2026-03-23T14:43:35","modified_gmt":"2026-03-23T13:43:35","slug":"sehenswuerdigkeiten-porto","status":"publish","type":"post","link":"https:\/\/www.sonnenklar.tv\/blog\/reisetipps\/sehenswuerdigkeiten\/sehenswuerdigkeiten-porto\/","title":{"rendered":"Zauberhaftes Porto \u2013 die Sehensw\u00fcrdigkeiten"},"content":{"rendered":"\n<p><strong>Eine farbenfrohe Altstadt mit vielen schmucken Caf\u00e9s, hippen Bars und idyllischen Pl\u00e4tzchen am Fluss. H\u00f6rt sich gut an? Porto stand immer im Schatten von Lissabon und landete so bei wenigen Besuchern auf der Reiseliste. Das hat sich ge\u00e4ndert. Kommt mit auf eine Entdeckungsreise zu Portos Sehensw\u00fcrdigkeiten.<\/strong><\/p>\n\n\n\n<p>Im Norden Portugals, an der M\u00fcndung des Douro in den Atlantik liegt die zweitgr\u00f6\u00dfte Stadt des Landes. Die Stadt ist klein genug, um alles Sehenswerte zu Fu\u00df zu erkunden, aber andererseits auch gro\u00df genug, um ein buntes Nachtleben zu bieten. Wenn ihr nach euren Besichtigungstouren mal einen Tag Pause braucht, bietet Porto ein paar wundersch\u00f6ne Str\u00e4nde, an denen ihr entspannen und die Ruhe genie\u00dfen k\u00f6nnt.<\/p>\n\n\n\n<h2 class=\"wp-block-heading\">Sehenswerte Br\u00fccken, malerische Gassen und ganz viel Portwein \u2013 die Highlights von Porto<\/h2>\n\n\n\n<p>Eine historische Altstadt angef\u00fcllt mit sehenswerten Geb\u00e4uden, kulinarische Gen\u00fcsse in Weinkellereien und eine traumhaft sch\u00f6ne Landschaft &#8211; Porto hat wirklich sehr viel zu bieten. Wir stellen euch die wichtigsten Sehensw\u00fcrdigkeiten vor.<\/p>\n\n\n\n<p>Inhaltsverzeichnis<\/p>\n\n\n\n<ul class=\"wp-block-list\">\n<li><a href=\"#porto-bruecke-dom-luis\">Br\u00fccke Dom Lu\u00eds I &#8211; ein Meisterwerk der Ingenieurskunst<\/a><\/li>\n\n\n\n<li><a href=\"#porto-igreja-clerigos\">Igreja dos Clerigos &#8211; der perfekte Aussichtspunkt<\/a><\/li>\n\n\n\n<li><a href=\"#porto-kathedrale\">Kathedrale von Porto &#8211; die Kirchenburg<\/a><\/li>\n\n\n\n<li><a href=\"#porto-ribeira-altstadt\">Ribeira &#8211; malerische Altstadt am H\u00fcgel<\/a><\/li>\n\n\n\n<li><a href=\"#porto-boerse-palast\">Die B\u00f6rse &#8211; die Pracht des Geldes<\/a><\/li>\n\n\n\n<li><a href=\"#porto-museum-serralves\">Museum Serralves &#8211; die Kunst der Moderne<\/a><\/li>\n\n\n\n<li><a href=\"#porto-kapelle-almas\">Kapelle Almas &#8211; Kunst auf Flie\u00dfen<\/a><\/li>\n\n\n\n<li><a href=\"#porto-casa-da-musica\">Casa da M\u00fasica &#8211; ein gro\u00dfer Diamant<\/a><\/li>\n\n\n\n<li><a href=\"#porto-vila-nova-de-gaia\">Vila Nova da Gaia &#8211; die Portweinkellereien<\/a><\/li>\n\n\n\n<li><a href=\"#porto-foz-do-douro\">Foz do Douro &#8211; Portos Str\u00e4nde<\/a><\/li>\n\n\n\n<li><a href=\"#porto-douro-tal\">Douro-Tal &#8211; malerische Landschaft und Weinberge<\/a><\/li>\n\n\n\n<li><a href=\"#porto-guimaraes-ausflug\">Guimaraes &#8211; ein lohnender Taegsausflug<\/a><\/li>\n\n\n\n<li><a href=\"#porto-nightlife\">Das Nachtleben in Porto<\/a><\/li>\n<\/ul>\n\n\n\n<h3 class=\"wp-block-heading\"><a name=\"porto-bruecke-dom-luis\"><\/a>Br\u00fccke Dom Lu\u00eds I \u2013 st\u00e4hlernes Wahrzeichen der Stadt<\/h3>\n\n\n\n<p>Bei ihrer Er\u00f6ffnung war die Br\u00fccke die l\u00e4ngste ihrer Art auf der Welt. Sie verbindet das Altstadtviertel Ribeira mit der s\u00fcdlich des Douro gelegenen Gemeinde Vila Nova de Gaia. Urspr\u00fcnglich war Gustave Eiffel als zust\u00e4ndiger Ingenieur auserkoren, aber nach Unstimmigkeiten \u00fcber das Aussehen \u00fcbernahm sein Sch\u00fcler T\u00e9ophile Seyrig.<\/p>\n\n\n\n<p>Zwei Ebenen f\u00fchren \u00fcber den Fluss. Die obere Ebene ist f\u00fcr die Bahn, die untere Ebene f\u00fcr Autos und Fahrr\u00e4der. Die technische Meisterleistung beim Bau dieser Br\u00fccke ist die Tatsache, dass die untere Ebene komplett an der oberen angeh\u00e4ngt wurde.<\/p>\n\n\n\n<figure class=\"wp-block-image alignnone size-full wp-image-18199\"><img fetchpriority=\"high\" decoding=\"async\" width=\"880\" height=\"450\" src=\"https:\/\/www.sonnenklar.tv\/blog\/wp-content\/uploads\/2021\/08\/Porto_Ponte-Dom-Luis.jpg\" alt=\"Br\u00fccke Dom Lu\u00eds I Porto\" class=\"wp-image-18199\" srcset=\"https:\/\/www.sonnenklar.tv\/blog\/wp-content\/uploads\/2021\/08\/Porto_Ponte-Dom-Luis.jpg 880w, https:\/\/www.sonnenklar.tv\/blog\/wp-content\/uploads\/2021\/08\/Porto_Ponte-Dom-Luis-300x153.jpg 300w, https:\/\/www.sonnenklar.tv\/blog\/wp-content\/uploads\/2021\/08\/Porto_Ponte-Dom-Luis-768x393.jpg 768w\" sizes=\"(max-width: 880px) 100vw, 880px\" \/><figcaption class=\"wp-element-caption\">Herrlicher Blick auf die Br\u00fccke Dom Lu\u00eds I mit Aussicht auf die D\u00e4cher Porto&#8217;s<\/figcaption><\/figure>\n\n\n\n<p>Wenn ihr euch die Br\u00fccke vom Flussufer aus angeschaut habt, solltet ihr unbedingt noch zur oberen Ebene hochsteigen. Von dort habt ihr dann einen traumhaften Blick \u00fcber die ganze Stadt. Im Sommer bietet die Br\u00fccke noch einen besonderen Nervenkitzel. Wer sich traut, kann sich dann an einem Bungee-Seil befestigt in die Tiefe st\u00fcrzen.<\/p>\n\n\n\n<h3 class=\"wp-block-heading\"><a name=\"porto-igreja-clerigos\"><\/a>Kirche Cl\u00e9rigos mit historischem Aussichtspunkt<\/h3>\n\n\n\n<p>Ein weiteres Wahrzeichen findet ihr in der Altstadt, ganz in der N\u00e4he der Universit\u00e4t. Der 75 Meter hohe Glockenturm der Igreja dos Cl\u00e9rigos, also der Kirche der Geistlichen, \u00fcberragt die umliegenden Geb\u00e4ude bei Weitem. Ein bisschen Kondition und Schwindelfreiheit ist von N\u00f6ten, wenn ihr die 240 Stufen des Turms besteigen wollt. Daf\u00fcr werdet ihr mit einem 360\u00b0 Blick \u00fcber die Stadt belohnt.<\/p>\n\n\n\n<figure class=\"wp-block-image alignnone\"><a href=\"https:\/\/www.sonnenklar.tv\/blog\/wp-content\/uploads\/2021\/08\/GettyImages_1258137777_Cle\u0301rigos_Turm_Kirche_in_Porto.jpg\"><img decoding=\"async\" width=\"880\" height=\"520\" src=\"https:\/\/www.sonnenklar.tv\/blog\/wp-content\/uploads\/2021\/08\/GettyImages_1258137777_Cle\u0301rigos_Turm_Kirche_in_Porto.jpg\" alt=\"Cle\u0301rigos, Turm, Kirche, Porto\" class=\"wp-image-18203\" srcset=\"https:\/\/www.sonnenklar.tv\/blog\/wp-content\/uploads\/2021\/08\/GettyImages_1258137777_Cle\u0301rigos_Turm_Kirche_in_Porto.jpg 880w, https:\/\/www.sonnenklar.tv\/blog\/wp-content\/uploads\/2021\/08\/GettyImages_1258137777_Cle\u0301rigos_Turm_Kirche_in_Porto-300x177.jpg 300w, https:\/\/www.sonnenklar.tv\/blog\/wp-content\/uploads\/2021\/08\/GettyImages_1258137777_Cle\u0301rigos_Turm_Kirche_in_Porto-768x454.jpg 768w\" sizes=\"(max-width: 880px) 100vw, 880px\" \/><\/a><figcaption class=\"wp-element-caption\">Cle\u0301rigos Turm in Mitten von Porto<\/figcaption><\/figure>\n\n\n\n<p>Die Kirche und das dazugeh\u00f6rende Kloster wurden im 18. Jahrhundert f\u00fcr die Bruderschaft der Geistlichen gebaut, ein Orden, der sich um Alte, Kranke und Arme k\u00fcmmerte. Da verwundert es dann ein bisschen, dass das Innere der Kirche so prachtvoll und verschwenderisch gestaltet wurde. Leuchtendes Gold an Decken, S\u00e4ulen und W\u00e4nden und dazwischen kunstvolle Gem\u00e4lde werden euch in Staunen versetzen. Das ehemalige Kloster ist inzwischen ein Museum, in dem ihr Gem\u00e4lde, Skulpturen und M\u00f6bel aus sieben Jahrhunderten bewundert. Gleichzeitig erhaltet ihr einen Einblick in das Klosterleben.<\/p>\n\n\n\n<p><em>\u00d6ffnungszeiten Kirche und Museum<\/em>:<\/p>\n\n\n\n<p>t\u00e4glich von 09:30 Uhr bis 17:30 Uhr<\/p>\n\n\n\n<p><em>Eintritt Turm und Museum<\/em><\/p>\n\n\n\n<p>Erwachsene 6,00 Euro<\/p>\n\n\n\n<p>Kinder bis 10 Jahre frei<\/p>\n\n\n\n<h3 class=\"wp-block-heading\"><a name=\"porto-kathedrale\"><\/a>Kathedrale von Porto \u2013 Teil des UNESCO Weltkulturerbes<\/h3>\n\n\n\n<p>Von au\u00dfen schaut die Kathedrale, die auf einem H\u00fcgel \u00fcber der Altstadt thront, eher aus wie eine Burganlage. Aber die beiden T\u00fcrme und das prachtvolle Portal lassen dann doch erkennen, dass es sich hier um eine Kirche handelt. Sie ist sogar der Sitz des Bischofs von Porto.<\/p>\n\n\n\n<p>Der urspr\u00fcngliche Bau der Kirche stammt aus dem 12. Jahrhundert und ist ein wunderbares Zeugnis romanischen Baustils. Im Laufe der Zeit wurde die Kathedrale aber immer wieder umgestaltet und so sind auch barocke Elemente zu sehen. Vor allem von au\u00dfen und in der Festungsanlage erkennt man aber noch den romanischen Baustil.<\/p>\n\n\n\n<figure class=\"wp-block-image alignnone\"><a href=\"https:\/\/www.sonnenklar.tv\/blog\/wp-content\/uploads\/2021\/08\/GettyImages-520867024_Kathedrale_Porto.jpg\"><img decoding=\"async\" width=\"880\" height=\"500\" src=\"https:\/\/www.sonnenklar.tv\/blog\/wp-content\/uploads\/2021\/08\/GettyImages-520867024_Kathedrale_Porto.jpg\" alt=\"Kathedrale, Porto, UNESCO Weltkulturerbes\" class=\"wp-image-18205\" srcset=\"https:\/\/www.sonnenklar.tv\/blog\/wp-content\/uploads\/2021\/08\/GettyImages-520867024_Kathedrale_Porto.jpg 880w, https:\/\/www.sonnenklar.tv\/blog\/wp-content\/uploads\/2021\/08\/GettyImages-520867024_Kathedrale_Porto-300x170.jpg 300w, https:\/\/www.sonnenklar.tv\/blog\/wp-content\/uploads\/2021\/08\/GettyImages-520867024_Kathedrale_Porto-768x436.jpg 768w\" sizes=\"(max-width: 880px) 100vw, 880px\" \/><\/a><figcaption class=\"wp-element-caption\">Der gotische Kreuzgang wurde im 14. Jahrhundert errichtet<\/figcaption><\/figure>\n\n\n\n<p>Im Inneren der Kirche erwartet euch dann barocke Pracht in Form von Gem\u00e4lden und Skulpturen. Aber auch antike Schriften und Schmuck sind hier zu sehen. In der Seitenkapelle des Heiligen Vincente befindet sich eine Skulpturensammlung, von der einige Exemplare aus dem 14. Jahrhundert stammen. Das absolute Highlight ist aber die Mauer der Sakramentskapelle im angeschlossenen gotischen Kloster. An den Verzierungen dieser Mauer wurde \u00fcber 100 Jahre lang gearbeitet.<\/p>\n\n\n\n<p><em>\u00d6ffnungszeiten Kathedrale<\/em>:<\/p>\n\n\n\n<p>April bis Oktober von 09:00 Uhr bis 18:30 Uhr<\/p>\n\n\n\n<p>November bis M\u00e4rz von 09:00 Uhr bis 17:30 Uhr<\/p>\n\n\n\n<p><em>Eintritt frei<\/em><\/p>\n\n\n\n<h3 class=\"wp-block-heading\"><a name=\"porto-ribeira-altstadt\"><\/a>Ribeira \u2013 die malerische Altstadt am H\u00fcgel<\/h3>\n\n\n\n<p>Vom Flussufer aus gesehen, entsteht der Eindruck, dass dieses Viertel sich \u00fcber mehrere Terrassen am H\u00fcgel nach oben zieht. Was heute so schmuck ausschaut, war fr\u00fcher das Viertel der Fischer und einfachen Leute. Vor der umfangreichen Sanierung gab es viele Leute, die es als grau und trist bezeichneten. Vor allem, wenn mal wieder der Nebel an den H\u00e4ngen klebte.<\/p>\n\n\n\n<figure class=\"wp-block-image alignnone\"><a href=\"https:\/\/www.sonnenklar.tv\/blog\/wp-content\/uploads\/2021\/08\/GettyImages-671823690_Ribeira_Porto.jpg\"><img loading=\"lazy\" decoding=\"async\" width=\"880\" height=\"520\" src=\"https:\/\/www.sonnenklar.tv\/blog\/wp-content\/uploads\/2021\/08\/GettyImages-671823690_Ribeira_Porto.jpg\" alt=\"Altstadt, Ribeira, Porto\" class=\"wp-image-18207\" srcset=\"https:\/\/www.sonnenklar.tv\/blog\/wp-content\/uploads\/2021\/08\/GettyImages-671823690_Ribeira_Porto.jpg 880w, https:\/\/www.sonnenklar.tv\/blog\/wp-content\/uploads\/2021\/08\/GettyImages-671823690_Ribeira_Porto-300x177.jpg 300w, https:\/\/www.sonnenklar.tv\/blog\/wp-content\/uploads\/2021\/08\/GettyImages-671823690_Ribeira_Porto-768x454.jpg 768w\" sizes=\"(max-width: 880px) 100vw, 880px\" \/><\/a><figcaption class=\"wp-element-caption\">Malerischer Blick auf das belebte Viertel Ribeira<\/figcaption><\/figure>\n\n\n\n<p>Heute schlendert ihr durch malerische Gassen und die H\u00e4user strahlen in bunten Farben. Bei eurem Bummel m\u00fcsst ihr steile Gassen und einige Treppen erklimmen, es kann also ein bisschen anstrengend werden.<\/p>\n\n\n\n<p>Der h\u00f6chste Punkt der Altstadt, die auf der Liste des UNESCO-Weltkulturerbes steht, ist die Kathedrale. Von dort habt ihr dann einen sch\u00f6nen Blick nach unten zum Fluss, auf dem die barcos rabelos im Wasser schaukeln. Dort am Douro liegt auch der zentrale Platz der Altstadt, der Pra\u00e7a da Ribeira. Das ist quasi das Wohnzimmer der Stadt. Hier wird musiziert, getanzt und in den Stra\u00dfencaf\u00e9s sitzen die Leute, die sich das anschauen.<\/p>\n\n\n\n<p>Das Viertel ist tags\u00fcber schon sehr reizvoll, aber abends, wenn sich die Einheimischen zu den Touristen gesellen, wird es fast magisch mit seinen bunten Lichtern und der \u00fcberbordenden Lebensfreude.<\/p>\n\n\n\n<h3 class=\"wp-block-heading\"><a name=\"porto-boerse-palast\"><\/a>Pal\u00e1cio da Bolsa \u2013 die Pracht der B\u00f6rse<\/h3>\n\n\n\n<p>Dass Porto fr\u00fcher ein sehr bedeutender Handelsplatz war, zeigt sich auch an der fr\u00fcheren B\u00f6rse, die von au\u00dfen eher an ein Rathaus oder gar ein Schloss erinnert. Die Fassade und Gr\u00f6\u00dfe des Geb\u00e4udes im neoklassizistischen Stil l\u00e4sst erahnen, wie wichtig Porto einst als Handelsmetropole war.<\/p>\n\n\n\n<figure class=\"wp-block-image alignnone\"><a href=\"https:\/\/www.sonnenklar.tv\/blog\/wp-content\/uploads\/2021\/08\/Palacio-da-Bolsa_522534_master.jpg\"><img loading=\"lazy\" decoding=\"async\" width=\"880\" height=\"520\" src=\"https:\/\/www.sonnenklar.tv\/blog\/wp-content\/uploads\/2021\/08\/Palacio-da-Bolsa_522534_master.jpg\" alt=\"pal\u00e1cio da bolsa, Handelsplatz, Porto\" class=\"wp-image-18209\" srcset=\"https:\/\/www.sonnenklar.tv\/blog\/wp-content\/uploads\/2021\/08\/Palacio-da-Bolsa_522534_master.jpg 880w, https:\/\/www.sonnenklar.tv\/blog\/wp-content\/uploads\/2021\/08\/Palacio-da-Bolsa_522534_master-300x177.jpg 300w, https:\/\/www.sonnenklar.tv\/blog\/wp-content\/uploads\/2021\/08\/Palacio-da-Bolsa_522534_master-768x454.jpg 768w\" sizes=\"(max-width: 880px) 100vw, 880px\" \/><\/a><figcaption class=\"wp-element-caption\">Der B\u00f6rsenpalast z\u00e4hlt zu den herausragenden historischen Bauwerken in der Stadt<\/figcaption><\/figure>\n\n\n\n<p>Errichtet wurde das Geb\u00e4ude auf den Ruinen eines Klosters, von dem nach einem Brand nur die Kirche S. Francisco \u00fcbrig geblieben ist. Warum es 70 Jahre dauerte bis zur Fertigstellung seht ihr im Inneren. Reich verzierte, prachtvolle R\u00e4ume lassen euch staunen.<\/p>\n\n\n\n<p>Die beiden pr\u00e4chtigsten R\u00e4ume sind die Halle der Nationen mit ihrer reich verzierten Balustrade und der \u201eArabische Saal\u201c, ein Raum mit S\u00e4ulen und vielen kunstvollen Intarsien, die an einen maurischen Palast erinnern.<\/p>\n\n\n\n<p><em>\u00d6ffnungszeiten Pal\u00e1cio da Bolsa<\/em>:<\/p>\n\n\n\n<p>t\u00e4glich von 09:30 Uhr bis 13:00 Uhr und von 14:00 Uhr bis 17:30 Uhr<\/p>\n\n\n\n<p><em>Eintritt<\/em>:<\/p>\n\n\n\n<p>Erwachsene 10,00 Euro<\/p>\n\n\n\n<p>Studenten\/Senioren 6,50 Euro<\/p>\n\n\n\n<p>Kinder unter 12 Jahre frei<\/p>\n\n\n\n<h3 class=\"wp-block-heading\"><a name=\"porto-museum-serralves\"><\/a>Museum Serralves \u2013 zeitgen\u00f6ssische Kunst in einzigartiger Umgebung<\/h3>\n\n\n\n<p>Das Museum ist das bedeutendste seiner Art in Portugal und geht in der Pr\u00e4sentation seiner Sammlung neue Wege. So werden auch die Kunstwerke der permanenten Sammlung immer nur in thematisch ausgerichteten Sonderschauen ausgestellt, wo eigene Werke mit Leihgaben zu einem Ganzen kombiniert werden. Die Werke, die unter anderem von Baselitz und Immendorff stammen, werden aber nicht einfach an eine&nbsp; Wand geh\u00e4ngt. Jede Ausstellung wird kombiniert mit Elementen aus Musik, Film, Tanz, Performance und Architektur. So entsteht ein v\u00f6llig neues, ganzheitliches Kunstkonzept, das man immer wieder anschauen kann.<\/p>\n\n\n\n<figure class=\"wp-block-image alignnone\"><a href=\"https:\/\/www.sonnenklar.tv\/blog\/wp-content\/uploads\/2021\/08\/GettyImages-172856464_Museum_Serralves_Porto-e1629379454753.jpg\"><img loading=\"lazy\" decoding=\"async\" width=\"880\" height=\"525\" src=\"https:\/\/www.sonnenklar.tv\/blog\/wp-content\/uploads\/2021\/08\/GettyImages-172856464_Museum_Serralves_Porto-e1629379454753.jpg\" alt=\"Museum, Serralves, Porto\" class=\"wp-image-18212\" srcset=\"https:\/\/www.sonnenklar.tv\/blog\/wp-content\/uploads\/2021\/08\/GettyImages-172856464_Museum_Serralves_Porto-e1629379454753.jpg 880w, https:\/\/www.sonnenklar.tv\/blog\/wp-content\/uploads\/2021\/08\/GettyImages-172856464_Museum_Serralves_Porto-e1629379454753-300x179.jpg 300w, https:\/\/www.sonnenklar.tv\/blog\/wp-content\/uploads\/2021\/08\/GettyImages-172856464_Museum_Serralves_Porto-e1629379454753-768x458.jpg 768w\" sizes=\"(max-width: 880px) 100vw, 880px\" \/><\/a><figcaption class=\"wp-element-caption\">Das Museum Serralves und der herrlich angelegte Park<\/figcaption><\/figure>\n\n\n\n<p>Das Geb\u00e4ude, das erst 1999 er\u00f6ffnet wurde, ist an sich schon eine Sehensw\u00fcrdigkeit, da eine Bedingung bei der Ausschreibung war, dass es sich in den Park de Serralves harmonisch einf\u00fcgen muss. Die Grenzen zwischen Museum und Park sind etwas verwischt und man kann auch die Natur als Ausstellungs- und Projektionsfl\u00e4che nutzen. So werden auch Menschen, die sich nicht so f\u00fcr Kunst interessieren, an das Thema herangef\u00fchrt. Ein weiteres Highlight des Parks ist der Baumwipfel Pfad, der euch zeigt, dass auch die Natur durchaus Kunstvolles zu schaffen wei\u00df.<\/p>\n\n\n\n<p><em>\u00d6ffnungszeiten Museum Serralves<\/em>:<\/p>\n\n\n\n<p>t\u00e4glich von 10:00 Uhr bis 19:00 Uhr<\/p>\n\n\n\n<p><em>Eintritt<\/em>:<\/p>\n\n\n\n<p>Erwachsene 20,00 Euro<\/p>\n\n\n\n<p>Jugendliche und Senioren 65+ 10,00 Euro<\/p>\n\n\n\n<p>Kinder unter 12 Jahre frei.<\/p>\n\n\n\n<p><strong>Hinweis<\/strong>:\u00a0 An den Wochenenden k\u00f6nnt ihr im Restaurant des Museums auch in einmaliger Atmosph\u00e4re brunchen.<\/p>\n\n\n\n<h3 class=\"wp-block-heading\"><a name=\"porto-kapelle-almas\"><\/a>Kapelle Almas \u2013 die gekachelte Kapelle<\/h3>\n\n\n\n<p>Portugal ist bekannt f\u00fcr seine blau-wei\u00dfen Kacheln, die so manches historisches Haus zieren. Gerade in Porto findet ihr einige H\u00e4user mit solch kunstvollen Verzierungen. W\u00e4hrend sich diese Verzierung an den meisten H\u00e4usern auf ein paar kleine Teile beschr\u00e4nkt \u2013 ist auch eine Frage des Geldes, wie viel Kacheln man ans Haus kleben kann, findet ihr in der N\u00e4he des Marktes Bolh\u00e3o eine kleine Kapelle, die quasi komplett mit Kacheln verziert wurde.<\/p>\n\n\n\n<p>Die Fassaden der Capela das Almas sind mit 15.497 Fliesen verziert. Wenn ihr bedenkt, dass jede der Kacheln handbemalt wurde, wird euch schnell klar, was das f\u00fcr eine langwierige Prozedur war, diese herzustellen. Gezeigt werden auf den Kacheln Szenen aus dem Leben des Franz von Assissi und der Jungfrau Katharina.<\/p>\n\n\n\n<figure class=\"wp-block-image alignnone\"><a href=\"https:\/\/www.sonnenklar.tv\/blog\/wp-content\/uploads\/2021\/08\/GettyImages-525883714_Kapelle_Almas_Porto.jpg\"><img loading=\"lazy\" decoding=\"async\" width=\"880\" height=\"587\" src=\"https:\/\/www.sonnenklar.tv\/blog\/wp-content\/uploads\/2021\/08\/GettyImages-525883714_Kapelle_Almas_Porto.jpg\" alt=\"Kapelle, Almas, Porto.\" class=\"wp-image-18215\" srcset=\"https:\/\/www.sonnenklar.tv\/blog\/wp-content\/uploads\/2021\/08\/GettyImages-525883714_Kapelle_Almas_Porto.jpg 880w, https:\/\/www.sonnenklar.tv\/blog\/wp-content\/uploads\/2021\/08\/GettyImages-525883714_Kapelle_Almas_Porto-300x200.jpg 300w, https:\/\/www.sonnenklar.tv\/blog\/wp-content\/uploads\/2021\/08\/GettyImages-525883714_Kapelle_Almas_Porto-768x512.jpg 768w\" sizes=\"(max-width: 880px) 100vw, 880px\" \/><\/a><figcaption class=\"wp-element-caption\">Ein Meisterwerk aus 15.947 Wandfliesen<\/figcaption><\/figure>\n\n\n\n<p>Wenn ihr schon mal vor der Kapelle steht, nehmt euch auch die Zeit das Innere zu besichtigen. Zum einen, weil es ein sehr ruhiger und meditativer Ort ist, und zum anderen weil der gl\u00e4serne Altar auch sehr sehenswert ist.<\/p>\n\n\n\n<p><em>\u00d6ffnungszeiten Kapelle<\/em>:<\/p>\n\n\n\n<p>Montag bis Freitag von 09:30 Uhr bis 16:00 Uhr<\/p>\n\n\n\n<p><em>Eintritt frei<\/em><\/p>\n\n\n\n<h3 class=\"wp-block-heading\"><a name=\"porto-casa-da-musica\"><\/a>Casa da M\u00fasica \u2013 das moderne Konzerthaus der Stadt<\/h3>\n\n\n\n<p>Das Konzerthaus sollte eigentlich schon 2001 fertig werden, rechtzeitig zu dem Jahr, in dem Porto europ\u00e4ische Kulturhauptstadt war. Wie das nun mal so ist bei gro\u00dfen Bauprojekten, kam die Er\u00f6ffnung erst im Jahr 2005. Der renommierte Architekt Rem Koolhaas zeichnete zusammen mit Ellen Van Loon f\u00fcr die Pl\u00e4ne verantwortlich. Das \u00c4u\u00dfere des Geb\u00e4udes soll ein geschliffener Kristall sein.<\/p>\n\n\n\n<figure class=\"wp-block-image alignnone\"><a href=\"https:\/\/www.sonnenklar.tv\/blog\/wp-content\/uploads\/2021\/08\/178082081_Casa-da-Musica.jpg\"><img loading=\"lazy\" decoding=\"async\" width=\"530\" height=\"271\" src=\"https:\/\/www.sonnenklar.tv\/blog\/wp-content\/uploads\/2021\/08\/178082081_Casa-da-Musica.jpg\" alt=\"Casa de Musica in Porto\" class=\"wp-image-18219\" srcset=\"https:\/\/www.sonnenklar.tv\/blog\/wp-content\/uploads\/2021\/08\/178082081_Casa-da-Musica.jpg 530w, https:\/\/www.sonnenklar.tv\/blog\/wp-content\/uploads\/2021\/08\/178082081_Casa-da-Musica-300x153.jpg 300w\" sizes=\"(max-width: 530px) 100vw, 530px\" \/><\/a><figcaption class=\"wp-element-caption\">Casa de Musica in Porto, Portugal<\/figcaption><\/figure>\n\n\n\n<p>In seinem Inneren befinden sich ein Konzertsaal f\u00fcr 1300 Personen, ein Auditorium f\u00fcr 350 G\u00e4ste und mehrere Foyers, Aufnahmer\u00e4ume, ein Raum f\u00fcr experimentelle Musik und diverse gastronomische Betriebe. Jeder der R\u00e4ume ist anders ausgestattet. So ist die Holzvert\u00e4felung im Konzertsaal mit Blattgold verziert und die Stirnseite mit einer wellenf\u00f6rmigen Glasfront gestaltet, deren Form sich positiv auf die Akustik auswirkt.<\/p>\n\n\n\n<p>Die Konstruktion des Geb\u00e4udes wirkt sich in allen R\u00e4umen auf den Schall aus, sodass man f\u00fcr jede musikalische Stilrichtung den perfekten Raum hat. Das spiegelt sich dann auch auf dem Programm des Hauses wider. Neben klassischer Musik , wird hier auch Jazz, Electro und sogar Fado aufgef\u00fchrt. Schaut euch also den Veranstaltungskalender des Hauses an, bevor ihr eure Portoreise plant.<\/p>\n\n\n\n<h3 class=\"wp-block-heading\"><a name=\"porto-vila-nova-de-gaia\"><\/a>Vila Nova de Gaia \u2013 das Viertel der Weinkeller<\/h3>\n\n\n\n<p>Von Portos Altstadt aus bringt euch eine spektakul\u00e4re Fahrt \u00fcber den Douro in das Viertel Vila Nova de Gaia. Die Kabine der Seilbahn bietet euch w\u00e4hrend der Fahrt atemberaubende Ausblicke \u00fcber die Stadt. Die Fahrt endet am Jardim de Morro und von dort ist es nicht mehr weit zu den Weinkellereien. Am Flussufer seht ihr noch einige der alten bracos rabelos, mit denen fr\u00fcher der Wein aus dem Dourotal hierher gebracht wurde.<\/p>\n\n\n\n<figure class=\"wp-block-image alignnone\"><a href=\"https:\/\/www.sonnenklar.tv\/blog\/wp-content\/uploads\/2025\/03\/Vila-Nova-de-Gaia_Porto.jpg\"><img loading=\"lazy\" decoding=\"async\" width=\"800\" height=\"410\" src=\"https:\/\/www.sonnenklar.tv\/blog\/wp-content\/uploads\/2025\/03\/Vila-Nova-de-Gaia_Porto-800x410.jpg\" alt=\"Porto Sehensw\u00fcrdigkeiten: Vila Nova de Gaia\" class=\"wp-image-34903\" srcset=\"https:\/\/www.sonnenklar.tv\/blog\/wp-content\/uploads\/2025\/03\/Vila-Nova-de-Gaia_Porto-800x410.jpg 800w, https:\/\/www.sonnenklar.tv\/blog\/wp-content\/uploads\/2025\/03\/Vila-Nova-de-Gaia_Porto-18x9.jpg 18w, https:\/\/www.sonnenklar.tv\/blog\/wp-content\/uploads\/2025\/03\/Vila-Nova-de-Gaia_Porto-120x62.jpg 120w, https:\/\/www.sonnenklar.tv\/blog\/wp-content\/uploads\/2025\/03\/Vila-Nova-de-Gaia_Porto-90x46.jpg 90w, https:\/\/www.sonnenklar.tv\/blog\/wp-content\/uploads\/2025\/03\/Vila-Nova-de-Gaia_Porto-320x164.jpg 320w, https:\/\/www.sonnenklar.tv\/blog\/wp-content\/uploads\/2025\/03\/Vila-Nova-de-Gaia_Porto-560x287.jpg 560w, https:\/\/www.sonnenklar.tv\/blog\/wp-content\/uploads\/2025\/03\/Vila-Nova-de-Gaia_Porto.jpg 880w\" sizes=\"(max-width: 800px) 100vw, 800px\" \/><\/a><figcaption class=\"wp-element-caption\">Von der Gondel habt ihr einen grandiosen Ausblick auf die Vila Nova de Gaia<\/figcaption><\/figure>\n\n\n\n<p>Bei einem Bummel durch diesen Stadtteil stolpert ihr automatisch \u00fcber Weinkellereien, die euch den Wein verkosten lassen, der die Stadt so ber\u00fchmt gemacht hat. Das Besondere am Portwein ist, dass diesem w\u00e4hrend der G\u00e4rung Weinbrand zugesetzt wird. So entsteht ein Wein, der sehr viel Restzucker und einen hohen Alkoholgehalt vorweist. Dadurch ist Portwein lange haltbar und gut zu transportieren.<\/p>\n\n\n\n<p>Bevor ihr aber die Weinkellereien besucht, solltet ihr noch das Kloster Serra do Pilar anschauen. Das liegt auf einem H\u00fcgel oberhalb des Douro und war zeitweise auch eine Festung zur Verteidigung der Stadt. Nachdem ihr die 100 Stufen zur Kuppel der Kirche hoch gestiegen seid, werdet ihr mit dem sch\u00f6nsten Blick auf Porto belohnt.<\/p>\n\n\n\n<p><em>\u00d6ffnungszeiten Kloster<\/em>:<\/p>\n\n\n\n<p>April \u2013 Juni und September bis Februar Dienstag bis Sonntag von 09:30 Uhr bis 17:30 Uhr<\/p>\n\n\n\n<p>M\u00e4rz Dienstag bis Sonntag von 09:30 Uhr bis 18:30 Uhr<\/p>\n\n\n\n<p>Juli und August Dienstag bis Sonntag von 09:30 Uhr bis 19:00 Uhr<\/p>\n\n\n\n<p><em>Eintritt Kuppel<\/em>:<\/p>\n\n\n\n<p>Erwachsene 1,00 Euro<\/p>\n\n\n\n<h3 class=\"wp-block-heading\"><a name=\"porto-foz-do-douro\"><\/a>Foz do Douro \u2013 das romantische St\u00e4dtchen an der Dourom\u00fcndung<\/h3>\n\n\n\n<p>Fr\u00fcher war Foz ein Stadtteil von Porto, aber seit 2013 ist es mit drei anderen kleinen St\u00e4dtchen eine eigenst\u00e4ndige Gemeinde. Schon die Fahrt mit der historischen Tram Linie 1 von Porto nach Foz ist ein Erlebnis. Am Ende der Fahrt findet ihr euch in einer Kleinstadt wieder, in der es einsame Buchten am Meer gibt und eine Vielzahl an netten Caf\u00e9s und Fischrestaurants. Da sich nur selten Touristen in dieses St\u00e4dtchen verirren, kann es euch gut passieren, dass man mal kein Englisch spricht.<\/p>\n\n\n\n<figure class=\"wp-block-image alignnone\"><a href=\"https:\/\/www.sonnenklar.tv\/blog\/wp-content\/uploads\/2021\/08\/FarolimdaFelhueiras.jpg\"><img loading=\"lazy\" decoding=\"async\" width=\"1333\" height=\"682\" src=\"https:\/\/www.sonnenklar.tv\/blog\/wp-content\/uploads\/2021\/08\/FarolimdaFelhueiras.jpg\" alt=\"Foz, Porto\" class=\"wp-image-18222\" srcset=\"https:\/\/www.sonnenklar.tv\/blog\/wp-content\/uploads\/2021\/08\/FarolimdaFelhueiras.jpg 1333w, https:\/\/www.sonnenklar.tv\/blog\/wp-content\/uploads\/2021\/08\/FarolimdaFelhueiras-300x153.jpg 300w, https:\/\/www.sonnenklar.tv\/blog\/wp-content\/uploads\/2021\/08\/FarolimdaFelhueiras-1024x524.jpg 1024w, https:\/\/www.sonnenklar.tv\/blog\/wp-content\/uploads\/2021\/08\/FarolimdaFelhueiras-768x393.jpg 768w\" sizes=\"(max-width: 1333px) 100vw, 1333px\" \/><\/a><figcaption class=\"wp-element-caption\">Leuchtturm Felgueiras in Foz do Douro<\/figcaption><\/figure>\n\n\n\n<p>Endstation der Tram ist der Jardim do Passeio Alegre, ein netter kleiner Park f\u00fcr eine Rast. Von dort ist es nur ein kurzer Spaziergang zum Castelo de S\u00e3o Joao do Foz. In dieser Festungsanlage ist zwar eine Abteilung des Verteidigungsministeriums untergebracht, aber von den Festungsmauern, die ihr besuchen k\u00f6nnt, habt ihr einen tollen Ausblick \u00fcber die Flussm\u00fcndung und das Meer.<\/p>\n\n\n\n<p>Danach geht es dann zu einem Spaziergang am Meer und dort zu dem wundersch\u00f6nen Leuchtturm Farolim da Felhueiras, der an der Einfahrt in den Fluss steht. Foz eignet sich sehr gut f\u00fcr einen halb- oder ganzt\u00e4gigen Ausflug ab Porto.<\/p>\n\n\n\n<h3 class=\"wp-block-heading\"><a name=\"porto-douro-tal\"><\/a>Douro-Tal \u2013 schmucke D\u00f6rfer und Weinberge im UNESCO Weltkulturerbe<\/h3>\n\n\n\n<p>Diesen Tagesausflug solltet ihr bei einem Porto Besuch auf jeden Fall einplanen. Der Fluss m\u00e4andert von der spanischen Grenze bis zum Atlantik und an seinen Ufern liegt eine der sch\u00f6nsten Landschaften Portugals. Steile Bergh\u00e4nge mit idyllischen D\u00f6rfern, dichten W\u00e4ldern und vielen Weinbergen wechseln sich hier ab.<\/p>\n\n\n\n<figure class=\"wp-block-image alignnone\"><a href=\"https:\/\/www.sonnenklar.tv\/blog\/wp-content\/uploads\/2021\/08\/517197377_Douro-Tal.jpg\"><img loading=\"lazy\" decoding=\"async\" width=\"880\" height=\"451\" src=\"https:\/\/www.sonnenklar.tv\/blog\/wp-content\/uploads\/2021\/08\/517197377_Douro-Tal.jpg\" alt=\"Douro-Tal\" class=\"wp-image-18223\" srcset=\"https:\/\/www.sonnenklar.tv\/blog\/wp-content\/uploads\/2021\/08\/517197377_Douro-Tal.jpg 880w, https:\/\/www.sonnenklar.tv\/blog\/wp-content\/uploads\/2021\/08\/517197377_Douro-Tal-300x154.jpg 300w, https:\/\/www.sonnenklar.tv\/blog\/wp-content\/uploads\/2021\/08\/517197377_Douro-Tal-768x394.jpg 768w\" sizes=\"(max-width: 880px) 100vw, 880px\" \/><\/a><figcaption class=\"wp-element-caption\">Fantastischer Ausblick auf das Douro-Tal<\/figcaption><\/figure>\n\n\n\n<p>Auf diesen Weinbergen w\u00e4chst der Wein, aus dem in Porto der Portwein gemacht wird. In Pinh\u00e3o befindet sich ein Bahnhof, der mit den typischen Kacheln verziert ist und auch Miranda de Douro ist sehr sehenswert. Au\u00dferhalb der Ortschaften gibt es immer wieder sogenannte Miradores, Orte an denen ihr einen besonders sch\u00f6nen Blick auf das Tal habt.<\/p>\n\n\n\n<p>Bei diesem Ausflug entdeckt ihr auch einige Weing\u00fcter, die ihren Wein nicht zu Portwein verarbeiten, sondern ganz traditionell ausbauen. Die ein oder andere Verkostung solltet ihr also einplanen. Es gibt mehrere M\u00f6glichkeiten, das Tal zu erkunden. Entweder ihr mietet euch ein Auto und fahrt selbst, oder ihr bucht euch auf eine Tour mit dem Boot oder einem Bus.<\/p>\n\n\n\n<h3 class=\"wp-block-heading\">&nbsp;<a name=\"porto-guimaraes-ausflug\"><\/a>Guimaraes \u2013 die Wiege Portugals<\/h3>\n\n\n\n<p>Ein weiteres lohnendes Ausflugsziel ab Porto ist die Stadt Guimaraes n\u00f6rdlich von Porto. Hier soll angeblich Alfons I, der erste K\u00f6nig Portugals, geboren sein. Einen ersten \u00dcberblick \u00fcber die Stadt k\u00f6nnt ihr euch verschaffen, indem ihr mit der Seilbahn auf den Penha hinauffahrt und das wunderbare Panorama genie\u00dft.<\/p>\n\n\n\n<figure class=\"wp-block-image alignnone\"><a href=\"https:\/\/www.sonnenklar.tv\/blog\/wp-content\/uploads\/2021\/08\/Guimaraes.jpg\"><img loading=\"lazy\" decoding=\"async\" width=\"880\" height=\"451\" src=\"https:\/\/www.sonnenklar.tv\/blog\/wp-content\/uploads\/2021\/08\/Guimaraes.jpg\" alt=\"Guimaraes\" class=\"wp-image-18224\" srcset=\"https:\/\/www.sonnenklar.tv\/blog\/wp-content\/uploads\/2021\/08\/Guimaraes.jpg 880w, https:\/\/www.sonnenklar.tv\/blog\/wp-content\/uploads\/2021\/08\/Guimaraes-300x154.jpg 300w, https:\/\/www.sonnenklar.tv\/blog\/wp-content\/uploads\/2021\/08\/Guimaraes-768x394.jpg 768w\" sizes=\"(max-width: 880px) 100vw, 880px\" \/><\/a><figcaption class=\"wp-element-caption\">Guimaraes<\/figcaption><\/figure>\n\n\n\n<p>Danach geht es zu einem Bummel in die mittelalterliche Altstadt. Guimaraes war 2012 zusammen mit Maribor europ\u00e4ische Kulturhauptstadt. Zu diesem Ereignis wurde die Altstadt nat\u00fcrlich besonders sch\u00f6n herausgeputzt und das seht ihr noch heute. Zwischen der Burg und dem Herzogspalast verl\u00e4uft die besonders sch\u00f6ne Stra\u00dfe Rua Santa Maria, die euch auch zum Largo da Oliveira f\u00fchrt.<\/p>\n\n\n\n<p>Bemerkenswert ist die Kirche des Klosters Nossa Senhora da Oliveira. Der Legende nach wurde vor der Kirche ein Olivenbaum eingepflanzt, der aber einging. Als dann ein \u00f6rtlicher Kaufmann an der Stelle ein Kreuz aufstellte, wuchs daraus ein Olivenbaum.<\/p>\n\n\n\n<p>Wenn ihr dann bei eurem Bummel eine Pause in einem der vielen Caf\u00e9s einlegt, werdet ihr feststellen, dass die Stadt sehr lebendig ist. Dank der Universit\u00e4t leben hier sehr viele junge Menschen und f\u00fcllen die altehrw\u00fcrdige Stadt mit Leben.<\/p>\n\n\n\n<h3 class=\"wp-block-heading\"><a name=\"porto-nightlife\"><\/a>Nachtleben in Porto \u2013 von romantisch bis wild<\/h3>\n\n\n\n<p>Wenn man eine Stadt besucht, will man ja auch ein bisschen was erleben. Also st\u00fcrzt man sich ins Nachtleben. Davon hat Porto so einiges zu bieten. Ihr werdet aber schnell feststellen, dass ihr im S\u00fcden Europas seid, denn vor Mitternacht tut sich nicht viel. Daf\u00fcr geht die Party dann gerne mal bis sechs Uhr am Morgen oder noch l\u00e4nger.<\/p>\n\n\n\n<p>F\u00fcr alle Romantiker unter euch empfehlen wir den Sonnenuntergang am Paseio das Virtudes. Das ist der Ort, an dem man sich zur Afterwork trifft und dabei den sch\u00f6nsten Sonnenuntergang der Stadt bewundert. Also packt euch ein Picknick ein und bewundert das Spektakel.<\/p>\n\n\n\n<figure class=\"wp-block-image alignnone\"><a href=\"https:\/\/www.sonnenklar.tv\/blog\/wp-content\/uploads\/2021\/08\/Porto_Romantik.jpg\"><img loading=\"lazy\" decoding=\"async\" width=\"880\" height=\"450\" src=\"https:\/\/www.sonnenklar.tv\/blog\/wp-content\/uploads\/2021\/08\/Porto_Romantik.jpg\" alt=\"Porto_Romantik\" class=\"wp-image-18225\" srcset=\"https:\/\/www.sonnenklar.tv\/blog\/wp-content\/uploads\/2021\/08\/Porto_Romantik.jpg 880w, https:\/\/www.sonnenklar.tv\/blog\/wp-content\/uploads\/2021\/08\/Porto_Romantik-300x153.jpg 300w, https:\/\/www.sonnenklar.tv\/blog\/wp-content\/uploads\/2021\/08\/Porto_Romantik-768x393.jpg 768w\" sizes=\"(max-width: 880px) 100vw, 880px\" \/><\/a><figcaption class=\"wp-element-caption\">Genuss mit Ausblick auf Porto<\/figcaption><\/figure>\n\n\n\n<p>Danach geht es dann in eine der Bars in der Stadt. Es gibt zwei Stra\u00dfen, die ihr euch f\u00fcr eure N\u00e4chte in Porto merken solltet. In der Rua C\u00e2ndido dos Reis<em>&nbsp;<\/em>und der Rua Galerias de Paris findet ihr eine Vielzahl an Bars und Clubs. Ein der beliebtesten Adressen ist da Porto T\u00f3nico. Dort k\u00f6nnt ich euch schon ab dem fr\u00fchen Abend bei leckeren Cocktails auf die Nacht einstimmen und dann bis vier Uhr am n\u00e4chsten Morgen auf zwei Dancefloors abtanzen. In der Rua Madeira ist das Gare Porto. Dieser Club z\u00e4hlt zu den besten in Europa und bietet euch House und Techno mit immer wieder wechselnden DJs, die sich in der Szene einen Namen gemacht haben.<\/p>\n\n\n\n<p>Wenn ihr es etwas ruhiger m\u00f6gt, dann solltet ihr es nicht vers\u00e4umen, einen Abend in einer der Fado Bars der Stadt zu verbringen. Dieser melancholische Gesang wurde sogar in das UNESCO-Weltkulturerbe aufgenommen. Eine der besten Adressen daf\u00fcr ist der Ideal Club de Fado in der Galeria de Paris.<\/p>\n\n\n\n<p>Porto ist wirklich eine Perle unter den St\u00e4dten und definitiv einen Besuch wert. Ihr k\u00f6nnt euch das Wichtigste an einem langen Wochenende anschauen, werdet aber schnell feststellen, dass man es hier auch gut eine Woche aushalten kann, um dann die Umgebung noch ein bisschen zu erkunden. Wir sind uns sicher, dass ihr begeistert zur\u00fcckkehren werdet und euren n\u00e4chsten Besuch schon plant.<\/p>\n","protected":false},"excerpt":{"rendered":"<p>Eine farbenfrohe Altstadt mit vielen schmucken Caf\u00e9s, hippen Bars und idyllischen Pl\u00e4tzchen am Fluss. H\u00f6rt sich gut an? Porto stand immer im Schatten von Lissabon und landete so bei wenigen Besuchern auf der Reiseliste. Das hat sich ge\u00e4ndert. Kommt mit auf eine Entdeckungsreise zu Portos Sehensw\u00fcrdigkeiten. Im Norden Portugals, an der M\u00fcndung des Douro in<\/p>\n","protected":false},"author":3,"featured_media":18197,"comment_status":"closed","ping_status":"open","sticky":false,"template":"","format":"standard","meta":{"footnotes":""},"categories":[706,6,465],"tags":[180,484,513],"class_list":{"0":"post-18192","1":"post","2":"type-post","3":"status-publish","4":"format-standard","5":"has-post-thumbnail","7":"category-sehenswuerdigkeiten","8":"category-staedtereisen","9":"category-weitere-laender","10":"tag-portugal","11":"tag-sehenswuerdigkeiten","12":"tag-staedtereisen"},"_links":{"self":[{"href":"https:\/\/www.sonnenklar.tv\/blog\/wp-json\/wp\/v2\/posts\/18192","targetHints":{"allow":["GET"]}}],"collection":[{"href":"https:\/\/www.sonnenklar.tv\/blog\/wp-json\/wp\/v2\/posts"}],"about":[{"href":"https:\/\/www.sonnenklar.tv\/blog\/wp-json\/wp\/v2\/types\/post"}],"author":[{"embeddable":true,"href":"https:\/\/www.sonnenklar.tv\/blog\/wp-json\/wp\/v2\/users\/3"}],"replies":[{"embeddable":true,"href":"https:\/\/www.sonnenklar.tv\/blog\/wp-json\/wp\/v2\/comments?post=18192"}],"version-history":[{"count":16,"href":"https:\/\/www.sonnenklar.tv\/blog\/wp-json\/wp\/v2\/posts\/18192\/revisions"}],"predecessor-version":[{"id":39094,"href":"https:\/\/www.sonnenklar.tv\/blog\/wp-json\/wp\/v2\/posts\/18192\/revisions\/39094"}],"wp:featuredmedia":[{"embeddable":true,"href":"https:\/\/www.sonnenklar.tv\/blog\/wp-json\/wp\/v2\/media\/18197"}],"wp:attachment":[{"href":"https:\/\/www.sonnenklar.tv\/blog\/wp-json\/wp\/v2\/media?parent=18192"}],"wp:term":[{"taxonomy":"category","embeddable":true,"href":"https:\/\/www.sonnenklar.tv\/blog\/wp-json\/wp\/v2\/categories?post=18192"},{"taxonomy":"post_tag","embeddable":true,"href":"https:\/\/www.sonnenklar.tv\/blog\/wp-json\/wp\/v2\/tags?post=18192"}],"curies":[{"name":"wp","href":"https:\/\/api.w.org\/{rel}","templated":true}]}}