{"id":177,"date":"2014-04-14T09:52:25","date_gmt":"2014-04-14T08:52:25","guid":{"rendered":"http:\/\/cid2356p1485.hd71.hosting.punkt.de\/?p=177"},"modified":"2026-03-25T16:31:43","modified_gmt":"2026-03-25T15:31:43","slug":"kanarische-inseln","status":"publish","type":"post","link":"https:\/\/www.sonnenklar.tv\/blog\/reisetipps\/kanarische-inseln\/","title":{"rendered":"Die Kanarischen Inseln: Welche ist die richtige f\u00fcr mich?"},"content":{"rendered":"\n<p><strong>Die Kanarischen Inseln gelten auch als \u201eInseln des ewigen Fr\u00fchlings\u201c \u2013 immergr\u00fcn, warm und voller landschaftlicher Sch\u00f6nheiten. Sie sind vulkanischen Ursprungs und begeistern in ihrer Vielfalt sowohl Aktivurlauber, Naturfreunde als auch Wassersportler, Badeg\u00e4ste und Sonnenanbeter. Die sieben Inseln sind eines der beliebtesten Reiseziele. Aber welche ist die richtige f\u00fcr dich? Finde es jetzt heraus!<\/strong><\/p>\n\n\n\n<hr class=\"wp-block-separator has-alpha-channel-opacity\"\/>\n\n\n\n<p><strong>Die Vielfalt der kanarischen Inseln: Inhaltsverzeichnis<\/strong><\/p>\n\n\n\n<ul class=\"wp-block-list\">\n<li><a href=\"#gran-canaria\">Gran Canaria<\/a><\/li>\n\n\n\n<li><a href=\"#teneriffa\">Teneriffa<\/a><\/li>\n\n\n\n<li><a href=\"#fuerteventura\">Fuerteventura<\/a><\/li>\n\n\n\n<li><a href=\"#lanzarote\">Lanzarote<\/a><\/li>\n\n\n\n<li><a href=\"#la-palma\">La Palma<\/a><\/li>\n\n\n\n<li><a href=\"#la-gomera\">La Gomera<\/a><\/li>\n\n\n\n<li><a href=\"#el-hierro\">El Hierro<\/a><\/li>\n\n\n\n<li><a href=\"#beste-reisezeit\">Beste Reisezeit f\u00fcr die kanarischen Inseln<\/a><\/li>\n\n\n\n<li><a href=\"#fazit\">Unser Fazit zu den Kanaren<\/a><\/li>\n<\/ul>\n\n\n\n<hr class=\"wp-block-separator has-alpha-channel-opacity\"\/>\n\n\n\n<h2 class=\"wp-block-heading\"><a name=\"gran-canaria\"><\/a>Gran Canaria: Der vielseitige Miniaturkontinent der Kanarischen Inseln<\/h2>\n\n\n\n<p>Gran Canaria ist die drittgr\u00f6\u00dfte Insel der Kanaren und wird durch seine vielf\u00e4ltigen Naturlandschaften als Miniaturkontinent bezeichnet. Ihr k\u00f6nnt die Insel von vielen der deutschen Flugh\u00e4fen direkt anfliegen.<\/p>\n\n\n\n<p>Tats\u00e4chlich findet ihr auf der kreisrunden Insel aufregende naturr\u00e4umliche Kontraste. An der K\u00fcste gibt es viele traumhafte wei\u00dfe Sandstr\u00e4nde, w\u00e4hrend ihr im Inselinneren auf schwarze Lavalandschaften sto\u00dft. Der 1.813 Meter hohe Stratovulkan Roque Nublo (&#8222;Wolkenfels&#8220;) gilt als Wahrzeichen Gran Canarias.<\/p>\n\n\n\n<p><strong>Nat\u00fcrlich hat auch sonnenklar.TV Moderator Dirk L\u00f6bling als echter Kanaren-Experte tolle Tipps f\u00fcr euch auf Lager. Auf Gran Canaria d\u00fcrft ihr euch diese drei Sehensw\u00fcrdigkeiten und Ausfl\u00fcge nicht entgehen lassen:<\/strong><\/p>\n\n\n\n<p>Ein echtes Erlebnis f\u00fcr mich war die Tour zum Bandama-Krater im Nordosten Gran Canarias. Die Aussicht von der Plattform Pico de Bandama ist wirklich spektakul\u00e4r. Ihr habt hier einen tollen \u00dcberblick \u00fcber die Insel und den Krater.<\/p>\n\n\n\n<p>Und wo wir schon beim Thema Aussicht sind: Besucht auch unbedingt einmal Artenara, den h\u00f6chstgelegenen Ort auf Gran Canaria. Hier siedelten einst die ersten Menschen der gesamten kanarischen Inseln. Bekannt ist der Ort vor allem f\u00fcr die damals entstandenen H\u00f6hlenwohnungen, die \u00fcbrigens auch heute noch genutzt werden.<\/p>\n\n\n\n<p>Ein super Tipp f\u00fcr alle, die auf der Jagd nach au\u00dfergew\u00f6hnlichen Foto-Motiven sind, ist der Ort Mog\u00e1n. Im &#8222;Dorf der Riesen&#8220; stehen bis zu f\u00fcnf Meter hohe Kaffeekannen, Tassen, Teller und vieles mehr.<\/p>\n\n\n\n<p>Ein landschaftliches Highlight Gran Canarias sind die D\u00fcnen von Maspalomas, die sich ausgehend vom Leuchtturm von an der S\u00fcdk\u00fcste erstrecken. Aufregende Quad-Touren oder entspannte Ritte auf Kamelen vermitteln euch wahre W\u00fcstenerlebnisse.<\/p>\n\n\n\n<p>Direkt an der K\u00fcste erwarten euch traumhaft weite Sandstr\u00e4nde, die auf der toleranten Insel grenzenlose Bade- und Wassersportm\u00f6glichkeiten zulassen. Neben Maspalomas sind Playa del Ingl\u00e9s und San Agust\u00edn angesagte touristische Hotspots.<\/p>\n\n\n\n<p>Romantisch ist ein Bummel durch die Gassen des Fischerortes Puerto de Mog\u00e1n, der als \u201eVenedig des S\u00fcdens\u201c bezeichnet wird. Hier legt ein Tauchboot zu spektakul\u00e4ren Unterwasserrundfahrten ab.<\/p>\n\n\n\n<p>Der Besuch der Inselhauptstadt Las Palmas mit der Altstadt Vegueta und dem Palmalitos Palmen- und Tierpark geh\u00f6ren ebenso wie der Besuch das pittoresken \u00d6rtchen Teror zu den Must-Dos auf Gran Canaria.<\/p>\n\n\n\n<p><strong>Top-Sehensw\u00fcrdigkeiten auf Gran Canaria:<\/strong><\/p>\n\n\n\n<ul class=\"wp-block-list\">\n<li>Roque Nublo als das Wahrzeichen der Insel<\/li>\n\n\n\n<li>D\u00fcnen von Maspalomas<\/li>\n\n\n\n<li>Playa del Ingl\u00e9s<\/li>\n\n\n\n<li>Fischerort Puerto de Mog\u00e1n<\/li>\n\n\n\n<li>Altstadt Vegueta von Las Palmas<\/li>\n\n\n\n<li>Palmalitos Palmen- und Tierpark<\/li>\n<\/ul>\n\n\n\n<p><strong>Gran Canaria ist die richtige Insel f\u00fcr &#8230;<\/strong><\/p>\n\n\n\n<p><strong>&#8230; Strandurlauber:<\/strong> Ob versteckte Buchten oder kilometerlange D\u00fcnen, ruhig oder lebhaft &#8211; auf Gran Canaria findet jeder garantiert seinen Traumstrand.<\/p>\n\n\n\n<p><strong>&#8230; Shopping-Fans:<\/strong> <a href=\"https:\/\/www.sonnenklar.tv\/ort\/Gran_Canaria\/Las_Palmas.html\" target=\"_blank\" rel=\"noopener noreferrer\">Las Palmas ist die richtige Adresse f\u00fcr euch<\/a>, wenn ihr euren Geldbeutel erleichtern m\u00f6chtet. Hier warten vier gro\u00dfe Einkaufszentren und die Shoppingmeile &#8222;Calle Mayor de Triana&#8220; mit unz\u00e4hligen L\u00e4den auf euch.<\/p>\n\n\n\n<p><strong>Hier noch ein Spar-Tipp von Dirk:<\/strong><\/p>\n\n\n\n<p>Gran Canaria ist das Wirtschaftszentrum der Kanaren. Dort gibt es nicht nur g\u00fcnstigen Sprit, sondern auch Alkohol, Zigaretten und Parfum zu unschlagbaren Schn\u00e4ppchenpreisen (sogar g\u00fcnstiger als im Flugzeug)! Wer wirklich sparen will, schl\u00e4gt hier zu.<\/p>\n\n\n\n<p><strong>&#8230; Partyurlauber:<\/strong> Nachtschw\u00e4rmern wird auf Gran Canaria viel Abwechslung geboten. Wenn ihr wollt, k\u00f6nnt ihr jeden Tag eine neue Bar oder einen neuen Nachtclub erobern und die Nacht zum Tag machen.<\/p>\n\n\n\n<p>\u25ba <a href=\"https:\/\/www.sonnenklar.tv\/promo\/reisen-gran-canaria.html\" target=\"_blank\" rel=\"noopener noreferrer\">Zu unseren aktuellen Angeboten f\u00fcr Gran Canaria<\/a><\/p>\n\n\n\n<h2 class=\"wp-block-heading\"><a name=\"teneriffa\"><\/a>Teneriffa: Die gr\u00f6\u00dfte Insel der Kanaren<\/h2>\n\n\n\n<p>Teneriffa ist als gr\u00f6\u00dfte der kanarischen Inseln von vielen Deutschen Flugh\u00e4fen ganzj\u00e4hrig per Direktflug erreichbar. Gepr\u00e4gt wird die Insel durch den Schichtvulkan Teide. Mit 3.718 Metern ist er der h\u00f6chste Berg Spaniens.<\/p>\n\n\n<div class=\"wp-block-image\">\n<figure class=\"aligncenter\"><img fetchpriority=\"high\" decoding=\"async\" width=\"880\" height=\"450\" src=\"https:\/\/www.sonnenklar.tv\/blog\/wp-content\/uploads\/2019\/03\/pico-del-teide-reisebericht-teneriffa-wandern.jpg\" alt=\"Wandern auf den Pico del Teide\" class=\"wp-image-11508\" srcset=\"https:\/\/www.sonnenklar.tv\/blog\/wp-content\/uploads\/2019\/03\/pico-del-teide-reisebericht-teneriffa-wandern.jpg 880w, https:\/\/www.sonnenklar.tv\/blog\/wp-content\/uploads\/2019\/03\/pico-del-teide-reisebericht-teneriffa-wandern-300x153.jpg 300w, https:\/\/www.sonnenklar.tv\/blog\/wp-content\/uploads\/2019\/03\/pico-del-teide-reisebericht-teneriffa-wandern-768x393.jpg 768w\" sizes=\"(max-width: 880px) 100vw, 880px\" \/><\/figure>\n<\/div>\n\n\n<p><\/p>\n\n\n\n<p>Die touristischen Hotspots konzentrieren sich im ganzj\u00e4hrig trockeneren S\u00fcdosten Teneriffas. Der alte Fischereiort Puerto de la Cruz ist mit seinen aus dunklem vulkanischen Sand bestehenden Str\u00e4nden und dem Meerwasserbad Lago Marti\u00e1nez eines der \u00e4ltesten Urlaubsziele f\u00fcr Badeg\u00e4ste. Der authentische Ort punktet zudem durch sein kanarisches Flair und seine historische Festungsanlage Bater\u00eda de Santa B\u00e1rbara.<\/p>\n\n\n\n<p><a href=\"https:\/\/www.sonnenklar.tv\/blog\/teneriffa-straende\/\" target=\"_blank\" rel=\"noreferrer noopener\">Die Top-Str\u00e4nde Teneriffas seht ihr hier!<\/a><\/p>\n\n\n\n<p>Kulturelle und kulinarische Sch\u00e4tze entdeckt ihr sowohl in der einstigen Inselhauptstadt La Laguna als auch in der heutigen Inselmetropole Santa Cruz. Beide St\u00e4dte bestechen durch ihre Altstadt, die nicht nur wirklich sehenswert ist, sondern euch auch noch zu einer ausgiebigen Shoppingtour einl\u00e4dt.<\/p>\n\n\n\n<figure class=\"wp-block-embed\"><div class=\"wp-block-embed__wrapper\">\nhttps:\/\/www.sonnenklar.tv\/blog\/teneriffa-tipps\n<\/div><\/figure>\n\n\n\n<p>Die Region rund um den Gipfel und die Caldera des kargen Schichtvulkans Pico del Teide ist als meistbesuchter Nationalpark Europas eine bedeutende St\u00e4tte des UNESCO-Weltnaturerbes. Hier gibt es zahllose Wander- und Kletterm\u00f6glichkeiten. Spektakul\u00e4r aber sind auch Wanderungen in der Mondlandschaft Paisaje Lunar bei Vilaflor, dem h\u00f6chstgelegenen Bergdorf Teneriffas.<\/p>\n\n\n\n<p><strong>Top-Sehensw\u00fcrdigkeiten auf Teneriffa:<\/strong><\/p>\n\n\n\n<ul class=\"wp-block-list\">\n<li>Fischerdorf Puerto de la Cruz<\/li>\n\n\n\n<li>Festungsanlage Bater\u00eda de Santa B\u00e1rbara<\/li>\n\n\n\n<li>Die einstige Inselhauptstadt La Laguna<\/li>\n\n\n\n<li>Mondlandschaft Paisaje Lunar<\/li>\n\n\n\n<li>Bergdorf Vilaflor<\/li>\n<\/ul>\n\n\n\n<p><a href=\"https:\/\/www.sonnenklar.tv\/blog\/teneriffa-sehenswuerdigkeiten\/\" target=\"_blank\" rel=\"noreferrer noopener\">Alle Sehensw\u00fcrdigkeiten Teneriffas zeigen wir euch hier<\/a> im Detail!<\/p>\n\n\n\n<p><strong>Teneriffa ist die richtige Insel f\u00fcr &#8230;<\/strong><\/p>\n\n\n\n<p><strong>&#8230; Strandurlauber:<\/strong> Verstecke Badebuchten, dunkler Sand und garantierter Badespa\u00df f\u00fcr Gro\u00df und Klein &#8211; auf Teneriffa bleibt garantiert kein Bikini trocken!<\/p>\n\n\n\n<p><strong>&#8230; Aktivurlauber:<\/strong> Ob Wandern oder Mountainbiken &#8211; auf Teneriffa wartet nicht nur der h\u00f6chste Berg Spaniens darauf, von euch bestiegen zu werden. Die Landschaft der kanarischen Insel ist zudem sehr abwechslungsreich. Der S\u00fcden ist eher hei\u00df und trocken, der Norden satt gr\u00fcn. Bleibt nur noch die Frage, <a href=\"https:\/\/www.sonnenklar.tv\/blog\/wandern-teneriffa\/\" target=\"_blank\" rel=\"noopener noreferrer\">welche Route ihr bevorzugt<\/a>. Auch Surfer finden hier perfekte Bedingungen vor.<\/p>\n\n\n\n<p>\u25ba <a href=\"https:\/\/www.sonnenklar.tv\/promo\/urlaub-teneriffa.html\" target=\"_blank\" rel=\"noopener noreferrer\">Hier gelangt ihr zu passenden Angeboten f\u00fcr Teneriffa<\/a><\/p>\n\n\n\n<h2 class=\"wp-block-heading\"><a name=\"fuerteventura\"><\/a>Fuerteventura: Ein Paradies f\u00fcr Strand- und Aktivurlauber<\/h2>\n\n\n\n<p>Fuerteventura ist die zweitgr\u00f6\u00dfte der Kanarischen Inseln. Sie verzaubert euch mit einer 150 Kilometer langen K\u00fcstenlandschaft, an deren wei\u00dfen Sandstr\u00e4nden der smaragdgr\u00fcne Atlantik zum Planschen und Wassersport einl\u00e4dt. Ihr erreicht die traumhafte Insel von vielen deutschen Flugh\u00e4fen in gut vier Stunden per Direktflug.<\/p>\n\n\n\n<p>Fuerteventura ist durch den Istmo de la Pared (mit nur f\u00fcnf Kilometern die schmalste Stelle der Insel) zweigeteilt. W\u00e4hrend der n\u00f6rdliche Teil Majoreros insbesondere Naturliebhaber und Aktivurlauber begeistert, zieht es Strandurlauber auf die s\u00fcdliche Halbinsel Jand\u00eda. Die flach abfallenden Str\u00e4nde sind f\u00fcr Familien, Surfer und Kiter ein Paradies.<\/p>\n\n\n\n<p>Den Profis unter den Seglern spielt die an den K\u00fcsten stets leicht wehende Brise in die Karten, die sich mitunter zu starken Winden entwickelt und f\u00fcr bis zu zwei Meter hohe Wellen sorgt. Als unber\u00fchrtesten Strand der Kanaren solltet ihr einen Besuch Playa de Cofete nicht vers\u00e4umen.<\/p>\n\n\n\n<p>An der Nordspitze Fuerteventuras liegt mit <a href=\"https:\/\/www.sonnenklar.tv\/ort\/Fuerteventura\/Corralejo.html\" target=\"_blank\" rel=\"noopener noreferrer\">Corralejo das beliebteste Urlaubszentrum des Nordens<\/a>. Der Ort fasziniert durch vielf\u00e4ltige kleine Shops und Boutiquen sowie eine gro\u00dfz\u00fcgig angelegte Uferpromenade. <\/p>\n\n\n\n<p>Naturr\u00e4umliches Highlight sind die imposanten Wanderd\u00fcnenen El Jable. Ein lohnenswerter Ausflug f\u00fchrt euch in das Inselinnere zur Altstadt von Betancuria. Die \u00e4lteste Stadt der Insel war einst als Hauptstadt der Insel und begeistert auch heute durch eine lebendige Kulturszene.<\/p>\n\n\n\n<p><a href=\"https:\/\/www.sonnenklar.tv\/blog\/reisetipps-fuerteventura\/\" target=\"_blank\" rel=\"noreferrer noopener\">Alle Tipps f\u00fcr Fuerteventura findet ihr hier!<\/a><\/p>\n\n\n\n<p><strong>Top-Sehensw\u00fcrdigkeiten auf Fuerteventura:<\/strong><\/p>\n\n\n\n<ul class=\"wp-block-list\">\n<li>Strand Playa de Cofete<\/li>\n\n\n\n<li>Urlaubszentrum Corralejo<\/li>\n\n\n\n<li>Wanderd\u00fcnenen El Jable<\/li>\n\n\n\n<li>Altstadt von Betancuria<\/li>\n<\/ul>\n\n\n\n<p>\u25ba <a href=\"https:\/\/www.sonnenklar.tv\/promo\/reisen-fuerteventura.html\" target=\"_blank\" rel=\"noopener noreferrer\">Entdeckt jetzt unsere passenden Fuerteventura-Angebote<\/a><\/p>\n\n\n\n<h2 class=\"wp-block-heading\"><a name=\"lanzarote\"><\/a>Lanzarote: Insel der Feuerberge<\/h2>\n\n\n\n<p>Lanzarote befindet sich nur durch die Meerenge La Bocayna getrennt etwa 11,5 Kilometer n\u00f6rdlich von Fuerteventura und ist damit die nord\u00f6stlichste Urlaubsinsel der Kanaren. Ihr erreicht Lanzarote per Direktflug ab Deutschland. Euch erwarten dort spektakul\u00e4re Felsk\u00fcsten und wilde Lavalandschaften.<\/p>\n\n\n<div class=\"wp-block-image\">\n<figure class=\"aligncenter\"><img decoding=\"async\" width=\"880\" height=\"500\" src=\"https:\/\/www.sonnenklar.tv\/blog\/wp-content\/uploads\/2014\/04\/kanarische-insel-lanzarote-el-golfo.jpg\" alt=\"K\u00fcste von El Golfo auf Lanzarote\" class=\"wp-image-13389\" srcset=\"https:\/\/www.sonnenklar.tv\/blog\/wp-content\/uploads\/2014\/04\/kanarische-insel-lanzarote-el-golfo.jpg 880w, https:\/\/www.sonnenklar.tv\/blog\/wp-content\/uploads\/2014\/04\/kanarische-insel-lanzarote-el-golfo-300x170.jpg 300w, https:\/\/www.sonnenklar.tv\/blog\/wp-content\/uploads\/2014\/04\/kanarische-insel-lanzarote-el-golfo-768x436.jpg 768w\" sizes=\"(max-width: 880px) 100vw, 880px\" \/><\/figure>\n<\/div>\n\n\n<p><\/p>\n\n\n\n<p><a href=\"https:\/\/www.sonnenklar.tv\/blog\/lanzarote-straende\/\" target=\"_blank\" rel=\"noopener noreferrer\">In den faszinierenden Buchten \u00fcberraschen euch schwarze Sand- und Kiesstr\u00e4nde<\/a>. Sie stehen in einem einzigartigen farblichen Kontrast zu den h\u00fcbschen wei\u00df get\u00fcnchten H\u00e4usern. <a href=\"https:\/\/www.sonnenklar.tv\/blog\/playa-blanca\/\" target=\"_blank\" rel=\"noopener noreferrer\">Playa Blanca<\/a> bildet mit Bars und Restaurants sowie netten Shopping-M\u00f6glichkeiten und einer herrlichen Strandpromenade das touristische Zentrum der Insel.<\/p>\n\n\n\n<p>Auf der ganzen Insel trefft ihr auf <a href=\"https:\/\/www.sonnenklar.tv\/blog\/cesar-manrique\/\" target=\"_blank\" rel=\"noopener noreferrer\">Werke des Bildhauers und Architekten C\u00e9sar Manrique<\/a>. Seine spektakul\u00e4rste Hinterlassenschaft ist ein unterirdischer Palast, f\u00fcr den der K\u00fcnstler im Lavagestein befindliche Glasblasen nutzte. Heute residiert hier die Fundaci\u00f3n C\u00e9sar Manrique.<\/p>\n\n\n\n<p>H\u00f6hepunkte des vulkanischen Nationalparks Timanfaya sind die durch Lavastr\u00f6me geformte H\u00f6hle Cueva de los Verdes sowie Wanderungen durch einzigartige Mondlandschaften. Kakteen-Liebhaber finden im botanischen Garten Jard\u00edn de Cactus eine faszinierende Vielfalt von etwa 1.400 unterschiedlichen Arten der stacheligen Pflanzen.<\/p>\n\n\n\n<p><strong>Dirk kann euch Lanzarote vor allem kulinarisch empfehlen:<\/strong><\/p>\n\n\n\n<p>Probiert unbedingt den traditionellen K\u00e4se! Der ist wirklich weltklasse. Er wird noch auf herk\u00f6mmliche Art in Fincas hergestellt. Dort k\u00f6nnt ihr ihn auch kostenlos probieren, bevor ihr euch damit f\u00fcr eure Heimreise eindeckt.<\/p>\n\n\n\n<p><strong>Top-Sehensw\u00fcrdigkeiten auf Lanzarote:<\/strong><\/p>\n\n\n\n<ul class=\"wp-block-list\">\n<li>Fundaci\u00f3n C\u00e9sar Manrique<\/li>\n\n\n\n<li>Nationalpark Timanfaya<\/li>\n\n\n\n<li>H\u00f6hle Cueva de los Verdes<\/li>\n\n\n\n<li>Botanischer Garten Jard\u00edn de Cactus<\/li>\n\n\n\n<li><a href=\"https:\/\/www.sonnenklar.tv\/blog\/lanzarote-sehenswuerdigkeiten\/\" target=\"_blank\" rel=\"noopener noreferrer\">Klickt hier f\u00fcr viele weitere Sehensw\u00fcrdigkeiten auf Lanzarote<\/a><\/li>\n<\/ul>\n\n\n\n<p><strong>Lanzarote ist die richtige Insel f\u00fcr &#8230;<\/strong><\/p>\n\n\n\n<p><strong>&#8230; Familien:<\/strong> Gerade Familien kommen gerne nach Lanzarote, da der Spa\u00dffaktor hier gro\u00df ist. Ob Themenpark wie der &#8222;Rancho Texas Park&#8220; mit Tieren und Poolandschaft oder gesch\u00fctzte Str\u00e4nde f\u00fcr ungetr\u00fcbtes Planschvergn\u00fcgen. Euer Nachwuchs wird es lieben, auf Lanzarote seine Sandburg zu bauen!<\/p>\n\n\n\n<p><strong>&#8230; Kulturfans:<\/strong> Die Bewohner von Lanzarote sind sehr stolz auf ihre Kultur und lokalen Br\u00e4uche. Vor allem C\u00e8sar Manrique hat das Bild der Insel besonders gepr\u00e4gt. Seine Werke sind sehr sehenswert.<\/p>\n\n\n\n<p><strong>&#8230; Gourmets:<\/strong> F\u00fcr Weintrinker ist Lanzarote die perfekte Urlaubsinsel schlechthin. Denn im Weinanbaugebiet &#8222;La Geria&#8220; k\u00f6nnt ihr sehen, wie ungew\u00f6hnlich die Reben f\u00fcr den edlen Trunk angebaut werden: Sie werden in Krater gepflanzt und von Vulkanasche \u00fcberdeckt. Vom Resultat k\u00f6nnt ihr euch vor Ort selbst \u00fcberzeugen.<\/p>\n\n\n\n<p>\u25ba <a href=\"https:\/\/www.sonnenklar.tv\/promo\/reisen-lanzarote.html\" target=\"_blank\" rel=\"noopener noreferrer\">Ab nach Lanzarote &#8211; wir haben die passenden Angebote!<\/a><\/p>\n\n\n\n<h2 class=\"wp-block-heading\">F\u00fcr Naturliebhaber: La Palma, El Hierro und La Gomera<\/h2>\n\n\n\n<p>La Palma, El Hierro und La Gomera sind zwar die kleinsten Insel der Kanaren. Aber sie sind ein echter Geheimtipp f\u00fcr alle Naturliebhaber. Alle drei Inseln stehen f\u00fcr Wandern, ausgiebige Ruhe, vielseitige Naturerlebnisse und Individualit\u00e4t. Hier findet ihr noch echte kanarische Urspr\u00fcnglichkeit.<\/p>\n\n\n\n<p>Nat\u00fcrlich habt ihr auch die M\u00f6glichkeit, per F\u00e4hre von Insel zu Insel zu reisen. Allerdings m\u00fcsst ihr euch vorab informieren, welche Reiserouten zu welchen Monaten m\u00f6glich sind, da die meisten F\u00e4hrfahrten l\u00e4nger dauern und es viele verschiedene Anbieter mit verschiedenen F\u00e4hren gibt.<\/p>\n\n\n\n<p>Und das sind La Palma, El Hierro und La Gomera im Detail:<\/p>\n\n\n\n<h3 class=\"wp-block-heading\"><a name=\"la-palma\"><\/a>La Palma: Wandern auf der &#8222;sch\u00f6nen Insel&#8220; der Kanaren<\/h3>\n\n\n\n<p>Die nordwestlichste kanarische Insel La Palma ist ein felsiges Naturjuwel, das mit einzigartigen Vulkanlandschaften, \u00fcppigen W\u00e4ldern und atemberaubenden K\u00fcstenlandschaften begeistert. Saisonabh\u00e4ngig werden ab einigen deutschen Flugh\u00e4fen Direktfl\u00fcge angeboten. Die sch\u00f6nsten Impressionen von La Palma seht ihr hier im Video:<\/p>\n\n\n\n<p class=\"has-text-align-center\"><iframe src=\"https:\/\/www.youtube.com\/embed\/aKV4Hqv8tvU?rel=0\" width=\"560\" height=\"315\" frameborder=\"0\" allowfullscreen=\"allowfullscreen\"><\/iframe><\/p>\n\n\n\n<p>Rund 1.000 Kilometer Wanderwege f\u00fchren euch im Nationalpark Caldera de Taburiente durch gr\u00fcne Berglandschaften in die Gipfelregionen der Vulkane Tenegu\u00eda oder dem Cumbre.<\/p>\n\n\n\n<p>Schwimmer und Wassersportler finden am exotisch anmutenden schwarzen Sandstrand von Puerto Naos ihr Paradies, w\u00e4hrend die felsigen K\u00fcsten ideale Tauchreviere darstellen. In der Haupt- und Hafenstadt Santa Cruz de la Palma bummelt ihr durch ein Gewirr kleiner Kopfsteinpflastergassen und kolonialzeitlicher H\u00e4usern.<\/p>\n\n\n\n<p><strong>Top-Sehensw\u00fcrdigkeiten auf La Palma:<\/strong><\/p>\n\n\n\n<ul class=\"wp-block-list\">\n<li>Nationalpark Caldera de Taburiente<\/li>\n\n\n\n<li>Strand von Puerto Naos<\/li>\n\n\n\n<li>Altstadt von Santa Cruz de la Palma<\/li>\n<\/ul>\n\n\n\n<h3 class=\"wp-block-heading\"><a name=\"la-gomera\"><\/a>La Gomera: &#8222;Die Wilde&#8220; der Kanarischen Inseln<\/h3>\n\n\n\n<p>Als die wildeste der Kanarischen Inseln gilt La Gomera. Eine spektakul\u00e4re K\u00fcste und stark zerkl\u00fcftete vulkanische Berglandschaft pr\u00e4gen das zweitkleinste der kanarischen Urlaubsparadiese. Der Norden La Gomeras ist ein beliebtes Ziel f\u00fcr Natur- und Aktivurlauber, die hier \u00fcber zahlreiche Wanderwege die dichten W\u00e4lder des Nationalparks Garajonay durchwandern. Mit dem Dorf Agulo befindet sich hier ein besonders urspr\u00fcnglicher Ort von La Gomera.<\/p>\n\n\n<div class=\"wp-block-image\">\n<figure class=\"aligncenter\"><img decoding=\"async\" width=\"880\" height=\"500\" src=\"https:\/\/www.sonnenklar.tv\/blog\/wp-content\/uploads\/2014\/04\/kanarische-inseln-la-gomera-agulo.jpg\" alt=\"Agulo auf La Gomera\" class=\"wp-image-13413\" srcset=\"https:\/\/www.sonnenklar.tv\/blog\/wp-content\/uploads\/2014\/04\/kanarische-inseln-la-gomera-agulo.jpg 880w, https:\/\/www.sonnenklar.tv\/blog\/wp-content\/uploads\/2014\/04\/kanarische-inseln-la-gomera-agulo-300x170.jpg 300w, https:\/\/www.sonnenklar.tv\/blog\/wp-content\/uploads\/2014\/04\/kanarische-inseln-la-gomera-agulo-768x436.jpg 768w\" sizes=\"(max-width: 880px) 100vw, 880px\" \/><\/figure>\n<\/div>\n\n\n<p><\/p>\n\n\n\n<p>Im trockeneren S\u00fcden der Insel laden rund um Playa de Santiago vulkanische Sandstr\u00e4nde Schwimmer und Wassersportler ein. Touristisch hervorragend aufgestellt sind die Badeorte der Westk\u00fcste zwischen La Calera und dem Fischerort Vueltas nahe des steilwandigen Valle Gran Rey. Hier lassen sich Strand- und Naturerlebnisse perfekt kombinieren.<\/p>\n\n\n\n<p><strong>Top-Aktivit\u00e4ten auf La Gomera:<\/strong><\/p>\n\n\n\n<ul class=\"wp-block-list\">\n<li>Wanderung im Nationalpark Garajonay<\/li>\n\n\n\n<li>Wanderung durch das Valle Gran Rey<\/li>\n\n\n\n<li>Besuch des urspr\u00fcnglichen Dorfes Agulo<\/li>\n<\/ul>\n\n\n\n<h3 class=\"wp-block-heading\"><a name=\"el-hierro\"><\/a>El Hierro: Paradies f\u00fcr Wanderer und Taucher<\/h3>\n\n\n\n<p>El Hierro ist die westlichste der Kanarischen Inseln und beliebtes Ziel f\u00fcr Individualisten abseits des Massentourismus. Ruhe und spektakul\u00e4re Landschaftsbilder stehen hier im Mittelpunkt eurer Urlaubserlebnisse. So machen einzigartige Pfade die Insel zu einem Paradies f\u00fcr Wanderer.<\/p>\n\n\n\n<p>Badeurlauber finden an der wilden K\u00fcste im Hafen von La Restinga, bei Timijiraque oder in Meeresschwimmbecken Zugang zum Meer. F\u00fcr Schnorchler und Taucher ist die artenreiche Felsk\u00fcste mit 45 Tauchspots ein echtes Paradies. Als besonders angesagtes Tauchrevier gilt das Mar de las Calmas an der S\u00fcdwestk\u00fcste von El Hierro.<\/p>\n\n\n\n<p><strong>Top-Aktivit\u00e4ten auf El Hierro:<\/strong><\/p>\n\n\n\n<ul class=\"wp-block-list\">\n<li>Wanderung zum Arco de La Tosca<\/li>\n\n\n\n<li>Wanderung zum Aussichtspunkt Mirador de Isora<\/li>\n\n\n\n<li>Bad im Meerwasserpool Charco Azul<\/li>\n<\/ul>\n\n\n\n<p>\u25ba <a href=\"https:\/\/www.sonnenklar.tv\/promo\/urlaub-el-hierro.html\" target=\"_blank\" rel=\"noopener noreferrer\">Entdeckt jetzt unsere aktuellen Angebote f\u00fcr El Hierro<\/a><\/p>\n\n\n\n<h2 class=\"wp-block-heading\"><a name=\"beste-reisezeit\"><\/a>Die beste Reisezeit f\u00fcr die kanarischen Inseln<\/h2>\n\n\n\n<p>Die Kanaren sind ein ganzj\u00e4hrig beliebtes Reiseziel. Selbst in den Wintermonaten erwarten euch auf den \u00f6stlichen Inseln Lanzarote und Fuerteventura milde Temperaturen bis zu 23 \u00b0C. Zwischen April und Oktober herrscht auf jeder der Inseln wunderbares Strandwetter. Doch seht selbst auf dieser Klimakarte:<\/p>\n\n\n<div class=\"wp-block-image\">\n<figure class=\"aligncenter\"><img loading=\"lazy\" decoding=\"async\" width=\"880\" height=\"618\" src=\"https:\/\/www.sonnenklar.tv\/blog\/wp-content\/uploads\/2014\/04\/klima-kanaren.jpg\" alt=\"Klima auf den kanarischen Inseln\" class=\"wp-image-13395\" srcset=\"https:\/\/www.sonnenklar.tv\/blog\/wp-content\/uploads\/2014\/04\/klima-kanaren.jpg 880w, https:\/\/www.sonnenklar.tv\/blog\/wp-content\/uploads\/2014\/04\/klima-kanaren-300x211.jpg 300w, https:\/\/www.sonnenklar.tv\/blog\/wp-content\/uploads\/2014\/04\/klima-kanaren-768x539.jpg 768w\" sizes=\"(max-width: 880px) 100vw, 880px\" \/><\/figure>\n<\/div>\n\n\n<p><\/p>\n\n\n\n<h2 class=\"wp-block-heading\"><a name=\"fazit\"><\/a>Unser Fazit zu den kanarischen Inseln<\/h2>\n\n\n\n<p>Gran Canaria, Teneriffa und Fuerteventura lassen euch durch ihre landschaftliche Vielfalt zwischen Gebirgs- und K\u00fcstenlandschaften einen nahezu grenzenlos weiten Gestaltungsspielraum.<\/p>\n\n\n\n<p>W\u00e4hrend diese drei Inseln \u00fcber belebte touristische Zentren verf\u00fcgen, geht es auf Lanzarote, La Palma und El Hierro eher ruhig zu. Sie sind mehr noch als ihre drei gro\u00dfen Schwestern durch schroffe vulkanische Landschaften und K\u00fcsten mit einzigartiger Fauna und Flora gepr\u00e4gt. Dieser Umstand verhilft ihnen zu einer besonderen Stellung f\u00fcr Naturfreunde.<\/p>\n","protected":false},"excerpt":{"rendered":"<p>Die Kanarischen Inseln gelten auch als \u201eInseln des ewigen Fr\u00fchlings\u201c \u2013 immergr\u00fcn, warm und voller landschaftlicher Sch\u00f6nheiten. Sie sind vulkanischen Ursprungs und begeistern in ihrer Vielfalt sowohl Aktivurlauber, Naturfreunde als auch Wassersportler, Badeg\u00e4ste und Sonnenanbeter. Die sieben Inseln sind eines der beliebtesten Reiseziele. Aber welche ist die richtige f\u00fcr dich? Finde es jetzt heraus! Die<\/p>\n","protected":false},"author":3,"featured_media":13412,"comment_status":"closed","ping_status":"closed","sticky":false,"template":"","format":"standard","meta":{"footnotes":""},"categories":[697,457,455],"tags":[491,548,501,484,498,505],"class_list":{"0":"post-177","1":"post","2":"type-post","3":"status-publish","4":"format-standard","5":"has-post-thumbnail","7":"category-reisetipps","8":"category-spanien","9":"category-urlaubslaender","10":"tag-allgemeine-reiseinformationen","11":"tag-inselurlaub","12":"tag-kanaren","13":"tag-sehenswuerdigkeiten","14":"tag-spanien","15":"tag-strandurlaub"},"_links":{"self":[{"href":"https:\/\/www.sonnenklar.tv\/blog\/wp-json\/wp\/v2\/posts\/177","targetHints":{"allow":["GET"]}}],"collection":[{"href":"https:\/\/www.sonnenklar.tv\/blog\/wp-json\/wp\/v2\/posts"}],"about":[{"href":"https:\/\/www.sonnenklar.tv\/blog\/wp-json\/wp\/v2\/types\/post"}],"author":[{"embeddable":true,"href":"https:\/\/www.sonnenklar.tv\/blog\/wp-json\/wp\/v2\/users\/3"}],"replies":[{"embeddable":true,"href":"https:\/\/www.sonnenklar.tv\/blog\/wp-json\/wp\/v2\/comments?post=177"}],"version-history":[{"count":34,"href":"https:\/\/www.sonnenklar.tv\/blog\/wp-json\/wp\/v2\/posts\/177\/revisions"}],"predecessor-version":[{"id":39248,"href":"https:\/\/www.sonnenklar.tv\/blog\/wp-json\/wp\/v2\/posts\/177\/revisions\/39248"}],"wp:featuredmedia":[{"embeddable":true,"href":"https:\/\/www.sonnenklar.tv\/blog\/wp-json\/wp\/v2\/media\/13412"}],"wp:attachment":[{"href":"https:\/\/www.sonnenklar.tv\/blog\/wp-json\/wp\/v2\/media?parent=177"}],"wp:term":[{"taxonomy":"category","embeddable":true,"href":"https:\/\/www.sonnenklar.tv\/blog\/wp-json\/wp\/v2\/categories?post=177"},{"taxonomy":"post_tag","embeddable":true,"href":"https:\/\/www.sonnenklar.tv\/blog\/wp-json\/wp\/v2\/tags?post=177"}],"curies":[{"name":"wp","href":"https:\/\/api.w.org\/{rel}","templated":true}]}}