{"id":17570,"date":"2021-03-01T10:32:58","date_gmt":"2021-03-01T09:32:58","guid":{"rendered":"https:\/\/www.sonnenklar.tv\/blog\/?p=17570"},"modified":"2026-03-25T16:28:14","modified_gmt":"2026-03-25T15:28:14","slug":"wandern-auf-madeira","status":"publish","type":"post","link":"https:\/\/www.sonnenklar.tv\/blog\/reisetipps\/wandern-auf-madeira\/","title":{"rendered":"Die sch\u00f6nsten Wanderungen auf der Blumeninsel Madeira"},"content":{"rendered":"\n<p><strong>Wandern ist ja gerade wieder gro\u00df in Mode und das v\u00f6llig zu Recht. Dieser Sport bietet euch die M\u00f6glichkeit, sich an der frischen Luft zu bewegen und dabei einzigartige Eindr\u00fccke zu sammeln. In diesem Beitrag stellen wir euch ein ganz besonders sch\u00f6nes Wandergebiet vor. Die Insel Madeira bietet wundersch\u00f6ne Landschaften und dank des milden Klimas eine beeindruckende Flora. Bei euren Wanderungen k\u00f6nnt ihr das aus n\u00e4chster N\u00e4he erleben.<\/strong><\/p>\n\n\n\n<hr class=\"wp-block-separator has-alpha-channel-opacity\"\/>\n\n\n\n<p><strong>Leichte Wanderungen:<\/strong><\/p>\n\n\n\n<ul class=\"wp-block-list\">\n<li><a href=\"#wanderung-levada-do-barreiro-madeira\">Levada do Barrreiro<\/a><\/li>\n\n\n\n<li><a href=\"#wanderung-vereda-dos-balcoes-madeira\">Vereda dos Balc\u00f5es<\/a><\/li>\n\n\n\n<li><a href=\"#wanderung-ein-weg-fuer-alle-madeira\">Queimadas \u2013 ein Weg f\u00fcr alle<\/a><\/li>\n\n\n\n<li><a href=\"#wanderung-vereda-do-burro-madeira\">Vereda do Burro<\/a><\/li>\n<\/ul>\n\n\n\n<p><strong>Mittelschwere Wanderungen:<\/strong><\/p>\n\n\n\n<ul class=\"wp-block-list\">\n<li><a href=\"#wanderung-levada-das-25-fontes-madeira\">Levada das 25 Fontes<\/a><\/li>\n\n\n\n<li><a href=\"#wanderung-levada-caldeirao-verde-madeira\">Levada do Caldeir\u00e3o Verde<\/a><\/li>\n\n\n\n<li><a href=\"#wanderung-vereda-das-fundras-madeira\">Vereda das Funduras<\/a><\/li>\n<\/ul>\n\n\n\n<p><strong>Schwere Wanderungen:<\/strong><\/p>\n\n\n\n<ul class=\"wp-block-list\">\n<li><a href=\"#wanderung-vereda-do-areeiro-madeira\">Vereda do Areeiro<\/a><\/li>\n\n\n\n<li><a href=\"#wanderung-vereda-do-encumeada-madeira\">Vereda da Encumeada<\/a><\/li>\n\n\n\n<li><a href=\"#wanderung-vereda-do-urzal-madeira\">Vereda do Urzal<\/a><\/li>\n\n\n\n<li><a href=\"#wanderung-caminho-real-da-encumeada-madeira\">Caminho Real da Encumeada<\/a><\/li>\n<\/ul>\n\n\n\n<hr class=\"wp-block-separator has-alpha-channel-opacity\"\/>\n\n\n\n<p>Die subtropische Insel Madeira ist zwar nicht besonders gro\u00df, aber aufgrund ihrer Topographie hat sie so einiges zu bieten. Es erwarten euch leichte Wanderungen, die ihr auch als Anf\u00e4nger oder mit euren Familien meistern k\u00f6nnt. Aber auch die echten Bergfexe unter euch werden hier Routen finden, die durchaus anspruchsvoll sind und ein paar H\u00f6henmeter zu bieten haben. Besonders beliebt sind die Touren entlang der Levadas, ein uraltes Bew\u00e4sserungssystem, das Wasser aus dem feuchten Norden in den trockenen S\u00fcden bringt.<\/p>\n\n\n\n<h2 class=\"wp-block-heading\"><a name=\"beste-reisezeit-wandern-madeira\"><\/a>Wann ist die beste Zeit zum Wandern auf Madeira? Was gilt es zu beachten?<\/h2>\n\n\n\n<p>Wie bereits erw\u00e4hnt, herrscht auf Madeira ein angenehm mildes Klima. Selbst im Januar und Februar erreichen die Tagestemperaturen knapp 20 Grad Celsius. Die w\u00e4rmsten Monate sind Juli bis September. Aber auch dann wird es durchschnittlich nur um die 25 Grad Celsius warm. Somit k\u00f6nnt ihr das ganze Jahr auf Wandertouren gehen. Von November bis M\u00e4rz regnet es h\u00e4ufiger. In dieser Zeit solltet ihr also einen Regenschutz im Gep\u00e4ck haben. Durch die Berge in der Mitte der Insel entsteht so etwas wie eine Wetterscheide. Der Norden und Osten bekommen dadurch etwas mehr Regen ab.<\/p>\n\n\n\n<figure class=\"wp-block-image alignnone size-full wp-image-17592\"><img fetchpriority=\"high\" decoding=\"async\" width=\"880\" height=\"450\" src=\"https:\/\/www.sonnenklar.tv\/blog\/wp-content\/uploads\/2021\/02\/Wanderweg-vom-Pico-do-Arieiro-zum-Pico-Ruivo-auf-Madeira-in-Portugal.jpg\" alt=\"Wanderweg vom Pico do Arieiro zum Pico Ruivo\" class=\"wp-image-17592\" srcset=\"https:\/\/www.sonnenklar.tv\/blog\/wp-content\/uploads\/2021\/02\/Wanderweg-vom-Pico-do-Arieiro-zum-Pico-Ruivo-auf-Madeira-in-Portugal.jpg 880w, https:\/\/www.sonnenklar.tv\/blog\/wp-content\/uploads\/2021\/02\/Wanderweg-vom-Pico-do-Arieiro-zum-Pico-Ruivo-auf-Madeira-in-Portugal-300x153.jpg 300w, https:\/\/www.sonnenklar.tv\/blog\/wp-content\/uploads\/2021\/02\/Wanderweg-vom-Pico-do-Arieiro-zum-Pico-Ruivo-auf-Madeira-in-Portugal-768x393.jpg 768w\" sizes=\"(max-width: 880px) 100vw, 880px\" \/><figcaption class=\"wp-element-caption\">Der Wanderweg vom Pico do Arieiro zum Pico Ruivo bietet tolle Ausblicke<\/figcaption><\/figure>\n\n\n\n<p>F\u00fcr eure Ausr\u00fcstung gilt, dass ihr festes Schuhwerk ben\u00f6tigt. Aber das versteht sich ja von selbst. Au\u00dferdem solltet ihr eine Taschen- oder Stirnlampe dabei haben, da manche Wanderwege durch k\u00fcrzere H\u00f6hlen f\u00fchren. Anders als zum Beispiel in den Alpen k\u00f6nnt ihr nicht damit rechnen, das ihr auf H\u00fctten sto\u00dft. Daher solltet ihr gen\u00fcgend Wasser zum Trinken und bei l\u00e4ngeren Touren auch etwas Verpflegung im Rucksack haben.<\/p>\n\n\n\n<p>Die Wanderwege auf Madeira sind gut ausgeschildert mit Holztafeln, auf denen die Nummer des Wanderweges und der Name vermerkt sind. Es kann aber dennoch nicht schaden, eine Wanderkarte dabei zu haben. Sich nur auf euer Smartphone zu verlassen, k\u00f6nnte gef\u00e4hrlich werden, das es nicht garantiert ist, dass ihr \u00fcberall Netz zur Verf\u00fcgung habt.<\/p>\n\n\n\n<p><strong>Ihr liebt wandern, wollt aber lieber eine andere Region zu Fu\u00df erkunden? Hier h\u00e4tten wir einige Tipps:<\/strong><\/p>\n\n\n\n<p>\u2026 <a href=\"https:\/\/www.sonnenklar.tv\/blog\/wandern-kroatien\/\" target=\"_blank\" rel=\"noreferrer noopener\">Wandern in Kroatien<\/a><\/p>\n\n\n\n<p>\u2026 <a href=\"https:\/\/www.sonnenklar.tv\/blog\/wandern-auf-malta-die-schoensten-routen\/\" target=\"_blank\" rel=\"noreferrer noopener\">Wandern auf Malta<\/a><\/p>\n\n\n\n<p>\u2026 <a href=\"https:\/\/www.sonnenklar.tv\/blog\/wandern-sardinien\/\" target=\"_blank\" rel=\"noreferrer noopener\">Wandern auf Sardinien<\/a>.<\/p>\n\n\n\n<h2 class=\"wp-block-heading\">Unsere Lieblingswanderrouten auf Madeira<\/h2>\n\n\n\n<p>Vom kleinen Spaziergang f\u00fcr diejenigen, die nicht so oft wandern gehen bis zu Touren, die euch durch alpines Gel\u00e4nde f\u00fchren, hier kommen unsere Favoriten f\u00fcr die sch\u00f6nsten Wanderwege auf Madeira. Mit diesen Touren bekommt ihr einen guten Einblick in die Vielfalt der Insel.<\/p>\n\n\n\n<h3 class=\"wp-block-heading\"><a name=\"wanderung-levada-do-barreiro-madeira\"><\/a>Leichte Wanderung PR 4 Levada do Barreiro<\/h3>\n\n\n\n<p>Diese Tour beginnt an der Stra\u00dfe, die zum Pico do Areeiro f\u00fchrt. Nach einem kurzen Anstieg kommt ihr zu einer Art Iglu aus Stein. Dies wurde vor 200 Jahren als Schneespeicher errichtet, um Eis f\u00fcr die Stadt Funchal zu haben. Da es auf Madeira aber nur sehr selten Schnee gibt und wir heute K\u00fchlschr\u00e4nke haben, ist er nicht mehr in Gebrauch.<\/p>\n\n\n\n<p>Der Pfad f\u00fchrt euch die meiste Zeit bergabw\u00e4rts durch die Heidelandschaft des Naturparks von Funchal entlang der Levada do Barreiro oberhalb des Tals des Ribeira de Santa Luzia. Einen besonders sch\u00f6nen Blick \u00fcber das Flusstal und Funchal genie\u00dft ihr vom Aussichtspunkt Barreiro.<\/p>\n\n\n\n<figure class=\"wp-block-image alignnone size-full wp-image-17524\"><img decoding=\"async\" width=\"880\" height=\"450\" src=\"https:\/\/www.sonnenklar.tv\/blog\/wp-content\/uploads\/2021\/02\/Madeira_View-from-Pico-dos-Barcelos-over-Funchal.jpg\" alt=\"Blumen vor dem Panorama von Funchal auf Madeira\" class=\"wp-image-17524\" srcset=\"https:\/\/www.sonnenklar.tv\/blog\/wp-content\/uploads\/2021\/02\/Madeira_View-from-Pico-dos-Barcelos-over-Funchal.jpg 880w, https:\/\/www.sonnenklar.tv\/blog\/wp-content\/uploads\/2021\/02\/Madeira_View-from-Pico-dos-Barcelos-over-Funchal-800x409.jpg 800w, https:\/\/www.sonnenklar.tv\/blog\/wp-content\/uploads\/2021\/02\/Madeira_View-from-Pico-dos-Barcelos-over-Funchal-18x9.jpg 18w, https:\/\/www.sonnenklar.tv\/blog\/wp-content\/uploads\/2021\/02\/Madeira_View-from-Pico-dos-Barcelos-over-Funchal-150x77.jpg 150w, https:\/\/www.sonnenklar.tv\/blog\/wp-content\/uploads\/2021\/02\/Madeira_View-from-Pico-dos-Barcelos-over-Funchal-450x230.jpg 450w, https:\/\/www.sonnenklar.tv\/blog\/wp-content\/uploads\/2021\/02\/Madeira_View-from-Pico-dos-Barcelos-over-Funchal-768x393.jpg 768w, https:\/\/www.sonnenklar.tv\/blog\/wp-content\/uploads\/2021\/02\/Madeira_View-from-Pico-dos-Barcelos-over-Funchal-300x153.jpg 300w\" sizes=\"(max-width: 880px) 100vw, 880px\" \/><figcaption class=\"wp-element-caption\">Malerisch an den H\u00e4ngen gelegen: Funchal die Hauptstadt von Madeira<\/figcaption><\/figure>\n\n\n\n<p>An der Casa do Barreiro endet der Weg. Dort gibt es dann auch Einkehrm\u00f6glichkeiten. Wenn ihr noch etwas l\u00e4nger wandern wollt, k\u00f6nnt ihr von hier noch bis in Zentrum von Monte gehen.<\/p>\n\n\n\n<p><em>Schwierigkeitsgrad<\/em>: leicht<\/p>\n\n\n\n<p><em>L\u00e4nge<\/em>: ca. 5 Kilometer<\/p>\n\n\n\n<p><em>Dauer<\/em>: etwas \u00fcber 2 Stunden<\/p>\n\n\n\n<p><em>H\u00f6henmeter<\/em>: 675 Meter<\/p>\n\n\n\n<p><em>Anfahrt<\/em>: Am Poiso Pass auf die Stra\u00dfe zum Pico do Areeiro abbiegen und unterhalb des Po\u00e7o da Neve parken.<\/p>\n\n\n\n<h3 class=\"wp-block-heading\"><a name=\"wanderung-vereda-dos-balcoes-madeira\"><\/a>Leichte Wanderung PR11 Vereda dos Balc\u00f5es<\/h3>\n\n\n\n<p>Diese Tour startet in Ribeiro Frio und f\u00fchrt euch entlang der Levada Serra do Faial. An dieser wachsen Lorbeer- und Madeira-Mahagonib\u00e4ume und diverse endemische Blumen. Unterwegs k\u00f6nnt ihr mit ein bisschen Gl\u00fcck auch diverse Vogelarten sehen und h\u00f6ren.<\/p>\n\n\n\n<p>Das Ziel dieser Wanderung ist der Aussichtspunkt Miradouro dos Balc\u00f5es, von dem ihr einen tollen Ausblick auf mit Lorbeerwald bewachsenen T\u00e4ler des Naturparks Riberio Frio, die Teil des \u00d6koschutzsystems Natura 2000 sind, genie\u00dft. In der Ferne k\u00f6nnt ihr die h\u00f6chsten Gipfel der Insel, den Pico do Areeiro und den Pico Ruivo erblicken.<\/p>\n\n\n\n<figure class=\"wp-block-image alignnone size-full wp-image-17603\"><img decoding=\"async\" width=\"880\" height=\"450\" src=\"https:\/\/www.sonnenklar.tv\/blog\/wp-content\/uploads\/2021\/02\/Miradouro-dos-Balcoes.jpg\" alt=\"Miradouro dos Balcoes auf Madeira\" class=\"wp-image-17603\" srcset=\"https:\/\/www.sonnenklar.tv\/blog\/wp-content\/uploads\/2021\/02\/Miradouro-dos-Balcoes.jpg 880w, https:\/\/www.sonnenklar.tv\/blog\/wp-content\/uploads\/2021\/02\/Miradouro-dos-Balcoes-300x153.jpg 300w, https:\/\/www.sonnenklar.tv\/blog\/wp-content\/uploads\/2021\/02\/Miradouro-dos-Balcoes-768x393.jpg 768w\" sizes=\"(max-width: 880px) 100vw, 880px\" \/><figcaption class=\"wp-element-caption\">Ein fantastischer Ausblick: Der Miradouro dos Balcoes<\/figcaption><\/figure>\n\n\n\n<p>Au\u00dferdem seht ihr von hier das Wasserkraftwerk von Faj\u00e3 da Nogueira, das den kompletten Strombedarf der Gemeinde Santana deckt. Zur\u00fcck geht es auf dem gleichen Weg. Da diese Wanderung recht kurz ist, habt ihr bestimmt noch gen\u00fcgend Energie, um euch in dem kleinen \u00d6rtchen etwas umzuschauen. Wir empfehlen euch, die Wanderung so zu legen, dass ihr davor oder danach im \u00f6rtlichen Restaurant eine der fangfrischen Forellen der benachbarten Zucht essen k\u00f6nnt.<\/p>\n\n\n\n<p><em>Schwierigkeitsgrad<\/em>: leicht<\/p>\n\n\n\n<p><em>L\u00e4nge<\/em>: ca. 3 Kilometer<\/p>\n\n\n\n<p><em>Dauer<\/em>: ca. 1,5 Stunden<\/p>\n\n\n\n<p><em>H\u00f6henmeter<\/em>: 10 Meter<\/p>\n\n\n\n<p><em>Anfahrt<\/em>: Von Funchal \u00fcber die ER 203 oder ER103 nach Ribeiro Frio.<\/p>\n\n\n\n<h3 class=\"wp-block-heading\"><a name=\"wanderung-ein-weg-fuer-alle-madeira\"><\/a>Leichte Wanderung Queimadas \u2013 ein Weg f\u00fcr alle<\/h3>\n\n\n\n<p>Dieser Weg wurde f\u00fcr Menschen mit eingeschr\u00e4nkter Mobilit\u00e4t geschaffen, damit auch sie einen Eindruck der einzigartigen Natur Madeiras erhalten k\u00f6nnen. Er verl\u00e4uft entlang der Levada do Caldeir\u00e3o Verde durch einen Lorbeerwald, der sich immer mehr zu einem Tropenwald mit eingef\u00fchrten B\u00e4umen verwandelt.<\/p>\n\n\n\n<figure class=\"wp-block-image alignnone size-full wp-image-17602\"><img loading=\"lazy\" decoding=\"async\" width=\"880\" height=\"450\" src=\"https:\/\/www.sonnenklar.tv\/blog\/wp-content\/uploads\/2021\/02\/Queimadas-auf-Madeira-in-Portugal.jpg\" alt=\"Queimadas auf Madeira\" class=\"wp-image-17602\" srcset=\"https:\/\/www.sonnenklar.tv\/blog\/wp-content\/uploads\/2021\/02\/Queimadas-auf-Madeira-in-Portugal.jpg 880w, https:\/\/www.sonnenklar.tv\/blog\/wp-content\/uploads\/2021\/02\/Queimadas-auf-Madeira-in-Portugal-300x153.jpg 300w, https:\/\/www.sonnenklar.tv\/blog\/wp-content\/uploads\/2021\/02\/Queimadas-auf-Madeira-in-Portugal-768x393.jpg 768w\" sizes=\"(max-width: 880px) 100vw, 880px\" \/><figcaption class=\"wp-element-caption\">Hier l\u00e4sst sich die Natur mit allen Sinnen erfahren: Der Queimadas Wanderweg<\/figcaption><\/figure>\n\n\n\n<p>Menschen, die nicht gut sehen k\u00f6nnen, lauschen dem leise dahin pl\u00e4tschernden Wasser, riechen den Duft des feuchten Waldbodens und sp\u00fcren die w\u00e4rmenden Sonnenstrahlen zwischen den B\u00e4umen. Somit erlebt ihr hier eine Wanderung f\u00fcr alle Sinne. Mitten im Wald auf dem Weg befindet sich eine Schutzh\u00fctte in der typischen Bauart der Gegend mit einem Strohdach.<\/p>\n\n\n\n<p><em>Schwierigkeitsgrad<\/em>: leicht<\/p>\n\n\n\n<p><em>L\u00e4nge<\/em>: ca. 2 Kilometer<\/p>\n\n\n\n<p><em>Dauer<\/em>: ca. 45 Minuten<\/p>\n\n\n\n<p><em>H\u00f6henmeter<\/em>: 20 Meter<\/p>\n\n\n\n<p><em>Anfahrt<\/em>: Von Funchal nach Santana und von dort zum Wald von Queimadas.<\/p>\n\n\n\n<h3 class=\"wp-block-heading\"><a name=\"wanderung-vereda-do-burro-madeira\"><\/a>Leichte Wanderung PR 3 Vereda do Burro<\/h3>\n\n\n\n<p>Dieser Weg startet kurz unterhalb des zweith\u00f6chsten Gipfels von Madeira, dem Pico de Areeiro auf 1805 Metern. Bevor ihr losgeht, solltet ihr euch Zeit nehmen und die traumhafte Aussicht genie\u00dfen. Zun\u00e4chst wandert ihr wieder durch die f\u00fcr die H\u00f6hen Madeiras typische Heidelandschaft und bestaunt dazwischen bizarre Felsformationen. Schon bald erreicht ihr den Po\u00e7o da Neve, den ehemaligen Schneespeicher.<\/p>\n\n\n\n<figure class=\"wp-block-image alignnone size-full wp-image-17590\"><img loading=\"lazy\" decoding=\"async\" width=\"880\" height=\"450\" src=\"https:\/\/www.sonnenklar.tv\/blog\/wp-content\/uploads\/2021\/02\/Pico-De-Arieiro-auf-Madeira-in-Portugal.jpg\" alt=\"Ausblick vom Pico de Arieiro auf Madeira\" class=\"wp-image-17590\" srcset=\"https:\/\/www.sonnenklar.tv\/blog\/wp-content\/uploads\/2021\/02\/Pico-De-Arieiro-auf-Madeira-in-Portugal.jpg 880w, https:\/\/www.sonnenklar.tv\/blog\/wp-content\/uploads\/2021\/02\/Pico-De-Arieiro-auf-Madeira-in-Portugal-300x153.jpg 300w, https:\/\/www.sonnenklar.tv\/blog\/wp-content\/uploads\/2021\/02\/Pico-De-Arieiro-auf-Madeira-in-Portugal-768x393.jpg 768w\" sizes=\"(max-width: 880px) 100vw, 880px\" \/><figcaption class=\"wp-element-caption\">Auf dem Pico de Arieiro seid ihr \u00fcber den Wolken<\/figcaption><\/figure>\n\n\n\n<p>Im weiteren Verlauf kommt ihr immer wieder zu Aussichtspunkten, von denen ihr traumhafte Blicke \u00fcber die Gegend habt. Kurz hinter der Casa do Areeiro erreicht ihr dann den Ribeira das Cales, an dessen Ufern seltene endemische Pflanzen wachsen. Darunter sind auch einzelne Lorbeerb\u00e4ume. In den B\u00e4umen leben viele V\u00f6gel, die euch mit ihrem Gesang verzaubern. Das Ende des Wegs ist der Haupteingang des Naturparks von Funchal.<\/p>\n\n\n\n<p><em>Schwierigkeitsgrad<\/em>: leicht<\/p>\n\n\n\n<p><em>L\u00e4nge<\/em>: ca. 7 Kilometer<\/p>\n\n\n\n<p><em>Dauer<\/em>: ca. 2,5 Stunden<\/p>\n\n\n\n<p><em>H\u00f6henmeter<\/em>: 675 Meter<\/p>\n\n\n\n<p><em>Anfahrt<\/em>: von Funchal nach Poiso und dann \u00fcber eine Bergstra\u00dfe zum Pico Areeiro.<\/p>\n\n\n\n<h3 class=\"wp-block-heading\"><a name=\"wanderung-levada-das-25-fontes-madeira\"><\/a>Mittelschwere Wanderung PR 6 Levada das 25 Fontes<\/h3>\n\n\n\n<p>Diese Tour ist zweifelsohne eine der sch\u00f6nsten Wanderrouten auf Madeira. Schon die Anfahrt ist ein Traum. Im Naturschutzgebiet Raba\u00e7al beginnt die Tour auf etwa 1288 Metern H\u00f6he in der Hochebene Paul da Serra. Von dort f\u00fchrt ein Pfad hinab ins Tal zu einem Forsthaus, in dem ihr euch st\u00e4rken k\u00f6nnt.<\/p>\n\n\n\n<figure class=\"wp-block-image alignnone size-full wp-image-17591\"><img loading=\"lazy\" decoding=\"async\" width=\"880\" height=\"450\" src=\"https:\/\/www.sonnenklar.tv\/blog\/wp-content\/uploads\/2021\/02\/Paul-de-Serra-auf-Madeira-in-Portugal.jpg\" alt=\"Paul de Serra auf Madeira\" class=\"wp-image-17591\" srcset=\"https:\/\/www.sonnenklar.tv\/blog\/wp-content\/uploads\/2021\/02\/Paul-de-Serra-auf-Madeira-in-Portugal.jpg 880w, https:\/\/www.sonnenklar.tv\/blog\/wp-content\/uploads\/2021\/02\/Paul-de-Serra-auf-Madeira-in-Portugal-300x153.jpg 300w, https:\/\/www.sonnenklar.tv\/blog\/wp-content\/uploads\/2021\/02\/Paul-de-Serra-auf-Madeira-in-Portugal-768x393.jpg 768w\" sizes=\"(max-width: 880px) 100vw, 880px\" \/><figcaption class=\"wp-element-caption\">Paul de Serra<\/figcaption><\/figure>\n\n\n\n<p>Nachdem ihr zun\u00e4chst durch eine Heidelandschaft wandert, erreicht ihr bald den Lorbeerwald. Vom Forsthaus aus geht ihr ein St\u00fcck weiter bergab, bis ihr zu einer Weggabelung kommt. Hier folgt ihr dann der Levada do Risco und erreicht schon bald das erste Highlight, den imposanten Risco Wasserfall.<\/p>\n\n\n\n<figure class=\"wp-block-image alignnone size-full wp-image-17597\"><img loading=\"lazy\" decoding=\"async\" width=\"880\" height=\"450\" src=\"https:\/\/www.sonnenklar.tv\/blog\/wp-content\/uploads\/2021\/02\/Madeira_Levada-Wanderweg_25-Fontes-in-Portugal.jpg\" alt=\"Madeira Wanderweg 25 Fontes in Portugal\" class=\"wp-image-17597\" srcset=\"https:\/\/www.sonnenklar.tv\/blog\/wp-content\/uploads\/2021\/02\/Madeira_Levada-Wanderweg_25-Fontes-in-Portugal.jpg 880w, https:\/\/www.sonnenklar.tv\/blog\/wp-content\/uploads\/2021\/02\/Madeira_Levada-Wanderweg_25-Fontes-in-Portugal-300x153.jpg 300w, https:\/\/www.sonnenklar.tv\/blog\/wp-content\/uploads\/2021\/02\/Madeira_Levada-Wanderweg_25-Fontes-in-Portugal-768x393.jpg 768w\" sizes=\"(max-width: 880px) 100vw, 880px\" \/><figcaption class=\"wp-element-caption\">Der 25 Fontes Wanderweg f\u00fchrt entlang malerischer Levadas<\/figcaption><\/figure>\n\n\n\n<p>Von hier habt ihr dann auch einen Blick auf das zweite Highlight, die Lagoa das 25 Fontes. Diesen See erreicht ihr \u00fcber eine zweite Levada. Gespeist wird er aus 25 Quellen, die sich in kleinen Wasserf\u00e4llen ins Tal st\u00fcrzen. Ein echt paradiesischer Anblick. <strong>Hinweis<\/strong>: Teile der Tour f\u00fchren entlang schmaler Pfade in steilen Abh\u00e4ngen. Schwindelfreiheit ist also Bedingung.<\/p>\n\n\n\n<p><em>Schwierigkeitsgrad<\/em> : Mittel<\/p>\n\n\n\n<p><em>L\u00e4nge<\/em>: ca. 9 Kilometer<\/p>\n\n\n\n<p><em>Dauer<\/em>: 3 Stunden<\/p>\n\n\n\n<p><em>H\u00f6henmeter<\/em>: 288 Meter<\/p>\n\n\n\n<p><em>Anfahrt<\/em>: \u00dcber die Passstra\u00dfe ER110 zwischen Serrra de Agua und Vargem oder \u00fcber die schmale Bergstra\u00dfe ER211 ab Calheta.<\/p>\n\n\n\n<h3 class=\"wp-block-heading\"><a name=\"wanderung-levada-caldeirao-verde-madeira\"><\/a>Mittelschwere Wanderung PR 9 Levada do Caldeir\u00e3o Verde<\/h3>\n\n\n\n<p>Auch f\u00fcr diese spektakul\u00e4re Tour solltet ihr schwindelfrei sein. Ausgangspunkt ist der Queimadas Waldparkplatz. Die Levada zweigt Wasser aus dem Fluss Caldeir\u00e3o Verde ab und versorgt die Felder im Dorf Faial. Der Weg f\u00fchrt euch an steilen H\u00e4ngen entlang und bietet sensationelle Ausblicke in die tiefen, bewaldeten T\u00e4ler im Inselinneren.<\/p>\n\n\n\n<figure class=\"wp-block-image alignnone size-full wp-image-17595\"><img loading=\"lazy\" decoding=\"async\" width=\"880\" height=\"450\" src=\"https:\/\/www.sonnenklar.tv\/blog\/wp-content\/uploads\/2021\/02\/Levada-do-Caldeirao-Verde-auf-Madeira-in-Portugal.jpg\" alt=\"Levada do Caldeir\u00e3o Verde auf Madeira\" class=\"wp-image-17595\" srcset=\"https:\/\/www.sonnenklar.tv\/blog\/wp-content\/uploads\/2021\/02\/Levada-do-Caldeirao-Verde-auf-Madeira-in-Portugal.jpg 880w, https:\/\/www.sonnenklar.tv\/blog\/wp-content\/uploads\/2021\/02\/Levada-do-Caldeirao-Verde-auf-Madeira-in-Portugal-300x153.jpg 300w, https:\/\/www.sonnenklar.tv\/blog\/wp-content\/uploads\/2021\/02\/Levada-do-Caldeirao-Verde-auf-Madeira-in-Portugal-768x393.jpg 768w\" sizes=\"(max-width: 880px) 100vw, 880px\" \/><figcaption class=\"wp-element-caption\">Den Levada do Caldeir\u00e3o Verde s\u00e4umen bunte Bl\u00fcten<\/figcaption><\/figure>\n\n\n\n<p>Neben den mit Drahtseilen gesicherten Pfaden, die sich an der Levada entlangschl\u00e4ngeln, f\u00fchrt euch die Wanderung auch durch ein paar Tunnel, die hier in den Fels gehauen wurden. Ihr solltet also eine Lichtquelle bei euch haben. Unterwegs habt ihr dann auch einen tollen Blick auf das kleine traditionelle Dorf Achada do Marques mit seinen f\u00fcr die Region typischen Spitzdachh\u00e4usern, die mit Stroh gedeckt sind.<\/p>\n\n\n\n<p>Ein weiteres Highlight ist der Blick auf den Caldeir\u00e3o Verde See, der von einem etwa 100 Meter hohen Wasserfall gespeist wird.<\/p>\n\n\n\n<p><em>Schwierigkeitsgrad<\/em>: Mittel<\/p>\n\n\n\n<p><em>L\u00e4nge<\/em>: ca. 17 Kilometer<\/p>\n\n\n\n<p><em>Dauer<\/em>: ca. 5,5 Stunden H\u00f6henmeter: 143 Meter<\/p>\n\n\n\n<p><em>Anfahrt<\/em>: \u00dcber eine schmale Bergstra\u00dfe ab Santana zum Parkplatz Queimadas.<\/p>\n\n\n\n<h3 class=\"wp-block-heading\"><a name=\"wanderung-vereda-das-fundras-madeira\"><\/a>Mittelschwere Wanderung PR 5 Verda das Funduras<\/h3>\n\n\n\n<p>Am Aussichtspunkt Miradouro da Portela wo die ER102 auf die ER108 trifft, beginnt diese landschaftlich sehr reizvolle Tour. Bevor ihr losgeht, solltet ihr noch den fantastischen Ausblick \u00fcber die D\u00f6rfer Porto da Cruz und Faial genie\u00dfen. Diese werden \u00fcberragt von der Penha d\u2019\u00c1guia. Dahinter erstreckt sich das weite Blau des Atlantiks.<\/p>\n\n\n\n<p>Von hier geht es dann in einen Lorbeerwald, der Teil des EU-Schutzprogramms Natura 2000 und auch UNESCO-Weltnaturerbe ist. Fast eben f\u00fchrt euch der Weg durch den Wald, der einen Gro\u00dfteil des ben\u00f6tigten Wassers aus den Nebeln zieht, die hier vom Meer her die Berge hinauf steigen. Etwa auf halber Strecke erreicht ihr dann die Casa das Funduras, eine Forststation.<\/p>\n\n\n\n<figure class=\"wp-block-image alignnone size-full wp-image-17510\"><img loading=\"lazy\" decoding=\"async\" width=\"880\" height=\"450\" src=\"https:\/\/www.sonnenklar.tv\/blog\/wp-content\/uploads\/2021\/02\/Lorbeerwald-auf-Gran-Canaria.jpg\" alt=\"Wanderpfad durch dichten Urwald auf Gran Canaria\" class=\"wp-image-17510\" srcset=\"https:\/\/www.sonnenklar.tv\/blog\/wp-content\/uploads\/2021\/02\/Lorbeerwald-auf-Gran-Canaria.jpg 880w, https:\/\/www.sonnenklar.tv\/blog\/wp-content\/uploads\/2021\/02\/Lorbeerwald-auf-Gran-Canaria-300x153.jpg 300w, https:\/\/www.sonnenklar.tv\/blog\/wp-content\/uploads\/2021\/02\/Lorbeerwald-auf-Gran-Canaria-768x393.jpg 768w\" sizes=\"(max-width: 880px) 100vw, 880px\" \/><figcaption class=\"wp-element-caption\">Im Lorbeerwald f\u00fchlt man sich schnell wie im Dschungel<\/figcaption><\/figure>\n\n\n\n<p>Hier zweigt ein Weg zum Miradouro Larano ab, von dem ihr einen atemberaubenden Blick auf die Bucht von Machico und die s\u00fcdlich von Madeira gelegenen Ilhas Desertas genie\u00dft. Kurz darauf beginnt der Abstieg durch die typischen Terrassenfelder \u201ePoios\u201c zum Endpunkt in Maro\u00e7os.<\/p>\n\n\n\n<p><em>Schwierigkeitsgrad<\/em>: Mittel<\/p>\n\n\n\n<p><em>L\u00e4nge<\/em>: ca. 9 Kilometer<\/p>\n\n\n\n<p><em>Dauer<\/em>: ca. 3 Stunden<\/p>\n\n\n\n<p><em>H\u00f6henmeter<\/em>: 438 Meter<\/p>\n\n\n\n<p><em>Anfahrt<\/em>: Von Funchal \u00fcber die ER102 zur Kreuzung mit der ER108 zum Parkplatz des Miradouro da Portela.<\/p>\n\n\n\n<h3 class=\"wp-block-heading\"><a name=\"wanderung-vereda-do-areeiro-madeira\"><\/a>Schwere Wanderung PR1 Vereda do Areeiro<\/h3>\n\n\n\n<p>Diese Tour bringt euch vom zweith\u00f6chsten Gipfel (1817 Meter) der Insel auf den H\u00f6chsten (1862 Meter) und geh\u00f6rt zu den anstrengendsten Touren, die Madeira zu bieten hat. Vom Gipfel des Areeiro habt ihr zun\u00e4chst mal einen Panoramablick \u00fcber das Herz der Insel. Die Tour f\u00fchrt euch dann \u00fcber eine in den Fels gehauene Steintreppe steil hinauf zum Gipfel Pico das Torres bevor ihr in das Tal Faj\u00e3 da Nogueira, in dem viele seltene Vogelarten br\u00fcten, hinabsteigt.<\/p>\n\n\n\n<figure class=\"wp-block-image alignnone size-full wp-image-17594\"><img loading=\"lazy\" decoding=\"async\" width=\"880\" height=\"450\" src=\"https:\/\/www.sonnenklar.tv\/blog\/wp-content\/uploads\/2021\/02\/Weg-zum-Pico-Ruivo-auf-der-Insel-Madeira-in-Portugal.jpg\" alt=\"Wanderweg zum Pico Ruivo auf Madeira\" class=\"wp-image-17594\" srcset=\"https:\/\/www.sonnenklar.tv\/blog\/wp-content\/uploads\/2021\/02\/Weg-zum-Pico-Ruivo-auf-der-Insel-Madeira-in-Portugal.jpg 880w, https:\/\/www.sonnenklar.tv\/blog\/wp-content\/uploads\/2021\/02\/Weg-zum-Pico-Ruivo-auf-der-Insel-Madeira-in-Portugal-300x153.jpg 300w, https:\/\/www.sonnenklar.tv\/blog\/wp-content\/uploads\/2021\/02\/Weg-zum-Pico-Ruivo-auf-der-Insel-Madeira-in-Portugal-768x393.jpg 768w\" sizes=\"(max-width: 880px) 100vw, 880px\" \/><figcaption class=\"wp-element-caption\">Der Weg zum Pico Ruivo f\u00fchrt teilweise an der K\u00fcste entlang<\/figcaption><\/figure>\n\n\n\n<p>Von diesem Tal f\u00fchrt euch dann ein weiterer steiler Anstieg hinauf auf den Gipfel des Pico Ruivo. Kurz unterhalb des Gipfels gibt es die M\u00f6glichkeit f\u00fcr eine Rast in der Casa de Abrigo. Entlang dieser Route kommt ihr an diversen H\u00f6hlen vorbei, die sich die Hirten fr\u00fcher als Unterschlupf in den Stein gehauen haben. Au\u00dferdem beeindruckt die Flora mit einer Vielzahl an endemischen Pflanzen.<\/p>\n\n\n\n<figure class=\"wp-block-image alignnone size-full wp-image-17593\"><img loading=\"lazy\" decoding=\"async\" width=\"880\" height=\"450\" src=\"https:\/\/www.sonnenklar.tv\/blog\/wp-content\/uploads\/2021\/02\/Wanderer-auf-dem-Pico-Ruivo-auf-Madeira-in-Portugal.jpg\" alt=\"Wanderer auf dem Pico Ruivo\" class=\"wp-image-17593\" srcset=\"https:\/\/www.sonnenklar.tv\/blog\/wp-content\/uploads\/2021\/02\/Wanderer-auf-dem-Pico-Ruivo-auf-Madeira-in-Portugal.jpg 880w, https:\/\/www.sonnenklar.tv\/blog\/wp-content\/uploads\/2021\/02\/Wanderer-auf-dem-Pico-Ruivo-auf-Madeira-in-Portugal-300x153.jpg 300w, https:\/\/www.sonnenklar.tv\/blog\/wp-content\/uploads\/2021\/02\/Wanderer-auf-dem-Pico-Ruivo-auf-Madeira-in-Portugal-768x393.jpg 768w\" sizes=\"(max-width: 880px) 100vw, 880px\" \/><figcaption class=\"wp-element-caption\">Der Pico Ruivo ist ein beliebtes Ziel f\u00fcr Wanderer<\/figcaption><\/figure>\n\n\n\n<p>Es gibt zwei Varianten des Weges der westliche (VO) f\u00fchrt euch durch eine Reihe von Tunneln (Taschen- oder Stirnlampen nicht vergessen), w\u00e4hrend der \u00f6stliche (VE) \u00fcber den Pico das Torres f\u00fchrt. Dieser \u00f6stliche Pfad ist aber derzeit nicht begehbar.<\/p>\n\n\n\n<p><em>Schwierigkeitsgrad<\/em>: Schwer<\/p>\n\n\n\n<p><em>L\u00e4nge<\/em>: ca. 6 Kilomter (VO), ca. 7 Kilometer (VE)<\/p>\n\n\n\n<p><em>Dauer<\/em>: ca. 3,5 Stunden<\/p>\n\n\n\n<p><em>H\u00f6henmeter (kumuliert)<\/em>: 1172 Meter<\/p>\n\n\n\n<p><em>Anfahrt<\/em>: Von Poiso \u00fcber eine schmale Bergstra\u00dfe zum Parkplatz am Gipfel des Pico Areerio.<\/p>\n\n\n\n<h3 class=\"wp-block-heading\"><a name=\"wanderung-vereda-do-encumeada-madeira\"><\/a>Schwere Wanderung PR 1.3 Vereda da Encumeada<\/h3>\n\n\n\n<p>Dieser herausfordernde Kammweg beginnt direkt unterhalb des Pico Ruivo, dem h\u00f6chsten Gipfel Madeiras, und verl\u00e4uft in westlicher Richtung hoch \u00fcber steile, waldreiche H\u00e4nge bis zum Gebirgspass bei Encumeada. Ihr beginnt die Tour am Parkplatz an der Achada do Teixeira, von wo ihr zun\u00e4chst auf einem fast ebenen Weg zur Casa de Abrigo unterhalb des Gipfels des Pico Ruivo geht. Dieser Teil der Strecke ist gut geeignet zum Aufw\u00e4rmen.<\/p>\n\n\n\n<figure class=\"wp-block-image alignnone size-full wp-image-17599\"><img loading=\"lazy\" decoding=\"async\" width=\"880\" height=\"450\" src=\"https:\/\/www.sonnenklar.tv\/blog\/wp-content\/uploads\/2021\/02\/Boca-de-Encumeada-auf-Madeira-in-Portugal.jpg\" alt=\"Boca de Encumeada auf Madeira in Portugal\" class=\"wp-image-17599\" srcset=\"https:\/\/www.sonnenklar.tv\/blog\/wp-content\/uploads\/2021\/02\/Boca-de-Encumeada-auf-Madeira-in-Portugal.jpg 880w, https:\/\/www.sonnenklar.tv\/blog\/wp-content\/uploads\/2021\/02\/Boca-de-Encumeada-auf-Madeira-in-Portugal-300x153.jpg 300w, https:\/\/www.sonnenklar.tv\/blog\/wp-content\/uploads\/2021\/02\/Boca-de-Encumeada-auf-Madeira-in-Portugal-768x393.jpg 768w\" sizes=\"(max-width: 880px) 100vw, 880px\" \/><figcaption class=\"wp-element-caption\">Die Boca de Encumeada<\/figcaption><\/figure>\n\n\n\n<p>Etwas oberhalb der H\u00fctte folgt dann der Einstieg in den eigentlichen Weg zum Encumeada-Pass. Auf diesem Weg habt ihr einige Auf- und Abstiege zu bew\u00e4ltigen. Zun\u00e4chst geht ihr noch durch lichten Heidewald und kommt immer wieder an in den Fels geschlagenen H\u00f6hlen, sogenannten Furnas, vorbei. An der Wegkreuzung Boca das Torrinhas habt ihr dann einen traumhaften Ausblick in eines der sch\u00f6nsten T\u00e4ler Madeiras, das Curral das Freiras.<\/p>\n\n\n\n<div class=\"mceTemp\"><\/div>\n\n\n\n<figure class=\"wp-block-image alignnone size-full wp-image-17589\"><img loading=\"lazy\" decoding=\"async\" width=\"880\" height=\"450\" src=\"https:\/\/www.sonnenklar.tv\/blog\/wp-content\/uploads\/2021\/02\/Serra-de-Agua-auf-Madeira-in-Portugal.jpg\" alt=\"Serra de Agua auf Madeira\" class=\"wp-image-17589\" srcset=\"https:\/\/www.sonnenklar.tv\/blog\/wp-content\/uploads\/2021\/02\/Serra-de-Agua-auf-Madeira-in-Portugal.jpg 880w, https:\/\/www.sonnenklar.tv\/blog\/wp-content\/uploads\/2021\/02\/Serra-de-Agua-auf-Madeira-in-Portugal-300x153.jpg 300w, https:\/\/www.sonnenklar.tv\/blog\/wp-content\/uploads\/2021\/02\/Serra-de-Agua-auf-Madeira-in-Portugal-768x393.jpg 768w\" sizes=\"(max-width: 880px) 100vw, 880px\" \/><figcaption class=\"wp-element-caption\">Gr\u00fcn soweit das Auge reicht: Serra de Agua<\/figcaption><\/figure>\n\n\n\n<p>Weiter geht es \u00fcber den Bergkamm nach unten und schon bald taucht ihr wieder in den f\u00fcr die Insel so typischen Lorbeerwald. Doch auch auf diesem Teilst\u00fcck bieten sich euch immer wieder tolle Ausblicke zum einen auf die bergige Landschaft der Serra d\u2019Agua und auf der Nordseite in die T\u00e4ler um S\u00e3o Vicente. Am Pass von Encumeada erwartet euch dann eine Snackbar mit kleinen St\u00e4rkungen. Eine wirklich aussichtsreiche Tour!<\/p>\n\n\n\n<p><em>Schwierigkeitsgrad<\/em>: schwer<\/p>\n\n\n\n<p><em>L\u00e4nge<\/em>: 14 Kilometer<\/p>\n\n\n\n<p><em>Dauer<\/em>: ca. 6 Stunden<\/p>\n\n\n\n<p><em>H\u00f6henmeter<\/em>: 843 Meter<\/p>\n\n\n\n<p><em>Anfahrt<\/em>: Da diese Tour als Rundweg zu lang wird, solltet ihr mit \u00f6ffentlichen Verkehrsmitteln anreisen. Zur Achada do Teixeira nehmt ihr den Bus nach Santana und von dort m\u00fcsst ihr mit dem Taxi zum Startpunkt. Vom Encumeada Pass gibt es einen Bus, der in knapp zwei Stunden zur\u00fcck nach Funchal f\u00e4hrt. Ihr solltet also sehr fr\u00fch aufbrechen. Auch wenn die An- und R\u00fcckfahrt viel Zeit in Anspruch nehmen, solltet ihr diese Tour unbedingt machen. Es lohnt sich!<\/p>\n\n\n\n<h3 class=\"wp-block-heading\"><a name=\"wanderung-vereda-do-urzal-madeira\"><\/a>Schwere Wanderung PR 2 Vereda do Urzal<\/h3>\n\n\n\n<p>Das Nonnental, Curral das Freiras, z\u00e4hlt zu den sch\u00f6nsten T\u00e4lern Madeiras. Schon die Anreise in dieses beschauliche Dorf ist ein Erlebnis. Da es so abgeschieden liegt, leben die meisten Menschen hier heute noch von dem, was sie selbst anbauen. Vor allem von Kastanien.<\/p>\n\n\n\n<figure class=\"wp-block-image alignnone size-full wp-image-17604\"><img loading=\"lazy\" decoding=\"async\" width=\"880\" height=\"450\" src=\"https:\/\/www.sonnenklar.tv\/blog\/wp-content\/uploads\/2021\/02\/Nonnental-auf-Madeira-in-Portugal.jpg\" alt=\"Nonnental auf Madeira\" class=\"wp-image-17604\" srcset=\"https:\/\/www.sonnenklar.tv\/blog\/wp-content\/uploads\/2021\/02\/Nonnental-auf-Madeira-in-Portugal.jpg 880w, https:\/\/www.sonnenklar.tv\/blog\/wp-content\/uploads\/2021\/02\/Nonnental-auf-Madeira-in-Portugal-300x153.jpg 300w, https:\/\/www.sonnenklar.tv\/blog\/wp-content\/uploads\/2021\/02\/Nonnental-auf-Madeira-in-Portugal-768x393.jpg 768w\" sizes=\"(max-width: 880px) 100vw, 880px\" \/><figcaption class=\"wp-element-caption\">Das Nonnental auf Madeira bietet vielf\u00e4ltige Natur<\/figcaption><\/figure>\n\n\n\n<p>Die Wanderung beginnt am Ende des Tals in Faj\u00e3 dos Cardos, das ihr mit dem Bus erreichen k\u00f6nnt. Die Route folgt einem alten Weg, den die Einheimischen nutzten, um vom S\u00fcden der Insel in den Norden zu gelangen. Ein etwas l\u00e4ngerer Anstieg bringt euch zun\u00e4chst auf den Bergkamm bei der Boca das Torrinhas. Hier kreuzt der Weg zum Encumeada-Pass.<\/p>\n\n\n\n<p>Weiter geht es wie beim Aufstieg durch den Lorbeerwald nun abw\u00e4rts. Diese W\u00e4lder sind ein mystischer Ort und oftmals ist es hier etwas neblig. Sie sind zu Recht Teil des UNESCO-Weltnaturerbes. Entlang des Weges habt ihr auch aber immer wieder traumhafte Ausblicke auf die gr\u00fcnen Berge der Umgebung. Nach der Ankunft in Lombo do Urzal ist es dann noch ein kurzer Weg bis zur Bushaltestelle an der Faj\u00e3 do Penedo, von wo aus ihr mit dem Bus nach Funchal fahren k\u00f6nnt.<\/p>\n\n\n\n<p><em>Schwierigkeitsgrad<\/em>: schwer<\/p>\n\n\n\n<p><em>L\u00e4nge<\/em>: ca. 10 Kilometer<\/p>\n\n\n\n<p><em>Dauer<\/em>: ca. 4,5 Stunden<\/p>\n\n\n\n<p><em>H\u00f6henmeter<\/em>: 930 Meter<\/p>\n\n\n\n<p><em>Anfahrt<\/em>: Mit dem Bus von Funchal nach Curral das Freiras zur Endstation Faj\u00e3 dos Cardos.<\/p>\n\n\n\n<h3 class=\"wp-block-heading\"><a name=\"wanderung-caminho-real-da-encumeada-madeira\"><\/a>Schwere Wanderung PR12 Caminho Real da Encumeada<\/h3>\n\n\n\n<p>Auch f\u00fcr diese Wanderung solltet ihr die \u00f6ffentlichen Verkehrsmittel nutzen. Von Jardim da Serra geht ihr zun\u00e4chst zum Miradouro Boca da Corrida. Dort beginnt der ehemals k\u00f6nigliche Pfad, der f\u00fcr die Adligen die Hauptroute war, um vom S\u00fcden der Insel in den Norden zu gelangen. Erkennbar war das daran, dass der Weg gepflastert war. Vom Boca da Corrida habt ihr einen traumhaften Blick auf das malerische Tal von Curral das Freiras.<\/p>\n\n\n\n<figure class=\"wp-block-image alignnone size-full wp-image-17601\"><img loading=\"lazy\" decoding=\"async\" width=\"880\" height=\"450\" src=\"https:\/\/www.sonnenklar.tv\/blog\/wp-content\/uploads\/2021\/02\/Boca-da-Corida-Wanderweg-auf-Madeira.jpg\" alt=\"Boca da Corrida Wanderweg auf Madeira\" class=\"wp-image-17601\" srcset=\"https:\/\/www.sonnenklar.tv\/blog\/wp-content\/uploads\/2021\/02\/Boca-da-Corida-Wanderweg-auf-Madeira.jpg 880w, https:\/\/www.sonnenklar.tv\/blog\/wp-content\/uploads\/2021\/02\/Boca-da-Corida-Wanderweg-auf-Madeira-300x153.jpg 300w, https:\/\/www.sonnenklar.tv\/blog\/wp-content\/uploads\/2021\/02\/Boca-da-Corida-Wanderweg-auf-Madeira-768x393.jpg 768w\" sizes=\"(max-width: 880px) 100vw, 880px\" \/><figcaption class=\"wp-element-caption\">Anstrengend, aber das ist es wert: Wandern auf dem Boca da Corrida<\/figcaption><\/figure>\n\n\n\n<p>Die Route windet sich etwas oberhalb des Tals zun\u00e4chst Richtung Gipfel Pico Grande entlang einer Levada durch teilweise dichten Lorbeerwald. Es bieten sich aber immer wieder auch tolle Ausblicke auf die Berge, die die Insel teilen. Nachdem ihr den Pico Grande umrundet habt, taucht unter euch die Ortschaft Serra d\u2019Agua und die Encumeada auf. \u00dcber diese Hochebene erreicht ihr dann den Pass bei Encumeada, wo ihr euch st\u00e4rken k\u00f6nnt, bevor ihr mit dem Bus zur\u00fcckfahrt.<\/p>\n\n\n\n<p><em>Schwierigkeitsgrad<\/em>: schwer<\/p>\n\n\n\n<p><em>L\u00e4nge<\/em>: ca. 12,5 Kilometer<\/p>\n\n\n\n<p><em>Dauer<\/em>: ca. 5 Stunden<\/p>\n\n\n\n<p><em>H\u00f6henmeter<\/em>: 493 Meter<\/p>\n\n\n\n<p><em>Anfahrt<\/em>: Mit dem Bus von Funchal nach Jardim da Serra und von dort zu Fu\u00df zum Miradouro Boca da Corrida.<\/p>\n\n\n\n<p>Die Blumeninsel Madeira ist ein echtes Wanderparadies und ihr werdet staunen, wie vielf\u00e4ltig die Natur hier ist. Eure Touren f\u00fchren euch durch verwunschene Lorbeerw\u00e4lder auf Gipfel mit sensationellen Ausblicken. Der perfekte Ort f\u00fcr eine aktive Auszeit. Was ihr auf Madeira sonst noch alles entdecken k\u00f6nnt, erfahrt ihr in unserem <a href=\"https:\/\/www.sonnenklar.tv\/blog\/madeira-sehenswuerdigkeiten\/\" target=\"_blank\" rel=\"noopener\">Beitrag \u00fcber die sch\u00f6nsten Sehensw\u00fcrdigkeiten und Ausflugsideen auf Madeira<\/a>!<\/p>\n\n\n\n<p>Wenn ihr jetzt auf der Suche nach der passenden Unterkunft f\u00fcr euren Wanderurlaub seid, haben wir einen Tipp f\u00fcr euch. Die <a href=\"https:\/\/www.sonnenklar.tv\/beschreibung\/Portugal\/Madeira_und_Porto_Santo\/Estreito_da_Calheta\/Quinta_Alegre.html\" target=\"_blank\" rel=\"noopener\">Quinta Alegre<\/a> liegt im S\u00fcdwesten der Insel in Calheta und wurde von begeisterten Wanderern f\u00fcr G\u00e4ste, die ebenso gerne wandern, konzipiert. Das Hotel bietet sogar gef\u00fchrte Wanderungen an. Wenn ihr euch lieber selbst auf die Suche nach einer passenden Unterkunft machen wollt, <a href=\"https:\/\/www.sonnenklar.tv\/promo\/madeira-angebote.html\" target=\"_blank\" rel=\"noopener\">findet ihr auf sonnenklar.TV viele Angebote f\u00fcr euren Urlaub auf Madeira.<\/a><\/p>\n","protected":false},"excerpt":{"rendered":"<p>Wandern ist ja gerade wieder gro\u00df in Mode und das v\u00f6llig zu Recht. Dieser Sport bietet euch die M\u00f6glichkeit, sich an der frischen Luft zu bewegen und dabei einzigartige Eindr\u00fccke zu sammeln. In diesem Beitrag stellen wir euch ein ganz besonders sch\u00f6nes Wandergebiet vor. Die Insel Madeira bietet wundersch\u00f6ne Landschaften und dank des milden Klimas<\/p>\n","protected":false},"author":3,"featured_media":17598,"comment_status":"closed","ping_status":"open","sticky":false,"template":"","format":"standard","meta":{"footnotes":""},"categories":[697,560,465],"tags":[180,497],"class_list":{"0":"post-17570","1":"post","2":"type-post","3":"status-publish","4":"format-standard","5":"has-post-thumbnail","7":"category-reisetipps","8":"category-aktivurlaub","9":"category-weitere-laender","10":"tag-portugal","11":"tag-wandern"},"_links":{"self":[{"href":"https:\/\/www.sonnenklar.tv\/blog\/wp-json\/wp\/v2\/posts\/17570","targetHints":{"allow":["GET"]}}],"collection":[{"href":"https:\/\/www.sonnenklar.tv\/blog\/wp-json\/wp\/v2\/posts"}],"about":[{"href":"https:\/\/www.sonnenklar.tv\/blog\/wp-json\/wp\/v2\/types\/post"}],"author":[{"embeddable":true,"href":"https:\/\/www.sonnenklar.tv\/blog\/wp-json\/wp\/v2\/users\/3"}],"replies":[{"embeddable":true,"href":"https:\/\/www.sonnenklar.tv\/blog\/wp-json\/wp\/v2\/comments?post=17570"}],"version-history":[{"count":15,"href":"https:\/\/www.sonnenklar.tv\/blog\/wp-json\/wp\/v2\/posts\/17570\/revisions"}],"predecessor-version":[{"id":39242,"href":"https:\/\/www.sonnenklar.tv\/blog\/wp-json\/wp\/v2\/posts\/17570\/revisions\/39242"}],"wp:featuredmedia":[{"embeddable":true,"href":"https:\/\/www.sonnenklar.tv\/blog\/wp-json\/wp\/v2\/media\/17598"}],"wp:attachment":[{"href":"https:\/\/www.sonnenklar.tv\/blog\/wp-json\/wp\/v2\/media?parent=17570"}],"wp:term":[{"taxonomy":"category","embeddable":true,"href":"https:\/\/www.sonnenklar.tv\/blog\/wp-json\/wp\/v2\/categories?post=17570"},{"taxonomy":"post_tag","embeddable":true,"href":"https:\/\/www.sonnenklar.tv\/blog\/wp-json\/wp\/v2\/tags?post=17570"}],"curies":[{"name":"wp","href":"https:\/\/api.w.org\/{rel}","templated":true}]}}