{"id":17474,"date":"2021-02-15T09:12:13","date_gmt":"2021-02-15T08:12:13","guid":{"rendered":"https:\/\/www.sonnenklar.tv\/blog\/?p=17474"},"modified":"2026-03-27T15:44:16","modified_gmt":"2026-03-27T14:44:16","slug":"sehenswuerdigkeiten-gran-canaria","status":"publish","type":"post","link":"https:\/\/www.sonnenklar.tv\/blog\/urlaubslaender\/sehenswuerdigkeiten-gran-canaria\/","title":{"rendered":"Gran Canarias Sehensw\u00fcrdigkeiten \u2013 mehr als nur Strand"},"content":{"rendered":"\n<p><strong>Dass man auf der drittgr\u00f6\u00dften Kanareninsel das ganze Jahr \u00fcber einen tollen Badeurlaub verbringen kann, wisst ihr ja bestimmt. Aber was bietet die Insel dar\u00fcber hinaus noch so? Wir geben euch Tipps f\u00fcr tolle Erlebnisse abseits des Strands und stellen euch in diesem Beitrag die interessantesten Sehensw\u00fcrdigkeiten und Ausflugsziele auf Gran Canaria vor!<\/strong><\/p>\n\n\n\n<p><strong>Inhaltsverzeichnis<\/strong><\/p>\n\n\n\n<ol class=\"wp-block-list\">\n<li><a href=\"#roque-nublo-gran-canaria\">Roque Nublo<\/a><\/li>\n\n\n\n<li><a href=\"#maspalomas-gran-canaria\">Die D\u00fcnen von Maspalomas<\/a><\/li>\n\n\n\n<li><a href=\"#teror-gran-canaria\">Altstadt von Teror<\/a><\/li>\n\n\n\n<li><a href=\"#jardin-canario-gran-canaria\">Jard\u00edn Canario<\/a><\/li>\n\n\n\n<li><a href=\"#puerto-nieves-gran-canaria\">Puerto de las Nieves<\/a><\/li>\n\n\n\n<li><a href=\"#vegueta-gran-canaria\">Vegueta<\/a><\/li>\n\n\n\n<li><a href=\"#barranco-de-guayadeque-gran-canaria\">Barranco de Guayadeque<\/a><\/li>\n\n\n\n<li><a href=\"#cueva-pintada-gran-canaria\">Arch\u00e4ologiepark Cueva Pintada<\/a><\/li>\n\n\n\n<li><a href=\"#risco-caido-gran-canaria\">Risco Ca\u00eddo<\/a><\/li>\n\n\n\n<li><a href=\"#fataga-gran-canaria\">Fataga<\/a><\/li>\n\n\n\n<li><a href=\"#cenobio-valeron-gran-canaria\">Cenobio de Valer\u00f3n<\/a><\/li>\n\n\n\n<li><a href=\"#pico-pozos-nieves-gran-canaria\">Pico de los Pozos de las Nieves<\/a><\/li>\n\n\n\n<li><a href=\"#san-juan-bautista-gran-canaria\">San Juan Bautista<\/a><\/li>\n\n\n\n<li><a href=\"#tilos-moya-gran-canaria\">Los Tilos de Moya<\/a><\/li>\n\n\n\n<li><a href=\"#palmitos-gran-canaria\">Palmitos Park<\/a><\/li>\n\n\n\n<li><a href=\"#aqualand-gran-canaria\">Aqualand Maspalomas und Lago Taurito Water Park<\/a><\/li>\n\n\n\n<li><a href=\"#poema-mar-gran-canaria\">Poema del Mar<\/a><\/li>\n<\/ol>\n\n\n\n<h2 class=\"wp-block-heading\"><a name=\"mobil-gran-canaria\"><\/a>Mobil auf Gran Canaria- Wie komme ich von A nach B?<\/h2>\n\n\n\n<p>Um die Insel in ihrer ganzen Pracht kennen zu lernen, gibt es mehrere M\u00f6glichkeiten. Wenn ihr Gran Canaria auf individuelle Art erkunden wollt, empfiehlt es sich, ein Auto zu mieten. Das muss ja nicht f\u00fcr den ganzen Zeitraum eures Urlaubs sein. Sucht euch ein paar Tage eures Aufenthaltes aus, an denen ihr die Sehensw\u00fcrdigkeiten Gran Canarias besuchen wollt und mietet das Auto f\u00fcr diesen Zeitraum. F\u00fcr einen entspannten Tag am Strand braucht ihr das Fahrzeug ja nicht.<\/p>\n\n\n\n<p>Wenn ihr nicht selber fahren wollt, k\u00f6nnt ihr die Insel auch mit den blauen Linienbussen von Global oder den gelben Guaguas Municipales erkunden. Diese fahren fast rund um die Uhr und zu fast jeder Ecke auf der Insel. Eine einzelne Fahrt kostet je nach Entfernung zwischen 2,00 Euro und 8,00 Euro. Solltet ihr den Bus \u00f6fters nutzen, k\u00f6nnt ihr vor eurer Anreise eine TransGC Card beim Busunternehmen Global beantragen. Diese Karte ladet ihr dann an einer der Verkaufsstellen mit einem Betrag auf. Je nach H\u00f6he des Betrags gibt es einen Rabatt auf den Fahrpreis. Zwischen 15,00 Euro und 59,00 Euro sind das schon 20 Prozent.<\/p>\n\n\n\n<p>Die Karte scannt ihr dann beim Einsteigen und ein weiteres Mal, wenn ihr den Bus wieder verlasst. Der Fahrpreis wird dann automatisch von eurem Guthaben abgezogen. Beim Aussteigen wird euch immer angezeigt, wie viel Guthaben euch verbleibt. Wenn ihr die Karte einmal habt, k\u00f6nnt ihr die bei jedem Urlaub auf Gran Canaria wieder verwenden.<\/p>\n\n\n<div class=\"wp-block-image size-full wp-image-771\">\n<figure class=\"aligncenter\"><img fetchpriority=\"high\" decoding=\"async\" width=\"831\" height=\"321\" src=\"https:\/\/www.sonnenklar.tv\/blog\/wp-content\/uploads\/2014\/12\/Gran_Canaria.jpg\" alt=\"Filmdreh auf Gran Canaria\" class=\"wp-image-771\" srcset=\"https:\/\/www.sonnenklar.tv\/blog\/wp-content\/uploads\/2014\/12\/Gran_Canaria.jpg 831w, https:\/\/www.sonnenklar.tv\/blog\/wp-content\/uploads\/2014\/12\/Gran_Canaria-300x116.jpg 300w\" sizes=\"(max-width: 831px) 100vw, 831px\" \/><figcaption class=\"wp-element-caption\">Die Stra\u00dfen auf Gran Canaria sind teilweise recht kurvig<\/figcaption><\/figure>\n<\/div>\n\n\n<p>Die komfortabelste Art und Weise sich die Insel anzuschauen, ist bei eurer Reiseleitung im Hotel Ausfl\u00fcge zu buchen. Ihr werdet dann meistens direkt vor eurem Hotel abgeholt und auch dorthin wieder zur\u00fcckgebracht. Ein weiterer Vorteil ist, dass diese Touren von erfahrenen Reiseleitern begleitet werden, die euch w\u00e4hrend dem Ausflug noch mit viel Informationen zu eurem Ausflugsziel unterhalten.<\/p>\n\n\n\n<p>Die Reiseleitung von sonnenklar.TV erkennt ihr \u00fcbrigens am MeetingPoint-Schild, das ihr meist in der N\u00e4he der Rezeption eures Hotels findet. MeetingPoint, unsere Agentur vor, hat ein breites Angebot an Ausfl\u00fcgen, sodass bei eurem Urlaub auf Gran Canaria garantiert keine Langeweile aufkommen wird!<\/p>\n\n\n\n<p>Auf den ersten Blick mag Gran Canaria ja wie eine Insel aus Sand und Felsen wirken, die vom blauen Wasser des Atlantiks umsp\u00fclt wird. <\/p>\n\n\n\n<p><strong>Unser Tipp:<\/strong> Da die Kanaren ganzj\u00e4hrig fast das gleiche Klima haben, sind die Ausflugsziele dort auch ganzj\u00e4hrig bereisbar. Wobei die Naturwunder im Fr\u00fchling noch ein bisschen sch\u00f6ner sind als im Rest des Jahres.<\/p>\n\n\n\n<h2 class=\"wp-block-heading\"><a name=\"roque-nublo-gran-canaria\"><\/a>1. Roque Nublo \u2013 das Wahrzeichen von Gran Canaria<\/h2>\n\n\n\n<p>Zugegeben unser erster Punkt bedient das Klischee von der Felseninsel. Aber diesen Basaltfelsen, der schon den Ureinwohnern heilig war, sollte man gesehen haben. Von Las Palmas aus f\u00fchrt eine teils kurvenreiche Stra\u00dfe an malerischen D\u00f6rfern vorbei hinauf nach Tejeda. Das Dorf ist auch bekannt als das Dorf, das im Wolkenmeer liegt. Von dort f\u00fchrt euch eine kurze Wanderung hinauf auf den 1813 Meter hohen Gipfel, \u00fcber dem der Roque Nublo in den Himmel zeigt.<\/p>\n\n\n<div class=\"wp-block-image size-full wp-image-17495\">\n<figure class=\"aligncenter\"><img decoding=\"async\" width=\"880\" height=\"450\" src=\"https:\/\/www.sonnenklar.tv\/blog\/wp-content\/uploads\/2021\/02\/Roque-Nublo-das-Wahrzeichen-von-Gran-Canaria.jpg\" alt=\"Die Felsen des Roque Nublo auf Gran Canaria\" class=\"wp-image-17495\" srcset=\"https:\/\/www.sonnenklar.tv\/blog\/wp-content\/uploads\/2021\/02\/Roque-Nublo-das-Wahrzeichen-von-Gran-Canaria.jpg 880w, https:\/\/www.sonnenklar.tv\/blog\/wp-content\/uploads\/2021\/02\/Roque-Nublo-das-Wahrzeichen-von-Gran-Canaria-300x153.jpg 300w, https:\/\/www.sonnenklar.tv\/blog\/wp-content\/uploads\/2021\/02\/Roque-Nublo-das-Wahrzeichen-von-Gran-Canaria-768x393.jpg 768w\" sizes=\"(max-width: 880px) 100vw, 880px\" \/><figcaption class=\"wp-element-caption\">Die beeindruckenden Felsen des Roque Nublo<\/figcaption><\/figure>\n<\/div>\n\n\n<p>An klaren Tagen seht ihr von hier hin\u00fcber zum Pico de las Nieves und hinunter zum Meer. Die Umgebung wurde von der UNESCO zum Biosph\u00e4renreservat erkl\u00e4rt und erinnert an eine Mondlandschaft. Wenn da nicht der ein oder andere Baum in eurem Blickfeld w\u00e4re. Zuweilen liegt der Felsen tats\u00e4chlich mitten im Wolkenmeer, was dem Ort dann etwas mystisches verleiht.<\/p>\n\n\n\n<h2 class=\"wp-block-heading\"><a name=\"maspalomas-gran-canaria\"><\/a>2. Die D\u00fcnen von Maspalomas \u2013 die kleine W\u00fcste<\/h2>\n\n\n\n<p>Maspalomas ist einer der beliebtesten Urlaubsorte auf der Insel. Im Ortsteil Meloneras am Ende des Strands von Maspalomas steht ein 60 Meter hoher Leuchtturm, einer der \u00e4ltesten noch funktionierenden der Insel.<\/p>\n\n\n\n<p>Folgt ihr dem Strand in die entgegengesetzte Richtung nach Playa del Ingl\u00e9s, wandert ihr entlang einer einzigartigen D\u00fcnenlandschaft. Der Sand dieser D\u00fcnen leuchtet golden im Sonnenlicht und wenn nicht die vielen Badeg\u00e4ste hier w\u00e4ren, h\u00e4ttet ihr schnell das Gef\u00fchl, euch in der W\u00fcste verlaufen zu haben.<\/p>\n\n\n<div class=\"wp-block-image size-full wp-image-2646\">\n<figure class=\"aligncenter\"><img decoding=\"async\" width=\"900\" height=\"450\" src=\"https:\/\/www.sonnenklar.tv\/blog\/wp-content\/uploads\/2017\/07\/Gran-Canaria-1.jpg\" alt=\"Die D\u00fcnen von Maspalomas auf Gran Canaria\" class=\"wp-image-2646\" srcset=\"https:\/\/www.sonnenklar.tv\/blog\/wp-content\/uploads\/2017\/07\/Gran-Canaria-1.jpg 900w, https:\/\/www.sonnenklar.tv\/blog\/wp-content\/uploads\/2017\/07\/Gran-Canaria-1-300x150.jpg 300w, https:\/\/www.sonnenklar.tv\/blog\/wp-content\/uploads\/2017\/07\/Gran-Canaria-1-768x384.jpg 768w\" sizes=\"(max-width: 900px) 100vw, 900px\" \/><figcaption class=\"wp-element-caption\">Die D\u00fcnen von Maspalomas erinnern an eine W\u00fcste<\/figcaption><\/figure>\n<\/div>\n\n\n<p>Die Landschaft wurde inzwischen zu einem Naturpark erkl\u00e4rt, der sich aus drei \u00d6kosystemen zusammensetzt. In der N\u00e4he des Leuchtturms liegt die Lagune, die zahlreichen Zugv\u00f6geln als Rastplatz dient. Wenige Meter daneben befindet sich ein Palmenhain mit Schatten spendenden B\u00e4umen.<\/p>\n\n\n\n<p>Der Rest und somit der gr\u00f6\u00dfte Teil des Naturparks besteht aus wellenf\u00f6rmigen D\u00fcnen, in denen es nur noch sehr wenig Vegetation gibt. Vom Eingang des Parks mit seinem Informationszentrum f\u00fchrt euch ein Weg mitten durch die D\u00fcnen.<\/p>\n\n\n\n<p><strong>Lesetipp:<\/strong> Zwischen dem Sightseeing braucht ihr Abk\u00fchlung? Entdeckt noch mehr sch\u00f6ne <a href=\"https:\/\/www.sonnenklar.tv\/blog\/gran-canaria-straende\/\" target=\"_blank\" rel=\"noreferrer noopener\">Str\u00e4nde auf Gran Canaria<\/a>!<\/p>\n\n\n\n<h2 class=\"wp-block-heading\"><a name=\"teror-gran-canaria\"><\/a>3. Altstadt von Teror \u2013 eine Wallfahrt zur Schutzheiligen der Insel<\/h2>\n\n\n\n<p>Dass Gran Canaria auch sehr gr\u00fcn sein kann, erlebt ihr bei einem Ausflug in diese kleine Stadt in den Bergen. Umgeben von bl\u00fchenden Plantagen und W\u00e4ldern schmiegt sich der historische Ort Teror an die Bergh\u00e4nge.<\/p>\n\n\n\n<p>F\u00fcr die Inselbewohner der wichtigste Grund hierher zu kommen ist die Basilika Virgen del Pino. Die Jungfrau von der Pinie ist n\u00e4mlich die Schutzheilige der Insel und die besucht man haupts\u00e4chlich an den gro\u00dfen Marienfeiertagen.<\/p>\n\n\n<div class=\"wp-block-image wp-image-17501 size-full\">\n<figure class=\"aligncenter\"><img loading=\"lazy\" decoding=\"async\" width=\"880\" height=\"450\" src=\"https:\/\/www.sonnenklar.tv\/blog\/wp-content\/uploads\/2021\/02\/altstadt-von-teror-gran-canaria.jpg\" alt=\"Bunte H\u00e4user in den Gassen von Teror auf Gran Canaria\" class=\"wp-image-17501\" srcset=\"https:\/\/www.sonnenklar.tv\/blog\/wp-content\/uploads\/2021\/02\/altstadt-von-teror-gran-canaria.jpg 880w, https:\/\/www.sonnenklar.tv\/blog\/wp-content\/uploads\/2021\/02\/altstadt-von-teror-gran-canaria-300x153.jpg 300w, https:\/\/www.sonnenklar.tv\/blog\/wp-content\/uploads\/2021\/02\/altstadt-von-teror-gran-canaria-768x393.jpg 768w\" sizes=\"(max-width: 880px) 100vw, 880px\" \/><figcaption class=\"wp-element-caption\">Ein wirklich malerischer Ort ist Teror<\/figcaption><\/figure>\n<\/div>\n\n\n<p>Aber auch dar\u00fcber hinaus gibt es in Teror viel zu sehen. Rund um die Plaza stehen viele H\u00e4user mit den Holzbalkonen, die f\u00fcr die Wohnh\u00e4user der Kanaren so typisch sind. Ein paar Schritte weiter kommt ihr zum Zisterzienserinnenkloster. Das k\u00f6nnt ihr nur von au\u00dfen besichtigen. Daf\u00fcr haben die Nonnen eine eigene Finca und produzieren aus den Ertr\u00e4gen leckere S\u00fc\u00dfigkeiten, die sie euch verkaufen.<\/p>\n\n\n\n<p><strong>Unser Tipp:<\/strong> Wenn ihr es einrichten k\u00f6nnt, solltet ihr Teror an einem Sonntag besuchen. Dann ist Markttag und neben Andenken und Kleidung werden hier vor allem Leckereien von herzhaft bis s\u00fc\u00df angeboten. Bringt also ordentlich Hunger mit.<\/p>\n\n\n\n<h2 class=\"wp-block-heading\"><a name=\"jardin-canario-gran-canaria\"><\/a>4. Jard\u00edn Canario \u2013 ein St\u00fcck vom Paradies<\/h2>\n\n\n\n<p>Vor etwa 70 Jahren tr\u00e4umte der Schwede Eric Ragnor Sventenius von einem ganz besonderen Garten. In Tafira, nicht weit von Las Palmas entfernt, begann er am Fu\u00df der Berge einen Garten zu erschaffen, in dem alle Pflanzen, die im makaronesischen Raum wachsen, an einem Ort gedeihen sollten. Makaronesien, was so viel wie die gl\u00fccklichen Inseln bedeutet, erstreckt sich von den Azoren \u00fcber Madeira, die Kanaren bis nach Cap Verde.<\/p>\n\n\n\n<p><strong>Lesetipp:<\/strong> Ihr seid euch noch nicht sicher, welche Insel die Beste f\u00fcr eure Urlaubspl\u00e4ne ist? In diesem Beitrag \u00fcber die <a href=\"https:\/\/www.sonnenklar.tv\/blog\/kanarische-inseln\/\" target=\"_blank\" rel=\"noreferrer noopener\">kanarischen Inseln<\/a> k\u00f6nnt ihr es herausfinden!<\/p>\n\n\n<div class=\"wp-block-image size-full wp-image-17497\">\n<figure class=\"aligncenter\"><img loading=\"lazy\" decoding=\"async\" width=\"880\" height=\"450\" src=\"https:\/\/www.sonnenklar.tv\/blog\/wp-content\/uploads\/2021\/02\/Jardin-Canario-Tafira-Gran-Canaria.jpg\" alt=\"Kakteen im Jardin Canario auf Gran Canaria\" class=\"wp-image-17497\" srcset=\"https:\/\/www.sonnenklar.tv\/blog\/wp-content\/uploads\/2021\/02\/Jardin-Canario-Tafira-Gran-Canaria.jpg 880w, https:\/\/www.sonnenklar.tv\/blog\/wp-content\/uploads\/2021\/02\/Jardin-Canario-Tafira-Gran-Canaria-300x153.jpg 300w, https:\/\/www.sonnenklar.tv\/blog\/wp-content\/uploads\/2021\/02\/Jardin-Canario-Tafira-Gran-Canaria-768x393.jpg 768w\" sizes=\"(max-width: 880px) 100vw, 880px\" \/><figcaption class=\"wp-element-caption\">Die Pflanzenvielfalt der Kanaren ist echt beeindruckend<\/figcaption><\/figure>\n<\/div>\n\n\n<p>Herr Sventenius begann also jeden Winkel der Insel zu durchforsten und sammelte dabei die ungew\u00f6hnlichsten Pflanzen. Etwa eintausend verschiedene k\u00f6nnt ihr hier heute auf dem 27 Hektar gro\u00dfen Gel\u00e4nde bewundern. Der Garten liegt in der Schlucht Barranco de Guiniguada, die sich bis in die Altstadt von Las Palmas zieht.<\/p>\n\n\n\n<p>Bei eurem Spaziergang \u00fcber die teils steilen Pfade wandelt ihr durch einen Palmenhain, einen Wald aus Drachenb\u00e4umen und einen aus Lorbeerb\u00e4umen. Dazwischen gr\u00fcnt und bl\u00fcht es in allen Farbschattierungen. Ganz besonders im Fr\u00fchling. Nach eurem Rundgang k\u00f6nnt ihr euch im Restaurant des Parks mit Blick auf diesen erfrischen.<\/p>\n\n\n\n<table id=\"tablepress-76\" class=\"tablepress tablepress-id-76\">\n<thead>\n<tr class=\"row-1\">\n\t<th class=\"column-1\">\u00d6ffnungszeiten<\/th><th class=\"column-2\">von <\/th><th class=\"column-3\">bis<\/th>\n<\/tr>\n<\/thead>\n<tbody class=\"row-striping row-hover\">\n<tr class=\"row-2\">\n\t<td class=\"column-1\">T\u00e4glich<\/td><td class=\"column-2\">09:00 Uhr<\/td><td class=\"column-3\">18:00 Uhr<\/td>\n<\/tr>\n<tr class=\"row-3\">\n\t<td class=\"column-1\"><strong>Eintritt<\/strong><\/td><td class=\"column-2\">frei<\/td><td class=\"column-3\"><\/td>\n<\/tr>\n<\/tbody>\n<\/table>\n<!-- #tablepress-76 from cache -->\n\n\n<h2 class=\"wp-block-heading\"><a name=\"puerto-nieves-gran-canaria\"><\/a>5. Puerto de las Nieves \u2013 malerisches Fischerdorf in traumhafter Lage<\/h2>\n\n\n\n<p>Der Hafen des Fischerdorfes Agaete im Nordwesten der Insel liegt besonders malerisch am Fu\u00df steil aufragender Klippen. Durch diese abgeschiedene Lage blieb der Ort vom Massentourismus verschont und bietet seinen Besuchern heute die M\u00f6glichkeit, einen entspannten Tag fernab des Trubels zu verbringen. Es gibt einen kleinen Strand, an dem ihr baden und relaxen k\u00f6nnt. Danach geht es dann in eine der Bodegas am Hafen, wo ihr typisch kanarische Gerichte wie Fisch mit Papas arrugadas (Pellkartoffeln mit scharfer So\u00dfe) genie\u00dft.<\/p>\n\n\n<div class=\"wp-block-image size-full wp-image-17499\">\n<figure class=\"aligncenter\"><img loading=\"lazy\" decoding=\"async\" width=\"880\" height=\"450\" src=\"https:\/\/www.sonnenklar.tv\/blog\/wp-content\/uploads\/2021\/02\/tal-bei-agaete-gran-canaria.jpg\" alt=\"Gr\u00fcnes Tal mit Plantagen bei Agaete auf Gran Canaria\" class=\"wp-image-17499\" srcset=\"https:\/\/www.sonnenklar.tv\/blog\/wp-content\/uploads\/2021\/02\/tal-bei-agaete-gran-canaria.jpg 880w, https:\/\/www.sonnenklar.tv\/blog\/wp-content\/uploads\/2021\/02\/tal-bei-agaete-gran-canaria-300x153.jpg 300w, https:\/\/www.sonnenklar.tv\/blog\/wp-content\/uploads\/2021\/02\/tal-bei-agaete-gran-canaria-768x393.jpg 768w\" sizes=\"(max-width: 880px) 100vw, 880px\" \/><figcaption class=\"wp-element-caption\">Im Valle bei Agaete wachsen Mangos, Orangen und Kaffee<\/figcaption><\/figure>\n<\/div>\n\n\n<p>Eine sch\u00f6ne Wanderung f\u00fchrt euch von Agaete aus ins Valle. Dort befindet sich eine arch\u00e4ologische Ausgrabungsst\u00e4tte, an der ihr 600 Grabh\u00fcgel der Ureinwohner Gran Canarias bestaunt. Wenn ihr dann weiter Richtung Talende geht, kommt ihr an einigen gro\u00dfen Fincas vorbei, die Orangen, Kaffee und andere tropische Fr\u00fcchte anbauen.<\/p>\n\n\n\n<p>Ganz am Ende des Tals erreicht ihr einen Kiefernwald und der Weg f\u00fchrt euch weiter hinauf in den Naturpark des Cumbres de Tamadaba. Von den Bergen habt ihr dann einen sensationellen Ausblick auf das Tal und das Meer.<\/p>\n\n\n\n<h2 class=\"wp-block-heading\"><a name=\"vegueta-gran-canaria\"><\/a>6. Vegueta \u2013 die Altstadt von Las Palmas<\/h2>\n\n\n\n<p>Die Inselhauptstadt Las Palmas de Gran Canaria ist eine moderne Stadt. Mittendurch ziehen sich die Ausl\u00e4ufer der Guiniguada Schlucht, die den modernen Teil der Stadt vom historischen Viertel Vegueta trennt. In der Altstadt flaniert ihr durch enge Gassen, die von kleinen H\u00e4usern im typisch kanarischen Stil ges\u00e4umt werden. Bei eurem Bummel erreicht ihr dann die Plaza Santa Ana, die von der Kathedrale dominiert wird.<\/p>\n\n\n<div class=\"wp-block-image size-full wp-image-17432\">\n<figure class=\"aligncenter\"><img loading=\"lazy\" decoding=\"async\" width=\"880\" height=\"450\" src=\"https:\/\/www.sonnenklar.tv\/blog\/wp-content\/uploads\/2021\/01\/Cathedral-Santa-Ana-Las-Palmas-De-Gran-Canaria-1.jpg\" alt=\"Kathedrale Santa Ana in Las Palmas de Gran Canaria\" class=\"wp-image-17432\" srcset=\"https:\/\/www.sonnenklar.tv\/blog\/wp-content\/uploads\/2021\/01\/Cathedral-Santa-Ana-Las-Palmas-De-Gran-Canaria-1.jpg 880w, https:\/\/www.sonnenklar.tv\/blog\/wp-content\/uploads\/2021\/01\/Cathedral-Santa-Ana-Las-Palmas-De-Gran-Canaria-1-300x153.jpg 300w, https:\/\/www.sonnenklar.tv\/blog\/wp-content\/uploads\/2021\/01\/Cathedral-Santa-Ana-Las-Palmas-De-Gran-Canaria-1-768x393.jpg 768w\" sizes=\"(max-width: 880px) 100vw, 880px\" \/><figcaption class=\"wp-element-caption\">Rund um die Kathedrale Santa Ana in Las Palmas gibt es einiges zu sehen<\/figcaption><\/figure>\n<\/div>\n\n\n<p>Nicht weit davon entfernt liegt die Casa Col\u00f3n, in der Kolumbus auf seinem Weg nach Amerika Station machte. Heute befindet sich in dem Haus ein Museum, das die Geschichte der Amerikareise des Entdeckers erz\u00e4hlt. Ein weiteres sehenswertes Museum ist das Museo Canario, das der Geschichte der Ureinwohner der Insel gewidmet ist. Den Gegensatz dazu bildet das Atlantische Zentrum f\u00fcr Moderne Kunst (CAAM), das moderne und avantgardistische Kunst zeigt.<\/p>\n\n\n\n<p>Wenn ihr k\u00f6nnt, solltet ihr w\u00e4hrend eurem Spaziergang auch mal einen Blick in den ein oder anderen Innenhof werfen. Diese sind oft in kleine G\u00e4rten verwandelt worden. Zum Abschluss eures Rundgangs lohnt es sich noch das Guiniguada-Theater und die alte Markthalle zu besuchen.<\/p>\n\n\n\n<ul class=\"wp-block-list\">\n<li><strong>Casa Col\u00f2n<\/strong>: \u00d6ffnungszeiten Montag \u2013 Freitag 09:00 Uhr bis 19:00 Uhr, Samstag \u2013 Sonntag 09:00 Uhr bis 15:00 Uhr, Eintritt\u00a0Frei<\/li>\n\n\n\n<li><strong>CAAM<\/strong>: \u00d6ffnungszeiten Dienstag \u2013 Samstag 10:00 Uhr bis 21:00 Uhr, Sonntag 10:00 Uhr \u2013 14:00 Uhr, Eintritt: frei<\/li>\n\n\n\n<li><strong>Museo Canario<\/strong>: \u00d6ffnungszeiten Montag \u2013 Freitag 10:00 Uhr bis 20:00 Uhr<br><br>Samstag \u2013 Sonntag 10:00 Uhr bis 14:00 Uhr, Eintritt: Erwachsene 5,00 Euro, Studenten und Rentner 3,00 Euro, Kinder bis 12 Jahre frei<\/li>\n<\/ul>\n\n\n\n<h2 class=\"wp-block-heading\"><a name=\"barranco-de-guayadeque-gran-canaria\"><\/a>7. Barranco de Guayadeque \u2013 Naturdenkmal und historische Ausgrabungen<\/h2>\n\n\n\n<p>Etwa auf H\u00f6he des Flughafens f\u00fchrt eine Stra\u00dfe ins Dorf Ingenio. Von dort gelangt ihr dann in eines der landschaftlich sch\u00f6nsten T\u00e4ler von Gran Canaria. Die Schlucht \u00fcberrascht mit \u00fcppigem Gr\u00fcn, ist aber eine der Sehensw\u00fcrdigkeiten, die nicht so oft besucht werden. Dabei gibt es hier noch mehr als gr\u00fcne Landschaften zu sehen. In Zeiten als die Guanchen, die Ureinwohner der Insel, noch auf der Insel lebten, war diese Schlucht die am dichtesten besiedelte Gegend.<\/p>\n\n\n<div class=\"wp-block-image size-full wp-image-17503\">\n<figure class=\"aligncenter\"><img loading=\"lazy\" decoding=\"async\" width=\"880\" height=\"450\" src=\"https:\/\/www.sonnenklar.tv\/blog\/wp-content\/uploads\/2021\/02\/barranco-de-Guayadeque-Grand-Canaria.jpg\" alt=\"Die gr\u00fcne Schlucht des Barranco de Guayadeque\" class=\"wp-image-17503\" srcset=\"https:\/\/www.sonnenklar.tv\/blog\/wp-content\/uploads\/2021\/02\/barranco-de-Guayadeque-Grand-Canaria.jpg 880w, https:\/\/www.sonnenklar.tv\/blog\/wp-content\/uploads\/2021\/02\/barranco-de-Guayadeque-Grand-Canaria-300x153.jpg 300w, https:\/\/www.sonnenklar.tv\/blog\/wp-content\/uploads\/2021\/02\/barranco-de-Guayadeque-Grand-Canaria-768x393.jpg 768w\" sizes=\"(max-width: 880px) 100vw, 880px\" \/><figcaption class=\"wp-element-caption\">Ein wunderbarer Ort f\u00fcr eine kleine Wanderung: Barranco de Guayadeque<\/figcaption><\/figure>\n<\/div>\n\n\n<p>So findet ihr zu beiden Seiten des Tals H\u00f6hlen. Auf der Ostseite wurden diese als Wohnungen genutzt, auf der k\u00fchleren Westseite hingegen als Grabst\u00e4tten. Am Eingang zur Schlucht befindet sich das Centro de Interpretaci\u00f3n del Barranco de Guayadeque. Dort gibt es eine Ausstellung, die teilweise in einer H\u00f6hle liegt und euch so einen recht authentischen Einblick in das Leben dieses Urvolkes gibt.<\/p>\n\n\n\n<p>Etwas weiter taleinw\u00e4rts liegt Cuevas Bermejas, wo heute noch einige Menschen in H\u00e4usern wohnen, die vor die H\u00f6hlen gebaut wurden. Ein mit Treppenstufen versehener Weg f\u00fchrt euch hier nach oben und gew\u00e4hrt euch faszinierende Aussichten ins Tal.<\/p>\n\n\n\n<table id=\"tablepress-77\" class=\"tablepress tablepress-id-77\">\n<thead>\n<tr class=\"row-1\">\n\t<th class=\"column-1\">\u00d6ffnungszeiten Centro de Interpretaci\u00f3n<\/th><th class=\"column-2\">von<\/th><th class=\"column-3\">bis<\/th>\n<\/tr>\n<\/thead>\n<tbody class=\"row-striping row-hover\">\n<tr class=\"row-2\">\n\t<td class=\"column-1\">Dienstag \u2013 Sonntag <\/td><td class=\"column-2\">09:00 Uhr<\/td><td class=\"column-3\">17:00 Uhr<\/td>\n<\/tr>\n<tr class=\"row-3\">\n\t<td class=\"column-1\"><strong>Eintritt<\/strong><\/td><td class=\"column-2\"><\/td><td class=\"column-3\"><\/td>\n<\/tr>\n<tr class=\"row-4\">\n\t<td class=\"column-1\">Erwachsene<\/td><td class=\"column-2\">3,00 Euro<\/td><td class=\"column-3\"><\/td>\n<\/tr>\n<tr class=\"row-5\">\n\t<td class=\"column-1\">Kinder<\/td><td class=\"column-2\">2,50 Euro<\/td><td class=\"column-3\"><\/td>\n<\/tr>\n<\/tbody>\n<\/table>\n<!-- #tablepress-77 from cache -->\n\n\n<h2 class=\"wp-block-heading\"><a name=\"cueva-pintada-gran-canaria\"><\/a>8. Arch\u00e4ologiepark Cueva Pintada \u2013 auf den Spuren der Ureinwohner<\/h2>\n\n\n\n<p>Einen noch tieferen Einblick in das Leben der Guanchen bietet euch dieser Arch\u00e4ologiepark. Er befindet sich im Norden Gran Canarias in der historischen Stadt G\u00e1ldar. Das Gemeindegebiet reicht bis auf 1700 Meter H\u00f6he und rund um die Stadt befinden sich weitl\u00e4ufige Obst- und Gem\u00fcseplantagen. Der Arch\u00e4ologiepark ist die Hauptattraktion. Hier wandert ihr durch die \u00dcberreste einer Siedlung der Ureinwohner.<\/p>\n\n\n<div class=\"wp-block-image size-full wp-image-17504\">\n<figure class=\"aligncenter\"><img loading=\"lazy\" decoding=\"async\" width=\"880\" height=\"450\" src=\"https:\/\/www.sonnenklar.tv\/blog\/wp-content\/uploads\/2021\/02\/Iglesia-de-Santiago-Galdar-Gran-Canaria.jpg\" alt=\"Kirche mit begr\u00fcnten Vorplatz in Galdar\" class=\"wp-image-17504\" srcset=\"https:\/\/www.sonnenklar.tv\/blog\/wp-content\/uploads\/2021\/02\/Iglesia-de-Santiago-Galdar-Gran-Canaria.jpg 880w, https:\/\/www.sonnenklar.tv\/blog\/wp-content\/uploads\/2021\/02\/Iglesia-de-Santiago-Galdar-Gran-Canaria-300x153.jpg 300w, https:\/\/www.sonnenklar.tv\/blog\/wp-content\/uploads\/2021\/02\/Iglesia-de-Santiago-Galdar-Gran-Canaria-768x393.jpg 768w\" sizes=\"(max-width: 880px) 100vw, 880px\" \/><figcaption class=\"wp-element-caption\">Nachdem ihr die Ausgrabungen besucht habt, solltet ihr noch durch die Altstadt von Galdar bummeln<\/figcaption><\/figure>\n<\/div>\n\n\n<p>Dabei erkundet ihr die \u201ebemalte H\u00f6hle\u201c unter einer Glaskuppel, die die H\u00f6hlenmalereien sch\u00fctzen soll. Die von Menschen geschaffene H\u00f6hle wurde bereits 1862 wieder entdeckt, die Wohnh\u00f6hlen allerdings erst 1987. In einer interaktiven Ausstellung wird euch das Leben der Ureinwohner in eindrucksvoller Weise teilweise in 3D-Technik dargestellt.<\/p>\n\n\n\n<p>Da der Park mitten im Zentrum von G\u00e1ldar liegt, k\u00f6nnt ihr euren Besuch mit einem Bummel durch die denkmalgesch\u00fctzte Altstadt verbinden. Beim alten Rathaus bewundert ihr dann einen der \u00e4ltesten Drachenb\u00e4ume der Insel, dessen Existenz schon 1718 dokumentiert wurde.<\/p>\n\n\n\n<ul class=\"wp-block-list\">\n<li><strong>\u00d6ffnungszeiten Arch\u00e4ologiepark<\/strong>: Oktober bis Mai: Dienstag &#8211; Samstag von 10:00 Uhr bis 18:00 Uhr, Sonn- und Feiertage von 11:00 Uhr bis 18:00 Uhr<br><br>Juni bis September: Dienstag \u2013 Samstag von 10:30 Uhr bis 19:30 Uhr, Sonn- und Feiertage von 11:00 Uhr bis 19:00 Uhr<\/li>\n\n\n\n<li><strong>Eintritt<\/strong>: Erwachsene 6,00 Euro, Studenten (bis 22 Jahre) und Senioren (ab 65 Jahren) 3,00 Euro, Kinder unter 18 Jahre frei<\/li>\n<\/ul>\n\n\n\n<h2 class=\"wp-block-heading\"><a name=\"risco-caido-gran-canaria\"><\/a>9. Risco Ca\u00eddo &#8211; die heiligen Berge von Gran Canaria<\/h2>\n\n\n\n<p>Die Berge des Inselinneren von Gran Canaria bieten einige Sehensw\u00fcrdigkeiten aus der Zeit der Ureinwohner. Die H\u00f6hlensiedlung von Risco Ca\u00eddo wurde erst 1996 entdeckt und ist noch heute ein wahrhaft mystischer Ort. Er befindet sich in einem Vulkankrater bei Tejeda. Bei den Ausgrabungen entdeckte man Hinweise, dass es sich hier um einen Kultplatz handelte, an dem die Ureinwohner im Rhythmus astronomischer Zyklen und mit religi\u00f6sen Symbolen ihren G\u00f6ttern huldigten.<\/p>\n\n\n<div class=\"wp-block-image size-full wp-image-17506\">\n<figure class=\"aligncenter\"><img loading=\"lazy\" decoding=\"async\" width=\"880\" height=\"450\" src=\"https:\/\/www.sonnenklar.tv\/blog\/wp-content\/uploads\/2021\/02\/risco-caido-heilige-berge-gran-canaria.jpg\" alt=\"Felsplateau bei den Heiligen Bergen Risco Caido auf Gran Canaria\" class=\"wp-image-17506\" srcset=\"https:\/\/www.sonnenklar.tv\/blog\/wp-content\/uploads\/2021\/02\/risco-caido-heilige-berge-gran-canaria.jpg 880w, https:\/\/www.sonnenklar.tv\/blog\/wp-content\/uploads\/2021\/02\/risco-caido-heilige-berge-gran-canaria-300x153.jpg 300w, https:\/\/www.sonnenklar.tv\/blog\/wp-content\/uploads\/2021\/02\/risco-caido-heilige-berge-gran-canaria-768x393.jpg 768w\" sizes=\"(max-width: 880px) 100vw, 880px\" \/><figcaption class=\"wp-element-caption\">Vom Eingang zur H\u00f6hle Risco Caido genie\u00dft ihr ein gro\u00dfartiges Panorama<\/figcaption><\/figure>\n<\/div>\n\n\n<p>Bei eurem Rundgang durch das antike Heiligtum erkundet ihr H\u00f6hlenmalereien. Diese sind so angeordnet, dass im Sommer eine nach der anderen von der Sonne illuminiert wird. Im Winter macht das dann der Mond. So hatte man schon in der Fr\u00fchzeit eine Art Kalender und Uhr geschaffen. Auf dem Weg zu dieser H\u00f6hle seht ihr dann wieder einmal wie gr\u00fcn diese Insel sein kann. Der Ausblick auf die Berge der Umgebung ist wirklich sensationell.<\/p>\n\n\n\n<table id=\"tablepress-78\" class=\"tablepress tablepress-id-78\">\n<thead>\n<tr class=\"row-1\">\n\t<th class=\"column-1\">\u00d6ffnunsgzeiten<\/th><th class=\"column-2\">von<\/th><th class=\"column-3\">bis<\/th>\n<\/tr>\n<\/thead>\n<tbody class=\"row-striping row-hover\">\n<tr class=\"row-2\">\n\t<td class=\"column-1\">T\u00e4glich<\/td><td class=\"column-2\">10:00 Uhr<\/td><td class=\"column-3\">17:00 Uhr<\/td>\n<\/tr>\n<tr class=\"row-3\">\n\t<td class=\"column-1\"><strong>Eintritt<\/strong><\/td><td class=\"column-2\">frei nach Voranmeldung<\/td><td class=\"column-3\"><\/td>\n<\/tr>\n<\/tbody>\n<\/table>\n<!-- #tablepress-78 from cache -->\n\n\n<h2 class=\"wp-block-heading\"><a name=\"fataga-gran-canaria\"><\/a>10. Fataga \u2013 das wei\u00dfe Dorf im Tal der Palmen<\/h2>\n\n\n\n<p>Von Maspalomas aus f\u00fchrt euch eine Stra\u00dfe \u00fcber Arteara in diese besonders sehenswerte Schlucht. Die Fahrt f\u00fchrt euch durch das Tal der Tausend Palmen, das zu beiden Seiten von hohen, schroffen Vulkanfelsen ges\u00e4umt wird. Die Stra\u00dfe steigt gem\u00e4chlich Richtung Berge an und nach einer Weile seht ihr auf einer Anh\u00f6he mitten in diesem Tal ein Dorf, dessen wei\u00dfe H\u00e4user weithin sichtbar sind. Das ist Fataga, eines der sch\u00f6nsten D\u00f6rfer der Insel.<\/p>\n\n\n<div class=\"wp-block-image size-full wp-image-17507\">\n<figure class=\"aligncenter\"><img loading=\"lazy\" decoding=\"async\" width=\"880\" height=\"450\" src=\"https:\/\/www.sonnenklar.tv\/blog\/wp-content\/uploads\/2021\/02\/bergdorf-fataga-gran-canaria.jpg\" alt=\"wei\u00dfes Bergdorf mit Palmen fataga auf Gran canaria\" class=\"wp-image-17507\" srcset=\"https:\/\/www.sonnenklar.tv\/blog\/wp-content\/uploads\/2021\/02\/bergdorf-fataga-gran-canaria.jpg 880w, https:\/\/www.sonnenklar.tv\/blog\/wp-content\/uploads\/2021\/02\/bergdorf-fataga-gran-canaria-300x153.jpg 300w, https:\/\/www.sonnenklar.tv\/blog\/wp-content\/uploads\/2021\/02\/bergdorf-fataga-gran-canaria-768x393.jpg 768w\" sizes=\"(max-width: 880px) 100vw, 880px\" \/><figcaption class=\"wp-element-caption\">Schon von weitem leuchtet das Wei\u00df der H\u00e4user von Fataga aus der Landschaft<\/figcaption><\/figure>\n<\/div>\n\n\n<p>Die etwa 370 Einwohner des Dorfes freuen sich \u00fcber Besucher, allerdings werdet ihr nicht viele von Ihnen bei eurem Rundgang treffen. Die gepflasterten G\u00e4sschen des Dorfes sind meist menschenleer. Die kleinen, wei\u00dfen H\u00e4user mit ihren roten Ziegeld\u00e4chern bieten einen sch\u00f6nen farblichen Kontrast zum Gr\u00fcn der Umgebung.<\/p>\n\n\n\n<p>In diesem Dorf haben sich ein paar Maler und andere K\u00fcnstler niedergelassen, die ihre Werke hier direkt ab ihren Ateliers verkaufen. Sehenswert ist auch die antike B\u00e4ckerei, die aber nur noch teilweise als solche genutzt wird. Die ehemalige Wasserm\u00fchle ist heute eine Pension.<\/p>\n\n\n\n<h2 class=\"wp-block-heading\"><a name=\"cenobio-valeron-gran-canaria\"><\/a>11. Cenobio de Valer\u00f3n \u2013 der \u00fcberdimensionierte Bienenkorb<\/h2>\n\n\n\n<p>An der Nordk\u00fcste zwischen Cabo Verde und Albercon de la Virgen ragt eine Felswand fast senkrecht aus der Landschaft hervor. Sie ist \u00fcbers\u00e4t mit kleinen H\u00f6hlen, die aus der Ferne ausschauen wie die Waben eines Bienenkorbs. Urspr\u00fcnglich ging man davon aus, dass diese den Ureinwohnern als eine Art Kloster f\u00fcr adelige Jungfrauen dienten, die hier bis zu ihrer Heirat wohnten. Wissenschaftliche Untersuchungen haben das aber widerlegt.<\/p>\n\n\n<div class=\"wp-block-image size-full wp-image-17508\">\n<figure class=\"aligncenter\"><img loading=\"lazy\" decoding=\"async\" width=\"880\" height=\"450\" src=\"https:\/\/www.sonnenklar.tv\/blog\/wp-content\/uploads\/2021\/02\/cenobio-de-valeron-guia-gran-canaria.jpg\" alt=\"urzeitliche h\u00f6hlen angeordnet wie ein Bienenstock\" class=\"wp-image-17508\" srcset=\"https:\/\/www.sonnenklar.tv\/blog\/wp-content\/uploads\/2021\/02\/cenobio-de-valeron-guia-gran-canaria.jpg 880w, https:\/\/www.sonnenklar.tv\/blog\/wp-content\/uploads\/2021\/02\/cenobio-de-valeron-guia-gran-canaria-300x153.jpg 300w, https:\/\/www.sonnenklar.tv\/blog\/wp-content\/uploads\/2021\/02\/cenobio-de-valeron-guia-gran-canaria-768x393.jpg 768w\" sizes=\"(max-width: 880px) 100vw, 880px\" \/><figcaption class=\"wp-element-caption\">Wie die Waben eines Bienenstocks schauen die H\u00f6hlen des Cenobio de Valeron aus<\/figcaption><\/figure>\n<\/div>\n\n\n<p>Neuesten Erkenntnissen zu Folge handelt es sich bei den H\u00f6hlen viel mehr um Speicher f\u00fcr Getreide und andere Lebensmittel, die die Guanchen hier in den weichen, vulkanischen Fels gehauen haben. Ihr erreicht diese Speicher \u00fcber eine Treppe und bevor ihr die arch\u00e4ologische St\u00e4tte erreicht, solltet ihr noch kurz das Panorama der Umgebung bewundern. W\u00e4hrend eures Rundgangs durch die H\u00f6hlen erkl\u00e4ren euch Tafeln, Modelle und Reproduktionen das Leben der Ureinwohner.<\/p>\n\n\n\n<table id=\"tablepress-79\" class=\"tablepress tablepress-id-79\">\n<thead>\n<tr class=\"row-1\">\n\t<th class=\"column-1\">\u00d6ffnungszeiten<\/th><td class=\"column-2\"><\/td><th class=\"column-3\">von <\/th><th class=\"column-4\">bis<\/th>\n<\/tr>\n<\/thead>\n<tbody class=\"row-striping row-hover\">\n<tr class=\"row-2\">\n\t<td class=\"column-1\">Oktober &#8211; M\u00e4rz<\/td><td class=\"column-2\">Dienstag &#8211; Sonntag<\/td><td class=\"column-3\">10:00 Uhr<\/td><td class=\"column-4\">17:00 Uhr<\/td>\n<\/tr>\n<tr class=\"row-3\">\n\t<td class=\"column-1\">April &#8211; September<\/td><td class=\"column-2\">t\u00e4glich<\/td><td class=\"column-3\">10:00 Uhr<\/td><td class=\"column-4\">18:00 Uhr<\/td>\n<\/tr>\n<tr class=\"row-4\">\n\t<td class=\"column-1\"><strong>Eintritt<\/strong><\/td><td class=\"column-2\"><\/td><td class=\"column-3\"><\/td><td class=\"column-4\"><\/td>\n<\/tr>\n<tr class=\"row-5\">\n\t<td class=\"column-1\">Erwachsene<\/td><td class=\"column-2\">3,00 Euro<\/td><td class=\"column-3\"><\/td><td class=\"column-4\"><\/td>\n<\/tr>\n<tr class=\"row-6\">\n\t<td class=\"column-1\">Jugendliche (10 &#8211; 14 Jahre), Studenten, Senioren ab 65 Jahre<\/td><td class=\"column-2\">2,00 Euro<\/td><td class=\"column-3\"><\/td><td class=\"column-4\"><\/td>\n<\/tr>\n<tr class=\"row-7\">\n\t<td class=\"column-1\">Kinder unter 10 Jahre<\/td><td class=\"column-2\">frei<\/td><td class=\"column-3\"><\/td><td class=\"column-4\"><\/td>\n<\/tr>\n<\/tbody>\n<\/table>\n<!-- #tablepress-79 from cache -->\n\n\n<h2 class=\"wp-block-heading\"><a name=\"pico-pozos-nieves-gran-canaria\"><\/a>12. Pico de los Pozos de las Nieves \u2013 auf dem Dach der Insel<\/h2>\n\n\n\n<p>Mit 1949 Metern H\u00f6he ist der Morro de la Agujerada der h\u00f6chste Punkt Gran Canarias. Vom Aussichtspunkt am Pico de los Pozos genie\u00dft ihr eine spektakul\u00e4re Aussicht. Diese reicht fast \u00fcber die H\u00e4lfte der Insel, an klaren Tagen sogar bis zum Teide auf der Nachbarinsel Teneriffa. Zu euren F\u00fc\u00dfen erstreckt sich der Kiefernwald \u201eLos Llanos de la Pez y Pargana\u201c, der seine Existenz einer Aufforstungsaktion in den 1950er Jahren verdankt.<\/p>\n\n\n<div class=\"wp-block-image size-full wp-image-17469\">\n<figure class=\"aligncenter\"><img loading=\"lazy\" decoding=\"async\" width=\"880\" height=\"450\" src=\"https:\/\/www.sonnenklar.tv\/blog\/wp-content\/uploads\/2021\/01\/Ausblick-vom-Pico-de-las-Nieves-auf-Gran-Canaria-auf-den-Kanaren-in-Spanien.jpg\" alt=\"Ausblick vom Pico de las Nieves auf Gran Canaria\" class=\"wp-image-17469\" srcset=\"https:\/\/www.sonnenklar.tv\/blog\/wp-content\/uploads\/2021\/01\/Ausblick-vom-Pico-de-las-Nieves-auf-Gran-Canaria-auf-den-Kanaren-in-Spanien.jpg 880w, https:\/\/www.sonnenklar.tv\/blog\/wp-content\/uploads\/2021\/01\/Ausblick-vom-Pico-de-las-Nieves-auf-Gran-Canaria-auf-den-Kanaren-in-Spanien-300x153.jpg 300w, https:\/\/www.sonnenklar.tv\/blog\/wp-content\/uploads\/2021\/01\/Ausblick-vom-Pico-de-las-Nieves-auf-Gran-Canaria-auf-den-Kanaren-in-Spanien-768x393.jpg 768w\" sizes=\"(max-width: 880px) 100vw, 880px\" \/><figcaption class=\"wp-element-caption\">Ausblick vom Pico de las Nieves<\/figcaption><\/figure>\n<\/div>\n\n\n<p>An manchen Tagen verschwinden die T\u00e4ler in den Wolken und nur der Roque Nublo ragt noch \u00fcber die Wolken hinaus. Ein wirklich magischer Anblick. In der Umgebung ist deutlich zu sehen, was mit Vulkanen passiert, die seit Jahrtausenden schlafen. Die Erosion hat tiefe T\u00e4ler und Felsschluchten in das por\u00f6se Gestein gewaschen.<\/p>\n\n\n\n<p>Der Name Nieves l\u00e4sst zun\u00e4chst vermuten, dass es hier Schnee gibt. Das stimmt aber nur bedingt, denn er r\u00fchrt eigentlich daher, dass man hier im 17. Jahrhundert Schneespeicher anlegte um Eis f\u00fcr die K\u00fchlung bestimmter Dinge zu erhalten. Zwei von diesen Speichern wurden restauriert und k\u00f6nnen heute von euch besichtigt werden.<\/p>\n\n\n\n<h2 class=\"wp-block-heading\"><a name=\"san-juan-bautista-gran-canaria\"><\/a>13. San Juan Bautista \u2013 ein imposantes Gotteshaus<\/h2>\n\n\n\n<p>In der Stadt Arucas, nur zw\u00f6lf Kilometer von Las Palmas entfernt, gibt es eine weitere denkmalgesch\u00fctzte Altstadt zu erkunden. Diese wird \u00fcberragt von der Kirche San Juan Bautista. Mit der Fertigstellung 1909 ist sie ein recht junges Zeugnis des christlichen Glaubens. Bewundernswert ist die Kirche nicht nur wegen ihrer auff\u00e4lligen Architektur, sondern auch aufgrund einiger interessanter Fakten.<\/p>\n\n\n<div class=\"wp-block-image size-full wp-image-17434\">\n<figure class=\"aligncenter\"><img loading=\"lazy\" decoding=\"async\" width=\"880\" height=\"450\" src=\"https:\/\/www.sonnenklar.tv\/blog\/wp-content\/uploads\/2021\/01\/San-Juan-Bautista-Arucas.jpg\" alt=\"San Juan Bautista Kirche in Arucas, Gran Canaria\" class=\"wp-image-17434\" srcset=\"https:\/\/www.sonnenklar.tv\/blog\/wp-content\/uploads\/2021\/01\/San-Juan-Bautista-Arucas.jpg 880w, https:\/\/www.sonnenklar.tv\/blog\/wp-content\/uploads\/2021\/01\/San-Juan-Bautista-Arucas-300x153.jpg 300w, https:\/\/www.sonnenklar.tv\/blog\/wp-content\/uploads\/2021\/01\/San-Juan-Bautista-Arucas-768x393.jpg 768w\" sizes=\"(max-width: 880px) 100vw, 880px\" \/><figcaption class=\"wp-element-caption\">Beeindruckende Architektur: San Juan Bautista<\/figcaption><\/figure>\n<\/div>\n\n\n<p>So wurde sie komplett von ortsans\u00e4ssigen Steinmetzen aus dem Stein der Umgebung gebaut. Die Fenster stammen aus Frankreich und in ihrem Inneren finden sich Gem\u00e4lde des kanarischen Malers Cristobal Hern\u00e1ndez. Auch die geschnitzte, liegende Christusfigur des \u00f6rtlichen Bildhauers Manuel Ramos ist eine Besonderheit.<\/p>\n\n\n\n<p>Nachdem ihr die Kirche besichtigt habt, solltet ihr noch einen Rundgang durch die Altstadt unternehmen. Dabei kommt ihr am Rathaus und der Markthalle vorbei. Keinesfalls verpassen solltet ihr auch die Rum-Destillerie von Arehucas mit eigenem Rum-Museum.<\/p>\n\n\n\n<ul class=\"wp-block-list\">\n<li><strong>San Juan Bautista:<\/strong> \u00d6ffnungszeiten 09:30 Uhr bis 12:30 Uhr und von 16:30 Uhr bis 19:00 Uhr, Eintritt: frei<\/li>\n\n\n\n<li><strong>Destillerie und Rum-Museum:<\/strong> \u00d6ffnungszeiten: Dienstag bis Freitag von 09:00 Uhr bis 14:00 Uhr, Eintritt Museum: 4,20 Euro pro Person<\/li>\n<\/ul>\n\n\n\n<h2 class=\"wp-block-heading\"><a name=\"tilos-moya-gran-canaria\"><\/a>14. Los Tilos de Moya \u2013 ein Rest des urspr\u00fcnglichen Lorbeerwaldes<\/h2>\n\n\n\n<p>Urspr\u00fcnglich war Gran Canaria zu weiten Teilen mit dichten Lorbeerw\u00e4ldern \u00fcberwuchert. Wobei sich der Name nicht auf das Gew\u00fcrz Lorbeer bezieht, sondern auf die Tatsache, dass es sich um immergr\u00fcne Feuchtw\u00e4lder handelt, in denen auch Lorbeergew\u00e4chse gedeihen. Im Norden Gran Canarias gibt es im Naturpark Los Tilos einen der letzten dieser W\u00e4lder der Insel zu bewundern. Etwa 50 verschiedene Arten wachsen hier in einem Urwald.<\/p>\n\n\n<div class=\"wp-block-image size-full wp-image-17510\">\n<figure class=\"aligncenter\"><img loading=\"lazy\" decoding=\"async\" width=\"880\" height=\"450\" src=\"https:\/\/www.sonnenklar.tv\/blog\/wp-content\/uploads\/2021\/02\/Lorbeerwald-auf-Gran-Canaria.jpg\" alt=\"Wnaderpfad durch dichten Urwald auf Gran Canaria\" class=\"wp-image-17510\" srcset=\"https:\/\/www.sonnenklar.tv\/blog\/wp-content\/uploads\/2021\/02\/Lorbeerwald-auf-Gran-Canaria.jpg 880w, https:\/\/www.sonnenklar.tv\/blog\/wp-content\/uploads\/2021\/02\/Lorbeerwald-auf-Gran-Canaria-300x153.jpg 300w, https:\/\/www.sonnenklar.tv\/blog\/wp-content\/uploads\/2021\/02\/Lorbeerwald-auf-Gran-Canaria-768x393.jpg 768w\" sizes=\"(max-width: 880px) 100vw, 880px\" \/><figcaption class=\"wp-element-caption\">Einen solchen Wald w\u00fcrde man auf Gran Canaria nicht erwarten<\/figcaption><\/figure>\n<\/div>\n\n\n<p>Sp\u00e4testens wenn ihr diese W\u00e4lder bei einer Wanderung erkundet habt, wird euch bewusst, dass Gran Canaria mehr als Strand und Felsen zu bieten hat. Der Wald erstreckt sich entlang eines einstigen Flussbettes, das von steilen Abh\u00e4ngen ges\u00e4umt wird. Mit st\u00e4ndigen Aufforstungsprogrammen wird das Gebiet des Waldes bis heute immer noch erweitert. Eine Wanderung durch den Wald ist nicht nur eine Pracht f\u00fcr die Augen. Auch eure Nasen werden hier mit vielen verschiedenen Wohlger\u00fcchen verw\u00f6hnt.<\/p>\n\n\n\n<h2 class=\"wp-block-heading\"><a name=\"palmitos-gran-canaria\"><\/a>15. Palmitos Park \u2013 ein Refugium f\u00fcr Pflanzen und Tiere<\/h2>\n\n\n\n<p>In einer Schlucht in den Bergen oberhalb von Maspalomas liegt eine der beliebtesten Familienattraktionen der Insel. Im Tal der Schlucht stehen viele Palmen um die herum ein Botanischer Garten mit Tierpark angelegt wurde. Unter anderem leben hier 200 Vogelarten, von winzigen Kolibris bis hin zu Flamingos und Papageien.<\/p>\n\n\n\n<p>Letztere zeigen ihr K\u00f6nnen in lustigen Shows, w\u00e4hrend derer sie Rad fahren, malen und z\u00e4hlen. Diese Vorf\u00fchrungen sind nat\u00fcrlich Besuchermagnete, die im Endeffekt dazu f\u00fchren, dass der Park mit seinen Einnahmen Artenschutzprogramme finanzieren kann.<\/p>\n\n\n<div class=\"wp-block-image size-full wp-image-10599\">\n<figure class=\"aligncenter\"><img loading=\"lazy\" decoding=\"async\" width=\"880\" height=\"450\" src=\"https:\/\/www.sonnenklar.tv\/blog\/wp-content\/uploads\/2019\/01\/papageien-loro-parque-teneriffa.jpg\" alt=\"Papageien im Loro Parque auf Teneriffa\" class=\"wp-image-10599\" srcset=\"https:\/\/www.sonnenklar.tv\/blog\/wp-content\/uploads\/2019\/01\/papageien-loro-parque-teneriffa.jpg 880w, https:\/\/www.sonnenklar.tv\/blog\/wp-content\/uploads\/2019\/01\/papageien-loro-parque-teneriffa-300x153.jpg 300w, https:\/\/www.sonnenklar.tv\/blog\/wp-content\/uploads\/2019\/01\/papageien-loro-parque-teneriffa-768x393.jpg 768w\" sizes=\"(max-width: 880px) 100vw, 880px\" \/><figcaption class=\"wp-element-caption\">Nicht nur solche bunten V\u00f6gel gibt es im Palmitos Park zu sehen<\/figcaption><\/figure>\n<\/div>\n\n\n<p>Ein weiteres Highlight ist die Raubvogelschau, bei der Adler, Eulen und Falken ihre Flugk\u00fcnste unter Beweis stellen. Weitere Attraktionen sind die zwei Aquarien (eines mit Meer- und eines mit S\u00fc\u00dfwasser), ein See, in dem Kaimane und Echsen leben, sowie eine Sammlung an verschiedenen Kleins\u00e4ugetieren. In einem separaten Haus leben hunderte von Schmetterlingen. Auf der botanischen Seite entdeckt ihr ein Orchideenhaus mit einer riesigen Auswahl an prachtvollen Bl\u00fcten und den Kakteen- und Sukkulentengarten.<\/p>\n\n\n\n<table id=\"tablepress-80\" class=\"tablepress tablepress-id-80\">\n<thead>\n<tr class=\"row-1\">\n\t<th class=\"column-1\">\u00d6ffnungszeiten<\/th><th class=\"column-2\">von<\/th><th class=\"column-3\">bis<\/th>\n<\/tr>\n<\/thead>\n<tbody class=\"row-striping row-hover\">\n<tr class=\"row-2\">\n\t<td class=\"column-1\">Donnerstag &#8211; Sonntag<\/td><td class=\"column-2\">10:00 Uhr<\/td><td class=\"column-3\">17:00 Uhr<\/td>\n<\/tr>\n<tr class=\"row-3\">\n\t<td class=\"column-1\"><strong>Eintritt<\/strong><\/td><td class=\"column-2\"><\/td><td class=\"column-3\"><\/td>\n<\/tr>\n<tr class=\"row-4\">\n\t<td class=\"column-1\">Erwachsene<\/td><td class=\"column-2\">32,00 Euro<\/td><td class=\"column-3\"><\/td>\n<\/tr>\n<tr class=\"row-5\">\n\t<td class=\"column-1\">Kinder (5 &#8211; 10 Jahre)<\/td><td class=\"column-2\">23,00 Euro<\/td><td class=\"column-3\"><\/td>\n<\/tr>\n<tr class=\"row-6\">\n\t<td class=\"column-1\">Mini (3 &#8211; 4 Jahre)<\/td><td class=\"column-2\">11,00 Euro<\/td><td class=\"column-3\"><\/td>\n<\/tr>\n<tr class=\"row-7\">\n\t<td class=\"column-1\">Kinder bis 2 Jahre<\/td><td class=\"column-2\">frei<\/td><td class=\"column-3\"><\/td>\n<\/tr>\n<\/tbody>\n<\/table>\n<!-- #tablepress-80 from cache -->\n\n\n<p><strong>Hinweis<\/strong>: Wenn ihr eure Tickets vorab online kauft, gibt es g\u00fcnstigere Preise.<\/p>\n\n\n\n<h2 class=\"wp-block-heading\"><a name=\"aqualand-gran-canaria\"><\/a>16. Aqualand Maspalomas und Lago Taurito Water Park<\/h2>\n\n\n\n<p>Wenn ihr Badespa\u00df abseits des Strandes erleben wollt, k\u00f6nnt ihr einen der beiden Wasserparks der Insel besuchen. Der gr\u00f6\u00dfere der beiden Parks, das Aqualand, liegt nur wenige Fahrminuten n\u00f6rdlich von Maspalomas. In diesem treiben wilde Wasserrutschen euren Adrenalinspiegel in die H\u00f6he.<\/p>\n\n\n\n<p>Wasserspa\u00df f\u00fcr die ganze Familie erlebt ihr im Wellenbad. Ein separater Bereich mit harmlosen Rutschen und Kletterg\u00e4rten ist f\u00fcr die kleineren Kinder reserviert. Direkt daneben befinden sich Liegewiesen, auf denen ihr euch ausruhen k\u00f6nnt, w\u00e4hrend sich die Kids vergn\u00fcgen.<\/p>\n\n\n<div class=\"wp-block-image wp-image-17518 size-full\">\n<figure class=\"aligncenter\"><img loading=\"lazy\" decoding=\"async\" width=\"880\" height=\"450\" src=\"https:\/\/www.sonnenklar.tv\/blog\/wp-content\/uploads\/2021\/02\/Kinder-im-Pool.jpg\" alt=\"Kinder im Pool\" class=\"wp-image-17518\" srcset=\"https:\/\/www.sonnenklar.tv\/blog\/wp-content\/uploads\/2021\/02\/Kinder-im-Pool.jpg 880w, https:\/\/www.sonnenklar.tv\/blog\/wp-content\/uploads\/2021\/02\/Kinder-im-Pool-300x153.jpg 300w, https:\/\/www.sonnenklar.tv\/blog\/wp-content\/uploads\/2021\/02\/Kinder-im-Pool-768x393.jpg 768w\" sizes=\"(max-width: 880px) 100vw, 880px\" \/><figcaption class=\"wp-element-caption\">Hier hat die ganze Familie Spa\u00df!<\/figcaption><\/figure>\n<\/div>\n\n\n<p>Der Wasserpark Lago Taurito befindet sich in der N\u00e4he von Mog\u00e1n im S\u00fcdwesten der Insel. Dieser ist sehr viel kleiner als das Aqualand, daf\u00fcr sind die Becken hier mit Meerwasser gef\u00fcllt. Auch in Lago Taurito findet ihr Rutschen die f\u00fcr Mutige reserviert sind sowie einen separaten Kinderbereich.<\/p>\n\n\n\n<p>Die Besonderheit dieses Wasserparks ist ein gro\u00dfer Spa- und Wellnessbereich, in dem ihr euch verw\u00f6hnen lassen k\u00f6nnt. Das Angebot in Lago Taurito beinhaltet dar\u00fcber hinaus Aktivit\u00e4ten au\u00dferhalb des Wassers, wie etwa Bowling, Minigolf, Tennis und Mehrzweckpl\u00e4tze. Sogar eine Disco, ein Restaurant und ein kleines Einkaufszentrum geh\u00f6ren hier dazu.<\/p>\n\n\n\n<p><strong>Aqualand:<\/strong><\/p>\n\n\n\n<ul class=\"wp-block-list\">\n<li><strong>\u00d6ffnungszeiten<\/strong>: t\u00e4glich von 10:00 Uhr bis 17:00 Uhr<\/li>\n\n\n\n<li><strong>Eintritt<\/strong>: Erwachsene 32,00 Euro, Kinder von 5 bis 10 Jahren 23,00 Euro, Mini 3-4 Jahre 12,00 Euro<\/li>\n\n\n\n<li><strong>Hinweis<\/strong>: Wenn ihr eure Tickets vorab online bucht, gibt es g\u00fcnstigere Angebote.<\/li>\n<\/ul>\n\n\n\n<p><strong>Lago Taurito:<\/strong><\/p>\n\n\n\n<ul class=\"wp-block-list\">\n<li><strong>\u00d6ffnungszeiten<\/strong>: t\u00e4glich von 10:00 Uhr bis 18:00 Uhr<\/li>\n\n\n\n<li><strong>Eintritt<\/strong>: Montag bis Freitag Erwachsene 13,00 Euro, Kinder von 3 bis 12 Jahre 5,00 Euro, Samstag, Sonntag und Feiertag Erwachsene 15,00 Euro, Kinder von 3 bis 12 Jahre 5,00 Euro.<\/li>\n<\/ul>\n\n\n\n<h2 class=\"wp-block-heading\"><a name=\"poema-mar-gran-canaria\"><\/a>17. Poema del Mar \u2013 die Unterwasserwelt erkunden<\/h2>\n\n\n\n<p>Eine der neuesten Attraktionen der Insel befindet sich direkt am Hafen von Las Palmas. Seit 2018 k\u00f6nnt ihr hier das zweitgr\u00f6\u00dfte Aquarium der Welt besichtigen. Es ist in einem riesigen wellenf\u00f6rmigen Geb\u00e4ude untergebracht. Im Inneren erkundet ihr dann drei Bereiche.<\/p>\n\n\n\n<p>Zum einen gibt es da den Dschungel, in dem ihr die Amphibien und Wassertiere eines tropischen Sumpfwaldes zu sehen bekommt. Dazu geh\u00f6ren nat\u00fcrlich Piranhas und bunte Fr\u00f6sche. Auch eine typische Cenote, wie ihr sie in Mexiko findet, wurde hier nachgebaut.<\/p>\n\n\n\n<p>Der zweite Bereich widmet sich dem Leben eines tropischen Korallenriffs mit all seinen bunten Fischen und Schalentieren.<\/p>\n\n\n\n<p>Besonders spektakul\u00e4r ist der Tiefsee-Bereich. Damit ihr das faszinierende Leben dieses Bereichs des Meeres hautnah erleben k\u00f6nnt, wurde unter dem Becken ein Tunnel gebaut. So kann es euch passieren, das ihr euch Auge in Auge mit einem Hai wiederfindet, oder dem Ballett der Tintenfische beiwohnt. Ein Besuch dieses Aquariums ist ein unvergessliches Erlebnis f\u00fcr die ganze Familie.<\/p>\n\n\n\n<table id=\"tablepress-81\" class=\"tablepress tablepress-id-81\">\n<thead>\n<tr class=\"row-1\">\n\t<th class=\"column-1\">\u00d6ffnungszeiten<\/th><th class=\"column-2\">von<\/th><th class=\"column-3\">bis<\/th>\n<\/tr>\n<\/thead>\n<tbody class=\"row-striping row-hover\">\n<tr class=\"row-2\">\n\t<td class=\"column-1\">t\u00e4glich<\/td><td class=\"column-2\">09:00 Uhr<\/td><td class=\"column-3\">18:00 Uhr<\/td>\n<\/tr>\n<tr class=\"row-3\">\n\t<td class=\"column-1\"><strong>Eintritt<\/strong><\/td><td class=\"column-2\"><\/td><td class=\"column-3\"><\/td>\n<\/tr>\n<tr class=\"row-4\">\n\t<td class=\"column-1\">Erwachsene<\/td><td class=\"column-2\">25,00 Euro<\/td><td class=\"column-3\"><\/td>\n<\/tr>\n<tr class=\"row-5\">\n\t<td class=\"column-1\">Kinder<\/td><td class=\"column-2\">17,50 Euro<\/td><td class=\"column-3\"><\/td>\n<\/tr>\n<\/tbody>\n<\/table>\n<!-- #tablepress-81 from cache -->\n\n\n<p><strong>Hinweis:<\/strong> Da es an der Kasse \u00f6fters zu Wartezeiten kommt, empfehlen wir euch die Tickets vorab online zu kaufen.<\/p>\n\n\n\n<p>Gran Canaria wird gerne als Mini-Kontinent bezeichnet. Die Insel hat wirklich sehr viel mehr als Sand und Felsen zu bieten. Die meisten von euch kommen sicherlich dorthin, um einen tollen Badeurlaub zu verbringen, aber es w\u00e4re doch schade, wenn ihr an all den faszinierenden Sehensw\u00fcrdigkeiten Gran Canarias achtlos vor\u00fcber geht. Darum raten wir euch, den ein oder anderen Urlaubstag mit einzigartigen Erlebnissen auszuf\u00fcllen.<\/p>\n\n\n\n<p>Wenn ihr jetzt noch mehr \u00fcber Gran Canaria erfahren wollt, solltet ihr bei diesem Beitrag \u00fcber unsere <a href=\"https:\/\/www.sonnenklar.tv\/blog\/gran-canaria-reisetipps\/\" target=\"_blank\" rel=\"noreferrer noopener\">Tipps f\u00fcr Gran Canaria<\/a> vorbeischauen. Ihr wollt lieber N\u00e4gel mit K\u00f6pfen machen? <a href=\"https:\/\/www.sonnenklar.tv\/promo\/urlaub-gran-canaria.html\" target=\"_blank\" rel=\"noreferrer noopener\">Auf sonnenklar.TV findet ihr zahlreiche Angebote f\u00fcr Gran Canaria<\/a> &#8211; so steht eurem Urlaub auf der gr\u00fcnen Kanaren-Insel nichts mehr im Wege![<\/p>\n","protected":false},"excerpt":{"rendered":"<p>Dass man auf der drittgr\u00f6\u00dften Kanareninsel das ganze Jahr \u00fcber einen tollen Badeurlaub verbringen kann, wisst ihr ja bestimmt. Aber was bietet die Insel dar\u00fcber hinaus noch so? Wir geben euch Tipps f\u00fcr tolle Erlebnisse abseits des Strands und stellen euch in diesem Beitrag die interessantesten Sehensw\u00fcrdigkeiten und Ausflugsziele auf Gran Canaria vor! Inhaltsverzeichnis Mobil<\/p>\n","protected":false},"author":3,"featured_media":17491,"comment_status":"closed","ping_status":"open","sticky":false,"template":"","format":"standard","meta":{"footnotes":""},"categories":[455,457],"tags":[558,501,485,484,498],"class_list":{"0":"post-17474","1":"post","2":"type-post","3":"status-publish","4":"format-standard","5":"has-post-thumbnail","7":"category-urlaubslaender","8":"category-spanien","9":"tag-gran-canaria","10":"tag-kanaren","11":"tag-kultururlaub","12":"tag-sehenswuerdigkeiten","13":"tag-spanien"},"_links":{"self":[{"href":"https:\/\/www.sonnenklar.tv\/blog\/wp-json\/wp\/v2\/posts\/17474","targetHints":{"allow":["GET"]}}],"collection":[{"href":"https:\/\/www.sonnenklar.tv\/blog\/wp-json\/wp\/v2\/posts"}],"about":[{"href":"https:\/\/www.sonnenklar.tv\/blog\/wp-json\/wp\/v2\/types\/post"}],"author":[{"embeddable":true,"href":"https:\/\/www.sonnenklar.tv\/blog\/wp-json\/wp\/v2\/users\/3"}],"replies":[{"embeddable":true,"href":"https:\/\/www.sonnenklar.tv\/blog\/wp-json\/wp\/v2\/comments?post=17474"}],"version-history":[{"count":17,"href":"https:\/\/www.sonnenklar.tv\/blog\/wp-json\/wp\/v2\/posts\/17474\/revisions"}],"predecessor-version":[{"id":39335,"href":"https:\/\/www.sonnenklar.tv\/blog\/wp-json\/wp\/v2\/posts\/17474\/revisions\/39335"}],"wp:featuredmedia":[{"embeddable":true,"href":"https:\/\/www.sonnenklar.tv\/blog\/wp-json\/wp\/v2\/media\/17491"}],"wp:attachment":[{"href":"https:\/\/www.sonnenklar.tv\/blog\/wp-json\/wp\/v2\/media?parent=17474"}],"wp:term":[{"taxonomy":"category","embeddable":true,"href":"https:\/\/www.sonnenklar.tv\/blog\/wp-json\/wp\/v2\/categories?post=17474"},{"taxonomy":"post_tag","embeddable":true,"href":"https:\/\/www.sonnenklar.tv\/blog\/wp-json\/wp\/v2\/tags?post=17474"}],"curies":[{"name":"wp","href":"https:\/\/api.w.org\/{rel}","templated":true}]}}