{"id":14668,"date":"2020-09-14T08:46:47","date_gmt":"2020-09-14T07:46:47","guid":{"rendered":"https:\/\/www.sonnenklar.tv\/blog\/?p=14668"},"modified":"2026-02-19T08:39:05","modified_gmt":"2026-02-19T07:39:05","slug":"flores-azoren","status":"publish","type":"post","link":"https:\/\/www.sonnenklar.tv\/blog\/urlaubslaender\/flores-azoren\/","title":{"rendered":"Flores: Unser Urlaubsguide f\u00fcr die Azoren-Insel"},"content":{"rendered":"<p><strong>Mit den Azoren nennt Portugal neun bezaubernde Urlaubsinseln sein Eigen, die da s\u00fcdwestlich im Atlantischen Ozean liegen. Jede hat so ihre eigenen Besonderheiten, f\u00fcr die sich eine Reise\u00a0 lohnt. Heute wollen wir euch Flores vorstellen, die viertkleinste Insel des Archipels. Wir erz\u00e4hlen euch, warum von allen Inseln der Azoren gerade Flores unbedingt einen Besuch wert ist und f\u00fcr wen sie sich am besten eignet.<\/strong><\/p>\n<hr \/>\n<p><strong>Inhaltsverzeichnis:<\/strong><\/p>\n<ul>\n<li><a href=\"#faq\">FAQs<\/a><\/li>\n<li><a href=\"#sehenswuerdigkeiten\">Sehensw\u00fcrdigkeiten auf Flores<\/a><\/li>\n<li><a href=\"#zielgruppe\">F\u00fcr wen ist Urlaub auf Flores das Richtige?<\/a><\/li>\n<\/ul>\n<hr \/>\n<figure id=\"attachment_16250\" aria-describedby=\"caption-attachment-16250\" style=\"width: 880px\" class=\"wp-caption aligncenter\"><img fetchpriority=\"high\" decoding=\"async\" class=\"size-full wp-image-16250\" src=\"https:\/\/www.sonnenklar.tv\/blog\/wp-content\/uploads\/2020\/07\/flores-azoren-reisetipps.jpg\" alt=\"Stra\u00dfe auf der gr\u00fcnen Azoren-Insel Flores\" width=\"880\" height=\"500\" srcset=\"https:\/\/www.sonnenklar.tv\/blog\/wp-content\/uploads\/2020\/07\/flores-azoren-reisetipps.jpg 880w, https:\/\/www.sonnenklar.tv\/blog\/wp-content\/uploads\/2020\/07\/flores-azoren-reisetipps-300x170.jpg 300w, https:\/\/www.sonnenklar.tv\/blog\/wp-content\/uploads\/2020\/07\/flores-azoren-reisetipps-768x436.jpg 768w\" sizes=\"(max-width: 880px) 100vw, 880px\" \/><figcaption id=\"caption-attachment-16250\" class=\"wp-caption-text\">Kommt mit uns auf eine Reise \u00fcber die Azoren-Insel Flores.<\/figcaption><\/figure>\n<h2><a name=\"faq\"><\/a>FAQs zu Flores: Alle Fragen, alle Antworten<\/h2>\n<hr \/>\n<ul>\n<li><a href=\"#beste-reisezeit\">Wann ist die beste Reisezeit?<\/a><\/li>\n<li><a href=\"#anreise\">Wie komme ich nach Flores?<\/a><\/li>\n<li><a href=\"#unterkunft\">Welche Unterkunft soll ich nehmen?<\/a><\/li>\n<li><a href=\"#aktivitaeten\">Was kann man auf Flores machen?<\/a><\/li>\n<li><a href=\"#aufenthaltsdauer\">Wie lange soll ich auf Flores bleiben?<\/a><\/li>\n<\/ul>\n<hr \/>\n<h3><a name=\"beste-reisezeit\"><\/a>Wann ist die beste Reisezeit f\u00fcr Flores?<\/h3>\n<p>Von Mai bis November herrscht auf Flores ausgezeichnetes Wetter, es ist angenehm warm und selbst im Hochsommer nicht zu hei\u00df. Die durchschnittlichen Temperaturen in diesem Zeitraum liegen zwischen 20 und 25 \u00b0C mit viel Sonnenschein.<\/p>\n<p>Zum Baden eignen sich die Monate Juni bis Oktober mit einer Wassertemperatur von 20 bis 23 \u00b0C. am besten. Der Dezember und der Januar gestalten sich \u00e4hnlich, allerdings f\u00e4llt in diesen Monaten der meiste Regen.<\/p>\n<p>\u25ba Klickt hier f\u00fcr <a href=\"https:\/\/www.sonnenklar.tv\/promo\/beste-reisezeit-azoren.html\" target=\"_blank\" rel=\"noopener noreferrer\">weitere Infos zur besten Reisezeit auf die Azoren<\/a><\/p>\n<h3><a name=\"anreise\"><\/a>Wie komme ich nach Flores?<\/h3>\n<p>Euer Flug aus Deutschland bringt euch zun\u00e4chst auf eine der gr\u00f6\u00dferen Inseln der Azoren. Flores erreicht ihr von S\u00e3o Miguel oder Faial aus, wo ihr den Flieger wechselt.<\/p>\n<p>Je nach Abflughafen in Deutschland dauert es ungef\u00e4hr vier Stunden, bis ihr euer Reiseziel erreicht habt. Einen regelm\u00e4\u00dfigen F\u00e4hren-Transport von Portugals Festland aus gibt es nicht.<\/p>\n<h3><a name=\"unterkunft\"><\/a>Tipps f\u00fcr die passende Unterkunft auf Flores<\/h3>\n<p>Trotz seiner Sch\u00f6nheit muss Flores keinen Massentourismus f\u00fcrchten. Die Insel zieht keine Luxusurlauber, sondern Erholungssuchende an, die sich \u00fcber eine \u00fcppige Landschaft freuen. Dementsprechend haben sich dort keine gro\u00dfen Resorts, sondern eher klassische Ferienh\u00e4user und heimelige Hotels angesiedelt. <a href=\"https:\/\/ferienwohnungen.sonnenklar.tv\/?region=2266&amp;searchtyp=defaultsearch&amp;event=search.search\" target=\"_blank\" rel=\"noopener noreferrer\">Eine \u00dcbersicht findet ihr hier<\/a>!<\/p>\n<h3><a name=\"aktivitaeten\"><\/a>Was kann man auf Flores machen?<\/h3>\n<p>Wer sich einen Bade- oder Aktivurlaub mit atemberaubender Naturkulisse w\u00fcnscht, findet auf Flores ein wahres Paradies. Der Name \u201eFlores\u201c, \u00fcbersetzt &#8222;Blumen&#8220;, kommt n\u00e4mlich nicht von ungef\u00e4hr. Viel Gr\u00fcn findet ihr auf allen Inseln der Azoren, Flores aber trumpft noch einmal mit der bunten Farbpracht \u00fcppiger Blumenfelder auf.<\/p>\n<p>Insbesondere Hortensien wachsen hier in H\u00fclle und F\u00fclle und s\u00e4mtlichen Kolorierungen. Dazwischen liegen gr\u00fcne Berge und noch gr\u00fcnere T\u00e4ler mit malerischen Kraterseen und Wasserf\u00e4llen.<\/p>\n<figure id=\"attachment_16253\" aria-describedby=\"caption-attachment-16253\" style=\"width: 880px\" class=\"wp-caption aligncenter\"><img decoding=\"async\" class=\"size-full wp-image-16253\" src=\"https:\/\/www.sonnenklar.tv\/blog\/wp-content\/uploads\/2020\/07\/flores-azoren-hortensien.jpg\" alt=\"Hortensien auf Flores, Azoren\" width=\"880\" height=\"500\" srcset=\"https:\/\/www.sonnenklar.tv\/blog\/wp-content\/uploads\/2020\/07\/flores-azoren-hortensien.jpg 880w, https:\/\/www.sonnenklar.tv\/blog\/wp-content\/uploads\/2020\/07\/flores-azoren-hortensien-300x170.jpg 300w, https:\/\/www.sonnenklar.tv\/blog\/wp-content\/uploads\/2020\/07\/flores-azoren-hortensien-768x436.jpg 768w\" sizes=\"(max-width: 880px) 100vw, 880px\" \/><figcaption id=\"caption-attachment-16253\" class=\"wp-caption-text\">Ein Meer aus Hortensien &#8211; Flores ist wahrlich eine Blumeninsel.<\/figcaption><\/figure>\n<p>Die Wanderer unter euch erwarten schier endlose M\u00f6glichkeiten, die Insel zu erkunden. Von jedem Pfad aus genie\u00dft ihr bombastische Aussichten in nahezu unber\u00fchrter Natur. Ein Gro\u00dfteil der Insel wird von Steilk\u00fcsten umfasst, doch in den Genuss von k\u00fchlem Nass kommt ihr trotzdem.<\/p>\n<p>Zum einen durch die zahlreichen idyllischen Seen und Naturschwimmbecken im Inselinneren, zum anderen erwartet euch ein ganz besonderer Strand: In der N\u00e4he des Dorfes Lajes liegt der Faj\u00e3 de Lopo Vaz, ein sogenannter Lavastrand, dessen Sand pechschwarz ist.<\/p>\n<p>Die Badestellen der Insel sind weitgehend naturbelassen, Infrastruktur gibt es wenig, daf\u00fcr schwimmt ihr inmitten m\u00e4rchenhafter Sch\u00f6nheit.<\/p>\n<h3><a name=\"aufenthaltsdauer\"><\/a>Wie lange lohnt es sich, auf Flores zu bleiben?<\/h3>\n<p>Ob ihr ein paar Tage oder mehr als eine Woche auf Flores verbringen wollt, h\u00e4ngt von eurem Anspruch an den Urlaub ab. Seid ihr auf gro\u00dfe Entspannung und eine ausgiebige Auszeit aus, wollt ihr atemberaubende Natur genie\u00dfen und braucht zwischendurch nicht unbedingt Abwechslung, dann l\u00e4sst sich auf dieser Insel auch ein l\u00e4ngerer Urlaub sehr angenehm gestalten.<\/p>\n<figure id=\"attachment_16259\" aria-describedby=\"caption-attachment-16259\" style=\"width: 880px\" class=\"wp-caption aligncenter\"><img decoding=\"async\" class=\"size-full wp-image-16259\" src=\"https:\/\/www.sonnenklar.tv\/blog\/wp-content\/uploads\/2020\/07\/flores-azoren-poco-de-bacalhau.jpg\" alt=\"Wanderweg zum Wasserfall Po\u00e7o do Bacalhau auf Flores, Azoren\" width=\"880\" height=\"500\" srcset=\"https:\/\/www.sonnenklar.tv\/blog\/wp-content\/uploads\/2020\/07\/flores-azoren-poco-de-bacalhau.jpg 880w, https:\/\/www.sonnenklar.tv\/blog\/wp-content\/uploads\/2020\/07\/flores-azoren-poco-de-bacalhau-300x170.jpg 300w, https:\/\/www.sonnenklar.tv\/blog\/wp-content\/uploads\/2020\/07\/flores-azoren-poco-de-bacalhau-768x436.jpg 768w\" sizes=\"(max-width: 880px) 100vw, 880px\" \/><figcaption id=\"caption-attachment-16259\" class=\"wp-caption-text\">Wie w\u00e4re es mit einer Wanderung zum Wasserfall Po\u00e7o do Bacalhau?<\/figcaption><\/figure>\n<p>Hegt ihr den Wunsch, eure Reise vielf\u00e4ltiger zu gestalten, so k\u00f6nnt ihr Flores prima beim Insel-Hopping \u00fcber die Azoren kennenlernen. Seht euch vorab <a href=\"https:\/\/www.sonnenklar.tv\/blog\/azoren-inseln\/\" target=\"_blank\" rel=\"noopener noreferrer\">auch die anderen Inseln des Archipels<\/a> an und plant auf mehreren davon immer zwei, drei Tage Aufenthalt ein. So bekommt ihr noch mehr zu sehen und k\u00f6nnt aus zus\u00e4tzlichen Aktivit\u00e4ten w\u00e4hlen.<\/p>\n<p>Dar\u00fcber hinaus ist euch ein abwechslungsreicher Urlaub garantiert, wenn ihr zun\u00e4chst ein paar Tage auf dem portugiesischen Festland verbringt. Schaut euch die historischen Sehensw\u00fcrdigkeiten von Lissabon oder Porto an, schlendert durch die Stra\u00dfen dieser St\u00e4dte, um die Kultur und ihr besonderes Flair hautnah zu erleben.<\/p>\n<p>Von beiden St\u00e4dten werden die Azoren angeflogen, sodass sich Portugals sch\u00f6nste Urlaubsseiten wunderbar verbinden lassen.<\/p>\n<h2><a name=\"sehenswuerdigkeiten\"><\/a>Die gr\u00fcne Insel: Sehensw\u00fcrdigkeiten auf Flores<\/h2>\n<p>Das Highlight der Blumeninsel ist ihre prachtvolle Natur, gar keine Frage. Generell zeichnet das die Azoren aus, Flores aber ist schwer zu \u00fcbertreffen. Hier gelangt ihr von einem Schauspiel zum n\u00e4chsten, das euch sprachlos staunen und unz\u00e4hlige Fotos schie\u00dfen l\u00e4sst. Einen ganzen Instagram-Account k\u00f6nnte man nur Flores widmen.<\/p>\n<figure id=\"attachment_16258\" aria-describedby=\"caption-attachment-16258\" style=\"width: 880px\" class=\"wp-caption aligncenter\"><img loading=\"lazy\" decoding=\"async\" class=\"size-full wp-image-16258\" src=\"https:\/\/www.sonnenklar.tv\/blog\/wp-content\/uploads\/2020\/07\/flores-azoren-nordkueste.jpg\" alt=\"Nordk\u00fcste der Azoren-Insel Flores\" width=\"880\" height=\"500\" srcset=\"https:\/\/www.sonnenklar.tv\/blog\/wp-content\/uploads\/2020\/07\/flores-azoren-nordkueste.jpg 880w, https:\/\/www.sonnenklar.tv\/blog\/wp-content\/uploads\/2020\/07\/flores-azoren-nordkueste-800x455.jpg 800w, https:\/\/www.sonnenklar.tv\/blog\/wp-content\/uploads\/2020\/07\/flores-azoren-nordkueste-18x10.jpg 18w, https:\/\/www.sonnenklar.tv\/blog\/wp-content\/uploads\/2020\/07\/flores-azoren-nordkueste-150x85.jpg 150w, https:\/\/www.sonnenklar.tv\/blog\/wp-content\/uploads\/2020\/07\/flores-azoren-nordkueste-450x256.jpg 450w, https:\/\/www.sonnenklar.tv\/blog\/wp-content\/uploads\/2020\/07\/flores-azoren-nordkueste-768x436.jpg 768w, https:\/\/www.sonnenklar.tv\/blog\/wp-content\/uploads\/2020\/07\/flores-azoren-nordkueste-300x170.jpg 300w\" sizes=\"(max-width: 880px) 100vw, 880px\" \/><figcaption id=\"caption-attachment-16258\" class=\"wp-caption-text\">Die Nordk\u00fcste von Flores.<\/figcaption><\/figure>\n<p>Wir zeigen euch, welchen Orten ihr unbedingt einen Besuch abstatten solltet und was es neben den nat\u00fcrlichen Sehensw\u00fcrdigkeiten sonst noch gibt.<\/p>\n<hr \/>\n<ul>\n<li><a href=\"#poco-da-alagoinha\">Po\u00e7o da Alagoinha<\/a><\/li>\n<li><a href=\"#sieben-seen\">Die sieben Seen<\/a><\/li>\n<li><a href=\"#rocha-dos-bordoes\">Rocha dos Bordoes<\/a><\/li>\n<li><a href=\"#ilheu-de-monchique\">Ilh\u00e9u de Monchique<\/a><\/li>\n<li><a href=\"#santa-cruz-das-flores\">Santa Cruz das Flores<\/a><\/li>\n<\/ul>\n<hr \/>\n<h3><a name=\"poco-da-alagoinha\"><\/a>Po\u00e7o da Alagoinha<\/h3>\n<p>Auch als \u201eLagoa dos Patos\u201c bekannt ist dieser See nicht, wie der \u00fcbersetzte Name vermuten l\u00e4sst, tats\u00e4chlich f\u00fcr seine Enten bekannt, sondern f\u00fcr seine spektakul\u00e4ren Wasserf\u00e4lle. Aus der gigantischen bewachsenen Felswand st\u00fcrzen lange, wei\u00dfe Wasserfluten in die Tiefe.<\/p>\n<figure id=\"attachment_16252\" aria-describedby=\"caption-attachment-16252\" style=\"width: 880px\" class=\"wp-caption aligncenter\"><img loading=\"lazy\" decoding=\"async\" class=\"size-full wp-image-16252\" src=\"https:\/\/www.sonnenklar.tv\/blog\/wp-content\/uploads\/2020\/07\/flores-azoren-poco-da-alagoinha.jpg\" alt=\"Der Wasserfall mit See von Poco da Alagoinha auf Flores\" width=\"880\" height=\"500\" srcset=\"https:\/\/www.sonnenklar.tv\/blog\/wp-content\/uploads\/2020\/07\/flores-azoren-poco-da-alagoinha.jpg 880w, https:\/\/www.sonnenklar.tv\/blog\/wp-content\/uploads\/2020\/07\/flores-azoren-poco-da-alagoinha-300x170.jpg 300w, https:\/\/www.sonnenklar.tv\/blog\/wp-content\/uploads\/2020\/07\/flores-azoren-poco-da-alagoinha-768x436.jpg 768w\" sizes=\"(max-width: 880px) 100vw, 880px\" \/><figcaption id=\"caption-attachment-16252\" class=\"wp-caption-text\">So instagramable!<\/figcaption><\/figure>\n<p>Dieser faszinierende Anblick wird dann noch einmal von dem spiegelklaren See am Fu\u00dfe des Berges reflektiert. Als bef\u00e4nde man sich pl\u00f6tzlich mitten in einem Bilderbuch-Dschungel.<\/p>\n<h3><a name=\"sieben-seen\"><\/a>Die sieben Seen<\/h3>\n<p>Die sieben Seen befinden sich im Vulkankrater der Insel. Jeder davon ist f\u00fcr eine Besonderheit bekannt und auch danach benannt. Besonders auff\u00e4llig ist der Lagoa Funda, der \u201etiefe See\u201c. Er liegt inmitten von steilen R\u00e4ndern und reicher Vegetation.<\/p>\n<p>Besonders beeindruckend sind die \u00dcberreste eine Lorbeerwaldes. Der \u201ewei\u00dfe See\u201c Lagoa Branca wirkt aus der Ferne tats\u00e4chlich ungew\u00f6hnlich hell, was er den unz\u00e4hligen Algen zu verdanken hat, die seinen Grund bev\u00f6lkern.<\/p>\n<p>Geradezu wie ein Gem\u00e4lde wirkt der Lagoa Lomba (\u201eSee auf Anh\u00f6he&#8220;), denn dieser ist von so vielen wei\u00dfen Hortensien umgeben, sodass die Landschaft schneebedeckt erscheint.<\/p>\n<p>Dann sind da noch der Rasa und der Seca (der &#8222;seichte&#8220; bzw. &#8222;trockene&#8220; See), die unterm Jahr zeitweise austrocknen, der \u201elange\u201c Lagoa Comprida und der \u201eschwarze\u201c Lagoa Negra, der unter den richtigen Lichtverh\u00e4ltnissen tats\u00e4chlich wie eine schwarze Fl\u00e4che gl\u00e4nzt. Beide Seen \u00fcberblickt ihr \u00fcbrigens von einem Aussichtspunkt aus. Und so sieht das dann letztlich aus:<\/p>\n<figure id=\"attachment_16255\" aria-describedby=\"caption-attachment-16255\" style=\"width: 880px\" class=\"wp-caption aligncenter\"><img loading=\"lazy\" decoding=\"async\" class=\"size-full wp-image-16255\" src=\"https:\/\/www.sonnenklar.tv\/blog\/wp-content\/uploads\/2020\/07\/flores-azoren-lagoa-comprida-lagoa-negra.jpg\" alt=\"Blick \u00fcber Lagoa Comprida und Lagoa Negra auf Flores, Azoren\" width=\"880\" height=\"301\" srcset=\"https:\/\/www.sonnenklar.tv\/blog\/wp-content\/uploads\/2020\/07\/flores-azoren-lagoa-comprida-lagoa-negra.jpg 880w, https:\/\/www.sonnenklar.tv\/blog\/wp-content\/uploads\/2020\/07\/flores-azoren-lagoa-comprida-lagoa-negra-300x103.jpg 300w, https:\/\/www.sonnenklar.tv\/blog\/wp-content\/uploads\/2020\/07\/flores-azoren-lagoa-comprida-lagoa-negra-768x263.jpg 768w\" sizes=\"(max-width: 880px) 100vw, 880px\" \/><figcaption id=\"caption-attachment-16255\" class=\"wp-caption-text\">Ein spektakul\u00e4rer Ausblick \u00fcber die Seen Comprida und Negra.<\/figcaption><\/figure>\n<p>Nicht alle der Seen eigenen sich zum Schwimmen, aber ein tolles Landschaftsbild und gelungene Fotomotive bietet jeder von ihnen.<\/p>\n<h3><a name=\"rocha-dos-bordoes\"><\/a>Rocha dos Bordoes<\/h3>\n<p>Die \u201eOrgelpfeilen\u201c nennt man sie und genau so sehen sie auch aus: unz\u00e4hlige, gewaltige Basalts\u00e4ulen, die an der Seite eines gigantischen Felsens emporragen. Entstanden ist dieses Naturph\u00e4nomen durch Lavagestein. Wind und Wetter haben \u00fcber die Jahrhunderte dann diese au\u00dfergew\u00f6hnliche Formation gebildet.<\/p>\n<figure id=\"attachment_16256\" aria-describedby=\"caption-attachment-16256\" style=\"width: 880px\" class=\"wp-caption aligncenter\"><img loading=\"lazy\" decoding=\"async\" class=\"size-full wp-image-16256\" src=\"https:\/\/www.sonnenklar.tv\/blog\/wp-content\/uploads\/2020\/07\/flores-azoren-rocha-dos-bordoes.jpg\" alt=\"Die Rocha dos Bordoes Felsformation auf Flores, Azoren\" width=\"880\" height=\"500\" srcset=\"https:\/\/www.sonnenklar.tv\/blog\/wp-content\/uploads\/2020\/07\/flores-azoren-rocha-dos-bordoes.jpg 880w, https:\/\/www.sonnenklar.tv\/blog\/wp-content\/uploads\/2020\/07\/flores-azoren-rocha-dos-bordoes-300x170.jpg 300w, https:\/\/www.sonnenklar.tv\/blog\/wp-content\/uploads\/2020\/07\/flores-azoren-rocha-dos-bordoes-768x436.jpg 768w\" sizes=\"(max-width: 880px) 100vw, 880px\" \/><figcaption id=\"caption-attachment-16256\" class=\"wp-caption-text\">Die ungew\u00f6hnliche Felsformationen der Rocha dos Bordoes.<\/figcaption><\/figure>\n<p>Wir empfehlen euch, dem Rocha dos Bordeos w\u00e4hrend des Sonnenuntergas einen Besuch abzustatten, denn in dieser Zeit werden die S\u00e4ulen in ein leuchtend rotes Licht getaucht.<\/p>\n<p>Da der Fels oben auf einem Berg liegt, habt ihr schon aus der Ferne einen tollen Blick darauf. Je weiter ihr aufsteigt, desto atemberaubender wird euer Blick aber auch auf die Umgebung, die das Spektakel abrundet: der endlose Atlantik, die steile K\u00fcstenlinie und gr\u00fcne Landschaft, soweit das Auge reicht.<\/p>\n<h3><a name=\"ilheu-de-monchique\"><\/a>Ilh\u00e9u de Monchique<\/h3>\n<p>Wie eine massive Festung thront der 43 Meter hohe Vulkanfelsen von Wellen umtost vor der K\u00fcste Flores. Der Ilh\u00e9u de Monchique bietet nicht nur ein imposantes Bild, er war als westlichster Punkt Europas fr\u00fcher auch sehr wichtig, wenn Seefahrer ihre Navigationsinstrumente einstellen und Routen planen mussten. Der gewaltige Stein half ihnen bei der Orientierung.<\/p>\n<figure id=\"attachment_16257\" aria-describedby=\"caption-attachment-16257\" style=\"width: 880px\" class=\"wp-caption aligncenter\"><img loading=\"lazy\" decoding=\"async\" class=\"size-full wp-image-16257\" src=\"https:\/\/www.sonnenklar.tv\/blog\/wp-content\/uploads\/2020\/07\/flores-azoren-ilheu-de-monchique.jpg\" alt=\"Ilheu de Monchique vor der Azoren-Insel Flores\" width=\"880\" height=\"800\" srcset=\"https:\/\/www.sonnenklar.tv\/blog\/wp-content\/uploads\/2020\/07\/flores-azoren-ilheu-de-monchique.jpg 880w, https:\/\/www.sonnenklar.tv\/blog\/wp-content\/uploads\/2020\/07\/flores-azoren-ilheu-de-monchique-300x273.jpg 300w, https:\/\/www.sonnenklar.tv\/blog\/wp-content\/uploads\/2020\/07\/flores-azoren-ilheu-de-monchique-768x698.jpg 768w\" sizes=\"(max-width: 880px) 100vw, 880px\" \/><figcaption id=\"caption-attachment-16257\" class=\"wp-caption-text\">Klein, aber bedeutend!<\/figcaption><\/figure>\n<p>Ihr k\u00f6nnt den Ilh\u00e9u de Monchique so wie auf dem obigen Bild bequem vom Ufer der Insel aus bewundern, allerdings gibt es unter Wasser um ihn herum ebenfalls einiges zu sehen. Hier n\u00e4mlich weist der Boden eine gro\u00dfe Vielfalt an Meeresbewohnern auf. Mollusken, Lippfische und Gemeine Napfschnecken tummeln sich hier. Je nach Jahreszeit ziehen sogar Wale und Delfine vorbei.<\/p>\n<h3><a name=\"santa-cruz-das-flores\"><\/a>Santa Cruz das Flores<\/h3>\n<p>Die unber\u00fchrte Natur ist der gr\u00f6\u00dfte Schatz der Insel, aber auch die beschauliche Hauptstadt Santa Cruz das Flores l\u00e4dt ein wenig zum Erkunden ein. Hier stehen zum Beispiel eine pr\u00e4chtige Kirche sowie ein ehemaliges Franziskanerkloster, gefolgt von einem Museum, das sich mit Volkskunde besch\u00e4ftigt. Au\u00dferdem gibt es da noch das Walfangmuseum. Keine Sorge, die riesigen Meeress\u00e4uger werden nat\u00fcrlich schon lange nicht mehr zur Nahrungsaufnahme gejagt.<\/p>\n<p>Interessant ist die Ausstellung aber auf jeden Fall, da sie euch einen guten Einblick in die damalige Kultur der Einwohner gibt, als man noch mit kleinen Holzbooten auf gef\u00e4hrliche Jagd gehen musste, um die D\u00f6rfer zu verpflegen.<\/p>\n<h2><a name=\"zielgruppe\"><\/a>Unser Fazit: F\u00fcr wen ist Urlaub auf Flores das Richtige?<\/h2>\n<p>Wenn ihr Naturgewalten liebt und vom Wandern gar nicht genug kriegen k\u00f6nnt, m\u00f6chtet ihr eure Koffer bestimmt am liebsten sofort packen. Flores ist eine kleine aber fantastische Insel, an der man sich kaum satt sehen kann. Sie stellt einen ausgezeichneten Zwischenstopp dar, wenn ihr eine Rundreise durch Portugal plant, um euch am Kulturangebot des Festlandes g\u00fctlich zu tun und im Anschluss im Gr\u00fcnen ausspannen wollt.<\/p>\n<p>Auch bei einem Insel-Hopping \u00fcber die Azoren solltet ihr Flores auf eure Liste setzen, damit ihr die mit Abstand sch\u00f6nste Insel erlebt.<\/p>\n<p><a href=\"https:\/\/www.sonnenklar.tv\/promo\/reisen-azoren.html\" target=\"_blank\" rel=\"noopener noreferrer\"><img loading=\"lazy\" decoding=\"async\" class=\"aligncenter size-full wp-image-12030\" src=\"https:\/\/www.sonnenklar.tv\/blog\/wp-content\/uploads\/2019\/04\/azoren-banner.jpg\" alt=\"Banner Azoren\" width=\"880\" height=\"250\" srcset=\"https:\/\/www.sonnenklar.tv\/blog\/wp-content\/uploads\/2019\/04\/azoren-banner.jpg 880w, https:\/\/www.sonnenklar.tv\/blog\/wp-content\/uploads\/2019\/04\/azoren-banner-300x85.jpg 300w, https:\/\/www.sonnenklar.tv\/blog\/wp-content\/uploads\/2019\/04\/azoren-banner-768x218.jpg 768w\" sizes=\"(max-width: 880px) 100vw, 880px\" \/><\/a><\/p>\n","protected":false},"excerpt":{"rendered":"<p>Mit den Azoren nennt Portugal neun bezaubernde Urlaubsinseln sein Eigen, die da s\u00fcdwestlich im Atlantischen Ozean liegen. Jede hat so ihre eigenen Besonderheiten, f\u00fcr die sich eine Reise\u00a0 lohnt. Heute wollen wir euch Flores vorstellen, die viertkleinste Insel des Archipels. Wir erz\u00e4hlen euch, warum von allen Inseln der Azoren gerade Flores unbedingt einen Besuch wert<\/p>\n","protected":false},"author":3,"featured_media":16251,"comment_status":"closed","ping_status":"closed","sticky":false,"template":"","format":"standard","meta":{"footnotes":""},"categories":[455,465],"tags":[506,491,499,180,484],"class_list":{"0":"post-14668","1":"post","2":"type-post","3":"status-publish","4":"format-standard","5":"has-post-thumbnail","7":"category-urlaubslaender","8":"category-weitere-laender","9":"tag-aktivitaeten","10":"tag-allgemeine-reiseinformationen","11":"tag-beste-reisezeit","12":"tag-portugal","13":"tag-sehenswuerdigkeiten"},"_links":{"self":[{"href":"https:\/\/www.sonnenklar.tv\/blog\/wp-json\/wp\/v2\/posts\/14668","targetHints":{"allow":["GET"]}}],"collection":[{"href":"https:\/\/www.sonnenklar.tv\/blog\/wp-json\/wp\/v2\/posts"}],"about":[{"href":"https:\/\/www.sonnenklar.tv\/blog\/wp-json\/wp\/v2\/types\/post"}],"author":[{"embeddable":true,"href":"https:\/\/www.sonnenklar.tv\/blog\/wp-json\/wp\/v2\/users\/3"}],"replies":[{"embeddable":true,"href":"https:\/\/www.sonnenklar.tv\/blog\/wp-json\/wp\/v2\/comments?post=14668"}],"version-history":[{"count":13,"href":"https:\/\/www.sonnenklar.tv\/blog\/wp-json\/wp\/v2\/posts\/14668\/revisions"}],"predecessor-version":[{"id":16263,"href":"https:\/\/www.sonnenklar.tv\/blog\/wp-json\/wp\/v2\/posts\/14668\/revisions\/16263"}],"wp:featuredmedia":[{"embeddable":true,"href":"https:\/\/www.sonnenklar.tv\/blog\/wp-json\/wp\/v2\/media\/16251"}],"wp:attachment":[{"href":"https:\/\/www.sonnenklar.tv\/blog\/wp-json\/wp\/v2\/media?parent=14668"}],"wp:term":[{"taxonomy":"category","embeddable":true,"href":"https:\/\/www.sonnenklar.tv\/blog\/wp-json\/wp\/v2\/categories?post=14668"},{"taxonomy":"post_tag","embeddable":true,"href":"https:\/\/www.sonnenklar.tv\/blog\/wp-json\/wp\/v2\/tags?post=14668"}],"curies":[{"name":"wp","href":"https:\/\/api.w.org\/{rel}","templated":true}]}}