{"id":14240,"date":"2019-11-12T14:11:34","date_gmt":"2019-11-12T13:11:34","guid":{"rendered":"https:\/\/www.sonnenklar.tv\/blog\/?p=14240"},"modified":"2026-03-23T09:42:18","modified_gmt":"2026-03-23T08:42:18","slug":"typisch-spanisch","status":"publish","type":"post","link":"https:\/\/www.sonnenklar.tv\/blog\/urlaubslaender\/typisch-spanisch\/","title":{"rendered":"Was ist typisch spanisch? Alle Klischees im Check!"},"content":{"rendered":"\n<p><strong>Ach ja, Spanien. Wo die Leute zu jeder Mahlzeit Sangria trinken und dann Flamenco tanzen, wo Unp\u00fcnktlichkeit als Tugend gilt und \u00fcberhaupt alles entweder Siesta oder Fiesta ist. So oder \u00e4hnlich sieht das Bild aus, das vielen spontan in den Sinn kommt, wenn sie an Spanien denken. Doch wie viele der Klischees \u00fcber das beliebte Urlaubsland stimmen tats\u00e4chlich? Und welche h\u00f6chstens zur H\u00e4lfte? Was ist denn nun \u00fcberhaupt wirklich \u201etypisch spanisch\u201c? Unsere Autorin Katrin hat drei Jahre lang in Madrid und Andalusien gelebt und verr\u00e4t euch \u2013 mit einem Augenzwinkern \u2013 aus eigener Hand, was an den Stereotypen so dran ist.<\/strong><\/p>\n\n\n\n<hr class=\"wp-block-separator has-css-opacity\"\/>\n\n\n\n<p><strong>Inhaltsverzeichnis:<\/strong><\/p>\n\n\n\n<ol class=\"wp-block-list\">\n<li><a href=\"#spanien-klischees\">Klischees \u00fcber Spanien<\/a><\/li>\n\n\n\n<li><a href=\"#typisch-spanisches-essen\">Welches Essen ist typisch spanisch?<\/a><\/li>\n\n\n\n<li><a href=\"#typisch-spanisch\">Was ist wirklich typisch spanisch?<\/a><\/li>\n<\/ol>\n\n\n\n<hr class=\"wp-block-separator has-css-opacity\"\/>\n\n\n<div class=\"wp-block-image\">\n<figure class=\"aligncenter\"><img fetchpriority=\"high\" decoding=\"async\" width=\"880\" height=\"500\" src=\"https:\/\/www.sonnenklar.tv\/blog\/wp-content\/uploads\/2019\/11\/typisch-spanisch.jpg\" alt=\"typisch spanisch\" class=\"wp-image-14275\" srcset=\"https:\/\/www.sonnenklar.tv\/blog\/wp-content\/uploads\/2019\/11\/typisch-spanisch.jpg 880w, https:\/\/www.sonnenklar.tv\/blog\/wp-content\/uploads\/2019\/11\/typisch-spanisch-300x170.jpg 300w, https:\/\/www.sonnenklar.tv\/blog\/wp-content\/uploads\/2019\/11\/typisch-spanisch-768x436.jpg 768w\" sizes=\"(max-width: 880px) 100vw, 880px\" \/><\/figure>\n<\/div>\n\n\n<h2 class=\"wp-block-heading\"><a name=\"spanien-klischees\"><\/a>Was ist dran an den Klischees \u00fcber Spanien?<\/h2>\n\n\n\n<p>Klar, auch Spanier haben ihre Marotten. Doch vieles entpuppt sich bei genauerer Betrachtung dann doch nur als Vorurteil. Alle Klischees \u00fcber Spanien gibt&#8217;s hier im Fakten-Check:<\/p>\n\n\n\n<h3 class=\"wp-block-heading\">1. Klischee: Siesta \u2013 hat Spanien die Ruhe weg?<\/h3>\n\n\n\n<p>Typisch Spanisch ist f\u00fcr viele Nicht-Spanier die Siesta. Ein Wort, das uns den dortigen Lebensstil als sehr verf\u00fchrerisch erscheinen l\u00e4sst. Das ist doch diese Zeit am Nachmittag, in der alle Spanier die Arbeit ein paar Stunden ruhen lassen und sich einen ausgiebigen Mittagsschlaf g\u00f6nnen? Nun, ganz so einfach und bequem ist das Leben dort nicht.<\/p>\n\n\n\n<p>Die Siesta, eine Mittagsruhe zwischen drei\u00dfig Minuten und zweieinhalb Stunden, genie\u00dft in den Sommermonaten zwar immer noch eine gewisse Tradition (und das nicht nur in Spanien, sondern auch in anderen s\u00fcdlichen L\u00e4ndern), doch sie ist im Grunde ein Relikt vergangener Zeiten.<\/p>\n\n\n\n<p>Wer schon mal einige Tage w\u00e4hrend des Hochsommers in Spanien verbracht hat, wei\u00df, wie unertr\u00e4glich die Hitze am Nachmittag sein kann. Nun stellt euch vor, ihr m\u00fcsstet im Freien oder beengten Gesch\u00e4ftsr\u00e4umen arbeiten. Das ist fast schon unm\u00f6glich. Hinzu kommt, dass sich sowieso nur wenige Kunden \u00fcberhaupt rauswagen, wenn die Sonne am h\u00f6chsten steht. Es macht also durchaus Sinn, das Gesch\u00e4ft f\u00fcr ein, zwei Stunden zu schlie\u00dfen oder sich in den Schatten zu legen.<\/p>\n\n\n\n<p>Heutzutage erlebt ihr die Siesta im Arbeitsleben des Landes sehr selten, wenn es sich nicht gerade um physisch anstrengende T\u00e4tigkeiten handelt. In gut klimatisierten B\u00fcror\u00e4umen gibt es keinen Grund, die Mittagshitze zu f\u00fcrchten. Damit die Siesta \u00fcberhaupt stattfinden kann, muss sie nat\u00fcrlich arbeitsrechtlich reglementiert sein.<\/p>\n\n\n\n<p>Die ausgiebige Nachmittagspause bedeutet dann \u00fcbrigens nicht, dass die Spanier damit in den Genuss k\u00fcrzerer Arbeitszeiten kommen. Der Arbeitstag endet dann eben entsprechend ein paar Stunden sp\u00e4ter. Mehr Schlaf gibt es also nicht, die Ruhestunden werden nur anders verteilt.<\/p>\n\n\n\n<h3 class=\"wp-block-heading\">2. Klischee: Spanier sind unp\u00fcnktlich<\/h3>\n\n\n\n<p>F\u00fcr Spanien typisch soll auch die Unp\u00fcnktlichkeit sein \u2013 ein grausiger Gedanke f\u00fcr uns Deutsche, die alle nat\u00fcrlich ausnahmslos \u00fcberp\u00fcnktlich sind. Ihr merkt schon, auch hier geht es eher in Richtung Klischee.<\/p>\n\n\n\n<p>Fest steht: Verabredet ihr euch in der Gruppe f\u00fcr 21 Uhr in einer Bar, dann ist es gut m\u00f6glich, dass ihr um Punkt 21 Uhr der oder die Einzige vor Ort seid und der Rest erst in den n\u00e4chsten drei\u00dfig Minuten nach und nach eintrudelt. Seid ihr nur mit ein oder zwei Personen verabredet, betrachtet man eine solche Versp\u00e4tung als immer noch akzeptabel, allerdings w\u00fcrde die Person sich zwischendurch auch mal melden und diese ank\u00fcndigen.<\/p>\n\n\n\n<p>In der spanischen Arbeitswelt habe ich das so erlebt: W\u00e4hrend f\u00fcr viele Deutsche f\u00fcnf Minuten vor der Zeit die P\u00fcnktlichkeit beginnt, sehen die meisten Spanier f\u00fcnf Minuten danach immer noch als p\u00fcnktlich an. Manchmal vielleicht auch zehn. Das h\u00e4ngt nat\u00fcrlich aber auch davon ab, wie gelassen der Arbeitgeber das Thema nimmt. Die Spanier m\u00f6gen es halt gem\u00fctlich \u2013 doch unzuverl\u00e4ssig sind sie deswegen nicht.<\/p>\n\n\n\n<p><strong>Von wegen notorische Zusp\u00e4tkommer<\/strong>: Dass Spanien es auch sehr genau nehmen kann mit der Uhrzeit, habe ich bei Kinos und \u00e4hnlichen Auff\u00fchrungen am eigenen Leib erlebt: Beginnt die Vorstellung um 20:00 Uhr, dann kommt um 20:05 Uhr keiner mehr rein, damit die Zuschauer nicht gest\u00f6rt werden.<\/p>\n\n\n\n<h3 class=\"wp-block-heading\">3. Klischee: Ist der Stierkampf noch immer typisch spanisch?<\/h3>\n\n\n\n<p>Das rituelle T\u00f6ten von Kampfstieren ist eines der bekanntesten und wohl auch das kontroverseste Merkmal Spaniens. Es ist aber nicht so, dass nur Ausl\u00e4nder kritisch auf diese blutige Tradition blicken. Die Landesbewohner selbst geraten regelm\u00e4\u00dfig deswegen aneinander. Als typisch f\u00fcr Spanien betrachten das Spektakel l\u00e4ngst nicht alle. Die politischen Parteien kriegen sich immer wieder in die Wolle, wenn es darum geht, Stierk\u00e4mpfe abzuschaffen: Konservative verteidigen den Stierkampf als Kulturgut, Liberale stemmen sich gegen dieses (ihrer Ansicht nach) vorzeitliche Relikt.<\/p>\n\n\n\n<p>Der aktuelle K\u00f6nig Felipe VI. meidet die Arenen und fast jede Show hat zur Folge, dass Aktivisten vor den Toren protestieren. Die Kanarischen Inseln waren die Ersten, die ein generelles Verbot aufstellten, Katalonien versucht dies ebenfalls durchzusetzen. Derweil hat die junge Generation des Landes wenig f\u00fcr die umstrittene Tradition \u00fcbrig. Sie hat stattdessen Fu\u00dfball zu ihrem Kulturerbe erkl\u00e4rt.<\/p>\n\n\n\n<p>Touristen, die Spanien besuchen, sind meistens entweder von vornherein dagegen, eine Show in den Arenen zu besuchen, anderen beschlie\u00dfen sich das Ganze doch zumindest einmal anzusehen.<\/p>\n\n\n\n<h3 class=\"wp-block-heading\">4. Klischee: Typische Spanier tanzen rund um die Uhr Flamenco<\/h3>\n\n\n\n<p>Mit dem Flamenco ist es ein bisschen so wie mit dem Oktoberfest und bayerischer Tracht in Deutschland: In den Medien sieht es manchmal so aus, als w\u00fcrde das ganze Land tagt\u00e4glich in Lederhosen und Sauerkraut essend mit Bierkrug im Arm herumlaufen, dabei handelt es sich eigentlich um eine rein regionale Angelegenheit.<\/p>\n\n\n<div class=\"wp-block-image\">\n<figure class=\"aligncenter\"><img decoding=\"async\" width=\"880\" height=\"500\" src=\"https:\/\/www.sonnenklar.tv\/blog\/wp-content\/uploads\/2019\/11\/typisch-spanisch-flamenco.jpg\" alt=\"Typisch f\u00fcr Spanien ist auch der Flamenco\" class=\"wp-image-14276\" srcset=\"https:\/\/www.sonnenklar.tv\/blog\/wp-content\/uploads\/2019\/11\/typisch-spanisch-flamenco.jpg 880w, https:\/\/www.sonnenklar.tv\/blog\/wp-content\/uploads\/2019\/11\/typisch-spanisch-flamenco-300x170.jpg 300w, https:\/\/www.sonnenklar.tv\/blog\/wp-content\/uploads\/2019\/11\/typisch-spanisch-flamenco-768x436.jpg 768w\" sizes=\"(max-width: 880px) 100vw, 880px\" \/><\/figure>\n<\/div>\n\n\n<p>Der rhythmische und sehr emotionale Flamenco-Tanz stammt aus dem s\u00fcdlichen Andalusien. Zwar habt ihr auch in anderen Regionen die M\u00f6glichkeit, Flamenco-Shows zu sehen oder den Tanz zu erlernen, doch im gro\u00dfen Stil zelebriert wird er eben nur im S\u00fcden. Nicht jeder Spanier sa\u00df schon mal in einer solchen Show und erst recht liegt nicht jedem dieser Tanz im Blut, egal ob S\u00fcdl\u00e4nder oder nicht. Der Flamenco ist n\u00e4mlich ganz sch\u00f6n kompliziert.<\/p>\n\n\n\n<h2 class=\"wp-block-heading\"><a name=\"typisch-spanisches-essen\"><\/a>Welches Essen ist typisch spanisch?<\/h2>\n\n\n\n<p>Gazpacho oder Paella? Eigentlich weder noch, wenn es darum geht, welches das spanische Nationalgericht schlechthin ist. Wobei sich die kalte Tomatensuppe <strong>Gazpacho<\/strong>, ein andalusisches Gericht, landesweiter Beliebtheit erfreut. Sie ist schlie\u00dflich einfach zuzubereiten und sehr schmackhaft im hei\u00dfen Sommer. Die Reispfanne <strong>Paella<\/strong> stammt derweil urspr\u00fcnglich aus Valencia und je nach dem, wo genau ihr euch in Spanien aufhaltet, enth\u00e4lt sie keine Meeresfr\u00fcchte, sondern stattdessen Gefl\u00fcgel, Gem\u00fcse oder gar Schnecken.<\/p>\n\n\n<div class=\"wp-block-image\">\n<figure class=\"aligncenter\"><img decoding=\"async\" width=\"880\" height=\"500\" src=\"https:\/\/www.sonnenklar.tv\/blog\/wp-content\/uploads\/2019\/11\/typisch-spanisch-paella.jpg\" alt=\"Typisch spanisch ist eine Paella\" class=\"wp-image-14277\" srcset=\"https:\/\/www.sonnenklar.tv\/blog\/wp-content\/uploads\/2019\/11\/typisch-spanisch-paella.jpg 880w, https:\/\/www.sonnenklar.tv\/blog\/wp-content\/uploads\/2019\/11\/typisch-spanisch-paella-300x170.jpg 300w, https:\/\/www.sonnenklar.tv\/blog\/wp-content\/uploads\/2019\/11\/typisch-spanisch-paella-768x436.jpg 768w\" sizes=\"(max-width: 880px) 100vw, 880px\" \/><\/figure>\n<\/div>\n\n\n<p>Das Gericht, das im ganzen Land einheitlich verbreitet und wirklich \u00fcberall erh\u00e4ltlich ist, nennt sich <strong>Tortilla Espa\u00f1ola<\/strong>. Ein dickes Omelette mit Kartoffelst\u00fccken und oftmals Zwiebeln gef\u00fcllt. Sie steht auf fast jedem Men\u00fc und nicht selten erhaltet ihr ein kostenloses St\u00fcck als \u201etapas\u201c.<\/p>\n\n\n\n<p>\u00dcberhaupt <strong>tapas<\/strong> \u2013 was genau sind die eigentlich und sind sie wirklich umsonst? Tapas ist eher ein Konzept als ein Gericht. Es handelt sich um eine Kleinigkeit zu Essen, die kostenlos zu einem Getr\u00e4nk (egal ob alkoholisch oder nicht) gereicht wird. Das kann von einer Schale Chips \u00fcber ein paar Scheiben <strong>Manchego<\/strong>-K\u00e4se und <strong>Chorizo<\/strong>-Wurst mit Wei\u00dfbrot bis hin einem randvollen Teller frittierter Meeresfr\u00fcchte alles M\u00f6gliche sein.<\/p>\n\n\n\n<p>Stellt man euch diese Appetith\u00e4ppchen (die manchmal schon ein halbes Abendessen darstellen) hin, dann sind sie tats\u00e4chlich v\u00f6llig kostenfrei. In manchen Bars d\u00fcrft ihr euch sogar direkt aussuchen, welche tapas mit eurem Getr\u00e4nk kommen sollen. Da mit jeder Getr\u00e4nkerunde eine neue Portion tapas erscheint, ziehen sich gemeinsame Abende meist l\u00e4nger hin als geplant, weil es einfach gerade so sch\u00f6n lecker und gesellig ist.<\/p>\n\n\n\n<figure class=\"wp-block-embed is-type-wp-embed is-provider-sonnenklar-tv-reiseblog wp-block-embed-sonnenklar-tv-reiseblog\"><div class=\"wp-block-embed__wrapper\">\nhttps:\/\/www.sonnenklar.tv\/blog\/kueche-rezepte-kanaren\n<\/div><\/figure>\n\n\n\n<p>Apropos Getr\u00e4nke \u2013 wie verh\u00e4lt es sich mit der ber\u00fchmten <strong>Sangria<\/strong>? Glaubt man den Bildern wilder Partys auf Mallorca, wird das Getr\u00e4nk mit mehreren langen Strohhalmen direkt aus einem Eimer literweise getrunken. So was erlebt ihr aber (wenn \u00fcberhaupt) wirklich nur an den <a href=\"https:\/\/www.sonnenklar.tv\/blog\/partyurlaub-mallorca\/\" target=\"_blank\" rel=\"noopener noreferrer\">einschl\u00e4gigen Party-Hotspots Mallorcas<\/a> \u2013 und selbst dort ist es mittlerweile offiziell verboten.<\/p>\n\n\n\n<p>Dieses Klischee-Bild wird weder den Spaniern noch dem k\u00f6stlichen Drink gerecht. Der Sangria ist bei Weitem kein \u201eSauf-Getr\u00e4nk\u201c, sondern eine sorgf\u00e4ltig zubereitete Spezialit\u00e4t f\u00fcr hei\u00dfe Sommertage. Frische, saftige Fr\u00fcchte und trockener Rotwein sind die Grundzutaten, die mindestens zwei Stunden lang ziehen m\u00fcssen, um dann eiskalt serviert zu werden. Je nach Ort werden noch verschiedene Fruchts\u00e4fte und Lik\u00f6re hinzugef\u00fcgt.<\/p>\n\n\n<div class=\"wp-block-image\">\n<figure class=\"aligncenter\"><img loading=\"lazy\" decoding=\"async\" width=\"880\" height=\"500\" src=\"https:\/\/www.sonnenklar.tv\/blog\/wp-content\/uploads\/2019\/11\/typisch-spanisch-sangria.jpg\" alt=\"Sangria ist sehr typisch f\u00fcr Spanien\" class=\"wp-image-14278\" srcset=\"https:\/\/www.sonnenklar.tv\/blog\/wp-content\/uploads\/2019\/11\/typisch-spanisch-sangria.jpg 880w, https:\/\/www.sonnenklar.tv\/blog\/wp-content\/uploads\/2019\/11\/typisch-spanisch-sangria-300x170.jpg 300w, https:\/\/www.sonnenklar.tv\/blog\/wp-content\/uploads\/2019\/11\/typisch-spanisch-sangria-768x436.jpg 768w\" sizes=\"(max-width: 880px) 100vw, 880px\" \/><\/figure>\n<\/div>\n\n\n<p>Letztendlich kommt Sangria unter Einheimischen auch verh\u00e4ltnism\u00e4\u00dfig selten zum Einsatz. Es sind eher die Touristen, die stets danach fragen.<\/p>\n\n\n\n<p><strong>Das sind die echten Partydrinks<\/strong>: Trinken um des Trinken willens geht in Spanien \u00fcbrigens viel einfacher, ohne Fr\u00fcchte schnippeln und stundenlanges Ziehen: Cola mit preiswertestem Rotwein mischen, fertig ist das papps\u00fc\u00dfe Getr\u00e4nk, bei dem man die Drehzahl erst sp\u00fcrt, wenn sie schon im Rollen ist. In S\u00fcdspanien entsteht durch Sherry und Zitronenlimonade ein \u00e4hnliches Partygetr\u00e4nk.<\/p>\n\n\n\n<h2 class=\"wp-block-heading\"><a name=\"typisch-spanisch\"><\/a>Was ist wirklich typisch spanisch?<\/h2>\n\n\n\n<p>Dar\u00fcber hinaus gibt es noch Eigenheiten, die wir ebenfalls stark mit dem sonnigen Land verbinden &#8211; und die auch wirklich typisch spanisch sind:<\/p>\n\n\n\n<h3 class=\"wp-block-heading\">1. Spaniens Fiestas<\/h3>\n\n\n\n<p>Es stimmt, Spanien st\u00fcrzt sich gerne in Feierlichkeiten und macht dabei die verr\u00fccktesten Dinge. La <strong>Tomatina<\/strong> nennt sich das j\u00e4hrliche Spektakel in Valencia, bei dem gro\u00dfe Trucks bef\u00fcllt mit \u00fcberreifen Tomaten anrollen, die an mehrere Tausend Besucher ausgegeben werden. Die liefern sich damit eine Schlacht, bis der Tomatensaft in Str\u00f6men durch die Stra\u00dfen rinnt. Ein Spa\u00df, der haupts\u00e4chlich Touristen anzieht &#8211; wer es einmal erlebt hat, dem reicht diese eine Erfahrung in der Regel.<\/p>\n\n\n\n<p>Lasst euch gesagt sein, dass die ersten Minuten der La Tomatina durchaus lustig sind, zumindest bis man merkt, wie arg Tomatensaft tats\u00e4chlich im Auge brennt. Tomatenst\u00fcckchen aus l\u00e4ngeren Haaren sp\u00e4ter herauszuwaschen, ist au\u00dferdem fast ein Ding der Unm\u00f6glichkeit, trotz hilfsbereiter Anwohner, die mit Gartenschl\u00e4uchen bereitstehen.<\/p>\n\n\n\n<p>Auch von <strong>Sanfermines<\/strong>, bei dem der Schutzheilige Firmin gefeiert wird, habt ihr bestimmt schon geh\u00f6rt oder zumindest die Bilder gesehen, bei denen mehrere Stiere und jede Menge Leute durch enge Stra\u00dfen st\u00fcrmen. Dabei ist dieser Part nur ein Teil des Fests. Musikanten und Theaterauff\u00fchrungen geh\u00f6ren neben gutem Essen ebenso dazu.<\/p>\n\n\n\n<p>Der Stierlauf, bei dem sechs Stiere rund 800 Meter auf die ans\u00e4ssige Arena zulaufen und bei dem Waghalsige (erkennbar am roten Halstuch) versuchen, direkt vor den Tieren herzurennen, ist \u00e4hnlich umstritten wie der Stierkampf selbst. Auch deshalb, weil es regelm\u00e4\u00dfig zu zahlreichen schweren oder gar t\u00f6dlichen Verletzten kommt \u2013 wenig \u00fcberraschend, wenn man mit einem geh\u00f6rnten Rind um die Wette l\u00e4uft, das fast eine halbe Tonne Gewicht auf die Waage bringt und gerade \u00e4u\u00dferst aggressiv ist.<\/p>\n\n\n\n<p>Innerhalb des Landes habt ihr das ganze Jahr \u00fcber die M\u00f6glichkeit, noch an allerlei weiteren Festivit\u00e4ten teilzunehmen, bei denen Mehl, Wein oder Wasserbomben durch die Stra\u00dfen fliegen.<\/p>\n\n\n\n<p>Es gibt aber auch gen\u00fcgend \u201enormale\u201c Feste, bei denen die spanische Lebensfreude so richtig zur Geltung kommt und man einfach mit Freuden die N\u00e4chte durchfeiert. Die Stadtfeste <strong>San Isidro<\/strong> und <strong>La Paloma<\/strong> locken mit Musik und Tanz in den Stra\u00dfen sowie lokalen K\u00f6stlichkeiten und bester Stimmung bis zum Morgengrauen.<\/p>\n\n\n\n<h3 class=\"wp-block-heading\">2. Was ist sonst noch so dran an spanischen Klischees?<\/h3>\n\n\n\n<p>Betretet ihr vor Ort zum ersten Mal eine Bar oder ein Restaurant, dann nicht erschrecken: <strong>Die Lautst\u00e4rke ist normal<\/strong>. Spanier scheinen sich konstant anzubr\u00fcllen und durcheinander zu reden, aber da steckt kein Streit dahinter. Das ist einfach typisch Spanien, laut und lebenslustig.<\/p>\n\n\n<div class=\"wp-block-image\">\n<figure class=\"aligncenter\"><img loading=\"lazy\" decoding=\"async\" width=\"880\" height=\"500\" src=\"https:\/\/www.sonnenklar.tv\/blog\/wp-content\/uploads\/2019\/11\/typisch-spanisch-herzlichkeit.jpg\" alt=\"Herzlichkeit ist sehr typisch f\u00fcr Spanien\" class=\"wp-image-14279\" srcset=\"https:\/\/www.sonnenklar.tv\/blog\/wp-content\/uploads\/2019\/11\/typisch-spanisch-herzlichkeit.jpg 880w, https:\/\/www.sonnenklar.tv\/blog\/wp-content\/uploads\/2019\/11\/typisch-spanisch-herzlichkeit-300x170.jpg 300w, https:\/\/www.sonnenklar.tv\/blog\/wp-content\/uploads\/2019\/11\/typisch-spanisch-herzlichkeit-768x436.jpg 768w\" sizes=\"(max-width: 880px) 100vw, 880px\" \/><\/figure>\n<\/div>\n\n\n<p>Seid ihr der Sprache m\u00e4chtig, folgt schnell die n\u00e4chste Best\u00fcrzung: Da fliegen einem manchmal ganz sch\u00f6n heftige <strong>Ausdr\u00fccke<\/strong> um die Ohren. Doch auch hier m\u00fcsst ihr nicht f\u00fcrchten, dass es sich um schlechte Laune oder w\u00fctende Diskussionen handelt, im Gegenteil. Spanier gehen sehr freiz\u00fcgig mit Kraftausdr\u00fccken, auch um Freude oder Begeisterung auszudr\u00fccken.<\/p>\n\n\n\n<p>Spanische Kellner blicken einen au\u00dferdem oft ungl\u00e4ubig an, wenn man in der Runde nach <strong>getrennten Rechnungen<\/strong> fragt. Verwirrte Blicke erntet ihr ebenfalls, wenn ihr versucht schon um 18 oder 19 Uhr das <strong>Abendessen<\/strong> vorzuschlagen. Das findet dort fr\u00fchestens um 20 Uhr statt, nicht selten erst um 22 Uhr.<\/p>\n\n\n\n<p>Dass Spanier sehr <strong>familienverbunden<\/strong> sind, kann vor allem jeder best\u00e4tigen, der dort ein paar Hochzeiten beigewohnt hat. S\u00e4mtliche Cousins dritten Grades, alle Urgro\u00dftanten \u2013 hier ist einfach jeder mit dabei. Gerade der Neujahrsabend ist \u00fcbrigens ein sehr famili\u00e4res Fest in Spanien. Getrennt nach Gusto feiert man meist erst nach dem Glockenschlag.<\/p>\n\n\n\n<p><strong>Land der Herzlichkeit<\/strong>: Ausgiebige Umarmungen und Wangenk\u00fcsse geh\u00f6ren f\u00fcr Spanier tats\u00e4chlich selbst au\u00dferhalb der Familie dazu, nicht allerdings bei f\u00f6rmlichen Treffen. Kein Vorstellungsgespr\u00e4ch beginnt mit einem Schmatzer auf die Wange und auch neue Kollegen stellen sich euch so nicht vor.<\/p>\n\n\n\n<p>Ihr seht, in vielen Spanien-Stereotypen steckt ein Funken Wahrheit. Vieles ist mittlerweile aber \u00fcberholt und selten so krass, wie der Urlauber sich das vorstellt.<\/p>\n\n\n\n<p>F\u00fcr mich pers\u00f6nlich sind die sch\u00f6nen und typischen Dinge am Leben in Spanien das sonnige Gem\u00fct, die Herzlichkeit und die Spontanit\u00e4t, mit der man sich auch nach einem langen Arbeitstag noch zu einem \u201eschnellen\u201c Getr\u00e4nk in einer fr\u00f6hlich-lauten Bar einfindet \u2013 und dank k\u00f6stlicher tapas dann doch wieder mehrere Stunden lang den Abend zelebriert. Wenn man dann am n\u00e4chsten Tag deswegen etwas sp\u00e4t dran ist, wird einem das zum Gl\u00fcck gerne nachgesehen.<\/p>\n\n\n\n<p><strong>Lesetipps:<\/strong> Alles, was ihr vor eurer Reise nach Spanien wissen solltet, verraten wir euch in unseren <a href=\"https:\/\/www.sonnenklar.tv\/blog\/spanien-reisetipps\/\" target=\"_blank\" rel=\"noreferrer noopener\">Reisetipps f\u00fcr Spanien<\/a>. Sehenswerte Ziele f\u00fcr einen St\u00e4dtetrip nach Spanien findet ihr in unserem Beitrag zu den <a href=\"https:\/\/www.sonnenklar.tv\/blog\/schoenste-staedte-spaniens\/\" target=\"_blank\" rel=\"noreferrer noopener\">sch\u00f6nsten St\u00e4dten Spaniens<\/a>.<\/p>\n\n\n\n<div class=\"wp-block-buttons is-horizontal is-content-justification-center is-layout-flex wp-container-core-buttons-is-layout-499968f5 wp-block-buttons-is-layout-flex\">\n<div class=\"wp-block-button\"><a class=\"wp-block-button__link wp-element-button\" href=\"https:\/\/www.sonnenklar.tv\/promo\/urlaub-spanien.html\" target=\"_blank\" rel=\"noreferrer noopener\">Spanien urlaub &#8211; zu den angeboten<\/a><\/div>\n<\/div>\n\n\n\n<p>Welche Erfahrungen habt ihr mit spanischen Klischees so gemacht?<\/p>\n\n\n\n<p><strong>Weiterlesen im Blog: <\/strong> <a href=\"https:\/\/www.sonnenklar.tv\/blog\/typisch-franzoesisch\/\" target=\"_blank\" rel=\"noreferrer noopener\">Typisch franz\u00f6sisch? Alle Klischees im Check!<\/a><\/p>\n","protected":false},"excerpt":{"rendered":"<p>Ach ja, Spanien. Wo die Leute zu jeder Mahlzeit Sangria trinken und dann Flamenco tanzen, wo Unp\u00fcnktlichkeit als Tugend gilt und \u00fcberhaupt alles entweder Siesta oder Fiesta ist. So oder \u00e4hnlich sieht das Bild aus, das vielen spontan in den Sinn kommt, wenn sie an Spanien denken. Doch wie viele der Klischees \u00fcber das beliebte<\/p>\n","protected":false},"author":3,"featured_media":14280,"comment_status":"open","ping_status":"closed","sticky":false,"template":"","format":"standard","meta":{"footnotes":""},"categories":[455,457],"tags":[498],"class_list":{"0":"post-14240","1":"post","2":"type-post","3":"status-publish","4":"format-standard","5":"has-post-thumbnail","7":"category-urlaubslaender","8":"category-spanien","9":"tag-spanien"},"_links":{"self":[{"href":"https:\/\/www.sonnenklar.tv\/blog\/wp-json\/wp\/v2\/posts\/14240","targetHints":{"allow":["GET"]}}],"collection":[{"href":"https:\/\/www.sonnenklar.tv\/blog\/wp-json\/wp\/v2\/posts"}],"about":[{"href":"https:\/\/www.sonnenklar.tv\/blog\/wp-json\/wp\/v2\/types\/post"}],"author":[{"embeddable":true,"href":"https:\/\/www.sonnenklar.tv\/blog\/wp-json\/wp\/v2\/users\/3"}],"replies":[{"embeddable":true,"href":"https:\/\/www.sonnenklar.tv\/blog\/wp-json\/wp\/v2\/comments?post=14240"}],"version-history":[{"count":27,"href":"https:\/\/www.sonnenklar.tv\/blog\/wp-json\/wp\/v2\/posts\/14240\/revisions"}],"predecessor-version":[{"id":39030,"href":"https:\/\/www.sonnenklar.tv\/blog\/wp-json\/wp\/v2\/posts\/14240\/revisions\/39030"}],"wp:featuredmedia":[{"embeddable":true,"href":"https:\/\/www.sonnenklar.tv\/blog\/wp-json\/wp\/v2\/media\/14280"}],"wp:attachment":[{"href":"https:\/\/www.sonnenklar.tv\/blog\/wp-json\/wp\/v2\/media?parent=14240"}],"wp:term":[{"taxonomy":"category","embeddable":true,"href":"https:\/\/www.sonnenklar.tv\/blog\/wp-json\/wp\/v2\/categories?post=14240"},{"taxonomy":"post_tag","embeddable":true,"href":"https:\/\/www.sonnenklar.tv\/blog\/wp-json\/wp\/v2\/tags?post=14240"}],"curies":[{"name":"wp","href":"https:\/\/api.w.org\/{rel}","templated":true}]}}