{"id":13672,"date":"2019-10-07T07:34:43","date_gmt":"2019-10-07T06:34:43","guid":{"rendered":"https:\/\/www.sonnenklar.tv\/blog\/?p=13672"},"modified":"2026-04-08T11:03:12","modified_gmt":"2026-04-08T09:03:12","slug":"reisebericht-provence","status":"publish","type":"post","link":"https:\/\/www.sonnenklar.tv\/blog\/urlaubslaender\/reisebericht-provence\/","title":{"rendered":"Zeitreise ins Mittelalter: Mein Roadtrip durch die Provence"},"content":{"rendered":"\n<p><strong>Einer unserer sonnenklar.TV Urlauber hat uns einen herrlichen Reisebericht \u00fcber seine Erlebnisse in der Provence geschickt. Gemeinsam mit seiner Frau hat er im Fr\u00fchsommer einen Roadtrip zu den sch\u00f6nsten Ecken S\u00fcdfrankreichs gemacht &#8211; oder sollten wir besser sagen: eine Zeitreise ins Mittelalter?<\/strong><\/p>\n\n\n\n<p>S\u00fcdfrankreich und insbesondere die Provence gilt als eines der attraktivsten Reiseziele Europas und kann seinen Status als Traumurlaubsziel seit Jahrzehnten aufrechterhalten. Viele verbinden die Provence mit der t\u00fcrkis glitzernden C\u00f4te d\u2019Azur, die vor allem die Reichen und Sch\u00f6nen anlockt.<\/p>\n\n\n\n<p><a href=\"https:\/\/www.sonnenklar.tv\/blog\/typisch-franzoesisch\/\" target=\"_blank\" rel=\"noreferrer noopener\">Was ist typisch franz\u00f6sisch? Alle Klischees im Check!<\/a><\/p>\n\n\n\n<p>Nun, ganz falsch ist das nicht, doch bei unserem Roadtrip durch S\u00fcdfrankreich stellten wir schnell fest, dass die Provence viel mehr zu bieten hat als Luxushotels und maritime Jacht-Partys. Wir trauten uns etwas abseits der Strandpromenade ins s\u00fcdfranz\u00f6sische Hinterland und wurden komplett vom Charme und der Idylle dieser Landschaft eingenommen. Schroffe Felsen, weite Lavendelfelder sowie zahlreiche Schl\u00f6sser und Burgruinen warteten darauf, von uns entdeckt zu werden. Eine Zeitreise ins Mittelalter, die wir so bald nicht vergessen werden!<\/p>\n\n\n<div class=\"wp-block-image\">\n<figure class=\"aligncenter\"><img fetchpriority=\"high\" decoding=\"async\" width=\"880\" height=\"500\" src=\"https:\/\/www.sonnenklar.tv\/blog\/wp-content\/uploads\/2019\/09\/reisebericht-provence-abtei-von-senanque.jpg\" alt=\"Abtei von Senanque, Provence, Frankreich\" class=\"wp-image-13690\" srcset=\"https:\/\/www.sonnenklar.tv\/blog\/wp-content\/uploads\/2019\/09\/reisebericht-provence-abtei-von-senanque.jpg 880w, https:\/\/www.sonnenklar.tv\/blog\/wp-content\/uploads\/2019\/09\/reisebericht-provence-abtei-von-senanque-300x170.jpg 300w, https:\/\/www.sonnenklar.tv\/blog\/wp-content\/uploads\/2019\/09\/reisebericht-provence-abtei-von-senanque-768x436.jpg 768w\" sizes=\"(max-width: 880px) 100vw, 880px\" \/><\/figure>\n<\/div>\n\n\n<p><em><strong>Mein Tipp:<\/strong> <\/em>S\u00fcdfrankreich erkundet ihr am besten mit dem Auto. Nur so ist es m\u00f6glich, zu den entlegensten Orten und auf die h\u00f6chsten Klippen zu gelangen, um die Region in all ihren Facetten kennenzulernen.<\/p>\n\n\n\n<h2 class=\"wp-block-heading\">Unsere Route von \u00c8ze nach Toulon: Von der Ruine zur Kathedrale<\/h2>\n\n\n\n<p>Wir starteten an der italienischen Grenze, von wo aus wir schnell nach \u00c8ze kamen. \u00c8ze ist ein wundersch\u00f6nes mittelalterliches Dorf mit schmalen Gassen, das oben an der Steilk\u00fcste zwischen Nizza und Menton gelegen ist. Neben dem wohl sch\u00f6nsten Panorama der C\u00f4te d\u2019Azur gibt es in \u00c8ze auch eine alte Burgruine aus dem 12. Jahrhundert, um die ein bezaubernder exotischer Garten angelegt wurde.<\/p>\n\n\n<div class=\"wp-block-image\">\n<figure class=\"aligncenter\"><img decoding=\"async\" width=\"880\" height=\"500\" src=\"https:\/\/www.sonnenklar.tv\/blog\/wp-content\/uploads\/2019\/09\/suedfrankreich-reisebericht-eze.jpg\" alt=\"Gasse in Eze in Frankreich\" class=\"wp-image-13675\" srcset=\"https:\/\/www.sonnenklar.tv\/blog\/wp-content\/uploads\/2019\/09\/suedfrankreich-reisebericht-eze.jpg 880w, https:\/\/www.sonnenklar.tv\/blog\/wp-content\/uploads\/2019\/09\/suedfrankreich-reisebericht-eze-300x170.jpg 300w, https:\/\/www.sonnenklar.tv\/blog\/wp-content\/uploads\/2019\/09\/suedfrankreich-reisebericht-eze-768x436.jpg 768w\" sizes=\"(max-width: 880px) 100vw, 880px\" \/><\/figure>\n<\/div>\n\n\n<p><\/p>\n\n\n\n<p>Von \u00c8ze aus ging es f\u00fcr uns weiter nach Grasse. Die \u201eStadt der D\u00fcfte\u201c war uns aus S\u00fcskinds Roman \u201eDas Parfum\u201c bekannt. Sie ist seit Jahrhunderten weltber\u00fchmt f\u00fcr ihre Parf\u00fcmeure. Wir schlenderten durch die idyllische Altstadt mit engen Gassen und f\u00fchlten uns zur\u00fcckversetzt ins Mittelalter. \u00c4u\u00dferst sehenswert ist die Kathedrale Notre Dame de Puy.<\/p>\n\n\n\n<p>Etwas au\u00dferhalb von Grasse entdeckten wir dank eines Insidertipps eines Shop-Betreibers die kleine Gemeinde Gourdon, die als eines der sch\u00f6nsten D\u00f6rfer Frankreichs klassifiziert ist. Der Ort ist in weiten Teilen in seinem urspr\u00fcnglichen Zustand erhalten geblieben. Das Schloss Ch\u00e2teau de Gourdon aus dem 13. Jahrhundert gibt der kleinen Gemeinde einen ganz besonderen Flair.<\/p>\n\n\n\n<p>Saint-Rapha\u00ebl wollten wir uns dann ebenfalls nicht entgehen lassen: An den Klippen der kleinen Hafenstadt prangen luxuri\u00f6se Sommerresidenzen, die allemal ein paar Fotos wert sind. In der Altstadt befindet sich die Kirche San Rafeu aus dem 12. Jahrhundert. Vom Kirchturm aus konnten wir das wundervolle Panorama der Stadt einfangen. Zu diesem Zeitpunkt war unsere Digitalkamera schon ziemlich beansprucht!<\/p>\n\n\n\n<p>Von dort aus fuhren wir weiter nach Toulon, einer Stadt am \u00f6stlichen Ende des Golfe du Lion, rund 70 Kilometer s\u00fcd\u00f6stlich von Marseille. Wir wollten hier zwar nur \u00fcbernachten, trotzdem haben wir uns auch noch etwas umgesehen. Die Altstadt ist klein, aber fein. Sehenswert ist die Kathedrale, mit deren Bau im 11. Jahrhundert begonnen wurde. Abgeschlossen waren die Bauarbeiten erst im 18. Jahrhundert.<\/p>\n\n\n\n<p>\u25ba Meine Hotelempfehlung f\u00fcr Toulon: <a href=\"https:\/\/www.sonnenklar.tv\/suchen\/Cote%20d%C2%B4Azur\/id(tt-104968)\/ort(tt-2558)\/reiseart(pauschal)\/kategorie(0)\" target=\"_blank\" rel=\"noopener noreferrer\">Best Western Plus La Corniche<\/a><\/p>\n\n\n\n<h2 class=\"wp-block-heading\">Von Marseille nach Avignon: Jetzt wird&#8217;s kulturell<\/h2>\n\n\n\n<p>Die einen hassen, die anderen lieben sie: Marseille, die bedeutendste europ\u00e4ische Hafenstadt. Auf den ersten Blick wirkte die Stadt auf uns gro\u00df, laut und schmutzig. Dennoch wollten wir auf das typisch franz\u00f6sische Flair nicht verzichten, das viele mit Marseille verbinden.<\/p>\n\n\n\n<p>Besonders imposant ist die Notre-Dame de la Garde, eine Wallfahrtskirche, die jedes Jahr von rund zwei Millionen Reisenden und Pilgern aufgesucht wird. Die Kirche steht auf einer 161 Meter hohen Anh\u00f6he, von der aus man einen atemberaubenden Blick auf die K\u00fcste hat. Wir waren schon sehr fr\u00fch dort, um die Idylle ungest\u00f6rt zu genie\u00dfen.<\/p>\n\n\n<div class=\"wp-block-image\">\n<figure class=\"aligncenter\"><img decoding=\"async\" width=\"880\" height=\"500\" src=\"https:\/\/www.sonnenklar.tv\/blog\/wp-content\/uploads\/2019\/09\/reisebericht-suedfrankreich-marseille-notre-dame-de-la-garde.jpg\" alt=\"Notre Dame de la Garde in Marseille\" class=\"wp-image-13676\" srcset=\"https:\/\/www.sonnenklar.tv\/blog\/wp-content\/uploads\/2019\/09\/reisebericht-suedfrankreich-marseille-notre-dame-de-la-garde.jpg 880w, https:\/\/www.sonnenklar.tv\/blog\/wp-content\/uploads\/2019\/09\/reisebericht-suedfrankreich-marseille-notre-dame-de-la-garde-300x170.jpg 300w, https:\/\/www.sonnenklar.tv\/blog\/wp-content\/uploads\/2019\/09\/reisebericht-suedfrankreich-marseille-notre-dame-de-la-garde-768x436.jpg 768w\" sizes=\"(max-width: 880px) 100vw, 880px\" \/><\/figure>\n<\/div>\n\n\n<p><\/p>\n\n\n\n<p>Nicht weniger beeindruckend ist die Festung Saint Jean, deren markante T\u00fcrme bereits von Weitem sichtbar sind. Rund um die Burg befindet sich eine mediterrane Gartenanlage, die ebenfalls einen Besuch wert ist.<\/p>\n\n\n\n<p>\u25ba Mein \u00dcbernachtungstipp f\u00fcr Marseille: <a href=\"https:\/\/www.sonnenklar.tv\/suchen\/weltweit\/id(tt-280204)\/reiseart(hotel)\" target=\"_blank\" rel=\"noopener noreferrer\">InterContinental Marseille &#8211; Dieu<\/a><\/p>\n\n\n\n<p>Von Marseille aus haben wir unsere Reise durch die Alpilles, die \u201ekleinen Alpen\u201c, in die alte Hauptstadt des Christentums nach Avignon fortgesetzt. Die Alpilles sind eine Kalksteinkette im Herzen der Provence, die f\u00fcr ihr Panorama, ihre Trauben und ihre Oliven bekannt ist. Selbstredend, dass wir hier einen kurzen Boxenstopp eingelegen mussten!<\/p>\n\n\n\n<p>Hier finden sich zudem einige kleinere und gr\u00f6\u00dfere, geheimere und bekanntere Burgruinen und Schl\u00f6sser, die wir quasi im Vorbeifahren betrachten konnten. Ber\u00fchmt ist insbesondere das Schloss von Lex Baux-de-Provence, das direkt auf einer Felskuppe im Herzen der Alpilles liegt. Hier konnten wir den gef\u00fchlt hundertsten wunderbaren Panoramablick \u00fcber die Landschaft genie\u00dfen. Bei einer Schlossf\u00fchrung mit Audio-Guide erfuhren wir au\u00dferdem viel \u00fcber die bewegte Vergangenheit der Region. Idyllisch war es hier bei Weitem nicht immer \u2026<\/p>\n\n\n\n<p>In Avignon angekommen f\u00fchlten wir uns noch um einige weitere Jahrhunderte in die Vergangenheit zur\u00fcckversetzt. Die Besiedlung des Gebietes um Avignon geht bis ins vierte Jahrtausend vor Christus zur\u00fcck. Ihre Hochbl\u00fcte erlebte die Stadt im Fr\u00fch- und Hochmittelalter. Aus diesem Grund bietet die Stadt auch heute noch ein reiches Kulturerbe und gilt als besonderer k\u00fcnstlerischer und kultureller Schauplatz.<\/p>\n\n\n<div class=\"wp-block-image\">\n<figure class=\"aligncenter\"><img loading=\"lazy\" decoding=\"async\" width=\"880\" height=\"500\" src=\"https:\/\/www.sonnenklar.tv\/blog\/wp-content\/uploads\/2019\/09\/suedfrankreich-reisebericht-avignon.jpg\" alt=\"Br\u00fccke von Avignon mit Papstpalast im Hintergrund\" class=\"wp-image-13688\" srcset=\"https:\/\/www.sonnenklar.tv\/blog\/wp-content\/uploads\/2019\/09\/suedfrankreich-reisebericht-avignon.jpg 880w, https:\/\/www.sonnenklar.tv\/blog\/wp-content\/uploads\/2019\/09\/suedfrankreich-reisebericht-avignon-300x170.jpg 300w, https:\/\/www.sonnenklar.tv\/blog\/wp-content\/uploads\/2019\/09\/suedfrankreich-reisebericht-avignon-768x436.jpg 768w\" sizes=\"(max-width: 880px) 100vw, 880px\" \/><\/figure>\n<\/div>\n\n\n<p><\/p>\n\n\n\n<p>Alleine in der Altstadt gibt es eine nicht unbetr\u00e4chtliche Anzahl alter Kirchen aus dem Mittelalter; \u00fcberhaupt kommt ein intensiver Besuch der Altstadt einer kleinen Zeitreise gleich. Sehenswert sind au\u00dferdem die Kardinalspal\u00e4ste und nat\u00fcrlich der Papstpalast aus dem 14. Jahrhundert.<\/p>\n\n\n\n<p>\u25ba In Avignon befindet sich \u00fcbrigens auch eine der ber\u00fchmtesten Br\u00fccken der Welt. K\u00f6nnt ihr erraten, welche das ist? <a href=\"https:\/\/www.sonnenklar.tv\/blog\/beruehmte-bruecken\/\" target=\"_blank\" rel=\"noopener noreferrer\">Die Antwort gibt&#8217;s hier<\/a>!<\/p>\n\n\n\n<h2 class=\"wp-block-heading\">Von N\u00eemes nach Carcassonne: Im Paradies<\/h2>\n\n\n\n<p>Irgendwie schafften wir es, uns von der bezaubernden Stadt Avignon loszurei\u00dfen, und fuhren nach N\u00eemes, um neben franz\u00f6sischem auch noch etwas r\u00f6mischen Flair atmen zu k\u00f6nnen. Die Stadt bietet eine interessante Mischung aus r\u00f6mischer und franz\u00f6sischer Baugeschichte. Zahlreiche Bauten sind noch aus der R\u00f6merzeit erhalten.<\/p>\n\n\n\n<p>Am imposantesten ist hier das Amphitheater, das vor rund 2.000 Jahren erbaut wurde. Wundersch\u00f6n ist zudem die Kathedrale aus dem 11. Jahrhundert, die im Laufe der Zeit mehrmals zerst\u00f6rt und wieder aufgebaut wurde und heute eine Kombination verschiedener architektonischer Stile zeigt.<\/p>\n\n\n\n<p>Von der \u00fcberaus r\u00f6mischen Stadt im S\u00fcden Frankreichs ging es in die karge Bergwelt Roquebruns. Ein wahrhaft kontrastreicher Roadtrip! Doch der erste Schein tr\u00fcgt. Roquebrun ist alles andere als karg. Das malerische Dorf wurde geradezu in eine mediterrane Version des Garten Edens verwandelt. Au\u00dferdem entdeckten wir hier au\u00dfergew\u00f6hnlich gute regionale Restaurants, von denen aus wir teilweise einen sch\u00f6nen Blick auf die umliegende Bergwelt hatten.<\/p>\n\n\n\n<p>Nicht weit entfernt liegt eine wahre Hochburg der Architektur: Montpellier. Zahlreiche Bauwerke der Stadt wurden von namhaften Architekten entworfen. Nat\u00fcrlich durfte dieser Abstecher in unserer Reise durchs franz\u00f6sische Mittelalter nicht fehlen.<\/p>\n\n\n<div class=\"wp-block-image\">\n<figure class=\"aligncenter\"><img loading=\"lazy\" decoding=\"async\" width=\"880\" height=\"500\" src=\"https:\/\/www.sonnenklar.tv\/blog\/wp-content\/uploads\/2019\/09\/suedfrankreich-reisebericht-montpellier.jpg\" alt=\"Place de la Comedie in Montpellier\" class=\"wp-image-13689\" srcset=\"https:\/\/www.sonnenklar.tv\/blog\/wp-content\/uploads\/2019\/09\/suedfrankreich-reisebericht-montpellier.jpg 880w, https:\/\/www.sonnenklar.tv\/blog\/wp-content\/uploads\/2019\/09\/suedfrankreich-reisebericht-montpellier-300x170.jpg 300w, https:\/\/www.sonnenklar.tv\/blog\/wp-content\/uploads\/2019\/09\/suedfrankreich-reisebericht-montpellier-768x436.jpg 768w\" sizes=\"(max-width: 880px) 100vw, 880px\" \/><\/figure>\n<\/div>\n\n\n<p><\/p>\n\n\n\n<p>Wir besichtigten die Kathedrale Sankt Peter, die Ende des 14. Jahrhunderts erbaut wurde. Direkt im Einzugsgebiet Montpelliers besuchten wir danach das Schloss Castries aus dem 16. und 17. Jahrhundert. Das Schloss ist in der Liste der Historischen Monumente verzeichnet und hat eine lebhafte Geschichte hinter sich, \u00fcber die man in einer F\u00fchrung alles erfahren kann.<\/p>\n\n\n\n<p>Unsere Reise endete in der Festungsstadt Carcassonne. Die mittelalterliche Altstadt der Gemeinde ist von einem Festungsring umschlossen, der wohl wie kein zweiter die Reisebrosch\u00fcren S\u00fcdfrankreichs ziert. Viele Highlights und ein \u00dcberfluss an Postkartenbildern lagen hinter uns, doch bei der Anfahrt nach Carcassonne hatten wir das Gef\u00fchl, uns das Beste f\u00fcr den Schluss aufgespart zu haben.<\/p>\n\n\n\n<p>Seit 1997 geh\u00f6rt die Stadt zum UNESCO-Weltkulturerbe. Zurecht! Im Mittelalter war Carcassonne einer der Hauptst\u00fctzpunkte der Katharer; die Festungsanlage ist hinsichtlich ihrer Gr\u00f6\u00dfe und ihres Erhaltungszustandes einzigartig in Europa. Im Inneren der alten Gem\u00e4uer befinden sich die sehenswerte Burg Ch\u00e2teau Comtal aus dem 12. Jahrhundert und die Kirche St-Nazaire und St-Celse. Eine weitere Sehensw\u00fcrdigkeit ist die Kathedrale Saint-Michel aus dem 13. Jahrhundert.<\/p>\n\n\n\n<p>\u25ba Stilecht in Carcassonne \u00fcbernachtet haben wir \u00fcbrigens im <a href=\"https:\/\/www.sonnenklar.tv\/beschreibung\/Frankreich\/Languedoc-Roussillon\/Carcassonne\/De_la_Cite_Carcassonne_-_MGallery_Collection.html\" target=\"_blank\" rel=\"noopener noreferrer\">Hotel De La Cit\u00e9<\/a><\/p>\n\n\n\n<p>Nicht zu verachten ist auch die hollywoodgleiche Filmgeschichte, die die Stadt hinter sich hat: Sie wurde und wird aufgrund ihrer historischen Festung oft als Filmkulisse und Drehort zahlreicher Streifen verwendet und gilt als Inspirationsquelle f\u00fcr Produzenten wie etwa Walt Disney.<\/p>\n","protected":false},"excerpt":{"rendered":"<p>Einer unserer sonnenklar.TV Urlauber hat uns einen herrlichen Reisebericht \u00fcber seine Erlebnisse in der Provence geschickt. Gemeinsam mit seiner Frau hat er im Fr\u00fchsommer einen Roadtrip zu den sch\u00f6nsten Ecken S\u00fcdfrankreichs gemacht &#8211; oder sollten wir besser sagen: eine Zeitreise ins Mittelalter? S\u00fcdfrankreich und insbesondere die Provence gilt als eines der attraktivsten Reiseziele Europas und<\/p>\n","protected":false},"author":10,"featured_media":13691,"comment_status":"closed","ping_status":"open","sticky":false,"template":"","format":"standard","meta":{"footnotes":""},"categories":[455,9,3,466,468,465],"tags":[538,492,484,513],"class_list":{"0":"post-13672","1":"post","2":"type-post","3":"status-publish","4":"format-standard","5":"has-post-thumbnail","7":"category-urlaubslaender","8":"category-eigenanreise","9":"category-reisearten","10":"category-reiseberichte","11":"category-urlauber-berichten","12":"category-weitere-laender","13":"tag-frankreich","14":"tag-rundreise","15":"tag-sehenswuerdigkeiten","16":"tag-staedtereisen"},"_links":{"self":[{"href":"https:\/\/www.sonnenklar.tv\/blog\/wp-json\/wp\/v2\/posts\/13672","targetHints":{"allow":["GET"]}}],"collection":[{"href":"https:\/\/www.sonnenklar.tv\/blog\/wp-json\/wp\/v2\/posts"}],"about":[{"href":"https:\/\/www.sonnenklar.tv\/blog\/wp-json\/wp\/v2\/types\/post"}],"author":[{"embeddable":true,"href":"https:\/\/www.sonnenklar.tv\/blog\/wp-json\/wp\/v2\/users\/10"}],"replies":[{"embeddable":true,"href":"https:\/\/www.sonnenklar.tv\/blog\/wp-json\/wp\/v2\/comments?post=13672"}],"version-history":[{"count":6,"href":"https:\/\/www.sonnenklar.tv\/blog\/wp-json\/wp\/v2\/posts\/13672\/revisions"}],"predecessor-version":[{"id":39419,"href":"https:\/\/www.sonnenklar.tv\/blog\/wp-json\/wp\/v2\/posts\/13672\/revisions\/39419"}],"wp:featuredmedia":[{"embeddable":true,"href":"https:\/\/www.sonnenklar.tv\/blog\/wp-json\/wp\/v2\/media\/13691"}],"wp:attachment":[{"href":"https:\/\/www.sonnenklar.tv\/blog\/wp-json\/wp\/v2\/media?parent=13672"}],"wp:term":[{"taxonomy":"category","embeddable":true,"href":"https:\/\/www.sonnenklar.tv\/blog\/wp-json\/wp\/v2\/categories?post=13672"},{"taxonomy":"post_tag","embeddable":true,"href":"https:\/\/www.sonnenklar.tv\/blog\/wp-json\/wp\/v2\/tags?post=13672"}],"curies":[{"name":"wp","href":"https:\/\/api.w.org\/{rel}","templated":true}]}}