{"id":12842,"date":"2019-07-25T07:47:25","date_gmt":"2019-07-25T06:47:25","guid":{"rendered":"https:\/\/www.sonnenklar.tv\/blog\/?p=12842"},"modified":"2026-03-25T15:00:47","modified_gmt":"2026-03-25T14:00:47","slug":"cesar-manrique","status":"publish","type":"post","link":"https:\/\/www.sonnenklar.tv\/blog\/urlaubslaender\/cesar-manrique\/","title":{"rendered":"C\u00e9sar Manrique: Seine Spuren auf Lanzarote"},"content":{"rendered":"\n<p><strong>Wer auf Lanzarote Urlaub macht, kann sich dem Einfluss des Architekten, K\u00fcnstlers und Umweltsch\u00fctzers C\u00e9sar Manrique kaum entziehen. Dabei geht es nicht nur um seine sichtbaren Werke, sondern auch um seine Bedeutung und seinen Einfluss hinsichtlich der Gestaltung der Insel. Unser sonnenklar.TV Urlauberin erkl\u00e4rt euch hier die Person und das Schaffen von C\u00e9sar Manrique.<\/strong><\/p>\n\n\n\n<h2 class=\"wp-block-heading\">Wer war C\u00e9sar Manrique?<\/h2>\n\n\n\n<p>Manrique hat verhindert, dass Hochh\u00e4user und Bettenburgen auf Lanzarote gebaut wurden. Stattdessen gibt es traditionelle H\u00e4user, die in Form und Farbe mit ihrer Umgebung harmonisieren. Sein \u00e4sthetisches Konzept mit dem Streben nach Harmonie zwischen Architektur, Natur, Kunst und Mensch begegnet uns \u00fcberall auf der Insel.<\/p>\n\n\n\n<p>Lanzarote besticht durch den Kontrast von erstarrter Lava und felsiger Umgebung auf der einen und Wohn- und Lebensr\u00e4umen mit sanften Formen auf der anderen Seite. Manrique ist es zu verdanken, dass die Kanareninsel im Jahre 1993 von der UNESCO zum Biosph\u00e4renreservat erkl\u00e4rt wurde. Die Inselregierung adelte ihn als Anerkennung mit dem Titel \u201ebevorzugter Sohn der Insel\u201c.<\/p>\n\n\n\n<p>Ces\u00e1r Manrique lebte von 1919 bis 1992. Er wuchs im alten Hafen von Arrecife auf, nicht weit von der Lagune San Gin\u00e9s entfernt. Mit 23 Jahren hatte er seine erste Ausstellung als K\u00fcnstler. Er studierte an der Kunstakademie in Madrid, sp\u00e4ter auch Bauingenieurwesen an der Universit\u00e4t von La Laguna.<\/p>\n\n\n\n<p>Er lebte einige Jahre in New York, wo er dreimal in der Galerie Catherine Viviano ausstellte. 1968 kehrte er nach Lanzarote zur\u00fcck, wo er im September 1992 bei einem Verkehrsunfall verstarb.<\/p>\n\n\n\n<h2 class=\"wp-block-heading\">Das Monumento del Campesino und die Casa Museo<\/h2>\n\n\n\n<p>Ich kenne Lanzarote seit 1983 und mag die Insel sehr. Mein Wohnort ist aber seit einigen Jahren auf Gran Canaria, wo ich mein Rentnerleben genie\u00dfe. Ab und zu unternehme ich einen Kurztrip nach Lanzarote.<\/p>\n\n\n\n<p>Es gibt sogar f\u00fcr mich nach zahlreichen Inselbesuchen noch Neues zu entdecken. Gerne besichtige ich aber auch bekannte und vertraute Orte zum wiederholten Mal. Im vorigen Jahr habe ich die C\u00e9sar Manrique-Tour als organisierten Ausflug mit MeetingPoint unternommen. Der Ausflug hei\u00dft &#8222;C\u00e9sar total&#8220; und kostet 89 Euro (Stand 2019).<\/p>\n\n\n\n<p>Ich wurde in der N\u00e4he <a href=\"https:\/\/www.sonnenklar.tv\/suchen\/Lanzarote\/id(tt-63276)\/ort(tt-16769)\/reiseart(pauschal)\/kategorie(0)\" target=\"_blank\" rel=\"noopener noreferrer\">meiner Unterkunft in Puerto del Carmen<\/a> am Shoppingcenter Biosfera abgeholt. Mit den anderen Teilnehmern fuhr ich in Richtung der Inselmitte, wo wir in der Gemeinde San Bartolom\u00e9 das Monumento del Campesino bestaunen konnten.<\/p>\n\n\n\n<p><b><strong>\u25ba<\/strong> Ein weiterer Hoteltipp auf Lanzarote: <\/b>Das <a href=\"https:\/\/www.sonnenklar.tv\/beschreibung\/Spanien\/Lanzarote\/Playa_Blanca\/Alyssa_Suite.html\" target=\"_blank\" rel=\"noopener noreferrer\">LABRANDA Alyssa Suite Hotel<\/a><\/p>\n\n\n\n<p>Ces\u00e1r Manrique hat das Bauerndenkmal im Jahre 1968 zu Ehren der schwer arbeitenden Landbev\u00f6lkerung erschaffen. Es besteht aus wei\u00dfen Steinen und ist mit einer H\u00f6he von 15 Metern schon von Weitem sichtbar. Von Nahem konnte ich drei Figuren erkennen: Sie stellen einen Bauern dar, der von einem Kamel und einem Esel begleitet wird.<\/p>\n\n\n<div class=\"wp-block-image\">\n<figure class=\"aligncenter\"><img fetchpriority=\"high\" decoding=\"async\" width=\"880\" height=\"500\" src=\"https:\/\/www.sonnenklar.tv\/blog\/wp-content\/uploads\/2019\/06\/monumento-del-campesino-cesar-manrique.jpg\" alt=\"Das Monumento del Campesino von C\u00e9sar Manrique\" class=\"wp-image-12853\" srcset=\"https:\/\/www.sonnenklar.tv\/blog\/wp-content\/uploads\/2019\/06\/monumento-del-campesino-cesar-manrique.jpg 880w, https:\/\/www.sonnenklar.tv\/blog\/wp-content\/uploads\/2019\/06\/monumento-del-campesino-cesar-manrique-300x170.jpg 300w, https:\/\/www.sonnenklar.tv\/blog\/wp-content\/uploads\/2019\/06\/monumento-del-campesino-cesar-manrique-768x436.jpg 768w\" sizes=\"(max-width: 880px) 100vw, 880px\" \/><\/figure>\n<\/div>\n\n\n<p><\/p>\n\n\n\n<p>Daneben befindet sich ein Museum mit l\u00e4ndlichen H\u00e4usern im traditionellen Stil. Hier k\u00f6nnt ihr Schreiner-, Keramik- und T\u00f6pferwerkst\u00e4tten sowie einige Ausstellungen sehen.<\/p>\n\n\n\n<h2 class=\"wp-block-heading\">Jard\u00edn de Cactus: Ein besonderer Ort von C\u00e9sar Manrique auf Lanzarote<\/h2>\n\n\n\n<p>Den Jard\u00edn de Cactus in Guatiza kannte ich bis zu der Tour noch nicht. Der Kaktusgarten war das n\u00e4chste Ziel. Er ist das letzte Werk von Manrique und liegt eingebettet in Plantagen von Feigenkakteen.<\/p>\n\n\n<div class=\"wp-block-image\">\n<figure class=\"aligncenter\"><img decoding=\"async\" width=\"880\" height=\"500\" src=\"https:\/\/www.sonnenklar.tv\/blog\/wp-content\/uploads\/2019\/06\/jardin-de-cactus-lanzarote-sehenswuerdigkeiten.jpg\" alt=\"Eine Sehensw\u00fcrdigkeiten von Cesar Manrique auf Lanzarote: Jardin de Cactus\" class=\"wp-image-12830\" srcset=\"https:\/\/www.sonnenklar.tv\/blog\/wp-content\/uploads\/2019\/06\/jardin-de-cactus-lanzarote-sehenswuerdigkeiten.jpg 880w, https:\/\/www.sonnenklar.tv\/blog\/wp-content\/uploads\/2019\/06\/jardin-de-cactus-lanzarote-sehenswuerdigkeiten-300x170.jpg 300w, https:\/\/www.sonnenklar.tv\/blog\/wp-content\/uploads\/2019\/06\/jardin-de-cactus-lanzarote-sehenswuerdigkeiten-768x436.jpg 768w\" sizes=\"(max-width: 880px) 100vw, 880px\" \/><\/figure>\n<\/div>\n\n\n<p><\/p>\n\n\n\n<p>Sie haben eine besondere Bedeutung f\u00fcr die Insel. Auf den Pflanzen lebt die Cochenille-Laus. Daraus wird seit Langem der Farbstoff Karmesin gewonnen, den man unter anderem zur Herstellung von Lippenstiften verwendet.<\/p>\n\n\n\n<p>C\u00e9sar Manrique hat den Kaktusgarten 1970 entworfen. Die Fertigstellung auf dem Gel\u00e4nde eines ehemaligen Steinbruchs dauerte rund 20 Jahre.<\/p>\n\n\n\n<p>Am Eingang fiel mir ein acht Meter hoher Kaktus aus Metall auf. Ich fotografiere gerne und fand ein sch\u00f6nes Motiv nach dem anderen. Auf einer 5.000 qm gro\u00dfen Fl\u00e4che sind hier \u00fcber 7.200 Pflanzen und ca. 1.100 verschiedene Arten zu sehen. Das Zentrum der Anlage bildet ein Teich mit verschiedenen Wasserpflanzen.<\/p>\n\n\n\n<p>Ich fand den Garten mit seinen Steinwegen gut angelegt. Sie f\u00fchren bequem um die W\u00fcstenpflanzen herum. Die alte Windm\u00fchle oberhalb des Kaktusgartens war f\u00fcr mich ein weiteres Highlight. Der Balkon bietet einen herrlichen Blick \u00fcber die pr\u00e4chtige Pflanzenwelt. In der M\u00fchle wurde fr\u00fcher Mais f\u00fcr das traditionelle Getreidegericht Gofio gemahlen.<\/p>\n\n\n\n<figure class=\"wp-block-embed\"><div class=\"wp-block-embed__wrapper\">\nhttps:\/\/www.sonnenklar.tv\/blog\/kueche-rezepte-kanaren\n<\/div><\/figure>\n\n\n\n<h2 class=\"wp-block-heading\">Jameos del Agua: Wo der wei\u00dfe Krebs wohnt<\/h2>\n\n\n\n<p>Nun will ich euch in die H\u00f6hle Jameos del Agua entf\u00fchren. Sie liegt im Norden zwischen den Orten Orzola und Arieta.<\/p>\n\n\n\n<p>Ich hatte sie bereits 1983 besucht und finde, sie ist etwas ganz Besonderes. Darauf weist auch am Eingang die riesige Stahlskulptur eines Krebses hin. Der Lavatunnel entstand vor rund 5.000 Jahren und wurde von C\u00e9sar Manrique zu einer imposanten Sehensw\u00fcrdigkeit gestaltet.<\/p>\n\n\n\n<p>Hinter dem Eingang geht es eine Treppe hinunter zum Jameo Chico, der ein Restaurant beherbergt. Dahinter w\u00f6lbt sich ein rund 20 Meter breiter mit Meerwasser gef\u00fcllter Tunnel. In diesem See lebt eine wei\u00dfe Krebsart, die ansonsten nur in einer Meerestiefe ab 1.000 Metern vorkommt.<\/p>\n\n\n<div class=\"wp-block-image\">\n<figure class=\"aligncenter\"><img decoding=\"async\" width=\"880\" height=\"500\" src=\"https:\/\/www.sonnenklar.tv\/blog\/wp-content\/uploads\/2019\/06\/jameos-del-agua-lanzarote-sehenswuerdigkeiten.jpg\" alt=\"Jameos del Agua, Lanzarote\" class=\"wp-image-12828\" srcset=\"https:\/\/www.sonnenklar.tv\/blog\/wp-content\/uploads\/2019\/06\/jameos-del-agua-lanzarote-sehenswuerdigkeiten.jpg 880w, https:\/\/www.sonnenklar.tv\/blog\/wp-content\/uploads\/2019\/06\/jameos-del-agua-lanzarote-sehenswuerdigkeiten-300x170.jpg 300w, https:\/\/www.sonnenklar.tv\/blog\/wp-content\/uploads\/2019\/06\/jameos-del-agua-lanzarote-sehenswuerdigkeiten-768x436.jpg 768w\" sizes=\"(max-width: 880px) 100vw, 880px\" \/><\/figure>\n<\/div>\n\n\n<p><strong>Hinweis:<\/strong> Beachtet bitte die Hinweisschilder, auf denen die Besucher gebeten werden, keine M\u00fcnzen in den See zu werfen. Das Metall zerst\u00f6rt die Lebensgrundlage der Krebse<\/p>\n\n\n\n<p>Am Ende des kurzen Tunnels gelangt ihr \u00fcber einen Weg nach oben und erreicht den Pool, der von Manrique mit \u00fcppig wachsenden tropischen Pflanzen gerahmt wurde. Dahinter befindet sich eine weitere H\u00f6hle, die zu einem Konzertsaal gestaltet wurde.<\/p>\n\n\n\n<h2 class=\"wp-block-heading\">Mirador del R\u00edo: Fantastische Ausblicke<\/h2>\n\n\n\n<p>Den Aussichtspunkt Mirador del R\u00edo kannte ich ebenfalls, er ist aber immer wieder ein Erlebnis. Er liegt in der N\u00e4he von Guinate und ist eines der ersten Werke C\u00e9sar Manriques.<\/p>\n\n\n\n<p>Ich hatte Gl\u00fcck mit dem Wetter an diesem Tag. Die klare Sicht erm\u00f6glichte herrliche Blicke auf die vorgelagerte Insel La Graciosa. Der Aussichtspunkt liegt im Norden von Lanzarote auf den Klippen des Famara-Massivs hoch \u00fcber dem Atlantik.<\/p>\n\n\n\n<p>Manrique hat den Mirador del R\u00edo 1973 entworfen und gekonnt in die Landschaft integriert. Alle R\u00e4ume sind rund, es gibt ein Caf\u00e9 mit riesigen Glasscheiben. Die Ausblicke sind grandios! Die Anlage ist mit den f\u00fcr Manrique typischen Skulpturen dekoriert.<\/p>\n\n\n<div class=\"wp-block-image\">\n<figure class=\"aligncenter\"><img loading=\"lazy\" decoding=\"async\" width=\"880\" height=\"500\" src=\"https:\/\/www.sonnenklar.tv\/blog\/wp-content\/uploads\/2019\/06\/mirador-del-rio-cesar-manrique.jpg\" alt=\"Aussichtsplattform und Kunstwerk in einem: Das Mirador del R\u00edo von C\u00e9sar Manrique\" class=\"wp-image-12855\" srcset=\"https:\/\/www.sonnenklar.tv\/blog\/wp-content\/uploads\/2019\/06\/mirador-del-rio-cesar-manrique.jpg 880w, https:\/\/www.sonnenklar.tv\/blog\/wp-content\/uploads\/2019\/06\/mirador-del-rio-cesar-manrique-300x170.jpg 300w, https:\/\/www.sonnenklar.tv\/blog\/wp-content\/uploads\/2019\/06\/mirador-del-rio-cesar-manrique-768x436.jpg 768w\" sizes=\"(max-width: 880px) 100vw, 880px\" \/><\/figure>\n<\/div>\n\n\n<p><\/p>\n\n\n\n<p>Vor dem Fenster l\u00e4dt eine Terrasse zum Verweilen ein. Den kleinen Hafenort Caleta de Sebo auf La Granciosa konnte ich von dort gut erkennen. Als Hobbyfotografin kam ich mal wieder voll auf meine Kosten bei diesem Ausflug.<\/p>\n\n\n\n<p>Das Obergeschoss mit dem Souvenirladen er\u00f6ffnet weitere tolle Blicke auf die Steilk\u00fcste und La Graciosa. Der Mirador del R\u00edo ist ein Ort, der mich immer wieder begeistert.<\/p>\n\n\n\n<h2 class=\"wp-block-heading\">Die Fundacion C\u00e9sar Manrique: Das Haus, mein Highlight<\/h2>\n\n\n\n<p>Es n\u00e4herte sich der Abschluss der Tour mit dem f\u00fcr mich absoluten H\u00f6hepunkt. Die Fundacion C\u00e9sar Manrique in Tahiche hatte ich noch nie besucht. Die Fahrt ging durch den malerischen Ort Haria und das Tal der Tausend Palmen.<\/p>\n\n\n\n<p>Das Museum befindet sich in Tahiche im ehemaligen Wohnhaus Manriques. Er hatte bei einem Ausflug im Jahre 1970 nach Tahiche einen Feigenbaum entdeckt, dessen Spitze aus dem erstarrten Lavastrom ragte. Daraufhin entschied er, an dieser Stelle sein Haus zu errichten. Es gilt als das bedeutendste seiner Werke und zeigt sich mit den wei\u00df get\u00fcnchten Geb\u00e4uden und den gr\u00fcnen Holzteilen im typischen C\u00e9sar-Manrique-Stil.<\/p>\n\n\n<div class=\"wp-block-image\">\n<figure class=\"aligncenter\"><img loading=\"lazy\" decoding=\"async\" width=\"880\" height=\"500\" src=\"https:\/\/www.sonnenklar.tv\/blog\/wp-content\/uploads\/2019\/06\/fundacion-cesar-manrique.jpg\" alt=\"Fundacion C\u00e9sar Manrique\" class=\"wp-image-12857\" srcset=\"https:\/\/www.sonnenklar.tv\/blog\/wp-content\/uploads\/2019\/06\/fundacion-cesar-manrique.jpg 880w, https:\/\/www.sonnenklar.tv\/blog\/wp-content\/uploads\/2019\/06\/fundacion-cesar-manrique-300x170.jpg 300w, https:\/\/www.sonnenklar.tv\/blog\/wp-content\/uploads\/2019\/06\/fundacion-cesar-manrique-768x436.jpg 768w\" sizes=\"(max-width: 880px) 100vw, 880px\" \/><\/figure>\n<\/div>\n\n\n<p><\/p>\n\n\n\n<p>Er hat es im Jahre 1968 erbaut, die Stiftung gr\u00fcndete er 1982. Er \u00fcberlie\u00df ihr das Haus und zog 1988 nach Haria. Das Haus wurde umgestaltet und ist seit 1992 Sitz der Stiftung.<\/p>\n\n\n\n<p>Schon den Au\u00dfenbereich mit den vielen Pflanzen fand ich beeindruckend. Am Eingang konnte ich eines der f\u00fcr Manrique typischen Windspiele bewundern. Insbesondere das Untergeschoss ist au\u00dfergew\u00f6hnlich gestaltet: Es besteht aus f\u00fcnf Grotten, die im 18. Jahrhundert durch Vulkaneruptionen entstanden. Manrique lie\u00df sie durch G\u00e4nge verbinden.<\/p>\n\n\n\n<p>Den Mittelpunkt von C\u00e9sar Manriques Haus bildet der eindrucksvoll bepflanzte Innenhof mit Swimmingpool. In den Grotten gibt es Ruher\u00e4ume und sogar eine kleine Tanzfl\u00e4che. Das Atelier des K\u00fcnstlers vermittelt spannende Einblicke in sein Schaffen. Die obere Etage ist der traditionellen Architektur Lanzarotes gewidmet.<\/p>\n\n\n\n<p>Neben den unz\u00e4hligen Gem\u00e4lden und anderen Kunstwerken hat mich besonders die Weite der rund 30.000 qm gro\u00dfen Anlage beeindruckt. Im Garten in der N\u00e4he des Ausgangs bestaunte ich ein riesiges abstraktes Wandbild.<\/p>\n\n\n\n<p>Wollt ihr den Zauber der Insel Lanzarote versp\u00fcren? Dann folgt den Spuren Ces\u00e1r Manriques und besichtigt seine bedeutendsten Werke. Ich kann es euch solch einen Ausflug jedenfalls nur empfehlen. Die <a href=\"https:\/\/www.sonnenklar.tv\/promo\/reisen-lanzarote.html\" target=\"_blank\" rel=\"noopener noreferrer\">besten sonnenklar.TV Angebote f\u00fcr einen gelungenen Lanzarote-Urlaub findet ihr \u00fcbrigens hier<\/a>.<\/p>\n\n\n\n<p><a href=\"https:\/\/www.sonnenklar.tv\/blog\/lanzarote-sehenswuerdigkeiten\/\" target=\"_blank\" rel=\"noreferrer noopener\">Mehr \u00fcber die Sehensw\u00fcrdigkeiten Lanzarotes erfahrt ihr hier!<\/a><\/p>\n","protected":false},"excerpt":{"rendered":"<p>Wer auf Lanzarote Urlaub macht, kann sich dem Einfluss des Architekten, K\u00fcnstlers und Umweltsch\u00fctzers C\u00e9sar Manrique kaum entziehen. Dabei geht es nicht nur um seine sichtbaren Werke, sondern auch um seine Bedeutung und seinen Einfluss hinsichtlich der Gestaltung der Insel. Unser sonnenklar.TV Urlauberin erkl\u00e4rt euch hier die Person und das Schaffen von C\u00e9sar Manrique. Wer<\/p>\n","protected":false},"author":10,"featured_media":12860,"comment_status":"closed","ping_status":"open","sticky":false,"template":"","format":"standard","meta":{"footnotes":""},"categories":[455,466,457,468],"tags":[501,485,484,498],"class_list":{"0":"post-12842","1":"post","2":"type-post","3":"status-publish","4":"format-standard","5":"has-post-thumbnail","7":"category-urlaubslaender","8":"category-reiseberichte","9":"category-spanien","10":"category-urlauber-berichten","11":"tag-kanaren","12":"tag-kultururlaub","13":"tag-sehenswuerdigkeiten","14":"tag-spanien"},"_links":{"self":[{"href":"https:\/\/www.sonnenklar.tv\/blog\/wp-json\/wp\/v2\/posts\/12842","targetHints":{"allow":["GET"]}}],"collection":[{"href":"https:\/\/www.sonnenklar.tv\/blog\/wp-json\/wp\/v2\/posts"}],"about":[{"href":"https:\/\/www.sonnenklar.tv\/blog\/wp-json\/wp\/v2\/types\/post"}],"author":[{"embeddable":true,"href":"https:\/\/www.sonnenklar.tv\/blog\/wp-json\/wp\/v2\/users\/10"}],"replies":[{"embeddable":true,"href":"https:\/\/www.sonnenklar.tv\/blog\/wp-json\/wp\/v2\/comments?post=12842"}],"version-history":[{"count":20,"href":"https:\/\/www.sonnenklar.tv\/blog\/wp-json\/wp\/v2\/posts\/12842\/revisions"}],"predecessor-version":[{"id":39200,"href":"https:\/\/www.sonnenklar.tv\/blog\/wp-json\/wp\/v2\/posts\/12842\/revisions\/39200"}],"wp:featuredmedia":[{"embeddable":true,"href":"https:\/\/www.sonnenklar.tv\/blog\/wp-json\/wp\/v2\/media\/12860"}],"wp:attachment":[{"href":"https:\/\/www.sonnenklar.tv\/blog\/wp-json\/wp\/v2\/media?parent=12842"}],"wp:term":[{"taxonomy":"category","embeddable":true,"href":"https:\/\/www.sonnenklar.tv\/blog\/wp-json\/wp\/v2\/categories?post=12842"},{"taxonomy":"post_tag","embeddable":true,"href":"https:\/\/www.sonnenklar.tv\/blog\/wp-json\/wp\/v2\/tags?post=12842"}],"curies":[{"name":"wp","href":"https:\/\/api.w.org\/{rel}","templated":true}]}}