{"id":11920,"date":"2023-02-24T11:05:36","date_gmt":"2023-02-24T10:05:36","guid":{"rendered":"https:\/\/www.sonnenklar.tv\/blog\/?p=11920"},"modified":"2026-03-23T09:44:53","modified_gmt":"2026-03-23T08:44:53","slug":"wandern-teneriffa","status":"publish","type":"post","link":"https:\/\/www.sonnenklar.tv\/blog\/urlaubslaender\/spanien\/wandern-teneriffa\/","title":{"rendered":"Wandern auf Teneriffa: Die 7 sch\u00f6nsten Routen der Vulkaninsel"},"content":{"rendered":"\n<p><strong>Willkommen im Wanderparadies! Mit beeindruckenden Vulkanlandschaften, \u00fcppigen Lorbeerw\u00e4ldern, wundervollen Str\u00e4nden und einer faszinierenden Tier- und Pflanzenwelt k\u00f6nnten die Bedingungen zum Wandern auf Teneriffa nicht besser sein. Bei ganzj\u00e4hrig milden Temperaturen streift ihr auf der Kanareninsel durch kontrastreiche Landschaften, schwebt nahezu \u00fcber den Wolken und genie\u00dft den Blick auf den blauen Atlantik.<\/strong><\/p>\n\n\n\n<p>Mit einer ebenso beeindruckenden Vielseitigkeit wie die Natur Teneriffas k\u00f6nnen auch die Wanderwege aufwarten. Ob anspruchsvolle Routen mit bedeutenden H\u00f6henunterschieden oder gem\u00fctliche Touren entlang der K\u00fcste: Wir zeigen euch, an welchen Orten ihr euren ersten Wanderurlaub gelassen angehen k\u00f6nnt und wo ihr auch als erfahrene Wanderer noch Herausforderungen findet.<\/p>\n\n\n\n<p><strong>Inhaltsverzeichnis<\/strong><\/p>\n\n\n\n<ul class=\"wp-block-list\">\n<li>Die 7 sch\u00f6nsten Wanderwege Teneriffas\n<ol class=\"wp-block-list\">\n<li><a href=\"#teide\">Pico del Teide: Der h\u00f6chste Berg Spaniens<\/a><\/li>\n\n\n\n<li><a href=\"#chinobre\">Chinobre-Rundweg: Mystischer Nebelwald<\/a><\/li>\n\n\n\n<li><a href=\"#paisaje\">Paisaje Lunar: M\u00e4rchenhafte Mondlandschaft<\/a><\/li>\n\n\n\n<li><a href=\"#organos\">\u00d3rganos-H\u00f6henweg: Imposante Orgelpfeifen<\/a><\/li>\n\n\n\n<li><a href=\"#guajara\">Monta\u00f1a de Guajara: Fantastischer Teide-Blick<\/a><\/li>\n\n\n\n<li><a href=\"#cristianos\">Los Cristianos bis Las Galletas: Der s\u00fcdlichste Punkt Teneriffas<\/a><\/li>\n\n\n\n<li><a href=\"#punta\">Punta del Hidalgo bis Bat\u00e1n de Abajo: Abenteuerreiche Schluchtenwanderung<\/a><\/li>\n<\/ol>\n<\/li>\n\n\n\n<li>Die h\u00e4ufigsten Fragen zum Wandern auf Teneriffa\n<ul class=\"wp-block-list\">\n<li><a href=\"#wo\">Wo kann man auf Teneriffa gut wandern?<\/a><\/li>\n\n\n\n<li><a href=\"#anzahl\">Wie viele Wanderwege gibt es auf Teneriffa?<\/a><\/li>\n\n\n\n<li><a href=\"#teide-wandern\">Kann man auf den Teide wandern?<\/a><\/li>\n<\/ul>\n<\/li>\n<\/ul>\n\n\n\n<h2 class=\"wp-block-heading\">Das Wichtigste im \u00dcberblick<\/h2>\n\n\n\n<ul class=\"wp-block-list\">\n<li>Teneriffa wird von unz\u00e4hligen Wanderwegen durchzogen, die mit einer ausgezeichneten Infrastruktur die Herzen aller Aktivurlauber h\u00f6herschlagen lassen.<\/li>\n\n\n\n<li>Wanderrouten f\u00fcr jeden Anspruch und durch die unterschiedlichsten Landschaften machen das Wandern auf Teneriffa zum puren Vergn\u00fcgen.<\/li>\n\n\n\n<li>Die meisten Touren k\u00f6nnt ihr auf eigene Faust unternehmen. F\u00fcr einige Abschnitte sind jedoch (teils Monate im Voraus) Genehmigungen einzuholen.<\/li>\n<\/ul>\n\n\n\n<h2 class=\"wp-block-heading\">Die 7 sch\u00f6nsten Wanderwege Teneriffas<\/h2>\n\n\n\n<p>Den Ruf als Wandereldorado hat Teneriffa nicht zuletzt auch den vielen bestens ausgeschilderten Wanderwegen auf der gesamten Insel zu verdanken. Egal, ob ihr im Norden durch dichte W\u00e4lder oder im S\u00fcden durch w\u00fcsten\u00e4hnliche Landschaften wandern m\u00f6chtet: Eure Auswahlm\u00f6glichkeiten sind nahezu endlos. Dabei lohnt es sich auch, die gleiche Strecke zu unterschiedlichen Jahreszeiten zu erkunden. Denn die Natur zeigt sich mit einer immer wieder auf andere Weise \u00fcberraschenden Sch\u00f6nheit. Vor allem jedoch im Fr\u00fchling und Herbst, wenn weiches Licht die Landschaft erstrahlen l\u00e4sst und eine angenehme Brise weht, ist eine Wanderreise auf Teneriffa ein unvergessliches Erlebnis.<\/p>\n\n\n\n<h3 class=\"wp-block-heading\"><a name=\"teide\"><\/a>1. Pico del Teide: Der h\u00f6chste Berg Spaniens<\/h3>\n\n\n\n<p>Er z\u00e4hlt wohl zu den Sehnsuchtsorten aller, die es zum Wandern nach Teneriffa zieht: Der Pico del Teide. Das liegt vor allem an der <strong>atemberaubenden Aussicht<\/strong>, die sich euch vom h\u00f6chsten Berg Spaniens \u00fcber die gesamte Insel bis nach Afrika bietet. Doch auch der Weg dorthin hat so einiges an Zauber zu bieten. Die anspruchsvolle, rund 18,7 Kilometer lange Strecke f\u00fchrt euch von einer H\u00f6he von 2.350 Metern \u00fcber Null und bei Steigungen von <strong>teilweise \u00fcber 60%<\/strong> durch das Gebiet des Vulkans Monta\u00f1a Blanca zun\u00e4chst bis zur Bergh\u00fctte Refugio de Altavista. Das ist zwar nicht ganz unbeschwerlich, doch der Anblick der magischen<strong> schwarzen Lavastr\u00f6me und Ginsterb\u00fcsche <\/strong>rundum l\u00e4sst so manche Anstrengung verzeihen.<\/p>\n\n\n\n<figure id=\"attachment_11508\" aria-describedby=\"caption-attachment-11508\" style=\"width: 880px\" class=\"wp-caption aligncenter\"><img fetchpriority=\"high\" decoding=\"async\" class=\"wp-image-11508 size-full\" src=\"https:\/\/www.sonnenklar.tv\/blog\/wp-content\/uploads\/2019\/03\/pico-del-teide-reisebericht-teneriffa-wandern.jpg\" alt=\"Blick auf den Pico del Teide auf Teneriffa\" width=\"880\" height=\"450\" srcset=\"https:\/\/www.sonnenklar.tv\/blog\/wp-content\/uploads\/2019\/03\/pico-del-teide-reisebericht-teneriffa-wandern.jpg 880w, https:\/\/www.sonnenklar.tv\/blog\/wp-content\/uploads\/2019\/03\/pico-del-teide-reisebericht-teneriffa-wandern-300x153.jpg 300w, https:\/\/www.sonnenklar.tv\/blog\/wp-content\/uploads\/2019\/03\/pico-del-teide-reisebericht-teneriffa-wandern-768x393.jpg 768w\" sizes=\"(max-width: 880px) 100vw, 880px\" \/><figcaption id=\"caption-attachment-11508\" class=\"wp-caption-text\">Magischer Anziehungspunkt: Der Pico del Teide<\/figcaption><\/figure>\n\n\n\n<p>Wenn ihr m\u00f6gt, legt ihr einen kurzen Abstecher zum Aussichtspunkt <strong>Mirador de La Fortaleza<\/strong> ein. Ansonsten wandert ihr direkt weiter bis zur <strong>Seilbahnstation La Rambleta<\/strong> und von dort aus bis hinauf zum Gipfel des Teide. Oben angekommen, werdet ihr beim Blick \u00fcber die Lavalandschaften unter euch f\u00fcr all eure M\u00fchen mehr als belohnt.<\/p>\n\n\n\n<p><strong>Achtung:<\/strong> M\u00f6chtet ihr die letzten 170 H\u00f6henmeter von der Seilbahnstation zum Gipfel des Teide erklimmen, ben\u00f6tigt ihr eine Genehmigung der Nationalparkverwaltung. Diese ist zwar kostenfrei, doch nur begrenzt verf\u00fcgbar und hei\u00df begehrt. K\u00fcmmert euch daher am besten bereits rund sechs Monate im Voraus darum oder nehmt an einer gef\u00fchrten Wanderung teil. Aufgrund des Schwierigkeitsgrades solltet ihr letzteres eventuell sowieso in Erw\u00e4gung ziehen. <\/p>\n\n\n\n<table id=\"tablepress-552\" class=\"tablepress tablepress-id-552\">\n<thead>\n<tr class=\"row-1\">\n\t<th colspan=\"2\" class=\"column-1\">Pico del Teide-Wanderung<\/th>\n<\/tr>\n<\/thead>\n<tbody>\n<tr class=\"row-2\">\n\t<td class=\"column-1\"><strong>Schwierigkeitsgrad:<\/strong><\/td><td class=\"column-2\">Anspruchsvoll<\/td>\n<\/tr>\n<tr class=\"row-3\">\n\t<td class=\"column-1\"><strong>L\u00e4nge:<\/strong><\/td><td class=\"column-2\">8,3 Kilometer<\/td>\n<\/tr>\n<tr class=\"row-4\">\n\t<td class=\"column-1\"><strong>Dauer:<\/strong><\/td><td class=\"column-2\">5 Stunden<\/td>\n<\/tr>\n<tr class=\"row-5\">\n\t<td class=\"column-1\"><strong>Startpunkt:<\/strong><\/td><td class=\"column-2\">Parkplatz Monta\u00f1a Blanca an der Stra\u00dfe TF-21<\/td>\n<\/tr>\n<\/tbody>\n<\/table>\n<!-- #tablepress-552 from cache -->\n\n\n<h3 class=\"wp-block-heading\"><a name=\"chinobre\"><\/a>2. Chinobre-Rundweg: Mystischer Nebelwald<\/h3>\n\n\n\n<p>Wenn ihr euren Wanderurlaub auf Teneriffa gerne etwas gem\u00e4chlicher angehen m\u00f6chtet, bedeutet das nicht, dass ihr auf einzigartige Eindr\u00fccke verzichten m\u00fcsst. Im Gegenteil: Auf dem Chinobre-Rundweg im Norden des <strong>Anaga-Gebirges<\/strong> wandert ihr durch eine <strong>mystische Nebelwelt<\/strong>. Von La Ensillada aus geht es auf einem H\u00f6henweg durch einen der \u00e4ltesten <strong>Lorbeerw\u00e4lder<\/strong> der EU, dessen Magie vor allem bei feuchtem und nebligem Wetter zur Geltung kommt. Rund 900 Meter nach eurem Aufbruch gelangt ihr \u00fcber eine Abzweigung zum <strong>Chinobre<\/strong>, wo euch eine herrliche Aussicht auf die Nordk\u00fcste Teneriffas erwartet.<\/p>\n\n\n\n<figure id=\"attachment_11932\" aria-describedby=\"caption-attachment-11932\" style=\"width: 880px\" class=\"wp-caption aligncenter\"><img decoding=\"async\" class=\"wp-image-11932 size-full\" src=\"https:\/\/www.sonnenklar.tv\/blog\/wp-content\/uploads\/2019\/04\/mirador-cabezo-del-tejo-wandern-teneriffa.jpg\" alt=\"Aussicht vom Aussichtspunkt Mirador Cabezo del Tejo auf Teneriffa\" width=\"880\" height=\"500\" srcset=\"https:\/\/www.sonnenklar.tv\/blog\/wp-content\/uploads\/2019\/04\/mirador-cabezo-del-tejo-wandern-teneriffa.jpg 880w, https:\/\/www.sonnenklar.tv\/blog\/wp-content\/uploads\/2019\/04\/mirador-cabezo-del-tejo-wandern-teneriffa-300x170.jpg 300w, https:\/\/www.sonnenklar.tv\/blog\/wp-content\/uploads\/2019\/04\/mirador-cabezo-del-tejo-wandern-teneriffa-768x436.jpg 768w\" sizes=\"(max-width: 880px) 100vw, 880px\" \/><figcaption id=\"caption-attachment-11932\" class=\"wp-caption-text\">Faszinierende Aussichten vom Mirador Cabezo del Tejo<\/figcaption><\/figure>\n\n\n\n<p>Vorbei an Farnwedeln, \u00fcppiger Vegetation und exotischen Tieren kommt ihr anschlie\u00dfend zun\u00e4chst zum <strong>Roque de Anambro<\/strong>. Den Felsen k\u00f6nnt ihr zwar nicht besteigen, da er bei den Guanchen als Heiligtum verehrt wird, doch auch der Anblick ist beeindruckend. Der Wanderweg f\u00fchrt euch weiter bis zur Aussichtsplattform <strong>Cabezo del Tejo<\/strong>. W\u00e4hrend ihr von dort aus das wundersch\u00f6ne Panorama auf die K\u00fcstenlinie und die bizarren Felsw\u00e4nde genie\u00dft, k\u00f6nnt ihr euch bereits auf den R\u00fcckweg durch den Nebelwald hin zum Ausgangspunkt freuen.<\/p>\n\n\n\n<p><strong>Achtung:<\/strong> Da der Chinobre-Rundweg durch ein Naturschutzgebiet f\u00fchrt, m\u00fcsst ihr auch f\u00fcr diese Wanderung vorab eine Genehmigung bei der Umweltbeh\u00f6rde beantragen.<\/p>\n\n\n\n\n<table id=\"tablepress-553\" class=\"tablepress tablepress-id-553\">\n<thead>\n<tr class=\"row-1\">\n\t<th colspan=\"2\" class=\"column-1\">Chinobre-Rundweg<\/th>\n<\/tr>\n<\/thead>\n<tbody>\n<tr class=\"row-2\">\n\t<td class=\"column-1\"><strong>Schwierigkeitsgrad:<\/strong><\/td><td class=\"column-2\">Einfach<\/td>\n<\/tr>\n<tr class=\"row-3\">\n\t<td class=\"column-1\"><strong>L\u00e4nge:<\/strong><\/td><td class=\"column-2\">ca. 7 Kilometer<\/td>\n<\/tr>\n<tr class=\"row-4\">\n\t<td class=\"column-1\"><strong>Dauer:<\/strong><\/td><td class=\"column-2\">ca. 2,5 Stunden<\/td>\n<\/tr>\n<tr class=\"row-5\">\n\t<td class=\"column-1\"><strong>Startpunkt:<\/strong><\/td><td class=\"column-2\">Parkplatz La Ensillada an der TF-123<\/td>\n<\/tr>\n<\/tbody>\n<\/table>\n<!-- #tablepress-553 from cache --><br><\/p>\n\n\n\n<p><strong>Hoteltipp:<\/strong> Verbindet euren Wanderurlaub doch mit einem St\u00e4dtetrip in die rund 45 Autominuten von La Ensillada entfernte Hauptstadt der Insel. Im <a href=\"https:\/\/www.sonnenklar.tv\/beschreibung\/Spanien\/Teneriffa\/Santa_Cruz_de_Tenerife\/Iberostar_Grand_Hotel_Mencey.html\" target=\"_blank\" rel=\"noopener\">IBEROSTAR Grand Hotel Mencey<\/a> in Santa Cruz de Tenerife k\u00f6nnt ihr euch auf der Sonnenterrasse entspannen, im Spa eure Muskeln verw\u00f6hnen lassen oder euch beim Yoga gleich weiter sportlich bet\u00e4tigen.<\/p>\n\n\n\n<h3 class=\"wp-block-heading\"><a name=\"paisaje\"><\/a>3.&nbsp; Paisaje Lunar: M\u00e4rchenhafte Mondlandschaft<\/h3>\n\n\n\n<p>Teneriffa verzaubert mit so einigen Naturwundern und beim Wandern auf dem Paisaje Lunar-Rundweg kommt ihr einem der wohl m\u00e4rchenhaftesten ganz nah. Die aus getrockneter Lava und Bims- sowie Tuffgestein bestehenden, sich in bizarren Formen gen Himmel streckenden, <strong>hellen S\u00e4ulen<\/strong> der Paisaje Lunar haben eine nahezu unwirklich wirkende <strong>Mondlandschaft<\/strong> geschaffen und sind sicherlich das Highlight dieser Wanderung. Doch bereits die Strecke dorthin ist ein reines Vergn\u00fcgen und versetzt immer wieder ins Staunen.<\/p>\n\n\n\n<figure id=\"attachment_10180\" aria-describedby=\"caption-attachment-10180\" style=\"width: 880px\" class=\"wp-caption aligncenter\"><img decoding=\"async\" class=\"wp-image-10180 size-full\" src=\"https:\/\/www.sonnenklar.tv\/blog\/wp-content\/uploads\/2019\/01\/wanderweg-pr-tf-72-teneriffa.jpg\" alt=\"Wanderweg PR-TF 72 in der N\u00e4he von Vilaflor auf Teneriffa\" width=\"880\" height=\"450\" srcset=\"https:\/\/www.sonnenklar.tv\/blog\/wp-content\/uploads\/2019\/01\/wanderweg-pr-tf-72-teneriffa.jpg 880w, https:\/\/www.sonnenklar.tv\/blog\/wp-content\/uploads\/2019\/01\/wanderweg-pr-tf-72-teneriffa-300x153.jpg 300w, https:\/\/www.sonnenklar.tv\/blog\/wp-content\/uploads\/2019\/01\/wanderweg-pr-tf-72-teneriffa-768x393.jpg 768w\" sizes=\"(max-width: 880px) 100vw, 880px\" \/><figcaption id=\"caption-attachment-10180\" class=\"wp-caption-text\">Die mystische Mondlandschaft vom Paisaje Lunar<\/figcaption><\/figure>\n\n\n\n<p>Entlang an Wasserreservoirs wandert ihr vom <strong>Bergdorf Vilaflor<\/strong> teilweise auf dem 500 Jahre alten Verbindungsweg \u201eCamino Real de Chasna\u201c, der einst den Norden mit dem S\u00fcden Teneriffas verband. Der Duft von <strong>Kiefern<\/strong> ist euer steter Begleiter, wenn ihr durch vertr\u00e4umte W\u00e4lder und vorbei an verlassenen Geh\u00f6ften spaziert, bis ihr schlie\u00dflich zu einer Aussichtsplattform gelangt, die den Blick freigibt auf die wundersch\u00f6nen Felsformationen. Die gro\u00dfen Steine auf der Plattform sind wie gemacht f\u00fcr ein Picknick, bevor ihr dem Weg weiter zur\u00fcck nach Vilaflor folgt.<\/p>\n\n\n\n<p><strong>Tipp:<\/strong> Vor oder nach eurer Wanderung empfehlen wir euch, eine Runde durch Vilaflor zu drehen. Der auf 1.420 H\u00f6henmetern h\u00f6chstgelegene Gebirgsort Spaniens verz\u00fcckt mit seiner historischen Altstadt rund um die Kirche San Pedro aus dem 17. Jahrhundert und im Fr\u00fchjahr mit wundersch\u00f6nen Goldmohnwiesen und bl\u00fchenden Mandelb\u00e4umen.<\/p>\n\n\n\n<table id=\"tablepress-554\" class=\"tablepress tablepress-id-554\">\n<thead>\n<tr class=\"row-1\">\n\t<th colspan=\"2\" class=\"column-1\">Paisaje Lunar Wanderweg<\/th>\n<\/tr>\n<\/thead>\n<tbody>\n<tr class=\"row-2\">\n\t<td class=\"column-1\"><strong>Schwierigkeitsgrad:<\/strong><\/td><td class=\"column-2\">Mittel<\/td>\n<\/tr>\n<tr class=\"row-3\">\n\t<td class=\"column-1\"><strong>L\u00e4nge:<\/strong><\/td><td class=\"column-2\">ca. 12,9 Kilometer<\/td>\n<\/tr>\n<tr class=\"row-4\">\n\t<td class=\"column-1\"><strong>Dauer:<\/strong><\/td><td class=\"column-2\">ca. 4 Stunden<\/td>\n<\/tr>\n<tr class=\"row-5\">\n\t<td class=\"column-1\"><strong>Startpunkt:<\/strong><\/td><td class=\"column-2\">Kirchplatz in Vilaflor<\/td>\n<\/tr>\n<\/tbody>\n<\/table>\n<!-- #tablepress-554 from cache -->\n\n\n<h3 class=\"wp-block-heading\"><a name=\"organos\"><\/a>4. \u00d3rganos-H\u00f6henweg: Imposante Orgelpfeifen<\/h3>\n\n\n\n<p>Der \u00d3rganos-H\u00f6henweg ist ein wahres Multitalent unter den Wanderwegen Teneriffas. Auf dem Rundweg geht es bergauf und bergab, ihr passiert das malerische <strong>Orotava-Tal<\/strong>, dichte W\u00e4lder sowie schroffe Felsen und wandert \u00fcber den imposanten <strong>Orgelpfeifen<\/strong>, die der Wanderroute ihren Namen geben. Zwischendurch ist auf den steilen Abschnitten der wilden Berglandschaften etwas Kondition gefragt, doch unterwegs kommt ihr an mehreren Aussichtspunkten vorbei, an denen sich euch fantastische Ausblicke er\u00f6ffnen \u2013 perfekt f\u00fcr eine kleine Rast!<\/p>\n\n\n\n<figure id=\"attachment_11940\" aria-describedby=\"caption-attachment-11940\" style=\"width: 880px\" class=\"wp-caption aligncenter\"><img loading=\"lazy\" decoding=\"async\" class=\"wp-image-11940 size-full\" src=\"https:\/\/www.sonnenklar.tv\/blog\/wp-content\/uploads\/2019\/04\/orotava-tal-wandern-teneriffa.jpg\" alt=\"Blick aufs Orotava-Tal auf Teneriffa\" width=\"880\" height=\"500\" srcset=\"https:\/\/www.sonnenklar.tv\/blog\/wp-content\/uploads\/2019\/04\/orotava-tal-wandern-teneriffa.jpg 880w, https:\/\/www.sonnenklar.tv\/blog\/wp-content\/uploads\/2019\/04\/orotava-tal-wandern-teneriffa-300x170.jpg 300w, https:\/\/www.sonnenklar.tv\/blog\/wp-content\/uploads\/2019\/04\/orotava-tal-wandern-teneriffa-768x436.jpg 768w\" sizes=\"(max-width: 880px) 100vw, 880px\" \/><figcaption id=\"caption-attachment-11940\" class=\"wp-caption-text\">Der Blick auf das Orotava Tal ist unvergesslich<\/figcaption><\/figure>\n\n\n\n<p>Ein absoluter Blickfang sind nat\u00fcrlich die an eine Orgel erinnernden, aneinandergereihten Basalts\u00e4ulen. Doch die K\u00fcste und das fruchtbare Orotava Tal mit dem dar\u00fcber thronenden <strong>Teide<\/strong> geben ebenfalls eine beeindruckende Kulisse ab.<\/p>\n\n\n\n\n<table id=\"tablepress-555\" class=\"tablepress tablepress-id-555\">\n<thead>\n<tr class=\"row-1\">\n\t<th colspan=\"2\" class=\"column-1\">\u00d3rganos-H\u00f6henweg<\/th>\n<\/tr>\n<\/thead>\n<tbody>\n<tr class=\"row-2\">\n\t<td class=\"column-1\"><strong>Schwierigkeitsgrad:<\/strong><\/td><td class=\"column-2\">Mittel<\/td>\n<\/tr>\n<tr class=\"row-3\">\n\t<td class=\"column-1\"><strong>L\u00e4nge:<\/strong><\/td><td class=\"column-2\">ca. 11 Kilometer<\/td>\n<\/tr>\n<tr class=\"row-4\">\n\t<td class=\"column-1\"><strong>Dauer:<\/strong><\/td><td class=\"column-2\">ca. 4 Stunden<\/td>\n<\/tr>\n<tr class=\"row-5\">\n\t<td class=\"column-1\"><strong>Startpunkt:<\/strong><\/td><td class=\"column-2\">Rastplatz Zona recreativa La Caldera<\/td>\n<\/tr>\n<\/tbody>\n<\/table>\n<!-- #tablepress-555 from cache --><br><\/p>\n\n\n\n<p><strong>Hoteltipp:<\/strong> Den Startpunkt des \u00d3rganos-H\u00f6henwegs erreicht ihr vom Erwachsenenhotel <a href=\"https:\/\/www.sonnenklar.tv\/beschreibung\/Spanien\/Teneriffa\/Puerto_de_la_Cruz\/Diamante_Suites.html\" target=\"_blank\" rel=\"noopener\">AluaSoul Orotava Valley<\/a> nach rund einer halben Stunde mit dem Auto. Umgeben von Bananenb\u00e4umen und mit Blick auf den Teide und das Meer k\u00f6nnt ihr in dieser wunderbaren Oase der Ruhe am Pool entspannen oder am Lavasandstrand Playa Jard\u00edn spazieren gehen.<\/p>\n\n\n\n<p><\/p>\n\n\n\n<h3 class=\"wp-block-heading\"><a name=\"guajara\"><\/a>5. Monta\u00f1a de Guajara: Fantastischer Teide-Blick<\/h3>\n\n\n\n<p>Der Aufstieg zum Monta\u00f1a de Guajara ist ideal f\u00fcr euch, wenn ihr euch beim Wandern auf Teneriffa etwas herausfordern m\u00f6chtet, aber noch nicht allzu viel \u00dcbung habt und eine Alternative zum Teide-Aufstieg sucht. Denn der dritth\u00f6chste Berg der Insel bietet euch ebenso wundervolle <strong>Ausblicke \u00fcber den Teide-Nationalpark<\/strong>. Bevor ihr diese genie\u00dft, wandert ihr vorbei an Ginsterb\u00fcschen und habt dabei stets die bezaubernde S\u00fcdseite der Insel im Blick. Auf dem 2.715 Meter hohen Gipfel angekommen, erwartet euch ein einmaliger Weitblick \u00fcber die <strong>Vulkane Teide, Pico Viejo und Monta\u00f1a Blanca<\/strong>.<\/p>\n\n\n\n<figure id=\"attachment_11933\" aria-describedby=\"caption-attachment-11933\" style=\"width: 880px\" class=\"wp-caption aligncenter\"><img loading=\"lazy\" decoding=\"async\" class=\"wp-image-11933 size-full\" src=\"https:\/\/www.sonnenklar.tv\/blog\/wp-content\/uploads\/2019\/04\/guajara-wandern-teneriffa.jpg\" alt=\"Guajaara im Teide Nationalpark auf Teneriffa\" width=\"880\" height=\"500\" srcset=\"https:\/\/www.sonnenklar.tv\/blog\/wp-content\/uploads\/2019\/04\/guajara-wandern-teneriffa.jpg 880w, https:\/\/www.sonnenklar.tv\/blog\/wp-content\/uploads\/2019\/04\/guajara-wandern-teneriffa-300x170.jpg 300w, https:\/\/www.sonnenklar.tv\/blog\/wp-content\/uploads\/2019\/04\/guajara-wandern-teneriffa-768x436.jpg 768w\" sizes=\"(max-width: 880px) 100vw, 880px\" \/><figcaption id=\"caption-attachment-11933\" class=\"wp-caption-text\">Die Wanderung auf den Monta\u00f1a de Guajara ist ein Erlebnis f\u00fcr alle Sinne<\/figcaption><\/figure>\n\n\n\n<p>Seid ihr geologisch interessiert, werden euch die verschiedenen Lavastr\u00f6me und die als Ca\u00f1adas bekannten Ebenen, die sich hier deutlich unterscheiden lassen, faszinieren. Au\u00dferdem seht ihr noch die Reste der im Jahr 1850 vom britischen Astronomen Charles Piazzi Smith angelegten <strong>Sternwarte<\/strong>, die als erstes Observatorium Teneriffas gilt. Sobald ihr euch von dem Ausblick losrei\u00dfen k\u00f6nnt, gelangt ihr \u00fcber zahlreiche <strong>Serpentinen<\/strong>, die eine gewisse Trittsicherheit erfordern, mit Blick \u00fcber die westliche H\u00e4lfte der Caldera wieder zur\u00fcck zum Ausgangspunkt. Traut ihr euch diesen Weg nicht zu, folgt ihr einfach dem gleichen Weg, den ihr zum Aufstieg genutzt habt.<\/p>\n\n\n\n<p><strong>Tipp:<\/strong> Im Sommer stehen die am Berghang wachsenden endemischen Tajinasten in voller Bl\u00fcte und verspr\u00fchen ihren zarten Duft \u2013 ein entz\u00fcckender Anblick!<\/p>\n\n\n\n<table id=\"tablepress-556\" class=\"tablepress tablepress-id-556\">\n<thead>\n<tr class=\"row-1\">\n\t<th colspan=\"2\" class=\"column-1\">Guajara-Wanderweg<\/th>\n<\/tr>\n<\/thead>\n<tbody>\n<tr class=\"row-2\">\n\t<td class=\"column-1\"><strong>Schwierigkeitsgrad:<\/strong><\/td><td class=\"column-2\">Mittel<\/td>\n<\/tr>\n<tr class=\"row-3\">\n\t<td class=\"column-1\"><strong>L\u00e4nge:<\/strong><\/td><td class=\"column-2\">ca. 9,3 Kilometer<\/td>\n<\/tr>\n<tr class=\"row-4\">\n\t<td class=\"column-1\"><strong>Dauer:<\/strong><\/td><td class=\"column-2\">ca. 4,5 Stunden<\/td>\n<\/tr>\n<tr class=\"row-5\">\n\t<td class=\"column-1\"><strong>Startpunkt:<\/strong><\/td><td class=\"column-2\">Parkplatz des Parador Nacional de las Ca\u00f1adas<\/td>\n<\/tr>\n<\/tbody>\n<\/table>\n<!-- #tablepress-556 from cache -->\n\n\n<h3 class=\"wp-block-heading\"><a name=\"cristianos\"><\/a>6. Los Cristianos bis Las Galletas: Der s\u00fcdlichste Punkt Teneriffas<\/h3>\n\n\n\n<p>Los Cristianos ist vor allem f\u00fcr hervorragende Badebedingungen bekannt, doch auch f\u00fcr eine Wanderreise entlang der <strong>sonnenverw\u00f6hnten S\u00fcdk\u00fcste<\/strong> Teneriffas ist der Ferienort der optimale Ausgangspunkt. W\u00e4hrend es an der Strandpromenade noch wunderbar trubelig zugeht, empf\u00e4ngt euch, kurz nachdem ihr die Stadt verlassen habt, ein v\u00f6llig anderes Ambiente. Umgeben von stacheligen <strong>Kakteen<\/strong> und bildsch\u00f6nen <strong>Lavaklippen<\/strong> wandert ihr mit Blick auf den Ozean vorbei an vielen verlassenen Buchten \u2013 Wie w\u00e4re es mit einer kleinen Erfrischung zwischendurch? Die kommt euch vielleicht gar nicht so ungelegen, denn der Routen-Abschnitt bis zum Badeort <strong>Palm-Mar<\/strong> geht zuweilen steil bergauf und bergab. Die Umgebung mit ihren mit Flechten \u00fcberzogenen Steinen und bildsch\u00f6ner Vegetation im <strong>Naturpark Malpais de la Rasca<\/strong> entsch\u00e4digt allerdings f\u00fcr jede Anstrengung.<\/p>\n\n\n\n<figure id=\"attachment_22917\" aria-describedby=\"caption-attachment-22917\" style=\"width: 880px\" class=\"wp-caption alignnone\"><a href=\"https:\/\/www.sonnenklar.tv\/blog\/wp-content\/uploads\/2019\/04\/GettyImages-1089289552-Faro-de-Punta-Rasca.jpg\"><img loading=\"lazy\" decoding=\"async\" class=\"wp-image-22917 size-full\" src=\"https:\/\/www.sonnenklar.tv\/blog\/wp-content\/uploads\/2019\/04\/GettyImages-1089289552-Faro-de-Punta-Rasca.jpg\" alt=\"Leuchtturm Faro de Punta Rasca in Arona auf der Kanareninsel Teneriffa in Spanien\" width=\"880\" height=\"450\" srcset=\"https:\/\/www.sonnenklar.tv\/blog\/wp-content\/uploads\/2019\/04\/GettyImages-1089289552-Faro-de-Punta-Rasca.jpg 880w, https:\/\/www.sonnenklar.tv\/blog\/wp-content\/uploads\/2019\/04\/GettyImages-1089289552-Faro-de-Punta-Rasca-300x153.jpg 300w, https:\/\/www.sonnenklar.tv\/blog\/wp-content\/uploads\/2019\/04\/GettyImages-1089289552-Faro-de-Punta-Rasca-768x393.jpg 768w\" sizes=\"(max-width: 880px) 100vw, 880px\" \/><\/a><figcaption id=\"caption-attachment-22917\" class=\"wp-caption-text\">Der s\u00fcdlichste Punkt Teneriffas mit dem Faro de Punta Rasca<\/figcaption><\/figure>\n\n\n\n<p>Bis ihr den kleinen Hafenort Las Galletas erreicht, wartet noch ein weiterer H\u00f6hepunkt der Insel auf euch: Am <strong>Faro de Punta Rasca<\/strong> k\u00f6nnt ihr stolz verk\u00fcnden, euch am s\u00fcdlichsten Punkt Teneriffas zu befinden. Angekommen in Las Galettas, locken die Restaurants an der Strandpromenade mit k\u00f6stlichen Meeresfr\u00fcchten, der Hafen mit einem tollen Blick auf die Fischerboote und das Meer mit seinen sanften Wellen.<\/p>\n\n\n\n<p><strong>Tipp:<\/strong> Wenn ihr noch nicht genug gelaufen seid, k\u00f6nnt ihr eure Wanderung bis zum Gipel des Monta\u00f1a Guaza erweitern.<\/p>\n\n\n\n<table id=\"tablepress-557\" class=\"tablepress tablepress-id-557\">\n<thead>\n<tr class=\"row-1\">\n\t<th colspan=\"2\" class=\"column-1\">Las Galletas Wanderweg<\/th>\n<\/tr>\n<\/thead>\n<tbody>\n<tr class=\"row-2\">\n\t<td class=\"column-1\"><strong>Schwierigkeitsgrad:<\/strong><\/td><td class=\"column-2\">Mittel<\/td>\n<\/tr>\n<tr class=\"row-3\">\n\t<td class=\"column-1\"><strong>L\u00e4nge:<\/strong><\/td><td class=\"column-2\">ca. 13 Kilometer<\/td>\n<\/tr>\n<tr class=\"row-4\">\n\t<td class=\"column-1\"><strong>Dauer:<\/strong><\/td><td class=\"column-2\">ca. 4 Stunden<\/td>\n<\/tr>\n<tr class=\"row-5\">\n\t<td class=\"column-1\"><strong>Startpunkt:<\/strong><\/td><td class=\"column-2\">Hafen in Los Cristianos<\/td>\n<\/tr>\n<\/tbody>\n<\/table>\n<!-- #tablepress-557 from cache -->\n\n\n<h3 class=\"wp-block-heading\"><a name=\"punta\"><\/a>7. Punta del Hidalgo bis Bat\u00e1n de Abajo: Abenteuerreiche Schluchtenwanderung<\/h3>\n\n\n\n<p>Wir beenden unsere Liste der sch\u00f6nsten Routen zum Wandern auf Teneriffa mit einer Tour, die auch all jenen, die schon viel Wandererfahrung haben, noch eine abenteuerreiche Herausforderung bietet. Von Punta del Hidalgo im <strong>Norden der Insel<\/strong> durchquert ihr eine der sch\u00f6nsten Schluchten des <strong>Anaga-Gebirges<\/strong> und erreicht schlie\u00dflich das beschauliche Bergdorf Bat\u00e1n de Abajo \u2013 etwas Nervenkitzel zwischendurch gibt es inklusive. Denn ihr wandert nicht nur \u00fcber <strong>steile und schmale Pfade<\/strong>, sondern auch durch in die Felsw\u00e4nde geschlagene <strong>Tunnel<\/strong>, \u00fcberquert Br\u00fccken und m\u00fcsst euch hin und wieder auch um <strong>Felsnasen<\/strong> herumschl\u00e4ngeln.<\/p>\n\n\n\n<figure id=\"attachment_11943\" aria-describedby=\"caption-attachment-11943\" style=\"width: 880px\" class=\"wp-caption aligncenter\"><img loading=\"lazy\" decoding=\"async\" class=\"wp-image-11943 size-full\" src=\"https:\/\/www.sonnenklar.tv\/blog\/wp-content\/uploads\/2019\/04\/wanderweg-punta-del-hidalgo-wandern-teneriffa.jpg\" alt=\"Wanderweg von Punta del Hidalgo auf Teneriffa\" width=\"880\" height=\"500\" srcset=\"https:\/\/www.sonnenklar.tv\/blog\/wp-content\/uploads\/2019\/04\/wanderweg-punta-del-hidalgo-wandern-teneriffa.jpg 880w, https:\/\/www.sonnenklar.tv\/blog\/wp-content\/uploads\/2019\/04\/wanderweg-punta-del-hidalgo-wandern-teneriffa-300x170.jpg 300w, https:\/\/www.sonnenklar.tv\/blog\/wp-content\/uploads\/2019\/04\/wanderweg-punta-del-hidalgo-wandern-teneriffa-768x436.jpg 768w\" sizes=\"(max-width: 880px) 100vw, 880px\" \/><figcaption id=\"caption-attachment-11943\" class=\"wp-caption-text\">Eine abenteuerliche Herausforderung: Der Weg nach Bat\u00e1n de Abajo<\/figcaption><\/figure>\n\n\n\n<p>Belohnt werdet ihr f\u00fcr euren Einsatz mit bildsch\u00f6nen Landschaften, die von trockenen Abschnitten \u00fcber bl\u00fchende Blumenpracht bis hin zu gr\u00fcnen W\u00e4ldern reichen. In einem <strong>idyllischen Hochtal<\/strong> durchquert ihr den kleinen Ort Bej\u00eda und passiert romantische Weinfelder. Zum Abschluss dieser aufregenden Wanderung werdet ihr in Bat\u00e1n de Abajo von einer <strong>himmlischen Abgeschiedenheit<\/strong> begr\u00fc\u00dft. Hier sind fast nur Einheimische unterwegs und der Ausblick vom kleinen Dorfplatz \u00fcber die T\u00e4ler des Anaga-Gebirges bis hin zum H\u00f6hlendorf Chinamada wirkt unfassbar beruhigend.<\/p>\n\n\n\n<table id=\"tablepress-558\" class=\"tablepress tablepress-id-558\">\n<thead>\n<tr class=\"row-1\">\n\t<th colspan=\"2\" class=\"column-1\">Punta del Hidalgo bis Bat\u00e1n de Abajo<\/th>\n<\/tr>\n<\/thead>\n<tbody>\n<tr class=\"row-2\">\n\t<td class=\"column-1\"><strong>Schwierigkeitsgrad:<\/strong><\/td><td class=\"column-2\">anspruchsvoll<\/td>\n<\/tr>\n<tr class=\"row-3\">\n\t<td class=\"column-1\"><strong>L\u00e4nge:<\/strong><\/td><td class=\"column-2\">ca. 12 Kilometer<\/td>\n<\/tr>\n<tr class=\"row-4\">\n\t<td class=\"column-1\"><strong>Dauer:<\/strong><\/td><td class=\"column-2\">ca. 5 Stunden<\/td>\n<\/tr>\n<tr class=\"row-5\">\n\t<td class=\"column-1\"><strong>Startpunkt:<\/strong><\/td><td class=\"column-2\">Kirche in Punta del Hidalgo<\/td>\n<\/tr>\n<\/tbody>\n<\/table>\n<!-- #tablepress-558 from cache -->\n\n\n<p><strong>Hoteltipp:<\/strong> Am Fu\u00dfe des Anaga Gebirges, zwischen \u00fcppigen Landschaften und dem weiten Atlantik verz\u00fcckt das <a href=\"https:\/\/www.sonnenklar.tv\/beschreibung\/Spanien\/Teneriffa\/Punta_del_Hidalgo\/Atlantis_Park.html\" target=\"_blank\" rel=\"noreferrer noopener\">Atlantis Park Resort<\/a> mit einem herrlichen Blick auf den Teide. In den ger\u00e4umigen Appartements k\u00f6nnt ihr es euch nach euren Wanderungen gem\u00fctlich machen.<\/p>\n\n\n\n<p><strong>Tipp:<\/strong> Erkundigt euch fr\u00fchzeitig vor eurem Wanderurlaub auf Teneriffa beim Fremdenverkehrsamt, ob ihr f\u00fcr eure Touren Genehmigungen ben\u00f6tigt und sobald die Abreise n\u00e4her r\u00fcckt, ob die Wege derzeit begehbar sind. Dann steht einer unvergesslichen Zeit auf der Kanareninsel nichts im Wege!<\/p>\n\n\n\n<h2 class=\"wp-block-heading\">Die h\u00e4ufigsten Fragen zum Wandern auf Teneriffa<\/h2>\n\n\n\n<p>Wie ihr sicherlich bemerkt habt, hat sich Teneriffa seinen Ruf als Wanderparadies redlich verdient. Bevor ihr euch jetzt aufmacht, um die Wanderwege der Kanareninsel zu erkunden, beantworten wir euch noch die h\u00e4ufigsten Fragen zum Wandern auf Teneriffa.<\/p>\n\n\n\n<h3 class=\"wp-block-heading\"><a name=\"wo\"><\/a>Wo kann man auf Teneriffa gut wandern?<\/h3>\n\n\n\n<p>Teneriffa gl\u00e4nzt mit einer Vielzahl an <strong>gut ausgeschilderten Wanderwegen<\/strong>, die sich \u00fcber die ganze Insel ziehen. Zu den beliebtesten Gebieten z\u00e4hlen ohne Frage der <strong>Teide-Nationalpark<\/strong>, dessen rund 40 offizielle Routen an zahlreichen spektakul\u00e4ren Naturschauspielen vorbeif\u00fchren \u2013 nicht zuletzt z\u00e4hlt dazu nat\u00fcrlich die Besteigung des Teide, die jedoch einiges an Ausdauer und Erfahrung voraussetzt. Auch das <strong>Anaga-Gebirge<\/strong> mit seinen Lorbeerw\u00e4ldern und die Mondlandschaft der <strong>Paisaje Lunar<\/strong> sind mystische Kulissen f\u00fcr einen au\u00dfergew\u00f6hnlichen Wanderurlaub. Den ber\u00fchmten Orgelpfeifen \u201e\u00d3rganos\u201c kommt ihr auf dem <strong>\u00d3rganos-H\u00f6henweg<\/strong> ganz nah und der Aufstieg auf den <strong>Monta\u00f1a de Guajara<\/strong> ist eine ausgezeichnete M\u00f6glichkeit, den Teide in seiner vollen Pracht zu bewundern. Die <strong>Masca-Schlucht<\/strong> im Westen Teneriffas z\u00e4hlt ebenfalls zu den ber\u00fchmtesten Wandergebieten Teneriffas, ist jedoch aus Naturschutzgr\u00fcnden immer mal wieder \u2013 auch f\u00fcr l\u00e4ngere Zeitr\u00e4ume \u2013 gesperrt.<\/p>\n\n\n<div class=\"wp-block-image\">\n<figure class=\"aligncenter\"><a href=\"https:\/\/www.sonnenklar.tv\/blog\/wp-content\/uploads\/2019\/04\/GettyImages-1054068684-Masca-Schlucht.jpg\"><img loading=\"lazy\" decoding=\"async\" width=\"880\" height=\"450\" src=\"https:\/\/www.sonnenklar.tv\/blog\/wp-content\/uploads\/2019\/04\/GettyImages-1054068684-Masca-Schlucht.jpg\" alt=\"Masca-Schlucht auf der Kanareninsel Teneriffa in Spanien\" class=\"wp-image-22918\" srcset=\"https:\/\/www.sonnenklar.tv\/blog\/wp-content\/uploads\/2019\/04\/GettyImages-1054068684-Masca-Schlucht.jpg 880w, https:\/\/www.sonnenklar.tv\/blog\/wp-content\/uploads\/2019\/04\/GettyImages-1054068684-Masca-Schlucht-300x153.jpg 300w, https:\/\/www.sonnenklar.tv\/blog\/wp-content\/uploads\/2019\/04\/GettyImages-1054068684-Masca-Schlucht-768x393.jpg 768w\" sizes=\"(max-width: 880px) 100vw, 880px\" \/><\/a><figcaption class=\"wp-element-caption\">Teneriffa ist ein absolutes Wanderparadies<\/figcaption><\/figure>\n<\/div>\n\n\n<p>Viele der Wanderwege auf Teneriffa k\u00f6nnt ihr auf eigene Faust erwandern, f\u00fcr einige ben\u00f6tigt ihr jedoch eine <strong>Genehmigung<\/strong>. Erkundigt euch vor eurer Wanderreise am besten bei den Fremdenverkehrsb\u00fcros, ob das bei eurer favorisierten Route der Fall ist. Gegebenenfalls ist es dann unkomplizierter, an einer <strong>gef\u00fchrten Tour<\/strong> teilzunehmen, was bei anspruchsvolleren Routen sowieso empfehlenswert sein kann.<\/p>\n\n\n\n<h3 class=\"wp-block-heading\"><a name=\"anzahl\"><\/a>Wie viele Wanderwege gibt es auf Teneriffa<\/h3>\n\n\n\n<p>Die genaue Anzahl an Wanderwegen auf Teneriffa l\u00e4sst sich nur schwer festsetzen, doch insgesamt durchziehen die Insel <strong>mehr als 1.500 Kilometer<\/strong> an Strecken zum Wandern. Der Gro\u00dfteil davon gl\u00e4nzt mit einer <strong>ausgezeichneten Infrastruktur<\/strong>. Das gilt vor allem f\u00fcr die offiziell zugelassenen Wanderwege, die ausgeschildert sind, regelm\u00e4\u00dfig gewartet werden und sich in die folgenden drei Kategorien einteilen lassen:<\/p>\n\n\n\n<ul class=\"wp-block-list\">\n<li><strong>Fernwanderweg<\/strong> (Gran Recorrido, Kennzeichnung GR): Strecken, die \u00fcber 50 Kilometer lang sind und \u00fcber mehrere Tage bewandert werden.<\/li>\n\n\n\n<li><strong>Kurzer Wanderweg<\/strong> (Peque\u00f1o Recorrido, Kennzeichnung PR): Routen zwischen 10 und 50 Kilometern und Routen, die k\u00fcrzer sind, aber bedeutende H\u00f6henunterschiede enthalten.<\/li>\n\n\n\n<li><strong>Lokaler Wanderweg<\/strong> (Sendero Local, Kennzeichnung SL): Wege mit einer L\u00e4nge von unter 10 Kilometern.<\/li>\n<\/ul>\n\n\n\n<h3 class=\"wp-block-heading\"><a name=\"teide-wandern\"><\/a>Kann man auf den Teide wandern?<\/h3>\n\n\n\n<p>Es ist m\u00f6glich, auf den Teide zu wandern und die Wanderung auf den h\u00f6chsten Berg Spaniens z\u00e4hlt wohl zu den beliebtesten Touren Teneriffas. Allerdings sind auf dem Weg zum rund 3.700 Meter hohen Gipfel einige <strong>H\u00f6henmeter<\/strong> zu \u00fcberwinden, weshalb eine gute Kondition, Trittsicherheit sowie eine einwandfreie Ausr\u00fcstung f\u00fcr die spektakul\u00e4re Wanderung Voraussetzung sind. Generell ist zur Besteigung des Teide vor allem die Zeit <strong>vom Fr\u00fchjahr bis zum Herbst<\/strong> zu empfehlen. Im Winter ist es im Hochgebirge ziemlich eisig und hin und wieder kann es auch schneien.<\/p>\n\n\n<div class=\"wp-block-image\">\n<figure class=\"aligncenter\"><a href=\"https:\/\/www.sonnenklar.tv\/blog\/wp-content\/uploads\/2019\/04\/GettyImages-825624494-Teide.jpg\"><img loading=\"lazy\" decoding=\"async\" width=\"880\" height=\"450\" src=\"https:\/\/www.sonnenklar.tv\/blog\/wp-content\/uploads\/2019\/04\/GettyImages-825624494-Teide.jpg\" alt=\"Felsformation Roques de Garc\u00eda und Pico del Teide auf der Kanareninsel Teneriffa in Spanien\" class=\"wp-image-22920\" srcset=\"https:\/\/www.sonnenklar.tv\/blog\/wp-content\/uploads\/2019\/04\/GettyImages-825624494-Teide.jpg 880w, https:\/\/www.sonnenklar.tv\/blog\/wp-content\/uploads\/2019\/04\/GettyImages-825624494-Teide-300x153.jpg 300w, https:\/\/www.sonnenklar.tv\/blog\/wp-content\/uploads\/2019\/04\/GettyImages-825624494-Teide-768x393.jpg 768w\" sizes=\"(max-width: 880px) 100vw, 880px\" \/><\/a><figcaption class=\"wp-element-caption\">Die Teide-Wanderung z\u00e4hlt zu den beliebtesten Wanderrouten Teneriffas<\/figcaption><\/figure>\n<\/div>\n\n\n<p>Bei der Planung eurer Teide-Wanderung ist au\u00dferdem zu ber\u00fccksichtigen, dass f\u00fcr den letzten Abschnitt ab der Seilbahn-Station ab 9 Uhr morgens eine <strong>Genehmigung<\/strong> ben\u00f6tigt wird. Diese k\u00f6nnt ihr kostenfrei beantragen. Da die Anzahl der Genehmigungen begrenzt ist, ist es ratsam, sich bereits rund sechs Monate im Voraus darum zu k\u00fcmmern. Alternativ k\u00f6nnt ihr an einer <strong>gef\u00fchrten Tour<\/strong> teilnehmen, dann k\u00fcmmert sich die Organisation um die Beantragung und ihr k\u00f6nnt euch in Begleitung von Gleichgesinnten und unter professioneller F\u00fchrung auf den Weg begeben.<\/p>\n\n\n\n<p><strong>Lesetipp:<\/strong> Teneriffa begeistert nicht nur mit ausgezeichneten Wanderbedingungen. Was die Insel au\u00dferdem noch zu bieten hat, verraten wir euch in unseren <a href=\"https:\/\/www.sonnenklar.tv\/blog\/teneriffa-geheimtipps\/\" target=\"_blank\" rel=\"noreferrer noopener\">Geheimtipps f\u00fcr Teneriffa<\/a>.<\/p>\n\n\n\n<h2 class=\"wp-block-heading\">Fazit zu Wanderungen auf Teneriffa<\/h2>\n\n\n\n<p>Teneriffa ist ein Eldorado f\u00fcr alle Wanderer und Naturliebhaber. Zahlreiche Wanderwege f\u00fcr jeden Geschmack und jeden Anspruch f\u00fchren \u00fcber die wundervolle Insel und bringen euch zu den atemberaubendsten Naturschauspielen. Wenn ihr durch schwarze Vulkanlandschaften, pittoreske Mondlandschaften und gr\u00fcne Lorbeerw\u00e4lder wandert, gilt ohne Frage das Motto: Der Weg ist das Ziel!<\/p>\n\n\n\n<p>Die Wanderschuhe sind bereits im Koffer und der Rucksack gepackt? Dann sucht euch noch schnell eine <a href=\"https:\/\/www.sonnenklar.tv\/promo\/urlaub-teneriffa.html\" target=\"_blank\" rel=\"noreferrer noopener\">Unterkunft auf Teneriffa<\/a> und schon k\u00f6nnt ihr eure Wanderreise starten.<\/p>\n","protected":false},"excerpt":{"rendered":"<p>Willkommen im Wanderparadies! Mit beeindruckenden Vulkanlandschaften, \u00fcppigen Lorbeerw\u00e4ldern, wundervollen Str\u00e4nden und einer faszinierenden Tier- und Pflanzenwelt k\u00f6nnten die Bedingungen zum Wandern auf Teneriffa nicht besser sein. Bei ganzj\u00e4hrig milden Temperaturen streift ihr auf der Kanareninsel durch kontrastreiche Landschaften, schwebt nahezu \u00fcber den Wolken und genie\u00dft den Blick auf den blauen Atlantik. Mit einer ebenso beeindruckenden<\/p>\n","protected":false},"author":3,"featured_media":22919,"comment_status":"closed","ping_status":"open","sticky":false,"template":"","format":"standard","meta":{"footnotes":""},"categories":[457,560],"tags":[506,501,574,498,497],"class_list":{"0":"post-11920","1":"post","2":"type-post","3":"status-publish","4":"format-standard","5":"has-post-thumbnail","7":"category-spanien","8":"category-aktivurlaub","9":"tag-aktivitaeten","10":"tag-kanaren","11":"tag-natur","12":"tag-spanien","13":"tag-wandern"},"_links":{"self":[{"href":"https:\/\/www.sonnenklar.tv\/blog\/wp-json\/wp\/v2\/posts\/11920","targetHints":{"allow":["GET"]}}],"collection":[{"href":"https:\/\/www.sonnenklar.tv\/blog\/wp-json\/wp\/v2\/posts"}],"about":[{"href":"https:\/\/www.sonnenklar.tv\/blog\/wp-json\/wp\/v2\/types\/post"}],"author":[{"embeddable":true,"href":"https:\/\/www.sonnenklar.tv\/blog\/wp-json\/wp\/v2\/users\/3"}],"replies":[{"embeddable":true,"href":"https:\/\/www.sonnenklar.tv\/blog\/wp-json\/wp\/v2\/comments?post=11920"}],"version-history":[{"count":41,"href":"https:\/\/www.sonnenklar.tv\/blog\/wp-json\/wp\/v2\/posts\/11920\/revisions"}],"predecessor-version":[{"id":39032,"href":"https:\/\/www.sonnenklar.tv\/blog\/wp-json\/wp\/v2\/posts\/11920\/revisions\/39032"}],"wp:featuredmedia":[{"embeddable":true,"href":"https:\/\/www.sonnenklar.tv\/blog\/wp-json\/wp\/v2\/media\/22919"}],"wp:attachment":[{"href":"https:\/\/www.sonnenklar.tv\/blog\/wp-json\/wp\/v2\/media?parent=11920"}],"wp:term":[{"taxonomy":"category","embeddable":true,"href":"https:\/\/www.sonnenklar.tv\/blog\/wp-json\/wp\/v2\/categories?post=11920"},{"taxonomy":"post_tag","embeddable":true,"href":"https:\/\/www.sonnenklar.tv\/blog\/wp-json\/wp\/v2\/tags?post=11920"}],"curies":[{"name":"wp","href":"https:\/\/api.w.org\/{rel}","templated":true}]}}