{"id":11616,"date":"2019-04-10T13:25:49","date_gmt":"2019-04-10T12:25:49","guid":{"rendered":"https:\/\/www.sonnenklar.tv\/blog\/?p=11616"},"modified":"2026-03-20T15:09:13","modified_gmt":"2026-03-20T14:09:13","slug":"azoren-inseln","status":"publish","type":"post","link":"https:\/\/www.sonnenklar.tv\/blog\/urlaubslaender\/azoren-inseln\/","title":{"rendered":"Die Azoren: Welche Insel ist die richtige f\u00fcr mich?"},"content":{"rendered":"\n<p><strong>Die neun bewohnten Inseln der Azoren liegen weit drau\u00dfen auf dem Atlantik und geh\u00f6ren zu Portugal. Wer auf den Azoren Urlaub machen m\u00f6chte, trifft auf zahlreiche M\u00f6glichkeiten f\u00fcr Entspannung, Aktivit\u00e4ten und Sehensw\u00fcrdigkeiten. Wir nehmen euch mit auf eine Reise durch das Archipel und stellen euch die sch\u00f6nsten Seiten der Inseln vor.<\/strong><\/p>\n\n\n\n<hr class=\"wp-block-separator has-alpha-channel-opacity\"\/>\n\n\n\n<p><strong>Inhaltsverzeichnis<\/strong><\/p>\n\n\n\n<ul class=\"wp-block-list\">\n<li><a href=\"#azoren-inseln\">Wie hei\u00dfen die Inseln der Azoren?<\/a><\/li>\n\n\n\n<li><a href=\"#azoren-reiseinforamtionen\">Allgemeine Reiseinformationen f\u00fcr die Azoren<\/a><\/li>\n\n\n\n<li><a href=\"#azoren-straende\">Traumstr\u00e4nde auf den Inseln<\/a><\/li>\n\n\n\n<li><a href=\"#azoren-sehenswuerdigkeiten\">Sehensw\u00fcrdigkeiten auf den Azoren<\/a><\/li>\n\n\n\n<li><a href=\"#wandern-azoren\">Die Azoren &#8211; ein Wanderparadies<\/a><\/li>\n\n\n\n<li><a href=\"#azoren-thermalquellen\">Thermalquellen auf den Azoren<\/a><\/li>\n\n\n\n<li><a href=\"#walbeobachtung-azoren\">Walbeobachtung<\/a><\/li>\n\n\n\n<li><a href=\"#azoren-kueche\">Kulinarische Azoren<\/a><\/li>\n\n\n\n<li><a href=\"#fazit\">Fazit<\/a><\/li>\n<\/ul>\n\n\n\n<h2 class=\"wp-block-heading\"><a name=\"azoren-inseln\"><\/a>Wie hei\u00dfen die Inseln der Azoren?<\/h2>\n\n\n\n<p>Die Inselgruppe befindet sich etwa 1.370 Kilometer vom Festland entfernt mitten im Atlantik. Nicht nur die Gr\u00f6\u00dfe der einzelnen Inseln f\u00e4llt unterschiedlich aus. Entscheidet selbst, welche Azoren-Insel am besten zu euch passt &#8211; denn jede hat ihren eigenen Charme und andere Sehensw\u00fcrdigkeiten, die euch begeistern werden.<\/p>\n\n\n\n<p>Zur besseren \u00dcbersicht haben wir die Inseln auch auf dieser Karte markiert:<\/p>\n\n\n<div class=\"wp-block-image\">\n<figure class=\"aligncenter\"><img fetchpriority=\"high\" decoding=\"async\" width=\"880\" height=\"618\" src=\"https:\/\/www.sonnenklar.tv\/blog\/wp-content\/uploads\/2019\/04\/karte-azoren-inseln.jpg\" alt=\"Karte der Azoren-Inseln\" class=\"wp-image-12037\" srcset=\"https:\/\/www.sonnenklar.tv\/blog\/wp-content\/uploads\/2019\/04\/karte-azoren-inseln.jpg 880w, https:\/\/www.sonnenklar.tv\/blog\/wp-content\/uploads\/2019\/04\/karte-azoren-inseln-300x211.jpg 300w, https:\/\/www.sonnenklar.tv\/blog\/wp-content\/uploads\/2019\/04\/karte-azoren-inseln-768x539.jpg 768w\" sizes=\"(max-width: 880px) 100vw, 880px\" \/><\/figure>\n<\/div>\n\n\n<p><\/p>\n\n\n\n<h3 class=\"wp-block-heading\">S\u00e3o Miguel: Insel der Thermalquellen<\/h3>\n\n\n\n<p>S\u00e3o Miguel ist mit einer Fl\u00e4che von fast 747 Quadratkilometern die Hauptinsel der Azoren. Durch Vulkanaktivit\u00e4ten haben sich hier viele Thermalquellen gebildet, in denen ihr teilweise sogar baden k\u00f6nnt.<\/p>\n\n\n\n<p>Das Eiland pr\u00e4sentiert sich mit viel gr\u00fcner Landschaft. In den zahlreichen Gew\u00e4chsh\u00e4usern werden Ananas angepflanzt. Neben Wein- und Tabakfeldern verf\u00fcgt S\u00e3o Miguel au\u00dferdem \u00fcber Tee-Plantagen \u2013 einzigartig in Europa.<\/p>\n\n\n\n<figure class=\"wp-block-embed\"><div class=\"wp-block-embed__wrapper\">\nhttps:\/\/www.sonnenklar.tv\/blog\/sao-miguel\n<\/div><\/figure>\n\n\n\n<h3 class=\"wp-block-heading\">Pico: Wale vor der schwarzen Insel<\/h3>\n\n\n\n<p>Der Name der zweitgr\u00f6\u00dften Azoren-Insel geht auf den Vulkan Pico zur\u00fcck, dem h\u00f6chsten Berg Portugals (ca. 2.351 Meter). Fr\u00fcher wurde hier viel Walfang betrieben. Heutzutage habt ihr die M\u00f6glichkeit, die Meeress\u00e4uger an Bord eines Bootes zu beobachten.<\/p>\n\n\n\n<p>\u00dcber 100 kleine Vulkane pr\u00e4gen au\u00dferdem mit ihren Kratern das Landschaftsbild der &#8222;Ilha Negra&#8220; (auf Deutsch: &#8222;schwarze Insel&#8220;).<\/p>\n\n\n\n<h3 class=\"wp-block-heading\">Santa Maria: Die Sonneninsel<\/h3>\n\n\n\n<p>Die s\u00fcdlichste, sonnenreichste und zugleich \u00e4lteste Insel der Azoren verf\u00fcgt \u00fcber ein besonders warmes Klima. Der Westen zeigt sich flach und steinig, w\u00e4hrend im Osten bezaubernde W\u00e4lder die H\u00fcgel bedecken.<\/p>\n\n\n\n<p>Im Landesinneren sto\u00dft ihr auf die sogenannte &#8222;rote W\u00fcste&#8220;. Sie besteht aus welligen Lehmablagerungen und leuchtet in zahlreichen Rott\u00f6nen. Aufgrund ihrer versteckten Buchten ist Santa Maria ein Favorit f\u00fcr Badeg\u00e4ste. Au\u00dferdem ist sie der Ausgangspunkt f\u00fcr Tauchexkursionen zu den Formingas.<\/p>\n\n\n\n<h3 class=\"wp-block-heading\">Faial: Die blaue Insel<\/h3>\n\n\n\n<p>Auf Faial wachsen blaue Hortensien in H\u00fclle und F\u00fclle. Das hat ihr den Beinamen \u201eblaue Insel\u201c verschafft. Beim letzten Vulkanausbruch 1957 \/ 1958 wurde die 2,4 Quadratkilometer gro\u00dfe Halbinsel Ponta dos Capelinhos geschaffen, die heute zu den Hauptattraktionen der Insel geh\u00f6rt.<\/p>\n\n\n\n<p>Ein weiteres Highlight erlebt ihr bei einer Wanderung entlang der Caldera von Faial. In diesem Naturschutzgebiet hat sich seit dem letzten Vulkanausbruch eine besonders artenreiche Vegetation entwickelt.<\/p>\n\n\n\n<h3 class=\"wp-block-heading\">Flores: Die Blumeninsel der Azoren<\/h3>\n\n\n\n<p>Die \u201eBlumeninsel\u201c Flores ist mit Abstand die h\u00fcbscheste. Hauptattraktion und Wahrzeichen der Insel sind die Rocha dos Bord\u00f4es, mehr als 200 senkrecht aufragende Basalts\u00e4ulen. Die K\u00fcsten werden von den Wellen des Golfstroms, der hier das erste Mal auf Land trifft, geformt. Steile Klippen mit ins Meer st\u00fcrzenden Wasserf\u00e4llen dominieren die K\u00fcste.<\/p>\n\n\n\n<p>Ein umfangreiches Netz aus alten Saumpfaden bietet ein abwechslungsreiches Wandergebiet, \u00fcber das ihr die Insel erkunden k\u00f6nnt.<\/p>\n\n\n\n<h3 class=\"wp-block-heading\">S\u00e3o Jorge: Die Dracheninsel<\/h3>\n\n\n\n<p>S\u00e3o Jorge wartet mit steilen K\u00fcsten und reizenden Landschaften auf. Eine Besonderheit sind die Faj\u00e3s, kleine fruchtbare K\u00fcstenebenen, die am Fu\u00df einer Bergkette im Inselinneren liegen. In den gesch\u00fctzten T\u00e4lern dieser Berge entdeckt ihr beim Wandern eindrucksvolle Drachenb\u00e4ume. &#8222;Insel der Drachen&#8220; nennt man S\u00e3o Jorge deshalb \u2013 und &#8222;Insel des K\u00e4ses&#8220;. Letzteres ist der heimischen K\u00e4sespezialit\u00e4t zu verdanken. Anstelle von Drachen findet ihr \u00fcbrigens sehr viele K\u00fche vor.<\/p>\n\n\n\n<h3 class=\"wp-block-heading\">Graciosa: Bezaubernde Landschaft<\/h3>\n\n\n\n<p>Ihre 61 km\u00b2 machen Graciosa zur zweitkleinsten Insel der Azoren \u2013 die mit etwas ganz Gro\u00dfem lockt: Ein gigantischer Krater unter der Erde, zusammen mit einer Schwefelgrotte und einem unterirdischen See, der vor allem in der Mittagszeit, wenn sich das Sonnenlicht auf der Oberfl\u00e4che spiegelt, Azoren-Urlauber fasziniert.<\/p>\n\n\n\n<p>Au\u00dferhalb dieser Unterwelt ist die Landschaft von wei\u00dfen Windm\u00fchlen mit roten D\u00e4chern gepr\u00e4gt, die ihr am besten bei einer Wanderung bewundert.<\/p>\n\n\n\n<h3 class=\"wp-block-heading\">Terceira: Ein Paradies f\u00fcr Wanderer<\/h3>\n\n\n\n<p>Die drittgr\u00f6\u00dfte Insel ist von hohen Felsk\u00fcsten umrahmt, ihr Landesinneres dagegen von wildem Gr\u00fcn \u00fcberzogen. Die Str\u00e4nde sind nicht so leicht zug\u00e4nglich, doch daf\u00fcr gibt es zahlreiche Naturbecken aus Vulkangestein. Die Altstadt von Angra do Hero\u00edsmo, dem Hauptort, ist Teil des UNESCO-Weltkulturerbes. Auch Terceira erkundet ihr am besten zu Fu\u00df bei einer Wanderung.<\/p>\n\n\n<div class=\"wp-block-image\">\n<figure class=\"aligncenter\"><img decoding=\"async\" width=\"880\" height=\"500\" src=\"https:\/\/www.sonnenklar.tv\/blog\/wp-content\/uploads\/2019\/03\/terceira-azoren-inseln.jpg\" alt=\"Das Landesinnere der Azoren-Insel Terceira\" class=\"wp-image-11888\" srcset=\"https:\/\/www.sonnenklar.tv\/blog\/wp-content\/uploads\/2019\/03\/terceira-azoren-inseln.jpg 880w, https:\/\/www.sonnenklar.tv\/blog\/wp-content\/uploads\/2019\/03\/terceira-azoren-inseln-300x170.jpg 300w, https:\/\/www.sonnenklar.tv\/blog\/wp-content\/uploads\/2019\/03\/terceira-azoren-inseln-768x436.jpg 768w\" sizes=\"(max-width: 880px) 100vw, 880px\" \/><\/figure>\n<\/div>\n\n\n<p><a href=\"https:\/\/www.sonnenklar.tv\/blog\/terceira-azoren\/\" target=\"_blank\" rel=\"noreferrer noopener\">Die besten Tipps f\u00fcr Terceira findet ihr hier!<\/a><\/p>\n\n\n\n<h3 class=\"wp-block-heading\">Corvo: Natur pur<\/h3>\n\n\n\n<p>Die kleinste Insel der Azoren ist mit gerade mal 500 Einwohnern sehr still. Sie l\u00e4sst stattdessen ihre beeindruckende Natur f\u00fcr sich sprechen. Ein gewaltiger, bewachsener Vulkankegel, in dem sich blaue Seen sammeln, l\u00e4sst Corvo wie ein paradiesisches Tal wirken, das direkt einem Gem\u00e4lde entsprungen zu sein scheint.<\/p>\n\n\n\n<p>Diese Azoreninsel ist besonders f\u00fcr diejenigen unter euch geeignet, die sehr viel Ruhe suchen, oder aber begeisterte Vogelfreunde sind.<\/p>\n\n\n\n<p>Wie ihr seht, f\u00e4llt Portugals westlichstes Archipel sehr vielf\u00e4ltig aus und bietet Reisenden aller Art ein Ziel.<\/p>\n\n\n\n<p><\/p>\n\n\n<div class=\"wp-block-image\">\n<figure class=\"alignright\"><img decoding=\"async\" width=\"210\" height=\"300\" src=\"https:\/\/www.sonnenklar.tv\/blog\/wp-content\/uploads\/2018\/04\/Moderator-Dirk-L\u00f6bling.jpg\" alt=\"sonnenklar.TV Moderator Dirk L\u00f6bling\" class=\"wp-image-5951\"\/><\/figure>\n<\/div>\n\n\n<p><strong>Auch sonnenklar.TV Moderator Dirk L\u00f6bling hat sein Herz an die Azoren verloren. Seine Eindr\u00fccke von den Inseln hat er uns verraten:<\/strong><\/p>\n\n\n\n<p>&#8222;Ich war noch von keiner Insel so \u00fcberrascht und begeistert, wie von den neun Azoren-Inseln. Was macht den Zauber der Azoren aus? Es ist die Summe aus beeindruckenden Vulkanlandschaften und Seen, aus Urw\u00e4ldern gepaart mit immergr\u00fcnen Almen, auf denen K\u00fche grasen. Es sind auch die Farben! Leuchtende Blumenmeere am Stra\u00dfenrand, das Blau des Ozeans und der Hortensien, unterbrochen vom Rot der Weihnachtsb\u00e4ume aus Neuseeland (f\u00fcr die Botaniker: Metrosideros excelsa), die hier nat\u00fcrlich viel gr\u00f6\u00dfer und sch\u00f6ner sind in ihrer Bl\u00fctenpracht. Denn auf den Azoren ist alles bunter, gr\u00f6\u00dfer, sch\u00f6ner als im Original.&#8220;<\/p>\n\n\n\n<h2 class=\"wp-block-heading\"><a name=\"azoren-reiseinforamtionen\"><\/a>Die wichtigsten Fakten f\u00fcr Urlaub auf den Azoren<\/h2>\n\n\n\n<p>Was gibt es zu beachten? Wann ist die beste Reisezeit? Im Folgenden ein paar Hinweise zu eurer Azorenreise.<\/p>\n\n\n\n<h3 class=\"wp-block-heading\">Das Klima auf den Azoren<\/h3>\n\n\n\n<p>Die Wetterbedingungen unterscheiden sich nur minimal zwischen den Inseln. Insgesamt erwartet euch ein subtropisches Klima: ein warmer, nicht zu hei\u00dfer Sommer gefolgt von milden Wintermonaten. Aufgrund der Winde, die vom Atlantik her wehen, herrscht auf den Azoren eine relativ hohe Luftfeuchtigkeit.<\/p>\n\n\n<div class=\"wp-block-image\">\n<figure class=\"aligncenter\"><img loading=\"lazy\" decoding=\"async\" width=\"880\" height=\"618\" src=\"https:\/\/www.sonnenklar.tv\/blog\/wp-content\/uploads\/2019\/04\/klima-azoren.jpg\" alt=\"Grafik: Klima auf den Azoren\" class=\"wp-image-12035\" srcset=\"https:\/\/www.sonnenklar.tv\/blog\/wp-content\/uploads\/2019\/04\/klima-azoren.jpg 880w, https:\/\/www.sonnenklar.tv\/blog\/wp-content\/uploads\/2019\/04\/klima-azoren-300x211.jpg 300w, https:\/\/www.sonnenklar.tv\/blog\/wp-content\/uploads\/2019\/04\/klima-azoren-768x539.jpg 768w\" sizes=\"(max-width: 880px) 100vw, 880px\" \/><\/figure>\n<\/div>\n\n\n<p><\/p>\n\n\n\n<h3 class=\"wp-block-heading\">Beste Reisezeit f\u00fcr einen Azoren-Urlaub<\/h3>\n\n\n\n<p>Seid ihr vor allem auf Badespa\u00df aus, so sind die Monate Juni bis Oktober die perfekte Zeit f\u00fcr euren Azoren-Urlaub. Dieser Zeitraum ist auch dann der beste, wenn ihr auf den Inseln wandern wollt &#8211; trocken und warm, aber nicht zu hei\u00df f\u00fcr lange Touren. F\u00fcr Naturfreunde gibt es immer etwas zu sehen. In der beeindruckenden Natursch\u00f6nheit zeigen sich fast das ganze Jahr \u00fcber seltene und farbenfrohe Pflanzen in ihrer vollen Pracht.<\/p>\n\n\n\n<h3 class=\"wp-block-heading\">Einreisebestimmungen f\u00fcr die Azoren<\/h3>\n\n\n\n<p>Da die Azoren-Inseln zu Portugal und somit zur Europ\u00e4ischen Union geh\u00f6ren, ben\u00f6tigt ihr nur einen g\u00fcltigen Reisepass oder Personalausweis. Neben den deutschen Standardimpfungen empfiehlt es sich, dass ihr euch zuvor gegen Hepatitis A und B impfen lasst. Solltet ihr zuf\u00e4llig von einem Gebiet mit Gelbfiebergefahr aus auf die Azoren reisen, ist eine Gelbfieberimpfung erforderlich.<\/p>\n\n\n\n<h3 class=\"wp-block-heading\">Wie gelangt man auf die Azoren-Inseln?<\/h3>\n\n\n\n<p>Die bewohnten Inseln verf\u00fcgen allesamt \u00fcber einen Flughafen. Anders kommt ihr auch gar nicht hin, denn es gibt zwischen den Azoren und dem Festland keinen Schiffsverkehr f\u00fcr Touristen.<\/p>\n\n\n\n<p>Die gr\u00f6\u00dften Inseln werden mehrmals pro Tag angeflogen. Allerdings kann es sein, dass ihr bei einem Start in Deutschland in Porto oder Lissabon umsteigen m\u00fcsst. Wollt ihr zwischen mehreren Inseln umherreisen, seid ihr auf kleine Propellermaschinen angewiesen.<\/p>\n\n\n\n<h2 class=\"wp-block-heading\"><a name=\"azoren-straende\"><\/a>&nbsp;4 Traumstr\u00e4nde der Azoren<\/h2>\n\n\n\n<p>&#8222;Praia&#8220; ist das portugiesische Wort f\u00fcr &#8222;Strand&#8220; \u2013 und davon gibt es auf den Inseln der Azoren eine ganze Menge unterschiedlicher Art. Wir zeigen euch, welche davon f\u00fcr Badeurlauber besonders empfehlenswert sind.<\/p>\n\n\n\n<h3 class=\"wp-block-heading\">1. Ribeira Quente auf S\u00e3o Miguel: Der Feuerstrand<\/h3>\n\n\n\n<p>\u201eDer warme Fluss\u201d, auch bekannt als \u201eStrand des Feuers\u201d (Praia de Fogo), bietet euch ein besonderes Badeerlebnis. Er befindet sich an der S\u00fcdk\u00fcste in einer malerisch gr\u00fcnen Bucht. Aus einem Tal gelangt hei\u00dfes Thermalwasser ins Meer, sodass dieses stets \u00fcber eine angenehme Temperatur verf\u00fcgt. Dementsprechend finden sich viele G\u00e4ste auf dem hellen Sandstrand ein.<\/p>\n\n\n<div class=\"wp-block-image\">\n<figure class=\"aligncenter\"><img loading=\"lazy\" decoding=\"async\" width=\"880\" height=\"500\" src=\"https:\/\/www.sonnenklar.tv\/blog\/wp-content\/uploads\/2019\/03\/praia-de-fogo-sao-miguel-azoren-inseln.jpg\" alt=\"Der Praia de Fogo geh\u00f6rt zu den sch\u00f6nsten Str\u00e4nden auf den Inseln der Azoren\" class=\"wp-image-11879\" srcset=\"https:\/\/www.sonnenklar.tv\/blog\/wp-content\/uploads\/2019\/03\/praia-de-fogo-sao-miguel-azoren-inseln.jpg 880w, https:\/\/www.sonnenklar.tv\/blog\/wp-content\/uploads\/2019\/03\/praia-de-fogo-sao-miguel-azoren-inseln-300x170.jpg 300w, https:\/\/www.sonnenklar.tv\/blog\/wp-content\/uploads\/2019\/03\/praia-de-fogo-sao-miguel-azoren-inseln-768x436.jpg 768w\" sizes=\"(max-width: 880px) 100vw, 880px\" \/><\/figure>\n<\/div>\n\n\n<p><\/p>\n\n\n\n<p>Neben sanit\u00e4ren Einrichtungen gibt es Bars und Restaurants in der N\u00e4he. Der Strand ist per Auto und Bus erreichbar.<\/p>\n\n\n\n<h3 class=\"wp-block-heading\">2. Praia Formosa auf Santa Maria: Der sch\u00f6ne Strand<\/h3>\n\n\n\n<p>\u201eDer sch\u00f6ne Strand\u201d \u2013 auch dieser Name kommt nicht von ungef\u00e4hr. Diese Bucht ist eindeutig einer der sch\u00f6nsten Str\u00e4nde der Azoren. Der feine, helle Sand f\u00e4llt im Meer sehr langsam ab. Vereinzelt findet man Steine am Grund vor. Das seichte, klare Wasser bietet Familien damit geradezu perfekten Badespa\u00df.<\/p>\n\n\n\n<blockquote class=\"wp-block-quote instagram-media is-layout-flow wp-block-quote-is-layout-flow\">\n<div style=\"padding: 16px;\">\n<div style=\"display: flex; flex-direction: row; align-items: center;\">\n<div style=\"background-color: #f4f4f4; border-radius: 50%; flex-grow: 0; height: 40px; margin-right: 14px; width: 40px;\"><\/div>\n<div style=\"display: flex; flex-direction: column; flex-grow: 1; justify-content: center;\">\n<div style=\"background-color: #f4f4f4; border-radius: 4px; flex-grow: 0; height: 14px; margin-bottom: 6px; width: 100px;\"><\/div>\n<div style=\"background-color: #f4f4f4; border-radius: 4px; flex-grow: 0; height: 14px; width: 60px;\"><\/div>\n<\/div>\n<\/div>\n<div style=\"padding: 19% 0;\"><\/div>\n<div style=\"display: block; height: 50px; margin: 0 auto 12px; width: 50px;\"><\/div>\n<div style=\"padding-top: 8px;\">\n<div style=\"color: #3897f0; font-family: Arial,sans-serif; font-size: 14px; font-style: normal; font-weight: 550; line-height: 18px;\">Sieh dir diesen Beitrag auf Instagram an<\/div>\n<\/div>\n<div style=\"padding: 12.5% 0;\"><\/div>\n<div style=\"display: flex; flex-direction: row; margin-bottom: 14px; align-items: center;\">\n<div>\n<div style=\"background-color: #f4f4f4; border-radius: 50%; height: 12.5px; width: 12.5px; transform: translateX(0px) translateY(7px);\"><\/div>\n<div style=\"background-color: #f4f4f4; height: 12.5px; transform: rotate(-45deg) translateX(3px) translateY(1px); width: 12.5px; flex-grow: 0; margin-right: 14px; margin-left: 2px;\"><\/div>\n<div style=\"background-color: #f4f4f4; border-radius: 50%; height: 12.5px; width: 12.5px; transform: translateX(9px) translateY(-18px);\"><\/div>\n<\/div>\n<div style=\"margin-left: 8px;\">\n<div style=\"background-color: #f4f4f4; border-radius: 50%; flex-grow: 0; height: 20px; width: 20px;\"><\/div>\n<div style=\"width: 0; height: 0; border-top: 2px solid transparent; border-left: 6px solid #f4f4f4; border-bottom: 2px solid transparent; transform: translateX(16px) translateY(-4px) rotate(30deg);\"><\/div>\n<\/div>\n<div style=\"margin-left: auto;\">\n<div style=\"width: 0px; border-top: 8px solid #F4F4F4; border-right: 8px solid transparent; transform: translateY(16px);\"><\/div>\n<div style=\"background-color: #f4f4f4; flex-grow: 0; height: 12px; width: 16px; transform: translateY(-4px);\"><\/div>\n<div style=\"width: 0; height: 0; border-top: 8px solid #F4F4F4; border-left: 8px solid transparent; transform: translateY(-4px) translateX(8px);\"><\/div>\n<\/div>\n<\/div>\n<div style=\"display: flex; flex-direction: column; flex-grow: 1; justify-content: center; margin-bottom: 24px;\">\n<div style=\"background-color: #f4f4f4; border-radius: 4px; flex-grow: 0; height: 14px; margin-bottom: 6px; width: 224px;\"><\/div>\n<div style=\"background-color: #f4f4f4; border-radius: 4px; flex-grow: 0; height: 14px; width: 144px;\"><\/div>\n<\/div>\n<p style=\"color: #c9c8cd; font-family: Arial,sans-serif; font-size: 14px; line-height: 17px; margin-bottom: 0; margin-top: 8px; overflow: hidden; padding: 8px 0 7px; text-align: center; text-overflow: ellipsis; white-space: nowrap;\"><a style=\"color: #c9c8cd; font-family: Arial,sans-serif; font-size: 14px; font-style: normal; font-weight: normal; line-height: 17px; text-decoration: none;\" href=\"https:\/\/www.instagram.com\/p\/BWfXM--FPnD\/?utm_source=ig_embed&amp;utm_medium=loading\" target=\"_blank\" rel=\"noopener noreferrer\">Ein Beitrag geteilt von Mariah Dantas (@goh_dantasjqy)<\/a> am <time style=\"font-family: Arial,sans-serif; font-size: 14px; line-height: 17px;\" datetime=\"2017-07-13T14:26:07+00:00\">Jul 13, 2017 um 7:26 PDT<\/time><\/p>\n<\/div>\n<\/blockquote>\n\n\n\n<p><script async=\"\" src=\"\/\/www.instagram.com\/embed.js\"><\/script><\/p>\n\n\n\n<p>Ihr k\u00f6nnt den Praia Formosa direkt anfahren. Er wird sehr sauber gehalten, verf\u00fcgt \u00fcber sanit\u00e4re Anlagen und Sonnenschirme. Tats\u00e4chlich ist die sch\u00f6ne Bucht nie zu voll \u2013 au\u00dfer im August, wenn das j\u00e4hrliche Musik-Festival vor Ort stattfindet.<\/p>\n\n\n\n<h3 class=\"wp-block-heading\">3. Praia da Vit\u00f3ria auf Terceira: F\u00fcr Sportfans<\/h3>\n\n\n\n<p>Goldgelber Sand, der sich kilometerweit an die K\u00fcste schmiegt, kristallklares Wasser &#8211; Schwimmer und Wassersportbegeisterte sind am Praia da Vit\u00f3ria bestens aufgehoben. Der Strand wird von Hotels und Einkaufsm\u00f6glichkeiten ges\u00e4umt.<\/p>\n\n\n<div class=\"wp-block-image\">\n<figure class=\"aligncenter\"><img loading=\"lazy\" decoding=\"async\" width=\"880\" height=\"500\" src=\"https:\/\/www.sonnenklar.tv\/blog\/wp-content\/uploads\/2019\/03\/praia-da-vitoria-terceira-azoren-inseln.jpg\" alt=\"Praia da Vitoria auf der Azoren-Insel Terceira\" class=\"wp-image-11880\" srcset=\"https:\/\/www.sonnenklar.tv\/blog\/wp-content\/uploads\/2019\/03\/praia-da-vitoria-terceira-azoren-inseln.jpg 880w, https:\/\/www.sonnenklar.tv\/blog\/wp-content\/uploads\/2019\/03\/praia-da-vitoria-terceira-azoren-inseln-300x170.jpg 300w, https:\/\/www.sonnenklar.tv\/blog\/wp-content\/uploads\/2019\/03\/praia-da-vitoria-terceira-azoren-inseln-768x436.jpg 768w\" sizes=\"(max-width: 880px) 100vw, 880px\" \/><\/figure>\n<\/div>\n\n\n<p><\/p>\n\n\n\n<p>Es ist f\u00fcr Besucher des gleichnamigen Ortes leicht per Fu\u00df zu erreichen. In der N\u00e4he des Hafens findet ihr zus\u00e4tzlich ein Naturschwimmbecken aus Lavagestein.<\/p>\n\n\n\n<h3 class=\"wp-block-heading\">4. Faj\u00e3 de Lopo Vaz auf Flores: Der schwarze Strand<\/h3>\n\n\n\n<p>Ein Geheimtipp: Der sogenannte Lavastrand ist eine Augenweide, denn er ist komplett schwarz. Diese malerische Bucht erreicht ihr zu Fu\u00df vom gleichnamigen Dorf aus. Je nach Wetterlage kann der dunkle Sand aber stark bis v\u00f6llig von Kieselsteinen \u00fcberzogen sein &#8211;&nbsp; ein bisschen Gl\u00fcck geh\u00f6rt beim Besuch dazu.<\/p>\n\n\n\n<blockquote class=\"wp-block-quote instagram-media is-layout-flow wp-block-quote-is-layout-flow\">\n<div style=\"padding: 16px;\">\n<div style=\"display: flex; flex-direction: row; align-items: center;\">\n<div style=\"background-color: #f4f4f4; border-radius: 50%; flex-grow: 0; height: 40px; margin-right: 14px; width: 40px;\"><\/div>\n<div style=\"display: flex; flex-direction: column; flex-grow: 1; justify-content: center;\">\n<div style=\"background-color: #f4f4f4; border-radius: 4px; flex-grow: 0; height: 14px; margin-bottom: 6px; width: 100px;\"><\/div>\n<div style=\"background-color: #f4f4f4; border-radius: 4px; flex-grow: 0; height: 14px; width: 60px;\"><\/div>\n<\/div>\n<\/div>\n<div style=\"padding: 19% 0;\"><\/div>\n<div style=\"display: block; height: 50px; margin: 0 auto 12px; width: 50px;\"><\/div>\n<div style=\"padding-top: 8px;\">\n<div style=\"color: #3897f0; font-family: Arial,sans-serif; font-size: 14px; font-style: normal; font-weight: 550; line-height: 18px;\">Sieh dir diesen Beitrag auf Instagram an<\/div>\n<\/div>\n<div style=\"padding: 12.5% 0;\"><\/div>\n<div style=\"display: flex; flex-direction: row; margin-bottom: 14px; align-items: center;\">\n<div>\n<div style=\"background-color: #f4f4f4; border-radius: 50%; height: 12.5px; width: 12.5px; transform: translateX(0px) translateY(7px);\"><\/div>\n<div style=\"background-color: #f4f4f4; height: 12.5px; transform: rotate(-45deg) translateX(3px) translateY(1px); width: 12.5px; flex-grow: 0; margin-right: 14px; margin-left: 2px;\"><\/div>\n<div style=\"background-color: #f4f4f4; border-radius: 50%; height: 12.5px; width: 12.5px; transform: translateX(9px) translateY(-18px);\"><\/div>\n<\/div>\n<div style=\"margin-left: 8px;\">\n<div style=\"background-color: #f4f4f4; border-radius: 50%; flex-grow: 0; height: 20px; width: 20px;\"><\/div>\n<div style=\"width: 0; height: 0; border-top: 2px solid transparent; border-left: 6px solid #f4f4f4; border-bottom: 2px solid transparent; transform: translateX(16px) translateY(-4px) rotate(30deg);\"><\/div>\n<\/div>\n<div style=\"margin-left: auto;\">\n<div style=\"width: 0px; border-top: 8px solid #F4F4F4; border-right: 8px solid transparent; transform: translateY(16px);\"><\/div>\n<div style=\"background-color: #f4f4f4; flex-grow: 0; height: 12px; width: 16px; transform: translateY(-4px);\"><\/div>\n<div style=\"width: 0; height: 0; border-top: 8px solid #F4F4F4; border-left: 8px solid transparent; transform: translateY(-4px) translateX(8px);\"><\/div>\n<\/div>\n<\/div>\n<div style=\"display: flex; flex-direction: column; flex-grow: 1; justify-content: center; margin-bottom: 24px;\">\n<div style=\"background-color: #f4f4f4; border-radius: 4px; flex-grow: 0; height: 14px; margin-bottom: 6px; width: 224px;\"><\/div>\n<div style=\"background-color: #f4f4f4; border-radius: 4px; flex-grow: 0; height: 14px; width: 144px;\"><\/div>\n<\/div>\n<p style=\"color: #c9c8cd; font-family: Arial,sans-serif; font-size: 14px; line-height: 17px; margin-bottom: 0; margin-top: 8px; overflow: hidden; padding: 8px 0 7px; text-align: center; text-overflow: ellipsis; white-space: nowrap;\"><a style=\"color: #c9c8cd; font-family: Arial,sans-serif; font-size: 14px; font-style: normal; font-weight: normal; line-height: 17px; text-decoration: none;\" href=\"https:\/\/www.instagram.com\/p\/BXlbPDJAsKV\/?utm_source=ig_embed&amp;utm_medium=loading\" target=\"_blank\" rel=\"noopener noreferrer\">Ein Beitrag geteilt von zito hioshimito (@zito_hioshimito)<\/a> am <time style=\"font-family: Arial,sans-serif; font-size: 14px; line-height: 17px;\" datetime=\"2017-08-09T19:28:12+00:00\">Aug 9, 2017 um 12:28 PDT<\/time><\/p>\n<\/div>\n<\/blockquote>\n\n\n\n<p><script async=\"\" src=\"\/\/www.instagram.com\/embed.js\"><\/script><\/p>\n\n\n\n<h2 class=\"wp-block-heading\"><a name=\"azoren-sehenswuerdigkeiten\"><\/a>Die 3 sch\u00f6nsten Sehensw\u00fcrdigkeiten auf den Azoren-Inseln<\/h2>\n\n\n\n<p>Die Inselgruppe bietet eine Vielzahl an beeindruckenden Attraktionen. Wir haben die interessantesten Sehensw\u00fcrdigkeiten f\u00fcr euch herausgesucht.<\/p>\n\n\n\n<h3 class=\"wp-block-heading\">1. Terra Nostra Park, S\u00e3o Miguel: Botanischer Garten mit Thermalbecken<\/h3>\n\n\n\n<p>Macht ihr auf der Hauptinsel der Azoren Urlaub, f\u00fchrt kein Weg am Terra Nostra Park vorbei. Dieser botanische Garten f\u00fchrt euch durch prachtvolle Pflanzenwelten. Das Highlight des Parks ist ein Wasserbecken gef\u00fcllt mit Thermalwasser in nat\u00fcrlich brauner Farbe. Umgeben von exotischer Botanik und Steinmetzarbeiten schwimmt ihr hier in 38 \u00b0C warmem und stark eisenhaltigem Nass.<\/p>\n\n\n<div class=\"wp-block-image\">\n<figure class=\"aligncenter\"><img loading=\"lazy\" decoding=\"async\" width=\"880\" height=\"500\" src=\"https:\/\/www.sonnenklar.tv\/blog\/wp-content\/uploads\/2019\/03\/terra-nostra-park-azoren-tipps.jpg\" alt=\"Terra Nostra Park auf den Azoren\" class=\"wp-image-11875\" srcset=\"https:\/\/www.sonnenklar.tv\/blog\/wp-content\/uploads\/2019\/03\/terra-nostra-park-azoren-tipps.jpg 880w, https:\/\/www.sonnenklar.tv\/blog\/wp-content\/uploads\/2019\/03\/terra-nostra-park-azoren-tipps-300x170.jpg 300w, https:\/\/www.sonnenklar.tv\/blog\/wp-content\/uploads\/2019\/03\/terra-nostra-park-azoren-tipps-768x436.jpg 768w\" sizes=\"(max-width: 880px) 100vw, 880px\" \/><\/figure>\n<\/div>\n\n\n<p><\/p>\n\n\n\n<h3 class=\"wp-block-heading\">2. Botanischer Garten Jos\u00e9 do Canto: Wie im Urwald<\/h3>\n\n\n\n<p>Auf S\u00e3o Miguel befindet sich ein weiterer Park, dem ihr einen Besuch abstatten solltet. Die Vegetation im Jos\u00e9 do Canto Garten gibt euch das Gef\u00fchl, mitten im Urwald zu wandern. Echte Hingucker sind ein gewaltiger Mammutbaum und ein pr\u00e4chtiger Wasserfall. Auch an einem Farmgarten und einer Grotte kommt ihr hier vorbei. Der Rundgang durch den Garten f\u00fchrt euch schlie\u00dflich zu einer wundersch\u00f6nen Kathedrale.<\/p>\n\n\n\n<h3 class=\"wp-block-heading\">3. Jardim Duque da Terceira: Pflanzenvielfalt entdecken<\/h3>\n\n\n\n<p>Eine pr\u00e4chtige Parkanlage, angef\u00fcllt mit Blumen und Pflanzen aus aller Welt. H\u00fcbsch angelegte Wege f\u00fchren an der einzigartigen Flora, Teichen und Brunnen vorbei. Eine solche Vielfalt an Botanik bekommt ihr selten in einem einzigen Garten zu sehen.<\/p>\n\n\n\n<h2 class=\"wp-block-heading\"><a name=\"wandern-azoren\"><\/a>Wandern auf den Azoren-Inseln &#8211; Urlaub auf prachtvollen Naturpfaden<\/h2>\n\n\n\n<p>Durchgehend angenehmes Klima, vielf\u00e4ltige Landschaften und Naturschauspiele: Auf den Azoren befindet ihr euch in einem Paradies f\u00fcr Wanderungen. Wir haben f\u00fcr euch die sch\u00f6nsten Routen der Inselgruppe herausgesucht, von gem\u00fctlich bis anspruchsvoll.<\/p>\n\n\n\n<h3 class=\"wp-block-heading\">S\u00e3o Miguel: Rundweg von Caldeiras zum Salto do Cabrito<\/h3>\n\n\n\n<p>Dieser Rundkurs beginnt bei den hei\u00dfen Quellen von Caldeiras da Ribeira Grande. In etwa zweieinhalb Stunden passiert ihr auf weitgehend festen, geraden Wegen gr\u00fcne Landschaften, in denen Wasser eine gro\u00dfe Rolle spielt. Ihr passiert einen Stausee, gefolgt von zwei Wasserkraftwerken. Schlie\u00dflich erreicht ihr den Salto do Cabrito: ein Wasserfall, der zwischen den Felsformationen versteckt liegt. Der Weg f\u00fchrt schlie\u00dflich wieder nach Caldeiras zur\u00fcck, wo ihr euch zum Abschluss ein Bad in der Therme g\u00f6nnen k\u00f6nnt.<\/p>\n\n\n<div class=\"wp-block-image\">\n<figure class=\"aligncenter\"><img loading=\"lazy\" decoding=\"async\" width=\"880\" height=\"500\" src=\"https:\/\/www.sonnenklar.tv\/blog\/wp-content\/uploads\/2019\/03\/salto-do-cabrito-sao-miguel-azoren-inseln.jpg\" alt=\"Wasserfall Salto do Cabrito auf der Azoren-Insel Sao Miguel\" class=\"wp-image-11884\" srcset=\"https:\/\/www.sonnenklar.tv\/blog\/wp-content\/uploads\/2019\/03\/salto-do-cabrito-sao-miguel-azoren-inseln.jpg 880w, https:\/\/www.sonnenklar.tv\/blog\/wp-content\/uploads\/2019\/03\/salto-do-cabrito-sao-miguel-azoren-inseln-300x170.jpg 300w, https:\/\/www.sonnenklar.tv\/blog\/wp-content\/uploads\/2019\/03\/salto-do-cabrito-sao-miguel-azoren-inseln-768x436.jpg 768w\" sizes=\"(max-width: 880px) 100vw, 880px\" \/><\/figure>\n<\/div>\n\n\n<p><strong>Schwierigkeit<\/strong>: leicht<\/p>\n\n\n\n<p><strong>L\u00e4nge<\/strong>: 7,5 Kilometer<\/p>\n\n\n\n<p><strong>Dauer<\/strong>: 2:30 Std.<\/p>\n\n\n\n<h3 class=\"wp-block-heading\">Flores: Von Lajedo zur Faj\u00e3 Grande<\/h3>\n\n\n\n<p>Von allen sch\u00f6nen Fleckchen auf der blumigen Insel f\u00fchrt dieser Wanderweg an einem besonderen Highlight vorbei. Ihr beginnt nahe der Kirche in Lajedo und wandert ca. dreieinhalb Stunden die Westk\u00fcste entlang bis nach Faj\u00e3 Grande. Die Wege sind gr\u00f6\u00dftenteils befestigt.<\/p>\n\n\n\n<p>Heimische Baumarten umgeben den Pfad, der euch \u00fcber mehrere Wasserl\u00e4ufe hinweg schlie\u00dflich zum Po\u00e7o da Alagoinha f\u00fchrt: Ein See, der zwischen gr\u00fcnen Steilw\u00e4nden eingebettet liegt. Aus deren H\u00f6he ergie\u00dfen sich mehrere Wasserf\u00e4lle in den See. Ein wundersch\u00f6nes Naturschauspiel.<\/p>\n\n\n<div class=\"wp-block-image\">\n<figure class=\"aligncenter\"><img loading=\"lazy\" decoding=\"async\" width=\"880\" height=\"500\" src=\"https:\/\/www.sonnenklar.tv\/blog\/wp-content\/uploads\/2019\/03\/poco-da-alagoinha-flores-azoren-inseln.jpg\" alt=\"\" class=\"wp-image-11885\" srcset=\"https:\/\/www.sonnenklar.tv\/blog\/wp-content\/uploads\/2019\/03\/poco-da-alagoinha-flores-azoren-inseln.jpg 880w, https:\/\/www.sonnenklar.tv\/blog\/wp-content\/uploads\/2019\/03\/poco-da-alagoinha-flores-azoren-inseln-300x170.jpg 300w, https:\/\/www.sonnenklar.tv\/blog\/wp-content\/uploads\/2019\/03\/poco-da-alagoinha-flores-azoren-inseln-768x436.jpg 768w\" sizes=\"(max-width: 880px) 100vw, 880px\" \/><\/figure>\n<\/div>\n\n\n<p><strong>Schwierigkeit:<\/strong> mittel<\/p>\n\n\n\n<p><strong>L\u00e4nge:<\/strong> 13,5 Kilometer<\/p>\n\n\n\n<p><strong>Dauer:<\/strong> 3:30 Std<\/p>\n\n\n\n<h3 class=\"wp-block-heading\">Pico: Ab Lajes do Pico hinauf auf Portugals h\u00f6chsten Berg<\/h3>\n\n\n\n<p>Reizt euch eine anspruchsvolle Strecke, die euch mit herrlichen Ausblicken belohnt, so solltet ihr die Tour hinauf auf den Pico vornehmen. Ihr besteigt zusammen mit einem Guide den Pico, den h\u00f6chsten Berg Portugals. Die Pfade sind zum Teil unbefestigt und steil. Je nach Kondition dauert diese Wanderung sechs bis acht Stunden. Die Aussicht wird dabei immer sch\u00f6ner und gipfelt (bei gutem Wetter) in einem Blick auf die gesamte Inselkette.<\/p>\n\n\n<div class=\"wp-block-image\">\n<figure class=\"aligncenter\"><img loading=\"lazy\" decoding=\"async\" width=\"880\" height=\"500\" src=\"https:\/\/www.sonnenklar.tv\/blog\/wp-content\/uploads\/2019\/03\/pico-azoren-inseln.jpg\" alt=\"Der Pico auf der gleichnamigen Azoren-Insel ist der h\u00f6chste Berg Portugals\" class=\"wp-image-11886\" srcset=\"https:\/\/www.sonnenklar.tv\/blog\/wp-content\/uploads\/2019\/03\/pico-azoren-inseln.jpg 880w, https:\/\/www.sonnenklar.tv\/blog\/wp-content\/uploads\/2019\/03\/pico-azoren-inseln-300x170.jpg 300w, https:\/\/www.sonnenklar.tv\/blog\/wp-content\/uploads\/2019\/03\/pico-azoren-inseln-768x436.jpg 768w\" sizes=\"(max-width: 880px) 100vw, 880px\" \/><\/figure>\n<\/div>\n\n\n<p><strong>Schwierigkeit:<\/strong> fordernd<\/p>\n\n\n\n<p><strong>L\u00e4nge:<\/strong> 9,4 Kilometer<\/p>\n\n\n\n<p><strong>Dauer:<\/strong> 6 bis 8 Stunden<\/p>\n\n\n\n<h2 class=\"wp-block-heading\"><a name=\"azoren-thermalquellen\"><\/a>Hei\u00dfe Quellen auf den Azoren: Urlaub mit Wohlf\u00fchloasen<\/h2>\n\n\n\n<p>Portugals Azoren sind f\u00fcr ihre vielseitigen hei\u00dfen Quellen bekannt. Die heilenden B\u00e4der helfen au\u00dferdem so manches Leiden zu lindern, wie etwa Rheuma und Hautprobleme. Wohlbefinden f\u00fcr K\u00f6rper und Geist, dazu in malerischen und exotischen Umgebungen \u2013 kein Wunder, dass sich einige Teile der Azoren-Insel einen Namen als Kurort verschafft haben. Gerade auf der Hauptinsel solltet ihr eintauchen in die Thermalwelt:<\/p>\n\n\n\n<p>Besonders ber\u00fchmt daf\u00fcr ist das Tal <strong>Furnas<\/strong> auf S\u00e3o Miguel. Hier liegen nicht nur ein wundersch\u00f6ner Kratersee, sondern auch \u00fcber 20 schwefelhaltige Quellen. Das hei\u00dfe Wasser wird direkt zu ans\u00e4ssigen Badeh\u00e4usern weitergeleitet und auch der Schlamm der Quellen wird von diesen als Heilerde genutzt.<\/p>\n\n\n\n<p>Richtig warm ums Herz wird es euch in der nahegelegenen <strong>Po\u00e7a da Dona Beija<\/strong>. Der unspektakul\u00e4re Name Po\u00e7a, was \u00fcbersetzt &#8222;Pf\u00fctze&#8220; bedeutet, gibt wenig Aufschluss \u00fcber dieses Idyll inmitten der Natur. Das Thermalbad umfasst mehrere Pools in kupferfarbenen Steinbecken, die durch kleine Wasserf\u00e4lle ineinander \u00fcberlaufen. Die Wassertemperatur betr\u00e4gt hier stets 39 \u00b0C, weshalb diese Quellen auch an k\u00fchleren Tagen ein magischer Anziehungspunkt sind.<\/p>\n\n\n\n<p><strong>Caldeira Velha<\/strong> sieht aus wie dem Garten Eden entsprungen. Ein blaues Naturschwimmbecken, umgeben von Felsen, exotischen Pflanzen und einem Wasserfall, der das Bad mit warmen Thermalwasser speist.<\/p>\n\n\n<div class=\"wp-block-image\">\n<figure class=\"aligncenter\"><img loading=\"lazy\" decoding=\"async\" width=\"880\" height=\"500\" src=\"https:\/\/www.sonnenklar.tv\/blog\/wp-content\/uploads\/2019\/03\/caldeira-velha-sao-mugel-azoren-inseln.jpg\" alt=\"Die Caldeira Velha ist eine wundersch\u00f6ne Thermalquelle auf der Azoren-Insel Sao Miguel\" class=\"wp-image-11887\" srcset=\"https:\/\/www.sonnenklar.tv\/blog\/wp-content\/uploads\/2019\/03\/caldeira-velha-sao-mugel-azoren-inseln.jpg 880w, https:\/\/www.sonnenklar.tv\/blog\/wp-content\/uploads\/2019\/03\/caldeira-velha-sao-mugel-azoren-inseln-300x170.jpg 300w, https:\/\/www.sonnenklar.tv\/blog\/wp-content\/uploads\/2019\/03\/caldeira-velha-sao-mugel-azoren-inseln-768x436.jpg 768w\" sizes=\"(max-width: 880px) 100vw, 880px\" \/><\/figure>\n<\/div>\n\n\n<p><\/p>\n\n\n\n<h2 class=\"wp-block-heading\"><a name=\"walbeobachtung-azoren\"><\/a>Whale Watching \u2013 ein Highlight der Inseln<\/h2>\n\n\n\n<p>Nicht nur an Land gibt es unglaublich viel zu sehen. Bei den Azoren handelt es sich auch um einen beliebten Ort f\u00fcr Whale Watching. Rund 30 Prozent aller Walarten der Welt sind entweder in den Gew\u00e4ssern hier beheimatet oder passieren sie auf ihren Wanderungen. Diverse Delfinarten tollen ebenfalls durch die Wellen.<\/p>\n\n\n\n<p>Vor allem die gigantischen Pottwale lassen sich gerne allj\u00e4hrlich rund um die Inseln blicken. Mit etwas Gl\u00fcck erwischt ihr auch Blauwale, die gr\u00f6\u00dften lebenden S\u00e4ugetiere unserer Erde. Zwischen April und Mai sowie September und Oktober stehen eure Chancen besonders gut.<\/p>\n\n\n\n<p>Mit Schwimmwesten ausgestattet werdet ihr per Schlauchboot oder Katamaran auf das offene Meer hinausgetragen. Jede Fahrt ist ein ganz eigenes Erlebnis. Die Fahrer werden per Funk \u00fcber die Stellen informiert, an denen sich die Wale gerade zeigen und steuern diese dann rasch an.<\/p>\n\n\n\n<p><strong>Pico<\/strong> ist die beliebteste Insel f\u00fcr Walbeobachtungen. Hier zeigen sich besonders viele der gro\u00dfen Meeresbewohner und die Ausfahrten werden an zahlreichen Stellen angeboten. Von <strong>Faials<\/strong> <a href=\"https:\/\/www.sonnenklar.tv\/ort\/Azoren\/Horta_Insel_Faial.html\" target=\"_blank\" rel=\"noopener noreferrer\">Hauptstadt Horta<\/a> aus starten ebenfalls viele Touren.<\/p>\n\n\n\n<p>Darf es noch etwas Meer sein? An einigen Stellen k\u00f6nnt ihr sogar mit Delfinen und Mantarochen in deren nat\u00fcrlichem Lebensraum schwimmen und schnorcheln gehen. Ein unvergessliches Ereignis.<\/p>\n\n\n\n<p><strong>Dirk war selbst ganz begeistert von seiner Whale Watching Tour. Er sagt:<\/strong><\/p>\n\n\n\n<p>&#8222;Es gibt keinen Ort auf unserer Erde, wo es so viele Delfine und Wale zu sehen gibt. Und auch noch so viele Arten! Finnwale, Pottwale, Streifendelphine, T\u00fcmmler und Grindwale! Eine Tour mit dem Boot hinaus reicht und die gro\u00dfen Meeress\u00e4uger sind garantiert zum Greifen nah \u2013 und mit ihnen der Traum von Freiheit.&#8220;<\/p>\n\n\n\n<h2 class=\"wp-block-heading\"><a name=\"azoren-kueche\"><\/a>Die K\u00fcche der Azoren: Ein Urlaub voller kulinarischer Gen\u00fcsse<\/h2>\n\n\n\n<p>Zum Abschluss werfen wir noch einen Blick in die Kocht\u00f6pfe. Nat\u00fcrlich gibt es auf den Azoren-Inseln k\u00f6stliche Fischgerichte, aber die K\u00fcche ist auch f\u00fcr ihre deftigen Fleischgerichte bekannt. Wir zeigen euch, welche kulinarischen Highlights ihr auf jeden Fall probieren solltet.<\/p>\n\n\n\n<h3 class=\"wp-block-heading\">Cozido das Furnas<\/h3>\n\n\n\n<p>Dieser reichhaltige Eintopf schmeckt nicht nur lecker, er hier wird auch auf ganz au\u00dfergew\u00f6hnliche Art zubereitet. Kartoffeln, Kohl, Paprika- und Blutwurst sowie Rind, Gefl\u00fcgel und Schwein werden in einen Topf gegeben und dann fr\u00fchmorgens in der N\u00e4he einer hei\u00dfen Quellen vergraben. Dort schmoren die Zutaten zu einem k\u00f6stlichen Gericht, bis die T\u00f6pfe zur Mittagszeit wieder ausgegraben und serviert werden.<\/p>\n\n\n\n<h3 class=\"wp-block-heading\">Polvo<\/h3>\n\n\n\n<p>Zu den k\u00f6stlichsten Meeresfr\u00fcchten z\u00e4hlt der Oktopus. Polvo serviert man auf den Azoren besonders gerne in vinho de cheiro, bekannt als Isabella-Rotwein, geschmort.<\/p>\n\n\n\n<h3 class=\"wp-block-heading\">Queijo S\u00e3o Jorge<\/h3>\n\n\n\n<p>Der Hartk\u00e4se S\u00e3o Jorge wurde schon von den fr\u00fchen Siedlern der Insel herstellt und genie\u00dft heute Kultstatus. Es handelt sich um einen Hartk\u00e4se von pikant-w\u00fcrzigem Geschmack.<\/p>\n\n\n\n<h3 class=\"wp-block-heading\">Ananas<\/h3>\n\n\n\n<p>An der gro\u00dfen Frucht kommt man auf den Azoren fast nicht vorbei. Die auf den Inseln wachsende Frucht wird zu vielen Leckereien verarbeitet. Probiert unbedingt die Lik\u00f6rversion. Nicht zu verachten ist auf S\u00e3o Miguel hei\u00dfe Blutwurst mit Ananas.<\/p>\n\n\n\n<p><strong>Und was sagt Dirk \u00fcber die K\u00fcche der Azoren?<\/strong><\/p>\n\n\n\n<p>&#8222;Das Essen ist echt ein wenig komisch. K\u00e4se und Wurst auf s\u00fc\u00dfem Toastbrot? Gew\u00f6hnungsbed\u00fcrftig! Daf\u00fcr ist der K\u00e4se umso besser, das Obst auf den M\u00e4rkten frisch und so lecker. Auch die Weine sind zum Niederknien und alles gibt es f\u00fcr ein spektakul\u00e4r kleines Geld: Zum Beispiel eine 0,33-Liter-Flasche Bier kostet nur 50 Cent.&#8220;<\/p>\n\n\n\n<h2 class=\"wp-block-heading\"><a name=\"fazit\"><\/a>Die Inseln der Azoren &#8211; das unbekannte Paradies<\/h2>\n\n\n\n<p>Traumhafte exotische Landschaften, bombastische Naturschauspiele, angenehmes Klima und Essen: Die Azoren bieten einmalige Erlebnisse. Sie sind die perfekte Mischung aus nat\u00fcrlichem Kurort und Abenteuerurlaub, bei dem ihr euch kaum satt sehen werdet. Die Inseln der Azoren bieten euch perfekte Urlaubsm\u00f6glichkeiten und wir hoffen, unsere Reisetipps haben euch bei der Entscheidung f\u00fcr eines der Eilande geholfen.<\/p>\n","protected":false},"excerpt":{"rendered":"<p>Die neun bewohnten Inseln der Azoren liegen weit drau\u00dfen auf dem Atlantik und geh\u00f6ren zu Portugal. Wer auf den Azoren Urlaub machen m\u00f6chte, trifft auf zahlreiche M\u00f6glichkeiten f\u00fcr Entspannung, Aktivit\u00e4ten und Sehensw\u00fcrdigkeiten. Wir nehmen euch mit auf eine Reise durch das Archipel und stellen euch die sch\u00f6nsten Seiten der Inseln vor. Inhaltsverzeichnis Wie hei\u00dfen die<\/p>\n","protected":false},"author":3,"featured_media":11892,"comment_status":"closed","ping_status":"open","sticky":false,"template":"","format":"standard","meta":{"footnotes":""},"categories":[455,465],"tags":[506,491,499,180,484,505,497],"class_list":{"0":"post-11616","1":"post","2":"type-post","3":"status-publish","4":"format-standard","5":"has-post-thumbnail","7":"category-urlaubslaender","8":"category-weitere-laender","9":"tag-aktivitaeten","10":"tag-allgemeine-reiseinformationen","11":"tag-beste-reisezeit","12":"tag-portugal","13":"tag-sehenswuerdigkeiten","14":"tag-strandurlaub","15":"tag-wandern"},"_links":{"self":[{"href":"https:\/\/www.sonnenklar.tv\/blog\/wp-json\/wp\/v2\/posts\/11616","targetHints":{"allow":["GET"]}}],"collection":[{"href":"https:\/\/www.sonnenklar.tv\/blog\/wp-json\/wp\/v2\/posts"}],"about":[{"href":"https:\/\/www.sonnenklar.tv\/blog\/wp-json\/wp\/v2\/types\/post"}],"author":[{"embeddable":true,"href":"https:\/\/www.sonnenklar.tv\/blog\/wp-json\/wp\/v2\/users\/3"}],"replies":[{"embeddable":true,"href":"https:\/\/www.sonnenklar.tv\/blog\/wp-json\/wp\/v2\/comments?post=11616"}],"version-history":[{"count":45,"href":"https:\/\/www.sonnenklar.tv\/blog\/wp-json\/wp\/v2\/posts\/11616\/revisions"}],"predecessor-version":[{"id":39001,"href":"https:\/\/www.sonnenklar.tv\/blog\/wp-json\/wp\/v2\/posts\/11616\/revisions\/39001"}],"wp:featuredmedia":[{"embeddable":true,"href":"https:\/\/www.sonnenklar.tv\/blog\/wp-json\/wp\/v2\/media\/11892"}],"wp:attachment":[{"href":"https:\/\/www.sonnenklar.tv\/blog\/wp-json\/wp\/v2\/media?parent=11616"}],"wp:term":[{"taxonomy":"category","embeddable":true,"href":"https:\/\/www.sonnenklar.tv\/blog\/wp-json\/wp\/v2\/categories?post=11616"},{"taxonomy":"post_tag","embeddable":true,"href":"https:\/\/www.sonnenklar.tv\/blog\/wp-json\/wp\/v2\/tags?post=11616"}],"curies":[{"name":"wp","href":"https:\/\/api.w.org\/{rel}","templated":true}]}}