{"id":11505,"date":"2019-04-01T11:15:44","date_gmt":"2019-04-01T10:15:44","guid":{"rendered":"https:\/\/www.sonnenklar.tv\/blog\/?p=11505"},"modified":"2024-01-17T14:22:42","modified_gmt":"2024-01-17T13:22:42","slug":"reisebericht-teneriffa-wandern","status":"publish","type":"post","link":"https:\/\/www.sonnenklar.tv\/blog\/urlaubslaender\/reisebericht-teneriffa-wandern\/","title":{"rendered":"Teneriffa von oben: Von einer, die auszog, den Teide zu besteigen"},"content":{"rendered":"<p><strong>Unsere sonnenklar.TV Urlauberin z\u00e4hlt sich nicht unbedingt zu den Wanderfreunden. Doch einmal auf Teneriffa z\u00e4hlt die Besteigung des Teide zum Pflichtprogramm. So packte auch sie der Ehrgeiz. Aber was von unten noch ganz okay aussieht, \u00e4ndert sich mitunter ganz schnell. Was sie auf ihrem Weg zum Teide-Gipfel erlebt hat, erz\u00e4hlt sie euch hier.<\/strong><\/p>\n<p>Teneriffa \u2013 ewiger Fr\u00fchling, milde Temperaturen, fantastische Natur, Gebirge und Meer. Da k\u00f6nnen wir gar nicht anders, als uns die Wanderschuhe anzuziehen und jeden Meter dieser magischen Insel abzulaufen. Wer hier seinen Urlaub verbringt, hat permanent den h\u00f6chsten Gipfel Spaniens vor Nase und Augen, den Teide, immerhin mit einer H\u00f6he von 3.718 Meter. Von fast \u00fcberall ist er zu sehen.<\/p>\n<p><img fetchpriority=\"high\" decoding=\"async\" class=\"aligncenter size-full wp-image-11508\" src=\"https:\/\/www.sonnenklar.tv\/blog\/wp-content\/uploads\/2019\/03\/pico-del-teide-reisebericht-teneriffa-wandern.jpg\" alt=\"Wandern auf den Pico del Teide\" width=\"880\" height=\"450\" srcset=\"https:\/\/www.sonnenklar.tv\/blog\/wp-content\/uploads\/2019\/03\/pico-del-teide-reisebericht-teneriffa-wandern.jpg 880w, https:\/\/www.sonnenklar.tv\/blog\/wp-content\/uploads\/2019\/03\/pico-del-teide-reisebericht-teneriffa-wandern-300x153.jpg 300w, https:\/\/www.sonnenklar.tv\/blog\/wp-content\/uploads\/2019\/03\/pico-del-teide-reisebericht-teneriffa-wandern-768x393.jpg 768w\" sizes=\"(max-width: 880px) 100vw, 880px\" \/><\/p>\n<h2>Rauf auf den Teide: Bequem per Seilbahn oder z\u00fcnftig zu Fu\u00df?<\/h2>\n<p>Zumindest dem einzigartigen Teide-Nationalpark einen Besuch abzustatten ist Pflichtprogramm. Bizarre Lavagesteinsformationen in allen Schattierungen von Senffarben bis Blau lie\u00dfen uns nach jeder Kurve den Atem stocken. Die ganze Zeit begleitete uns dieser majest\u00e4tische Berg. Er schien mir tats\u00e4chlich eine Art pers\u00f6nliche Botschaft zuzufl\u00fcstern: &#8222;Komm, erklimme mich! Du wirst es nicht bereuen!&#8220;<\/p>\n<p>Auch, wenn ich das von mir als eher durchschnittlich sportlich zu bezeichnender Person nie erwartet h\u00e4tte, aber ich wollte mich der Herausforderung unbedingt stellen. Der Rest der Gruppe war einverstanden und so schritten wir im wahrsten Sinne des Wortes zur Tat.<\/p>\n<p>Jedenfalls, so dachte ich mir, kann es ja nicht so ein gro\u00dfes Kunstst\u00fcck sein, diesen Berg zu erobern, also den Gipfel. Und bequemerweise gibt es eine Seilbahn, die man nutzen kann, um sich den Aufstieg auf immerhin 3.550 Meter zu sparen. Um auf den Gipfel zu gelangen, ben\u00f6tigt man eine staatliche Genehmigung, die wir gleich beantragten.<\/p>\n<p>Gesagt getan: Zuerst dachte ich, es sei schlau, sich einfach einem Wanderf\u00fchrer anzuschlie\u00dfen, der die Gipfel-Tour \u2013 per Seilbahn und die letzten 170 H\u00f6henmeter zu Fu\u00df \u2013 einmal pro Woche anbietet. Diesen Versuch starteten wir w\u00e4hrend unseres Aufenthalts zweimal.<\/p>\n<p>Nummer eins scheiterte, da sich der Staat weigerte, uns mit den ersuchten Genehmigungen zu begl\u00fccken \u2013 bereits zu viele Wandersleute hatten ihren Anspruch hierauf angemeldet. Nummer zwei missgl\u00fcckte aufgrund wetterbedingter Verh\u00e4ltnisse \u2013 es war zu st\u00fcrmisch im Nationalpark und der Betrieb der Seilbahn wurde aufgrund der hohen Windgeschwindigkeiten eingestellt.<\/p>\n<h2>Manche Entscheidungen treffen sich von selbst<\/h2>\n<p>Was blieb den selbsternannten Gipfelst\u00fcrmern, denen langsam aber sicher auch die Zeit davon wehte, anderes \u00fcbrig, als auf des Schusters Rappen den letzten Versuch zu unternehmen \u2013 diesem Berg muss doch beizukommen sein!<\/p>\n<p>So kam es, dass wir an unserem letzten Urlaubstag um 5:00 Uhr morgens aus dem Bett stiegen \u2013 Wanderschuhe an, Rucksack gepackt und ab ins Auto. Wir nahmen die Route \u00fcber La Orotava und parkten gut eine Stunde sp\u00e4ter am Einstieg zum Wanderweg, der Monta\u00f1a Blanca auf 2.200 H\u00f6henmetern. F\u00fcr die knapp 1.500 H\u00f6henmeter, die vor uns lagen, waren gute f\u00fcnf Stunden eingeplant, die man gut und gerne in ebenso viele physische wie emotionale Phasen einteilen k\u00f6nnte.<\/p>\n<p>Wir stiegen aus dem Auto und schnappten nach Luft. Die H\u00f6henluft machte einem hier schon ganz sch\u00f6n zu schaffen. Aber uns selbst ernannte Superhelden beeindruckte das so ganz und gar nicht. Der erste Teil des Weges war dann auch eher eine Art strammer Spaziergang. Wir bewunderten einen atemberaubenden Sonnenaufgang in Feuerrot und Orange und passierten die \u201eTeide-Eier\u201c, riesige, runde Gesteinsbrocken, die einst in hohem Bogen aus dem H\u00f6llenschlund geschleudert wurden. &#8222;Das wird ja einfach&#8220;, dachte ich mir \u2013 &#8222;entspannt zwischen Fr\u00fchst\u00fcck und Mittagessen erledigen wir das.&#8220;<\/p>\n<p><img decoding=\"async\" class=\"aligncenter size-full wp-image-11511\" src=\"https:\/\/www.sonnenklar.tv\/blog\/wp-content\/uploads\/2019\/03\/teide-eier-wandern-teneriffa.jpg\" alt=\"Teide-Eier begegnen euch beim Wandern auf den Pico del Teide auf Teneriffa\" width=\"880\" height=\"450\" srcset=\"https:\/\/www.sonnenklar.tv\/blog\/wp-content\/uploads\/2019\/03\/teide-eier-wandern-teneriffa.jpg 880w, https:\/\/www.sonnenklar.tv\/blog\/wp-content\/uploads\/2019\/03\/teide-eier-wandern-teneriffa-300x153.jpg 300w, https:\/\/www.sonnenklar.tv\/blog\/wp-content\/uploads\/2019\/03\/teide-eier-wandern-teneriffa-768x393.jpg 768w\" sizes=\"(max-width: 880px) 100vw, 880px\" \/><\/p>\n<p>Der Weg ging nach gut 1,5 Stunden \u00fcber in einen schmalen Pfad, auf dem man nur noch hintereinander laufen konnte und der ganz langsam immer m\u00fchsamer und steiler wurde. Meine G\u00fcte, das ging aber doch ganz sch\u00f6n in die Knochen, blo\u00df nichts anmerken lassen.<\/p>\n<p>Die erste Station war geschafft, wir legten eine Pause an der Bergh\u00fctte Altavista ein und genossen die Aussicht, die von hier bereits beeindruckend war. Einen gro\u00dfen Teil der Nordk\u00fcste Teneriffas konnten wir jetzt schon sehen.<\/p>\n<p>Dann ging es in derselben Manier weiter zur Seilbahnstation, nur, dass der Aufstieg noch durch unterschiedlich hohe Stufen erschwert wurde. Doch da wir die Herausforderung angenommen hatten, machten wir jetzt auch keinen R\u00fcckzieher mehr! Teide-Gipfel \u2013 wir kommen. Wir waren sozusagen fast schon da.<\/p>\n<h2>Der Gipfel des Teide: Die s\u00fc\u00dfe Qual der letzten Meter<\/h2>\n<p>Nach einer weiteren halben Stunde begann ich, als unge\u00fcbte Bergsteigerin, eine gewisse Art von Hassliebe zu entwickeln. Ich wollte es unbedingt schaffen. Allerdings wusste ich bis dato nicht, wo sich in den Beinen \u00fcberall Muskeln befinden. Und vor allem, wie die wehtun k\u00f6nnen. Doch ich machte weiter, l\u00e4chelte den anderen zu und setzte elfengleich einen Fu\u00df vor den anderen.<\/p>\n<p>\u00dcber emotionale Zust\u00e4nde beim Bergsteigen kann man ja einiges nachlesen. Ich konnte nun sozusagen aus meiner eigenen Erfahrung in diesem Moment nachvollziehen, dass dieser w\u00e4hrend der Besteigung eines hohen Berges kontinuierlich zwischen himmelhochjauchzend und \u201eOh Gott, schaffe ich das?\u201c hin- und her schwankte. Zwischendurch erreicht man sogar eine Art von stoischer Gleichg\u00fcltigkeit. Alle atmeten h\u00f6rbar und redeten wenig.<\/p>\n<p>Da \u2013 endlich!!! \u2013 ist die Seilbahnstation, wir waren auf 3.550 Metern angekommen, man konnte den Gipfel schon sehen, er schien zum Greifen nahe! Die Betonung liegt auf \u201eschien\u201c. Woher sollte ich blo\u00df die Kraft nehmen f\u00fcr die letzten, so un\u00fcberwindbar scheinenden 170 H\u00f6henmeter? Ich konnte nicht mehr. Mein K\u00f6rper schmerzte und meine Lunge platzte sicher gleich.<\/p>\n<p>Also noch ein einziges Mal alle Kr\u00e4fte mobilisieren und &#8230; es war vollbracht. Wir befanden uns auf dem Gipfel des Teides, der h\u00f6chsten Erhebung dieses Landes, und ich konnte es nicht glauben. Wir hatten es tats\u00e4chlich geschafft! Vor Freude lagen wir uns in den Armen.<\/p>\n<h2>Lohn f\u00fcr Schwei\u00df und Tr\u00e4nen: Ein unvergessliches Erlebnis<\/h2>\n<p>Hier sa\u00df ich nun auf 3.789 Meter H\u00f6he und schaute mir ein wenig die Gegend an, in geschmeidiger Haltung und mit einem entspannten L\u00e4cheln. Nachdem wir wieder zu Atem gekommen waren, wurde uns klar, welche gigantische Aussicht wir von hier oben hatten.<\/p>\n<p>Das Wetter meinte es aber auch mehr als gut mit uns: Deutlich konnten wir die Umrisse der Nachbarinseln La Gomera und La Palma erkennen, die sich w\u00fcrdevoll aus dem Meer erhoben \u2013 die Strapazen sind Vergangenheit. Eigentlich war es ja auch gar nicht so schlimm. Im Gegenteil, es war wundersch\u00f6n.<\/p>\n<p><img decoding=\"async\" class=\"aligncenter wp-image-11513 size-full\" src=\"https:\/\/www.sonnenklar.tv\/blog\/wp-content\/uploads\/2019\/03\/ausblick-pico-del-teide-wandern-teneriffa.jpg\" alt=\"Ausblick vom Pico del Teide auf La Gomera, Teneriffa\" width=\"880\" height=\"450\" srcset=\"https:\/\/www.sonnenklar.tv\/blog\/wp-content\/uploads\/2019\/03\/ausblick-pico-del-teide-wandern-teneriffa.jpg 880w, https:\/\/www.sonnenklar.tv\/blog\/wp-content\/uploads\/2019\/03\/ausblick-pico-del-teide-wandern-teneriffa-300x153.jpg 300w, https:\/\/www.sonnenklar.tv\/blog\/wp-content\/uploads\/2019\/03\/ausblick-pico-del-teide-wandern-teneriffa-768x393.jpg 768w\" sizes=\"(max-width: 880px) 100vw, 880px\" \/><\/p>\n<p>Aufgrund der bei\u00dfenden K\u00e4lte beschlossen wir kurze Zeit sp\u00e4ter, <a href=\"https:\/\/www.sonnenklar.tv\/blog\/teneriffa-straende\/\" target=\"_blank\" rel=\"noopener noreferrer\">dass es am Strand mindestens genauso sch\u00f6n ist<\/a> wie hier oben. Und um schnell dort anzukommen, nahmen wir f\u00fcr den Abstieg die Seilbahn. Stolz und mit einem unvergesslichen Erlebnis im Gep\u00e4ck konnten wir nun gl\u00fccklich und zufrieden nach Hause fliegen.<\/p>\n[otw_shortcode_info_box border_type=&#8220;bordered&#8220; border_color_class=&#8220;otw-orange-border&#8220; border_style=&#8220;bordered&#8220;]Hat euch auch die Wanderlust gepackt? Dann hier entlang zu unseren <a href=\"https:\/\/www.sonnenklar.tv\/promo\/urlaub-teneriffa.html\" target=\"_blank\" rel=\"noopener noreferrer\">Top-Angeboten f\u00fcr Teneriffa<\/a>![\/otw_shortcode_info_box]\n","protected":false},"excerpt":{"rendered":"<p>Unsere sonnenklar.TV Urlauberin z\u00e4hlt sich nicht unbedingt zu den Wanderfreunden. Doch einmal auf Teneriffa z\u00e4hlt die Besteigung des Teide zum Pflichtprogramm. So packte auch sie der Ehrgeiz. Aber was von unten noch ganz okay aussieht, \u00e4ndert sich mitunter ganz schnell. Was sie auf ihrem Weg zum Teide-Gipfel erlebt hat, erz\u00e4hlt sie euch hier. Teneriffa \u2013<\/p>\n","protected":false},"author":10,"featured_media":11515,"comment_status":"closed","ping_status":"open","sticky":false,"template":"","format":"standard","meta":{"footnotes":""},"categories":[466,457,468,455],"tags":[501,504,497],"class_list":{"0":"post-11505","1":"post","2":"type-post","3":"status-publish","4":"format-standard","5":"has-post-thumbnail","7":"category-reiseberichte","8":"category-spanien","9":"category-urlauber-berichten","10":"category-urlaubslaender","11":"tag-kanaren","12":"tag-reisebericht","13":"tag-wandern"},"_links":{"self":[{"href":"https:\/\/www.sonnenklar.tv\/blog\/wp-json\/wp\/v2\/posts\/11505","targetHints":{"allow":["GET"]}}],"collection":[{"href":"https:\/\/www.sonnenklar.tv\/blog\/wp-json\/wp\/v2\/posts"}],"about":[{"href":"https:\/\/www.sonnenklar.tv\/blog\/wp-json\/wp\/v2\/types\/post"}],"author":[{"embeddable":true,"href":"https:\/\/www.sonnenklar.tv\/blog\/wp-json\/wp\/v2\/users\/10"}],"replies":[{"embeddable":true,"href":"https:\/\/www.sonnenklar.tv\/blog\/wp-json\/wp\/v2\/comments?post=11505"}],"version-history":[{"count":14,"href":"https:\/\/www.sonnenklar.tv\/blog\/wp-json\/wp\/v2\/posts\/11505\/revisions"}],"predecessor-version":[{"id":17343,"href":"https:\/\/www.sonnenklar.tv\/blog\/wp-json\/wp\/v2\/posts\/11505\/revisions\/17343"}],"wp:featuredmedia":[{"embeddable":true,"href":"https:\/\/www.sonnenklar.tv\/blog\/wp-json\/wp\/v2\/media\/11515"}],"wp:attachment":[{"href":"https:\/\/www.sonnenklar.tv\/blog\/wp-json\/wp\/v2\/media?parent=11505"}],"wp:term":[{"taxonomy":"category","embeddable":true,"href":"https:\/\/www.sonnenklar.tv\/blog\/wp-json\/wp\/v2\/categories?post=11505"},{"taxonomy":"post_tag","embeddable":true,"href":"https:\/\/www.sonnenklar.tv\/blog\/wp-json\/wp\/v2\/tags?post=11505"}],"curies":[{"name":"wp","href":"https:\/\/api.w.org\/{rel}","templated":true}]}}