{"id":11388,"date":"2019-03-08T11:03:24","date_gmt":"2019-03-08T10:03:24","guid":{"rendered":"https:\/\/www.sonnenklar.tv\/blog\/?p=11388"},"modified":"2026-03-12T13:10:42","modified_gmt":"2026-03-12T12:10:42","slug":"lissabon-tipps","status":"publish","type":"post","link":"https:\/\/www.sonnenklar.tv\/blog\/reisearten\/lissabon-tipps\/","title":{"rendered":"Die besten Tipps: 7 Dinge, die ihr in Lissabon nicht verpassen d\u00fcrft"},"content":{"rendered":"<p><strong>Ol\u00e1 Lisboa! Zwischen dem Gro\u00dfb\u00fcrgertum Madrids und dem Glanz Barcelonas verschwand eine Stadt der iberischen Halbinsel in den letzten Jahrzehnten von so einigen touristischen Landkarten: Lissabon. Zu unrecht, findet unser Autor Clemens vom Reiseblog &#8222;Travellers Archive&#8220;\u00a0\u2013 denn Lissabon ist eine echte Perle und geradezu perfekt f\u00fcr einen St\u00e4dtetrip.<\/strong><\/p>\n<p>Ob f\u00fcr ein Wochenende oder gleich eine ganze Woche, die portugiesische Hauptstadt wird sicher nicht langweilig. Lust auf Sonnenunterg\u00e4nge mit Aussicht, romantische Livemusik, Spazierg\u00e4nge am Wasser und die besten Past\u00e9is de Nata der Welt? Lissabon lockt mit einem ganz besonderen Flair, den ihr so schnell nicht mehr vergessen werdet. Hier sind sieben Unternehmungen, die auf keiner Lissabon-Reise fehlen d\u00fcrfen.<\/p>\n<h2>1. Bestaunt Lissabon von oben<\/h2>\n<p>In einer neuen Stadt ist es immer gut, sich erst einmal einen \u00dcberblick \u00fcber die Stadtviertel zu verschaffen. In Lissabon geht das ganz einfach. Denn die portugiesische Hauptstadt hat viele spektakul\u00e4re Aussichtspunkte zu bieten. Das ist auch kein Wunder, denn Lissabon ist auf sieben H\u00fcgeln erbaut. Dadurch hat man fast an jeder Ecke einen einzigartigen Ausblick auf die Stadt. Die sch\u00f6nsten Aussichtspunkte werden Miradouros genannt. Ihr findet sie vor allem an \u00f6ffentlichen Pl\u00e4tzen.<\/p>\n<p><img fetchpriority=\"high\" decoding=\"async\" class=\"aligncenter size-full wp-image-11423\" src=\"https:\/\/www.sonnenklar.tv\/blog\/wp-content\/uploads\/2019\/03\/panorama-lissabon-tipps.jpg\" alt=\"Ausblick von einem Miradouro auf Lissabon\" width=\"880\" height=\"583\" srcset=\"https:\/\/www.sonnenklar.tv\/blog\/wp-content\/uploads\/2019\/03\/panorama-lissabon-tipps.jpg 880w, https:\/\/www.sonnenklar.tv\/blog\/wp-content\/uploads\/2019\/03\/panorama-lissabon-tipps-300x199.jpg 300w, https:\/\/www.sonnenklar.tv\/blog\/wp-content\/uploads\/2019\/03\/panorama-lissabon-tipps-768x509.jpg 768w\" sizes=\"(max-width: 880px) 100vw, 880px\" \/><\/p>\n<p>Auch wenn der Aufstieg zu den Miradouros oft kein leichter ist, werdet ihr oben angekommen mit einem bilderbuchhaften Ausblick belohnt. Denn jetzt liegen euch die sch\u00f6nsten Stadtviertel wie Chiado, Baixa und Alfama zu F\u00fc\u00dfen. Auch habt ihr oft einen wunderbaren Blick hinunter auf den Tejo, den pr\u00e4chtigen Fluss Lissabons. So f\u00e4llt der Blick auf historische Bauwerke, versteckte Parks, verwunschene G\u00e4rten und auf die vielen Terrassen der H\u00e4user und Caf\u00e9s.<\/p>\n<h2>2. Besichtigt den Terreiro do Pa\u00e7o<\/h2>\n<p>Der Terreiro do Pa\u00e7o ist nicht nur der gr\u00f6\u00dfte Platz der Stadt, sondern mit Sicherheit auch einer der sch\u00f6nsten. Hier lohnt es sich, einfach eine Weile zu verbringen und \u00fcber das alte Kopfsteinpflaster zu flanieren. Die Geschichte des Terreiro do Pa\u00e7o steht n\u00e4mlich sogar sinnbildlich f\u00fcr die ganze Stadt. So gilt der Platz als Symbol von Lissabon \u2013 vor allen Dingen als ein Symbol f\u00fcr den Wiederaufbau nach einem gro\u00dfen Erdbeben im Jahr 1755, der gro\u00dfe Teile der Stadt zerst\u00f6rte. Im Winter steht hier \u00fcbrigens ein gro\u00dfer Weihnachtsbaum, der dem sonst so mediterranen Platz einen Hauch von Weihnachtsflair verpasst.<\/p>\n<h2>3. Macht einen Tagesausflug nach Bel\u00e9m<\/h2>\n<p>Absolut lohnenswert ist ein Ausflug in den Stadtteil Bel\u00e9m, der direkt am Wasser liegt. Am markantesten ist dort der Torre de Bel\u00e9m, das absolute Wahrzeichen der Stadt. Auch k\u00f6nnt ihr hier wunderbar am Fluss Tejo entlang spazieren. Ein Blick lohnt sich auf die imposante Br\u00fccke Lissabons, die Ponte 25 de Abril, die in ihrem Aussehen ein wenig an die Golden Gate Bridge in San Francisco erinnert.<\/p>\n<p><img decoding=\"async\" class=\"aligncenter size-full wp-image-11425\" src=\"https:\/\/www.sonnenklar.tv\/blog\/wp-content\/uploads\/2019\/03\/belem-lissabon-tipps.jpg\" alt=\"Wer in Lissabon ist, sollte unbedingt einen Ausflug nach Bel\u00e9m machen\" width=\"880\" height=\"450\" srcset=\"https:\/\/www.sonnenklar.tv\/blog\/wp-content\/uploads\/2019\/03\/belem-lissabon-tipps.jpg 880w, https:\/\/www.sonnenklar.tv\/blog\/wp-content\/uploads\/2019\/03\/belem-lissabon-tipps-300x153.jpg 300w, https:\/\/www.sonnenklar.tv\/blog\/wp-content\/uploads\/2019\/03\/belem-lissabon-tipps-768x393.jpg 768w\" sizes=\"(max-width: 880px) 100vw, 880px\" \/><\/p>\n<p>Sehenswert ist au\u00dferdem das Padr\u00e3o dos Descobrimentos. Bei dem sogenannten &#8222;Denkmal der Entdeckungen&#8220; handelt es sich um ein gro\u00dfes Bauwerk, das im Jahr 1960 zum 500. Todestag von Heinrich dem Seefahrer durch das Salazar-Regime errichtet wurde. Es soll an das Zeitalter der Entdeckungen erinnern und zeigt 33 wichtige Pers\u00f6nlichkeiten des Sp\u00e4tmittelalters in Portugal.<\/p>\n<p><strong>Mein Hoteltipp f\u00fcr Bel\u00e9m:<\/strong> Der Stadtteil ist \u00fcbrigens auch einer der besten zum \u00fcbernachten. Man ist direkt am Wasser und doch in wenigen Minuten mitten in der Altstadt. Besonders sch\u00f6n ist das <a href=\"https:\/\/www.sonnenklar.tv\/suchen\/weltweit\/id(139858)\/reiseart(pauschal)\/sortierung(preis,auf)\" target=\"_blank\" rel=\"noopener noreferrer\">Designhotel Altis Bel\u00e9m Hotel &amp; Spa<\/a>, das schon alleine architektonisch eine echte Augenweide ist. Lest hier <a href=\"https:\/\/travellersarchive.de\/sleepers-archive\/altis-belem-hotel-lissabon-review\/\" target=\"_blank\" rel=\"noopener noreferrer\">meine Review<\/a> dazu!<\/p>\n<h2>4. Probiert ein Pastel de Bel\u00e9m<\/h2>\n<p>Wer es bis nach Bel\u00e9m geschafft hat, der darf auf keinen Fall die ber\u00fchmten Past\u00e9is de Bel\u00e9m verpassen. Nichts steht mehr f\u00fcr die Kulinarik Portugals als die kleinen runden Bl\u00e4tterteigk\u00fcchlein Pasteis de Nata, die man mit Zimt und Zucker bestreut.<\/p>\n<p>Die ber\u00fchmtesten stammen aus Bel\u00e9m, genauer gesagt aus der gleichnamigen Konditorei Past\u00e9is de Bel\u00e9m. Die kleinen T\u00f6rtchen werden hier schon seit 1837 nach einem sehr streng geheim gehaltenen Rezept hergestellt. Man sollte allerdings ein wenig Zeit mitbringen, denn um ein Teilchen zu ergattern, muss man schon mal eine halbe Stunde anstehen \u2013 so begehrt sind sie hier. Aber keine Sorge: Die halbe Stunde ist es wert!<\/p>\n<p><img decoding=\"async\" class=\"aligncenter size-full wp-image-11426\" src=\"https:\/\/www.sonnenklar.tv\/blog\/wp-content\/uploads\/2019\/03\/pasteis-de-belem-lissabon-tipps.jpg\" alt=\"Ein kulinarischer Tipp f\u00fcr Lissabon sind die Past\u00e9is de Bel\u00e9m\" width=\"880\" height=\"450\" srcset=\"https:\/\/www.sonnenklar.tv\/blog\/wp-content\/uploads\/2019\/03\/pasteis-de-belem-lissabon-tipps.jpg 880w, https:\/\/www.sonnenklar.tv\/blog\/wp-content\/uploads\/2019\/03\/pasteis-de-belem-lissabon-tipps-300x153.jpg 300w, https:\/\/www.sonnenklar.tv\/blog\/wp-content\/uploads\/2019\/03\/pasteis-de-belem-lissabon-tipps-768x393.jpg 768w\" sizes=\"(max-width: 880px) 100vw, 880px\" \/><\/p>\n<h2>5. Fahrt mit dem Santa Justa<\/h2>\n<p>Das Viertel Baixa bietet gleich mehrere H\u00f6hepunkte und es lohnt sich, den Stadtteil \u2013 wie eigentlich ganz Lissabon \u2013 einfach zu Fu\u00df zu erkunden. Ein besonderes Highlight stellt der Elevador de Santa Justa dar, ein 45 Meter hoher Personenaufzug. Er verbindet Baixa mit dem h\u00f6her gelegenen Stadtteil Chiado. Errichtet wurde die auff\u00e4llige Stahlkonstruktion im Jahr 1902 nach den Pl\u00e4nen des Ingenieurs Raoul Mesnier de Ponsard, einem Sch\u00fcler von Gustave Eiffel, dem gro\u00dfen Meister der Eisenkonstruktionen.<\/p>\n<p><img loading=\"lazy\" decoding=\"async\" class=\"aligncenter wp-image-11428 size-full\" src=\"https:\/\/www.sonnenklar.tv\/blog\/wp-content\/uploads\/2019\/03\/santa-justa-lissabon-tipps-1.jpg\" alt=\"Eine Fahrt mit dem Santa Justa z\u00e4hlt zu den wichtigsten Tipps f\u00fcr Lissabon\" width=\"880\" height=\"500\" srcset=\"https:\/\/www.sonnenklar.tv\/blog\/wp-content\/uploads\/2019\/03\/santa-justa-lissabon-tipps-1.jpg 880w, https:\/\/www.sonnenklar.tv\/blog\/wp-content\/uploads\/2019\/03\/santa-justa-lissabon-tipps-1-300x170.jpg 300w, https:\/\/www.sonnenklar.tv\/blog\/wp-content\/uploads\/2019\/03\/santa-justa-lissabon-tipps-1-768x436.jpg 768w\" sizes=\"(max-width: 880px) 100vw, 880px\" \/><\/p>\n<p>Man stelle sich vor, dass der urspr\u00fcngliche Antrieb des Aufzugs einst eine Dampfmaschine war. Doch schon im Jahr 1907 wurde diese durch gro\u00dfe Elektromotoren ersetzt. An Charme hat der Santa Justa aber nichts verloren. Im Gegenteil: Es lohnt sich sowohl ein Besuch von unten auf der Stra\u00dfe, als auch der Blick von oben auf den alten Teil von Lissabon.<\/p>\n<h2>6. Nehmt die Stra\u00dfenbahn<\/h2>\n<p>F\u00fcr die Lissabonner ein ganz normales Verkehrsmittel, f\u00fcr die Touristen ein weiterer H\u00f6hepunkt jeder Reise: die Stra\u00dfenbahn El\u00e9ctrico 28. Sie ruckelt und zuckelt seit ewigen Jahren durch die engen Gassen der Stadt und k\u00e4mpft sich dabei einige hundert Meter nach oben. Auch heute noch k\u00f6nnt ihr mit der urigen Stra\u00dfenbahn fahren. Jedoch m\u00fcsst ihr Gl\u00fcck haben, \u00fcberhaupt noch einen Platz zu bekommen. Dann aber hei\u00dft es: Einfach einsteigen und durch die engen Fensterchen dabei zuschauen, wie die historische Altstadt an einem vorbei rauscht.<\/p>\n<p>Die Stra\u00dfenbahn durchquert Lissabon von Ost nach West und kommt dabei an einigen Sehensw\u00fcrdigkeiten vorbei. Die Tram 28 macht sich \u00fcbrigens auch prima als Fotomotiv. Die komplette Fahrt dauert ganze 50 Minuten und ist wahrscheinlich gerade deshalb bei Touristen so beliebt. Am besten gut festhalten, denn die schmalen Gassen und steilen H\u00e4nge halten die Fahrer nicht davon ab, ordentlich Gas zu geben.<\/p>\n<p><img loading=\"lazy\" decoding=\"async\" class=\"aligncenter size-full wp-image-11429\" src=\"https:\/\/www.sonnenklar.tv\/blog\/wp-content\/uploads\/2019\/03\/strassenbahn-lissabon-tipps.jpg\" alt=\"Eine Fahrt mit der Stra\u00dfenbahn 28 ist ein Highlight in Lissabon\" width=\"880\" height=\"583\" srcset=\"https:\/\/www.sonnenklar.tv\/blog\/wp-content\/uploads\/2019\/03\/strassenbahn-lissabon-tipps.jpg 880w, https:\/\/www.sonnenklar.tv\/blog\/wp-content\/uploads\/2019\/03\/strassenbahn-lissabon-tipps-300x199.jpg 300w, https:\/\/www.sonnenklar.tv\/blog\/wp-content\/uploads\/2019\/03\/strassenbahn-lissabon-tipps-768x509.jpg 768w\" sizes=\"(max-width: 880px) 100vw, 880px\" \/><\/p>\n<p><em><strong>Tipp:<\/strong><\/em> Ihr k\u00f6nnt die Stra\u00dfenbahn 28 auch richtig gut als Hop-on Hop-off benutzen. Einfach \u00fcberall dort aussteigen, wo es euch spontan gef\u00e4llt. Es gibt mehr als 30 Haltestellen, die f\u00fcr einen Ausstieg in Frage kommen. Alles, was ihr daf\u00fcr ben\u00f6tigt ist eine Viva Viagem Karte.<\/p>\n<h2>7. H\u00f6rt echte Fado-Musik<\/h2>\n<p>Fado geh\u00f6rt zu Portugal, wie der Son zu Kuba. Egal ob ihr den Musikstil nun m\u00f6gt oder nicht, jeder sollte den Fado einmal live erleben. In Lissabon geht das am besten abends in einer der zahlreichen Fado-Kneipen, zum Beispiel in Alfama, Mouraria oder Madragoa. Dort sitzt ihr meist bei romantischem Kerzenschein an kleinen Tischen w\u00e4hrend einer oder mehrere Fado-S\u00e4nger ihre Stimmen zum Besten geben. Das klingt theatralisch, melancholisch und wehm\u00fctig in einem. Fado eben!<\/p>\n<p>Seid ihr auf den Geschmack gekommen? <a href=\"https:\/\/www.sonnenklar.tv\/promo\/staedtereisen-lissabon.html\" target=\"_blank\" rel=\"noopener noreferrer\">Dann ab nach Lissabon mit unseren Top-Angeboten<\/a>!<\/p>\n","protected":false},"excerpt":{"rendered":"<p>Ol\u00e1 Lisboa! Zwischen dem Gro\u00dfb\u00fcrgertum Madrids und dem Glanz Barcelonas verschwand eine Stadt der iberischen Halbinsel in den letzten Jahrzehnten von so einigen touristischen Landkarten: Lissabon. Zu unrecht, findet unser Autor Clemens vom Reiseblog &#8222;Travellers Archive&#8220;\u00a0\u2013 denn Lissabon ist eine echte Perle und geradezu perfekt f\u00fcr einen St\u00e4dtetrip. Ob f\u00fcr ein Wochenende oder gleich eine<\/p>\n","protected":false},"author":3,"featured_media":11433,"comment_status":"closed","ping_status":"open","sticky":false,"template":"","format":"standard","meta":{"footnotes":""},"categories":[3,6],"tags":[180,504,513],"class_list":{"0":"post-11388","1":"post","2":"type-post","3":"status-publish","4":"format-standard","5":"has-post-thumbnail","7":"category-reisearten","8":"category-staedtereisen","9":"tag-portugal","10":"tag-reisebericht","11":"tag-staedtereisen"},"_links":{"self":[{"href":"https:\/\/www.sonnenklar.tv\/blog\/wp-json\/wp\/v2\/posts\/11388","targetHints":{"allow":["GET"]}}],"collection":[{"href":"https:\/\/www.sonnenklar.tv\/blog\/wp-json\/wp\/v2\/posts"}],"about":[{"href":"https:\/\/www.sonnenklar.tv\/blog\/wp-json\/wp\/v2\/types\/post"}],"author":[{"embeddable":true,"href":"https:\/\/www.sonnenklar.tv\/blog\/wp-json\/wp\/v2\/users\/3"}],"replies":[{"embeddable":true,"href":"https:\/\/www.sonnenklar.tv\/blog\/wp-json\/wp\/v2\/comments?post=11388"}],"version-history":[{"count":6,"href":"https:\/\/www.sonnenklar.tv\/blog\/wp-json\/wp\/v2\/posts\/11388\/revisions"}],"predecessor-version":[{"id":38723,"href":"https:\/\/www.sonnenklar.tv\/blog\/wp-json\/wp\/v2\/posts\/11388\/revisions\/38723"}],"wp:featuredmedia":[{"embeddable":true,"href":"https:\/\/www.sonnenklar.tv\/blog\/wp-json\/wp\/v2\/media\/11433"}],"wp:attachment":[{"href":"https:\/\/www.sonnenklar.tv\/blog\/wp-json\/wp\/v2\/media?parent=11388"}],"wp:term":[{"taxonomy":"category","embeddable":true,"href":"https:\/\/www.sonnenklar.tv\/blog\/wp-json\/wp\/v2\/categories?post=11388"},{"taxonomy":"post_tag","embeddable":true,"href":"https:\/\/www.sonnenklar.tv\/blog\/wp-json\/wp\/v2\/tags?post=11388"}],"curies":[{"name":"wp","href":"https:\/\/api.w.org\/{rel}","templated":true}]}}