{"id":10083,"date":"2019-01-03T11:21:15","date_gmt":"2019-01-03T10:21:15","guid":{"rendered":"https:\/\/www.sonnenklar.tv\/blog\/?p=10083"},"modified":"2024-12-09T16:22:05","modified_gmt":"2024-12-09T15:22:05","slug":"reisebericht-prag","status":"publish","type":"post","link":"https:\/\/www.sonnenklar.tv\/blog\/urlaubslaender\/reisebericht-prag\/","title":{"rendered":"Prag im Winter: Die Goldene Stadt"},"content":{"rendered":"\n<p><strong>Der November ist nicht die typische Zeit f\u00fcr einen St\u00e4dtetrip nach Prag. Vor allem im Fr\u00fchling und Herbst zieht die Stadt viele Besucher an, die sich von den satten Farben der B\u00e4ume in den Gassen und Stra\u00dfen verzaubern lassen wollen. Doch unser sonnenklar.TV Urlauber hat die dicke Winterjacke eingepackt und dabei Prag nicht nur zu einer ganz anderen Jahreszeit, sondern vor allem auch von einer neuen Seite kennengelernt. Was er dort erlebt hat, erz\u00e4hlt er euch in seinem Reisebericht \u00fcber Prag!<\/strong><\/p>\n\n\n\n<p>&#8222;Prag l\u00e4sst nicht los&#8220; \u2013 das wusste schon Franz Kafka, dessen Heimatstadt einst die tschechische Metropole gewesen ist. Wie recht er hatte, wurde mir auf meiner Reise in die tschechische Hauptstadt schnell klar. Prag fasziniert und fesselt.<\/p>\n\n\n\n<div class=\"wp-block-image\"><figure class=\"aligncenter\"><img fetchpriority=\"high\" decoding=\"async\" width=\"880\" height=\"450\" src=\"https:\/\/www.sonnenklar.tv\/blog\/wp-content\/uploads\/2018\/12\/gebaeude-prag.jpg\" alt=\"Geb\u00e4ude in Prag\" class=\"wp-image-10097\" srcset=\"https:\/\/www.sonnenklar.tv\/blog\/wp-content\/uploads\/2018\/12\/gebaeude-prag.jpg 880w, https:\/\/www.sonnenklar.tv\/blog\/wp-content\/uploads\/2018\/12\/gebaeude-prag-300x153.jpg 300w, https:\/\/www.sonnenklar.tv\/blog\/wp-content\/uploads\/2018\/12\/gebaeude-prag-768x393.jpg 768w\" sizes=\"(max-width: 880px) 100vw, 880px\" \/><\/figure><\/div>\n\n\n\n<h2 class=\"wp-block-heading\">Ankunft im geschichtstr\u00e4chtigen Prag<\/h2>\n\n\n\n<p>Es ist bereits dunkel und der Zug f\u00e4hrt durch eine l\u00e4ndliche Gegend. Keine Stra\u00dfenlaternen, keine beleuchteten Fenster erhellen die Gegend. Knapp vier Stunden sp\u00e4ter stolpere ich am Prager Hauptbahnhof aus dem Zug. Die Fahrt steckt mir noch in den Knochen, die fremde Sprache und eine un\u00fcbersichtliche Schilderflut im grellen Licht \u00fcberfordern mich. Ich suche den Weg zur Stra\u00dfenbahn, laufe vorbei an unz\u00e4hligen Gesch\u00e4ften, das Duftgemisch einer Parf\u00fcmerie verbindet sich mit dem Geruch gebrannter Mandeln.<\/p>\n\n\n\n<p>Orientierungslos wie ich bin, zeigt man mir den Weg zu einem Ticketschalter. Die Dame dort spricht trotz Durchsagen und dem Stimmengewirr aus aller Welt so leise, dass ich kaum ein Wort verstehe. Immerhin schaffe ich es, ein Ticket zu kaufen. Die Stra\u00dfenbahn gibt es in Prag schon seit 1875. Damals wurde sie noch von Pferden gezogen. Der Wagen, in den ich einsteige, scheint aus der Zeit der ersten elektrischen Bahn um 1900 zu sein. Es ist ein bisschen zugig in dem alten Gef\u00e4hrt und ich f\u00fchle mich gleich wie in eine vergangene Zeit versetzt.<\/p>\n\n\n\n<h2 class=\"wp-block-heading\">Alteurop\u00e4ischer Glanz abseits der Touristenstr\u00f6me<\/h2>\n\n\n\n<p>Ich bin mitten in in einer Novemberwoche nach Prag gereist, wohlwissend, dass an den Wochenenden oder in den Sommermonaten sicherlich mehr Besucher in der Stadt sein werden. Welch ein hohes Touristenaufkommen die Stadt hat, habe ich bereits gelesen. Aber es zu sehen, ist noch viel beeindruckender.<\/p>\n\n\n\n<p>Die ber\u00fchmte Karlsbr\u00fccke besuche ich noch am Abend meiner Ankunft. Es ist knackig kalt und die Br\u00fccke relativ leer. Ich kann ganz in Ruhe spazieren, herrlich romantisch ist es hier. Am n\u00e4chsten Tag sieht es dort schon ganz anders aus.<\/p>\n\n\n\n<div class=\"wp-block-image\"><figure class=\"aligncenter\"><img decoding=\"async\" width=\"880\" height=\"450\" src=\"https:\/\/www.sonnenklar.tv\/blog\/wp-content\/uploads\/2018\/12\/karluv-most-prag.jpg\" alt=\"Karluv Most in Prag\" class=\"wp-image-10087\" srcset=\"https:\/\/www.sonnenklar.tv\/blog\/wp-content\/uploads\/2018\/12\/karluv-most-prag.jpg 880w, https:\/\/www.sonnenklar.tv\/blog\/wp-content\/uploads\/2018\/12\/karluv-most-prag-300x153.jpg 300w, https:\/\/www.sonnenklar.tv\/blog\/wp-content\/uploads\/2018\/12\/karluv-most-prag-768x393.jpg 768w\" sizes=\"(max-width: 880px) 100vw, 880px\" \/><\/figure><\/div>\n\n\n\n<p>Ich will Prag zwar abseits der Massen erkunden, m\u00f6chte nat\u00fcrlich aber dennoch die ein oder andere Sehensw\u00fcrdigkeit besuchen. Mein Tag startet sehr fr\u00fch und es sind nur wenige Menschen unterwegs. Ein paar Einheimische hetzen zur Arbeit, eine Handvoll Besucher hier und da.<\/p>\n\n\n\n<p>Der Altst\u00e4dter Ring ist der zentrale Platz Prags. Ums\u00e4umt von wundersch\u00f6nen Renaissance- und Barockh\u00e4usern, unz\u00e4hligen Bars und Restaurants steht hier die Teynkirche, die bei Nacht fast vampiresk anmutet. Ihr gegen\u00fcber liegt das Altst\u00e4dter Rathaus mit dem weltbekannten Orloj, einer astronomischen Uhr von 1400. Sie ist ein Kunstwerk f\u00fcr sich. In der Altstadt duftet es nach Weihnachtsmarkt, denn alle paar Meter wird das traditionelle Geb\u00e4ck Trdeln\u00edk verkauft. Bei uns kennt man die an St\u00f6cken gebackene Rolle als &#8222;Baumstriezel&#8220;.<\/p>\n\n\n\n<div class=\"wp-block-image\"><figure class=\"aligncenter\"><img decoding=\"async\" width=\"880\" height=\"450\" src=\"https:\/\/www.sonnenklar.tv\/blog\/wp-content\/uploads\/2018\/12\/altstaeder-rathaus-teynkirche-prag.jpg\" alt=\"Blick von der astronomischen Uhr am Altst\u00e4dter Rathaus auf die Teynkirche in Prag\" class=\"wp-image-10088\" srcset=\"https:\/\/www.sonnenklar.tv\/blog\/wp-content\/uploads\/2018\/12\/altstaeder-rathaus-teynkirche-prag.jpg 880w, https:\/\/www.sonnenklar.tv\/blog\/wp-content\/uploads\/2018\/12\/altstaeder-rathaus-teynkirche-prag-300x153.jpg 300w, https:\/\/www.sonnenklar.tv\/blog\/wp-content\/uploads\/2018\/12\/altstaeder-rathaus-teynkirche-prag-768x393.jpg 768w\" sizes=\"(max-width: 880px) 100vw, 880px\" \/><\/figure><\/div>\n\n\n\n<h2 class=\"wp-block-heading\">J\u00fcdische Kultur und Jugendstil-Architektur<\/h2>\n\n\n\n<p>Ein paar Gassen weiter ist pl\u00f6tzlich alles anders: Ich befinde mich nun in Josefov, dem J\u00fcdischen Viertel. Nachdem die Juden im Jahr 1848 die B\u00fcrgerrechte erhalten hatten, zogen viele aus dem einstigen Getto weg und die H\u00e4user verfielen. Um 1893 wurde das Viertel komplett neu aufgebaut und ist heute gepr\u00e4gt durch luxuri\u00f6se Jugendstil-Architektur. Die exklusivsten Modeh\u00e4user sind hier ans\u00e4ssig.<\/p>\n\n\n\n<p>Ich m\u00f6chte mich jedoch lieber in die Geschichte vertiefen. Als N\u00e4chstes besichtige ich den J\u00fcdischen Friedhof. Auf einem knappen Hektar stehen gut 12.000 Grabsteine dicht an dicht. Ein Besuch kostet 12 Euro. <strong>Kleiner Tipp:<\/strong> Wenn ihr ein wenig danach sucht, findet ihr ein Guckloch im Zaun und bekommt einen guten Blick \u00fcber den Friedhof geboten.<\/p>\n\n\n\n<div class=\"wp-block-image\"><figure class=\"aligncenter\"><img loading=\"lazy\" decoding=\"async\" width=\"880\" height=\"450\" src=\"https:\/\/www.sonnenklar.tv\/blog\/wp-content\/uploads\/2018\/12\/juedischer-friedhof-josefov-prag.jpg\" alt=\"Grabsteine auf dem J\u00fcdischen Friedhof in Prag\" class=\"wp-image-10089\" srcset=\"https:\/\/www.sonnenklar.tv\/blog\/wp-content\/uploads\/2018\/12\/juedischer-friedhof-josefov-prag.jpg 880w, https:\/\/www.sonnenklar.tv\/blog\/wp-content\/uploads\/2018\/12\/juedischer-friedhof-josefov-prag-300x153.jpg 300w, https:\/\/www.sonnenklar.tv\/blog\/wp-content\/uploads\/2018\/12\/juedischer-friedhof-josefov-prag-768x393.jpg 768w\" sizes=\"(max-width: 880px) 100vw, 880px\" \/><\/figure><\/div>\n\n\n\n<p>Einen Steinwurf entfernt liegt die gotische Altneu-Synagoge, eine der \u00e4ltesten aktiven Synagogen Europas. Einer Sage nach befinden sich die \u00dcberreste des Golems von Rabbi L\u00f6w noch auf dem Dachboden der Gottesst\u00e4tte \u2013 und w\u00e4hrend ich so and\u00e4chtig durch die heiligen, alten Gem\u00e4uer schreite, glaube ich fast daran.<\/p>\n\n\n\n<p>Dass die Stra\u00dfenbahnlinie 22 die Prager Sehensw\u00fcrdigkeiten abf\u00e4hrt, ist schon lange kein Geheimtipp mehr. Die Wagen sind oft entsprechend voll. Ich empfehle, stattdessen einfach drauflos zu laufen. Hinter jeder Ecke verbirgt sich eine neue bezaubernde Ansicht der Stadt und vielleicht entdeckt ihr auch das ein oder andere Werk des K\u00fcnstlers David \u010cern\u00fd. In einer Gasse l\u00e4sst er Sigmund Freud von der Dachrinne h\u00e4ngen, an einer anderen Stelle formen 42 bewegliche Scheiben einen riesigen Franz-Kafka-Kopf.<\/p>\n\n\n\n<h2 class=\"wp-block-heading\">Prags schmale Gassen und traditionelle Handwerkskunst<\/h2>\n\n\n\n<p>Ich fahre mit der Bahn auf die andere Seite der Moldau, die sogenannte &#8222;Kleinseite&#8220;. W\u00e4ren die Autos nicht, w\u00fcrde es sich wegen der malerischen Gassen, der kopfsteingepflasterten Stra\u00dfen und unz\u00e4hligen Barockpal\u00e4ste anf\u00fchlen, als sei man im Jahre 1800 gelandet. Quirlig wuseln die Menschen durch die schmalen Stra\u00dfen. Ein, zwei gef\u00fchrte Touristengruppen sind auch schon unterwegs.<\/p>\n\n\n\n<p>In verwunschenen L\u00e4dchen folgen K\u00fcnstler einer langen Prager Tradition und bieten ihre handgeschnitzten Marionetten feil. Nebenan befindet sich ein Gesch\u00e4ft mit b\u00f6hmischer Kristallglaskunst, etwas weiter die Gasse runter gibt es einen kleinen Laden, der den kleinen Maulwurf aus der tschechischen Zeichentrickserie in allen Gr\u00f6\u00dfen und Ausf\u00fchrungen verkauft \u2013 Kindheitserinnerungen werden wach.<\/p>\n\n\n\n<p>Schlendernd erkunde ich Gasse f\u00fcr Gasse und stehe pl\u00f6tzlich an einem kleinen Platz vor einem Lebkuchenhaus \u2013 in den Auslagen liegt feinster Lebkuchen in allen erdenklichen Formen und es duftet weihnachtlich. Wie soll man da widerstehen? Ich kaufe mir ein kleines Lebkuchenm\u00e4nnchen mit einem frischen Ingwertee und setze mich vor das Lebkuchenhaus auf eine Bank. Wie k\u00f6stlich.<\/p>\n\n\n\n<p>Nicht weit von mir steht eine kichernde Gruppe Jugendlicher um einen Brunnen. Was dort wohl so am\u00fcsant ist? Ich schaue mir das Ganze aus der N\u00e4he an. Auch hier hat \u010cern\u00fd seine Spuren hinterlassen. Zwei nackte Statuen stehen dort und pinkeln in ein Becken mit dem Umriss der Tschechischen Republik.<\/p>\n\n\n\n<p>Pl\u00f6tzlich dringt Musik aus einer unscheinbaren Seitenstra\u00dfe an mein Ohr und ich folge den bekannten Kl\u00e4ngen von John Lennons &#8222;Imagine&#8220;. Eine kleine Menschentraube hat sich um einen jungen Kerl mit Gitarre versammelt, er lehnt mit dem R\u00fccken an einer bunt bemalten und beschriebenen Mauer namens John Lennon Wall. 1988 fingen Jugendliche an, die Wand zu beschreiben und so ihrem Unmut \u00fcber die Regierung Luft zu machen. Heute wird die Mauer mit von Lennon inspirierten Spr\u00fcchen und Bildern verziert und ist zu einem Symbol f\u00fcr Liebe und Frieden geworden.<\/p>\n\n\n\n<div class=\"wp-block-image\"><figure class=\"aligncenter\"><img loading=\"lazy\" decoding=\"async\" width=\"880\" height=\"450\" src=\"https:\/\/www.sonnenklar.tv\/blog\/wp-content\/uploads\/2018\/12\/john-lennon-wall-prag.jpg\" alt=\"Die John Lennon Wall in Prag\" class=\"wp-image-10091\" srcset=\"https:\/\/www.sonnenklar.tv\/blog\/wp-content\/uploads\/2018\/12\/john-lennon-wall-prag.jpg 880w, https:\/\/www.sonnenklar.tv\/blog\/wp-content\/uploads\/2018\/12\/john-lennon-wall-prag-300x153.jpg 300w, https:\/\/www.sonnenklar.tv\/blog\/wp-content\/uploads\/2018\/12\/john-lennon-wall-prag-768x393.jpg 768w\" sizes=\"(max-width: 880px) 100vw, 880px\" \/><\/figure><\/div>\n\n\n\n<h2 class=\"wp-block-heading\">Ein traumhaftes Panorama \u00fcber Prag &#8211; ganz f\u00fcr mich allein<\/h2>\n\n\n\n<p>Es ist Freitag und die Menschen quellen f\u00f6rmlich aus den Gassen der Altstadt. Ich schaue mir kurz die tanzenden H\u00e4user des Architekten Frank Gehry an. Von den Pragern werden sie liebevoll &#8222;Ginger und Fred&#8220; genannt, nach der Filmsatire von Fellini.<\/p>\n\n\n\n<p>Anschlie\u00dfend folge ich einem <strong>Tipp der Einheimischen<\/strong>: Mit einer Standseilbahn geht es zum Aussichtsturm Pet\u0159\u00edn, hoch auf den gleichnamigen H\u00fcgel. Am Fu\u00dfe des Turmes hat man eine spektakul\u00e4re Aussicht und dennoch bin ich hier unglaublicherweise fast alleine. Die meisten Menschen scheinen sich lieber durch das Gedr\u00e4nge im Burgenviertel zu schieben.<\/p>\n\n\n\n<p>299 Stufen sp\u00e4ter bietet sich mir ein sagenhafter Rundumblick \u00fcber die Stadt. Ich bekomme eine Idee, wieso Prag Beinamen wie &#8222;Goldene Stadt&#8220; oder &#8222;Stadt der hundert T\u00fcrme&#8220; tr\u00e4gt. Unz\u00e4hlige Sandsteint\u00fcrme ragen in den Himmel und schimmern goldig in der Sonne. Diese Aussicht war jede Stufe wert.<\/p>\n\n\n\n<div class=\"wp-block-image\"><figure class=\"aligncenter\"><img loading=\"lazy\" decoding=\"async\" width=\"880\" height=\"450\" src=\"https:\/\/www.sonnenklar.tv\/blog\/wp-content\/uploads\/2018\/12\/aussicht-von-petrin-prag.jpg\" alt=\"Aussicht auf Prag vom Aussichtspunkt Petrin\" class=\"wp-image-10093\" srcset=\"https:\/\/www.sonnenklar.tv\/blog\/wp-content\/uploads\/2018\/12\/aussicht-von-petrin-prag.jpg 880w, https:\/\/www.sonnenklar.tv\/blog\/wp-content\/uploads\/2018\/12\/aussicht-von-petrin-prag-300x153.jpg 300w, https:\/\/www.sonnenklar.tv\/blog\/wp-content\/uploads\/2018\/12\/aussicht-von-petrin-prag-768x393.jpg 768w\" sizes=\"(max-width: 880px) 100vw, 880px\" \/><\/figure><\/div>\n\n\n\n<p>Am Abend entdecke ich eine kubanische Bar. Die dunkelbraune Einrichtung und die vornehm gekleideten Barkeeper erinnern an die 1950er. Es gibt Rum in allen Variationen und nat\u00fcrlich Absinth. Der Wermutschnaps war vor allem im 19. und 20. Jahrhundert sehr beliebt und in Europa wegen des enthaltenen Nervengifts Thujon lange Zeit verboten. In Prag erfreut sich das Getr\u00e4nk wieder starker Beliebtheit. In dieser Bar wird es mit der entsprechenden Apparatur stilvoll serviert. Der Absinth tropft aus einem bauchigen Gef\u00e4\u00df auf ein St\u00fcck Zucker, das auf einem L\u00f6ffel \u00fcber ein Glas gelegt und entz\u00fcndet wird.<\/p>\n\n\n\n<h2 class=\"wp-block-heading\">Neue Viertel entstehen in Prag<\/h2>\n\n\n\n<p>Es ist Wochenende und ich fahre raus, in das &#8222;andere&#8220; Prag, weg von der zentralen Altstadtmeile. Hole\u0161ovice ist ein ehemaliges Arbeiterviertel mit vielen alten Fabriken, die neue Nutzer gefunden haben. Die Gegend erinnert mich ein bisschen an Kreuzberg. Umgebaute Fabriken beherbergen nun Caf\u00e9s, Kunstausstellungen oder verschiedene Kultureinrichtungen, wie etwa das Jatka, ein modernes Zirkus- und Theaterprojekt. Ein neues Szeneviertel entsteht.<\/p>\n\n\n\n<div class=\"wp-block-image\"><figure class=\"aligncenter\"><img loading=\"lazy\" decoding=\"async\" width=\"880\" height=\"450\" src=\"https:\/\/www.sonnenklar.tv\/blog\/wp-content\/uploads\/2018\/12\/holesovice-prag.jpg\" alt=\"Holesovice Viertel an der Moldau in Prag\" class=\"wp-image-10094\" srcset=\"https:\/\/www.sonnenklar.tv\/blog\/wp-content\/uploads\/2018\/12\/holesovice-prag.jpg 880w, https:\/\/www.sonnenklar.tv\/blog\/wp-content\/uploads\/2018\/12\/holesovice-prag-300x153.jpg 300w, https:\/\/www.sonnenklar.tv\/blog\/wp-content\/uploads\/2018\/12\/holesovice-prag-768x393.jpg 768w\" sizes=\"(max-width: 880px) 100vw, 880px\" \/><\/figure><\/div>\n\n\n\n<p>Im Letn\u00e1-Park, der auf einem gleichnamigen H\u00fcgel liegt, suche ich Entspannung und sto\u00dfe bei meinem Spaziergang auf einen riesigen Skatepark. Dort erfahre ich von ein paar jungen Skatern, dass hier bis Anfang der 1960er ein Stalin-Denkmal stand und noch bis 1989 Paraden und Massenversammlungen stattfanden. An der Denkmalstelle steht heute ein riesiges Metronom. Die Aussicht ist fantastisch.<\/p>\n\n\n\n<p>Die Au\u00dfenbezirke zeigen die bodenst\u00e4ndige Seite der Stadt, wo die Prager zuhause sind. Touristen verirren sich eher selten hierher, das Essen ist lecker und g\u00fcnstig. Auch Karl\u00edn hat sich nach der verheerenden \u00dcberschwemmung von 2002 zu einem neuen Trendviertel gemausert.<\/p>\n\n\n\n<p>Die g\u00fcnstige Wohnlage in Zentrumsn\u00e4he ist besonders f\u00fcr junge Menschen und Familien attraktiv, aber auch kulturell tut sich in Karl\u00edn einiges. &#8222;Das Stadtzentrum ist total \u00fcberlaufen und entwickelt sich nicht weiter. Alles dort ist f\u00fcr die Besucher. Hier hingegen er\u00f6ffnen st\u00e4ndig neue L\u00e4den, es entstehen Freir\u00e4ume f\u00fcr uns B\u00fcrger&#8220;, erz\u00e4hlt mir ein Mittdrei\u00dfiger, mit dem ich in einem Caf\u00e9 ins Gespr\u00e4ch komme. Yoga am Vormittag, anschlie\u00dfend eine Latte Macchiato in einem der angesagten Caf\u00e9s und abends eine Kunstausstellung oder ein Konzert \u2013 so sieht ein gelungener Tag in Karl\u00edn aus.<\/p>\n\n\n\n<p>Viertel wie Karl\u00edn oder Hole\u0161ovice lassen mich in das wahre Prag eintauchen. Ich bewege mich dort, wo die Einheimischen sind, ich kann mich austauschen und darf f\u00fcr einen Moment eine andere Stadt, eine andere Kultur, ein anderes Land kennenlernen. Das ist es, was Reisen f\u00fcr mich bedeutet.<\/p>\n\n\n\n<p><\/p>\n\n\n\n<div class=\"wp-block-buttons is-content-justification-center is-layout-flex wp-block-buttons-is-layout-flex\">\n<div class=\"wp-block-button\"><a class=\"wp-block-button__link\" href=\"https:\/\/www.sonnenklar.tv\/promo\/staedtereisen-prag.html\" target=\"_blank\" rel=\"noreferrer noopener\">Prag St\u00e4dtetrip &#8211; zu den angeboten<\/a><\/div>\n<\/div>\n","protected":false},"excerpt":{"rendered":"<p>Der November ist nicht die typische Zeit f\u00fcr einen St\u00e4dtetrip nach Prag. Vor allem im Fr\u00fchling und Herbst zieht die Stadt viele Besucher an, die sich von den satten Farben der B\u00e4ume in den Gassen und Stra\u00dfen verzaubern lassen wollen. Doch unser sonnenklar.TV Urlauber hat die dicke Winterjacke eingepackt und dabei Prag nicht nur zu<\/p>\n","protected":false},"author":10,"featured_media":10096,"comment_status":"closed","ping_status":"open","sticky":false,"template":"","format":"standard","meta":{"footnotes":""},"categories":[466,468,455,465],"tags":[504],"class_list":{"0":"post-10083","1":"post","2":"type-post","3":"status-publish","4":"format-standard","5":"has-post-thumbnail","7":"category-reiseberichte","8":"category-urlauber-berichten","9":"category-urlaubslaender","10":"category-weitere-laender","11":"tag-reisebericht"},"_links":{"self":[{"href":"https:\/\/www.sonnenklar.tv\/blog\/wp-json\/wp\/v2\/posts\/10083","targetHints":{"allow":["GET"]}}],"collection":[{"href":"https:\/\/www.sonnenklar.tv\/blog\/wp-json\/wp\/v2\/posts"}],"about":[{"href":"https:\/\/www.sonnenklar.tv\/blog\/wp-json\/wp\/v2\/types\/post"}],"author":[{"embeddable":true,"href":"https:\/\/www.sonnenklar.tv\/blog\/wp-json\/wp\/v2\/users\/10"}],"replies":[{"embeddable":true,"href":"https:\/\/www.sonnenklar.tv\/blog\/wp-json\/wp\/v2\/comments?post=10083"}],"version-history":[{"count":12,"href":"https:\/\/www.sonnenklar.tv\/blog\/wp-json\/wp\/v2\/posts\/10083\/revisions"}],"predecessor-version":[{"id":34034,"href":"https:\/\/www.sonnenklar.tv\/blog\/wp-json\/wp\/v2\/posts\/10083\/revisions\/34034"}],"wp:featuredmedia":[{"embeddable":true,"href":"https:\/\/www.sonnenklar.tv\/blog\/wp-json\/wp\/v2\/media\/10096"}],"wp:attachment":[{"href":"https:\/\/www.sonnenklar.tv\/blog\/wp-json\/wp\/v2\/media?parent=10083"}],"wp:term":[{"taxonomy":"category","embeddable":true,"href":"https:\/\/www.sonnenklar.tv\/blog\/wp-json\/wp\/v2\/categories?post=10083"},{"taxonomy":"post_tag","embeddable":true,"href":"https:\/\/www.sonnenklar.tv\/blog\/wp-json\/wp\/v2\/tags?post=10083"}],"curies":[{"name":"wp","href":"https:\/\/api.w.org\/{rel}","templated":true}]}}